{"id":10221,"date":"2019-12-16T02:23:57","date_gmt":"2019-12-16T02:23:57","guid":{"rendered":"https:\/\/correiodasemana.com\/site\/?p=10221"},"modified":"2019-12-16T02:23:57","modified_gmt":"2019-12-16T02:23:57","slug":"o-natal-se-aproxima","status":"publish","type":"post","link":"https:\/\/correiodasemana.com\/site\/o-natal-se-aproxima\/","title":{"rendered":"O Natal se aproxima&#8230;"},"content":{"rendered":"<p>As cidades se iluminam mais. Nos shoppings e outros espa\u00e7os p\u00fablicos vemos decora\u00e7\u00f5es natalinas. Existe incentivo ao consumismo e a mente, inquieta, insiste em voltar 2019 anos. Maria e Jos\u00e9 j\u00e1 haviam deixado sua Nazar\u00e9, na Galileia, para realizarem o recenseamento, conforme edito de C\u00e9sar Augusto. Jos\u00e9, o carpinteiro (diga-se de passagem que a carpinteira tinha destaque naquela \u00e9poca), era nascido em Bel\u00e9m, a cidade de David, na Judeia, e para l\u00e1 deslocar-se-ia com Maria, sua esposa, que estava gr\u00e1vida. Ainda hoje n\u00e3o \u00e9 uma pequena dist\u00e2ncia. Imaginemos naquela \u00e9poca. Penso que a esta altura, dez dias praticamente do nascimento de Jesus, Jos\u00e9, seu pai amoroso, e Maria, sua m\u00e3e, j\u00e1 estavam a caminho\u2026 e, dir\u00edamos, do caminho que trouxe a reden\u00e7\u00e3o, a salva\u00e7\u00e3o \u00e0 humanidade.<br \/>\nA hist\u00f3ria do Filho de Deus \u00e9 inspiradora. Digo isso sem amea\u00e7as de cair em lugar comum. Vejamos: a concep\u00e7\u00e3o. Um anjo veio \u00e0 terra e foi ao encontro de uma virgem, hoje sabemos, concebida sem a m\u00e1cula do pecado, pois, Deus \u201cjamais entrar\u00e1 numa alma de m\u00e1 f\u00e9 e jamais habitar\u00e1 num corpo sujeito ao pecado\u201d (Sb. 1,4). Maria estava noiva e \u201cn\u00e3o conhecia\u201d homem algum. Mas, o Esp\u00edrito Santo de Deus viria sobre ela e quem n\u2019ela fora gerado \u00e9 o Filho de Deus. Maria aceitou a vontade de Deus. Anunciou o Anjo que a prima de Maria, Isabel, estava gr\u00e1vida. Ent\u00e3o, sem nada contar a Jos\u00e9 sobre os acontecimentos, Maria vai ajudar \u00e0 prima. Isabel exulta em ver a prima, exclamando: \u201cDonde me vem a honra de receber a M\u00e3e de meu Salvador\u201d.<br \/>\nAp\u00f3s o nascimento do filho de Isabel e Zacarias, Maria volta \u00e0 Nazar\u00e9. \u00c0quela altura, a barriga j\u00e1 era evidente e ela ainda n\u00e3o casara com Jos\u00e9. Ele, um homem justo, decide abandonar Maria para que ela n\u00e3o fosse apedrejada, conforme as leis da \u00e9poca. Mas, o anjo aparece em sonho a Jos\u00e9 e revela o que estava a acontecer e diz mais, ele, Jos\u00e9, daria o nome ao Filho de Deus, Jesus, e seria seu guardi\u00e3o. \u00c9 ou n\u00e3o \u00e9 uma supera\u00e7\u00e3o, como dizemos hoje? Inspira-nos e faz-nos lembrar a pequenez das dificuldades cotidianas ante essa realidade.<br \/>\nMas, recordando a ideia principal, Maria e Jos\u00e9 se encaminhavam a Bel\u00e9m. Jos\u00e9 n\u00e3o tinha mais parentes na cidade, Maria tamb\u00e9m n\u00e3o. Mas, mostrando que Deus tudo planeja e \u201ch\u00e1 tempo para todo o prop\u00f3sito debaixo do c\u00e9u\u201d (Ecl. 3,1), o recenseamento foi um modo de Deus determinar que seu Filho humanizado nascesse na Cidade de David, Bel\u00e9m, a \u201cCasa do P\u00e3o\u201d. Jesus se tornaria, depois, o P\u00e3o Eucar\u00edstico. E n\u00f3s veremos nos dias seguintes. Eles chegar\u00e3o a Bel\u00e9m e l\u00e1 n\u00e3o encontrar\u00e3o hospedagem. \u00c9 tarde. Maria sente que o nascimento de Jesus se aproxima. Hora \u00edmpar em que Deus se faz homem e dir\u00edamos que o c\u00e9u se encontra ou se faz terra. Os animais s\u00e3o os anfitri\u00f5es. O ber\u00e7o do Filho de Deus ser\u00e1 uma manjedoura, cocho de comida dos animais&#8230;<br \/>\nSer\u00e1 que n\u00e3o encontramos outras fam\u00edlias nessas condi\u00e7\u00f5es, guardadas as propor\u00e7\u00f5es? Onde est\u00e1 o aniversariante? Jesus \u2013 Luz da Luz, \u00e9 a luz principal da decora\u00e7\u00e3o natalina? Ser\u00e1 que a figura do papai Noel \u2013 da tradi\u00e7\u00e3o de um bispo cat\u00f3lico dos primeiros s\u00e9culos \u2013, n\u00e3o toma o lugar do aniversariante? Ser\u00e1 que o consumismo n\u00e3o ocupa o espa\u00e7o da solidariedade?<br \/>\nReflitamos e n\u00e3o hesitemos em colocar o verdadeiro aniversariante, Jesus, no centro do Natal!<\/p>\n","protected":false},"excerpt":{"rendered":"<p>As cidades se iluminam mais. Nos shoppings e outros espa\u00e7os p\u00fablicos vemos decora\u00e7\u00f5es natalinas. Existe&#8230;<\/p>\n","protected":false},"author":1,"featured_media":8256,"comment_status":"open","ping_status":"open","sticky":false,"template":"","format":"standard","meta":{"_jetpack_memberships_contains_paid_content":false,"footnotes":"","jetpack_publicize_message":"","jetpack_publicize_feature_enabled":true,"jetpack_social_post_already_shared":true,"jetpack_social_options":{"image_generator_settings":{"template":"highway","default_image_id":0,"font":"","enabled":false},"version":2}},"categories":[11,41],"tags":[],"class_list":["post-10221","post","type-post","status-publish","format-standard","has-post-thumbnail","hentry","category-artigos","category-jose-luis-lira"],"jetpack_publicize_connections":[],"jetpack_featured_media_url":"https:\/\/correiodasemana.com\/site\/wp-content\/uploads\/2019\/07\/Jose\u0301-1.jpg","jetpack-related-posts":[{"id":18328,"url":"https:\/\/correiodasemana.com\/site\/o-natal-esta-chegando\/","url_meta":{"origin":10221,"position":0},"title":"O NATAL EST\u00c1 CHEGANDO&#8230;\u00a0","author":"","date":"Dezembro 12, 2021","format":false,"excerpt":"Estamos advento, primeiro tempo do Ano Lit\u00fargico ou ano novo na Igreja Cat\u00f3lica e antecedente do Natal. Mesmo no segundo ano com pandemia, a cidade se ilumina mais. Todos nos preocupamos em montar a \u00e1rvore de natal, o pres\u00e9pio. Nos shoppings e outros espa\u00e7os p\u00fablicos vemos decora\u00e7\u00f5es natalinas. Existe incentivo\u2026","rel":"","context":"In &quot;Artigos&quot;","block_context":{"text":"Artigos","link":"https:\/\/correiodasemana.com\/site\/category\/artigos\/"},"img":{"alt_text":"","src":"https:\/\/i0.wp.com\/correiodasemana.com\/site\/wp-content\/uploads\/2018\/02\/Jose%CC%81-1.jpg?resize=350%2C200&ssl=1","width":350,"height":200,"srcset":"https:\/\/i0.wp.com\/correiodasemana.com\/site\/wp-content\/uploads\/2018\/02\/Jose%CC%81-1.jpg?resize=350%2C200&ssl=1 1x, https:\/\/i0.wp.com\/correiodasemana.com\/site\/wp-content\/uploads\/2018\/02\/Jose%CC%81-1.jpg?resize=525%2C300&ssl=1 1.5x, https:\/\/i0.wp.com\/correiodasemana.com\/site\/wp-content\/uploads\/2018\/02\/Jose%CC%81-1.jpg?resize=700%2C400&ssl=1 2x"},"classes":[]},{"id":28152,"url":"https:\/\/correiodasemana.com\/site\/sobral-sobral-159\/","url_meta":{"origin":10221,"position":1},"title":"Sobral, Sobral","author":"adminredacao","date":"Janeiro 22, 2024","format":false,"excerpt":"MINHAS HIST\u00d3RIAS\u2026 A ESCADA DE LORETO Um dos maiores mist\u00e9rios da religi\u00e3o cat\u00f3lica est\u00e1 na cidade de SANTA F\u00c9, distante 2 mil quil\u00f4metros da capital mexicana. Numa pequena igreja, chamada CAPELA DE LORETO, foi constru\u00edda uma escada de madeira, obra prima do ramo da carpintaria, feito at\u00e9 hoje atribu\u00eddo a\u2026","rel":"","context":"In &quot;Artigos&quot;","block_context":{"text":"Artigos","link":"https:\/\/correiodasemana.com\/site\/category\/artigos\/"},"img":{"alt_text":"","src":"https:\/\/i0.wp.com\/correiodasemana.com\/site\/wp-content\/uploads\/2020\/08\/Carolino-Soares.png?resize=350%2C200&ssl=1","width":350,"height":200,"srcset":"https:\/\/i0.wp.com\/correiodasemana.com\/site\/wp-content\/uploads\/2020\/08\/Carolino-Soares.png?resize=350%2C200&ssl=1 1x, https:\/\/i0.wp.com\/correiodasemana.com\/site\/wp-content\/uploads\/2020\/08\/Carolino-Soares.png?resize=525%2C300&ssl=1 1.5x, https:\/\/i0.wp.com\/correiodasemana.com\/site\/wp-content\/uploads\/2020\/08\/Carolino-Soares.png?resize=700%2C400&ssl=1 2x"},"classes":[]},{"id":11227,"url":"https:\/\/correiodasemana.com\/site\/sao-jose-o-pai-amoroso-do-filho-de-deus\/","url_meta":{"origin":10221,"position":2},"title":"S\u00c3O JOS\u00c9, O PAI AMOROSO DO FILHO DE DEUS","author":"","date":"Mar\u00e7o 18, 2020","format":false,"excerpt":"Os des\u00edgnios de Deus s\u00e3o insond\u00e1veis. Agostinho, o grande Bispo de Hipona, reconhecido santo da Santa Madre Igreja, uma das maiores intelig\u00eancias conhecidas, protagoniza uma dessas situa\u00e7\u00f5es. Andava ele numa praia quando viu um menininho com um buzio buscando \u00e1gua no mar e colocando num pequeno buraco. Agostinho, curioso, indagou:\u2026","rel":"","context":"In &quot;Artigos&quot;","block_context":{"text":"Artigos","link":"https:\/\/correiodasemana.com\/site\/category\/artigos\/"},"img":{"alt_text":"","src":"https:\/\/i0.wp.com\/correiodasemana.com\/site\/wp-content\/uploads\/2019\/07\/Jose%CC%81-1.jpg?resize=350%2C200&ssl=1","width":350,"height":200,"srcset":"https:\/\/i0.wp.com\/correiodasemana.com\/site\/wp-content\/uploads\/2019\/07\/Jose%CC%81-1.jpg?resize=350%2C200&ssl=1 1x, https:\/\/i0.wp.com\/correiodasemana.com\/site\/wp-content\/uploads\/2019\/07\/Jose%CC%81-1.jpg?resize=525%2C300&ssl=1 1.5x, https:\/\/i0.wp.com\/correiodasemana.com\/site\/wp-content\/uploads\/2019\/07\/Jose%CC%81-1.jpg?resize=700%2C400&ssl=1 2x"},"classes":[]},{"id":24457,"url":"https:\/\/correiodasemana.com\/site\/sao-jose-operario-2\/","url_meta":{"origin":10221,"position":3},"title":"S\u00e3o Jos\u00e9 oper\u00e1rio","author":"adminredacao","date":"Maio 8, 2023","format":false,"excerpt":"Na \u00faltima segunda-feira, 1\u00ba de maio, iniciamos o m\u00eas dedicado a Nossa Senhora, M\u00e3e de Deus. Comemoramos, nesta ocasi\u00e3o o Dia Internacional dos Trabalhadores e, como Igreja, celebramos a festa de S\u00e3o Jos\u00e9 Oper\u00e1io. Ele que \u00e9 o patriarca da Igreja, dentre tantas virtudes e privil\u00e9gios, \u00e9 exaltado em sua\u2026","rel":"","context":"In &quot;Atualidade&quot;","block_context":{"text":"Atualidade","link":"https:\/\/correiodasemana.com\/site\/category\/atualidade\/"},"img":{"alt_text":"","src":"https:\/\/i0.wp.com\/correiodasemana.com\/site\/wp-content\/uploads\/2019\/07\/editorial-cs.jpg?resize=350%2C200&ssl=1","width":350,"height":200,"srcset":"https:\/\/i0.wp.com\/correiodasemana.com\/site\/wp-content\/uploads\/2019\/07\/editorial-cs.jpg?resize=350%2C200&ssl=1 1x, https:\/\/i0.wp.com\/correiodasemana.com\/site\/wp-content\/uploads\/2019\/07\/editorial-cs.jpg?resize=525%2C300&ssl=1 1.5x"},"classes":[]},{"id":33593,"url":"https:\/\/correiodasemana.com\/site\/sao-jose-operario-3\/","url_meta":{"origin":10221,"position":4},"title":"S\u00e3o Jos\u00e9 Oper\u00e1rio","author":"adminredacao","date":"Maio 5, 2025","format":false,"excerpt":"Na \u00faltima quinta-feira, 1\u00ba de maio, iniciamos o m\u00eas dedicado a Nossa Senhora, M\u00e3e de Deus. Comemoramos, nesta ocasi\u00e3o o Dia Internacional dos Trabalhadores e, como Igreja, celebramos a festa de S\u00e3o Jos\u00e9 Oper\u00e1rio. Ele que \u00e9 o patriarca da Igreja, dentre tantas virtudes e privil\u00e9gios, \u00e9 exaltado em sua\u2026","rel":"","context":"In &quot;Artigos&quot;","block_context":{"text":"Artigos","link":"https:\/\/correiodasemana.com\/site\/category\/artigos\/"},"img":{"alt_text":"","src":"https:\/\/i0.wp.com\/correiodasemana.com\/site\/wp-content\/uploads\/2018\/02\/editorial-cs.jpg?resize=350%2C200&ssl=1","width":350,"height":200,"srcset":"https:\/\/i0.wp.com\/correiodasemana.com\/site\/wp-content\/uploads\/2018\/02\/editorial-cs.jpg?resize=350%2C200&ssl=1 1x, https:\/\/i0.wp.com\/correiodasemana.com\/site\/wp-content\/uploads\/2018\/02\/editorial-cs.jpg?resize=525%2C300&ssl=1 1.5x"},"classes":[]},{"id":19676,"url":"https:\/\/correiodasemana.com\/site\/sao-jose-operario\/","url_meta":{"origin":10221,"position":5},"title":"S\u00e3o Jos\u00e9 Oper\u00e1rio","author":"","date":"Maio 1, 2022","format":false,"excerpt":"Neste domingo, 1\u00ba de maio, iniciamos o ditoso m\u00eas dedicado \u00e0 Sant\u00edssima Virgem, M\u00e3e de Deus. Comemoramos, nesta ocasi\u00e3o o Dia Internacional dos Trabalhadores e, como Igreja, celebramos a festa de S\u00e3o Jos\u00e9 Oper\u00e1io. O grande patriarca da Igreja, dentre tantas virtudes e privil\u00e9gios, \u00e9 exaltado em sua ladainha como\u2026","rel":"","context":"In &quot;Artigos&quot;","block_context":{"text":"Artigos","link":"https:\/\/correiodasemana.com\/site\/category\/artigos\/"},"img":{"alt_text":"","src":"https:\/\/i0.wp.com\/correiodasemana.com\/site\/wp-content\/uploads\/2018\/02\/editorial-cs.jpg?resize=350%2C200&ssl=1","width":350,"height":200,"srcset":"https:\/\/i0.wp.com\/correiodasemana.com\/site\/wp-content\/uploads\/2018\/02\/editorial-cs.jpg?resize=350%2C200&ssl=1 1x, https:\/\/i0.wp.com\/correiodasemana.com\/site\/wp-content\/uploads\/2018\/02\/editorial-cs.jpg?resize=525%2C300&ssl=1 1.5x"},"classes":[]}],"jetpack_sharing_enabled":true,"_links":{"self":[{"href":"https:\/\/correiodasemana.com\/site\/wp-json\/wp\/v2\/posts\/10221","targetHints":{"allow":["GET"]}}],"collection":[{"href":"https:\/\/correiodasemana.com\/site\/wp-json\/wp\/v2\/posts"}],"about":[{"href":"https:\/\/correiodasemana.com\/site\/wp-json\/wp\/v2\/types\/post"}],"author":[{"embeddable":true,"href":"https:\/\/correiodasemana.com\/site\/wp-json\/wp\/v2\/users\/1"}],"replies":[{"embeddable":true,"href":"https:\/\/correiodasemana.com\/site\/wp-json\/wp\/v2\/comments?post=10221"}],"version-history":[{"count":1,"href":"https:\/\/correiodasemana.com\/site\/wp-json\/wp\/v2\/posts\/10221\/revisions"}],"predecessor-version":[{"id":10222,"href":"https:\/\/correiodasemana.com\/site\/wp-json\/wp\/v2\/posts\/10221\/revisions\/10222"}],"wp:featuredmedia":[{"embeddable":true,"href":"https:\/\/correiodasemana.com\/site\/wp-json\/wp\/v2\/media\/8256"}],"wp:attachment":[{"href":"https:\/\/correiodasemana.com\/site\/wp-json\/wp\/v2\/media?parent=10221"}],"wp:term":[{"taxonomy":"category","embeddable":true,"href":"https:\/\/correiodasemana.com\/site\/wp-json\/wp\/v2\/categories?post=10221"},{"taxonomy":"post_tag","embeddable":true,"href":"https:\/\/correiodasemana.com\/site\/wp-json\/wp\/v2\/tags?post=10221"}],"curies":[{"name":"wp","href":"https:\/\/api.w.org\/{rel}","templated":true}]}}