{"id":10332,"date":"2020-01-05T03:39:51","date_gmt":"2020-01-05T03:39:51","guid":{"rendered":"https:\/\/correiodasemana.com\/site\/?p=10332"},"modified":"2020-01-05T03:39:51","modified_gmt":"2020-01-05T03:39:51","slug":"oab-diz-ao-banco-central-que-taxar-cheque-especial-e-contra-lei","status":"publish","type":"post","link":"https:\/\/correiodasemana.com\/site\/oab-diz-ao-banco-central-que-taxar-cheque-especial-e-contra-lei\/","title":{"rendered":"OAB diz ao Banco Central que taxar cheque especial \u00e9 contra lei"},"content":{"rendered":"<p>Fonte: Congresso em Foco<br \/>\nA\u00a0Ordem dos Advogados do Brasil (OAB)\u00a0enviou nesta quarta-feira (1) um comunicado ao Banco Central declarando ser ilegal a decis\u00e3o de cobrar tarifa sobre o cheque especial.<br \/>\nNo fim de novembro, o Conselho Monet\u00e1rio Nacional, composto por representantes do Minist\u00e9rio da Economia e do Banco Central, estabeleceu um limite de 8% ao m\u00eas na cobran\u00e7a de juros no cheque especial.<br \/>\nPor outro lado, o Banco Central anunciou que uma tarifa pode ser cobrada pelos bancos para empr\u00e9stimos que superem R$ 500. As institui\u00e7\u00f5es podem cobrar at\u00e9 0,25% do valor que exceder esse limite.<br \/>\nA tarifa pode ser cobrada a todos os clientes que t\u00eam dispon\u00edvel o recurso do cheque especial superior a este valor, mesmo que n\u00e3o utilizem. As medidas passam a valer a partir da pr\u00f3xima segunda-feira (6).<br \/>\nA nota da OAB \u00e9 endere\u00e7ada ao presidente do BC, Roberto Campos Neto, e assinada pelo presidente da entidade Felipe Santa Cruz e pelo presidente da Comiss\u00e3o Nacional de Estudos Constitucionais, Marcus Vinicius Carvalho Coelho. Os advogados afirmam que a decis\u00e3o fere direitos constitucionais do consumidor.<br \/>\n\u201cN\u00e3o pode o consumidor anuir com uma cl\u00e1usula que seja abusiva ou com uma obriga\u00e7\u00e3o que n\u00e3o seja devida. Nesses termos, n\u00e3o pode ficar sujeito \u00e0 cobran\u00e7a de tarifa pela disponibiliza\u00e7\u00e3o de cheque especial, independentemente da efetiva utiliza\u00e7\u00e3o do servi\u00e7o. Tal previs\u00e3o claramente coloca o consumidor em uma situa\u00e7\u00e3o de desvantagem exagerada, ao arcar com um gravame por algo de que n\u00e3o usufruiu, o que desequilibra a rela\u00e7\u00e3o contratual\u201d, consta em trecho do of\u00edcio.<\/p>\n","protected":false},"excerpt":{"rendered":"<p>Fonte: Congresso em Foco A\u00a0Ordem dos Advogados do Brasil (OAB)\u00a0enviou nesta quarta-feira (1) um comunicado&#8230;<\/p>\n","protected":false},"author":1,"featured_media":10333,"comment_status":"open","ping_status":"open","sticky":false,"template":"","format":"standard","meta":{"_jetpack_memberships_contains_paid_content":false,"footnotes":"","jetpack_publicize_message":"","jetpack_publicize_feature_enabled":true,"jetpack_social_post_already_shared":true,"jetpack_social_options":{"image_generator_settings":{"template":"highway","default_image_id":0,"font":"","enabled":false},"version":2}},"categories":[1],"tags":[],"class_list":["post-10332","post","type-post","status-publish","format-standard","has-post-thumbnail","hentry","category-atualidade"],"jetpack_publicize_connections":[],"jetpack_featured_media_url":"https:\/\/correiodasemana.com\/site\/wp-content\/uploads\/2020\/01\/1551793086-833204616-810x471-1.jpg","jetpack-related-posts":[{"id":21849,"url":"https:\/\/correiodasemana.com\/site\/mutirao-nacional-permite-negociar-dividas-ate-30-de-novembro\/","url_meta":{"origin":10332,"position":0},"title":"Mutir\u00e3o nacional permite negociar d\u00edvidas at\u00e9\u00a030 de novembro","author":"","date":"Novembro 28, 2022","format":false,"excerpt":"BC, Procon e v\u00e1rios \u00f3rg\u00e3os promovem a\u00e7\u00e3o conjunta Por Paula Laboissi\u00e8re \u2013 Rep\u00f3rter da Ag\u00eancia Brasil - Bras\u00edlia At\u00e9 a pr\u00f3xima\u00a0quarta-feira (30), consumidores podem negociar d\u00edvidas em atraso com condi\u00e7\u00f5es especiais por meio do Mutir\u00e3o Nacional de Negocia\u00e7\u00e3o de D\u00edvidas e Orienta\u00e7\u00e3o Financeira.\u00a0A a\u00e7\u00e3o \u00e9 uma iniciativa conjunta da Federa\u00e7\u00e3o\u2026","rel":"","context":"In &quot;Atualidade&quot;","block_context":{"text":"Atualidade","link":"https:\/\/correiodasemana.com\/site\/category\/atualidade\/"},"img":{"alt_text":"","src":"https:\/\/i0.wp.com\/correiodasemana.com\/site\/wp-content\/uploads\/2022\/11\/banco_central_mcajr_abr_0104222276.jpg?resize=350%2C200&ssl=1","width":350,"height":200,"srcset":"https:\/\/i0.wp.com\/correiodasemana.com\/site\/wp-content\/uploads\/2022\/11\/banco_central_mcajr_abr_0104222276.jpg?resize=350%2C200&ssl=1 1x, https:\/\/i0.wp.com\/correiodasemana.com\/site\/wp-content\/uploads\/2022\/11\/banco_central_mcajr_abr_0104222276.jpg?resize=525%2C300&ssl=1 1.5x, https:\/\/i0.wp.com\/correiodasemana.com\/site\/wp-content\/uploads\/2022\/11\/banco_central_mcajr_abr_0104222276.jpg?resize=700%2C400&ssl=1 2x, https:\/\/i0.wp.com\/correiodasemana.com\/site\/wp-content\/uploads\/2022\/11\/banco_central_mcajr_abr_0104222276.jpg?resize=1050%2C600&ssl=1 3x"},"classes":[]},{"id":32341,"url":"https:\/\/correiodasemana.com\/site\/cheque-representa-05-das-operacoes-financeiras-de-pagamento-no-pais\/","url_meta":{"origin":10332,"position":1},"title":"Cheque representa 0,5% das opera\u00e7\u00f5es financeiras de pagamento no pa\u00eds","author":"adminredacao","date":"Janeiro 27, 2025","format":false,"excerpt":"Segundo a Febraban, n\u00e3o h\u00e1 previs\u00e3o do fim do m\u00e9todo Ag\u00eancia Brasil O uso de cheques representa atualmente 0,5% das formas de pagamento pela popula\u00e7\u00e3o, mas n\u00e3o h\u00e1 previs\u00e3o sobre seu fim. Segundo a Federa\u00e7\u00e3o Brasileira de Bancos (Febraban), o uso de cheques caiu 18% no ano passado, num acumulado\u2026","rel":"","context":"In &quot;Atualidade&quot;","block_context":{"text":"Atualidade","link":"https:\/\/correiodasemana.com\/site\/category\/atualidade\/"},"img":{"alt_text":"","src":"https:\/\/i0.wp.com\/correiodasemana.com\/site\/wp-content\/uploads\/2025\/01\/cheque_0.webp?resize=350%2C200&ssl=1","width":350,"height":200,"srcset":"https:\/\/i0.wp.com\/correiodasemana.com\/site\/wp-content\/uploads\/2025\/01\/cheque_0.webp?resize=350%2C200&ssl=1 1x, https:\/\/i0.wp.com\/correiodasemana.com\/site\/wp-content\/uploads\/2025\/01\/cheque_0.webp?resize=525%2C300&ssl=1 1.5x, https:\/\/i0.wp.com\/correiodasemana.com\/site\/wp-content\/uploads\/2025\/01\/cheque_0.webp?resize=700%2C400&ssl=1 2x, https:\/\/i0.wp.com\/correiodasemana.com\/site\/wp-content\/uploads\/2025\/01\/cheque_0.webp?resize=1050%2C600&ssl=1 3x"},"classes":[]},{"id":29565,"url":"https:\/\/correiodasemana.com\/site\/governo-federal-nao-mudou-regras-de-tarifa-para-pix\/","url_meta":{"origin":10332,"position":2},"title":"Governo Federal n\u00e3o mudou regras de tarifa para Pix","author":"adminredacao","date":"Junho 10, 2024","format":false,"excerpt":"Em regra, n\u00e3o h\u00e1 cobran\u00e7as de pessoas f\u00edsicas para uso do Pix; eventuais cobran\u00e7as pelo servi\u00e7o s\u00e3o realizadas por bancos Servi\u00e7o de pagamento instant\u00e2neo brasileiro,\u00a0o\u00a0Pix\u00a0\u00e9 o meio de pagamento criado pelo Banco Central (BC)\u00a0em que os recursos s\u00e3o transferidos entre contas em poucos segundos, a qualquer hora ou dia. \u00c9\u2026","rel":"","context":"In &quot;Atualidade&quot;","block_context":{"text":"Atualidade","link":"https:\/\/correiodasemana.com\/site\/category\/atualidade\/"},"img":{"alt_text":"","src":"https:\/\/i0.wp.com\/correiodasemana.com\/site\/wp-content\/uploads\/2024\/06\/b968b84c-d81e-466c-853d-8b51ecbf280f.png?resize=350%2C200&ssl=1","width":350,"height":200,"srcset":"https:\/\/i0.wp.com\/correiodasemana.com\/site\/wp-content\/uploads\/2024\/06\/b968b84c-d81e-466c-853d-8b51ecbf280f.png?resize=350%2C200&ssl=1 1x, https:\/\/i0.wp.com\/correiodasemana.com\/site\/wp-content\/uploads\/2024\/06\/b968b84c-d81e-466c-853d-8b51ecbf280f.png?resize=525%2C300&ssl=1 1.5x, https:\/\/i0.wp.com\/correiodasemana.com\/site\/wp-content\/uploads\/2024\/06\/b968b84c-d81e-466c-853d-8b51ecbf280f.png?resize=700%2C400&ssl=1 2x"},"classes":[]},{"id":24440,"url":"https:\/\/correiodasemana.com\/site\/bancos-vao-deixar-de-oferecer-transferencias-via-doc-e-tec-a-partir-de-2024\/","url_meta":{"origin":10332,"position":3},"title":"Bancos v\u00e3o deixar de oferecer transfer\u00eancias via DOC e TEC a partir de 2024","author":"","date":"Maio 5, 2023","format":false,"excerpt":"Institui\u00e7\u00f5es banc\u00e1rias associadas \u00e0 Federa\u00e7\u00e3o Brasileira de Brasileiras de Bancos (Febraban) deixar\u00e3o de oferecer opera\u00e7\u00f5es via Documento de Ordem de Cr\u00e9dito (DOC) at\u00e9 29 de fevereiro de 2024, ap\u00f3s 39 anos de exist\u00eancia. A medida \u00e9 v\u00e1lida para pessoas f\u00edsicas e jur\u00eddicas e foi anunciada nesta quinta-feira, 4 de maio.\u2026","rel":"","context":"In &quot;Atualidade&quot;","block_context":{"text":"Atualidade","link":"https:\/\/correiodasemana.com\/site\/category\/atualidade\/"},"img":{"alt_text":"","src":"https:\/\/i0.wp.com\/correiodasemana.com\/site\/wp-content\/uploads\/2023\/05\/Sem-titulo-6.jpg?resize=350%2C200&ssl=1","width":350,"height":200,"srcset":"https:\/\/i0.wp.com\/correiodasemana.com\/site\/wp-content\/uploads\/2023\/05\/Sem-titulo-6.jpg?resize=350%2C200&ssl=1 1x, https:\/\/i0.wp.com\/correiodasemana.com\/site\/wp-content\/uploads\/2023\/05\/Sem-titulo-6.jpg?resize=525%2C300&ssl=1 1.5x, https:\/\/i0.wp.com\/correiodasemana.com\/site\/wp-content\/uploads\/2023\/05\/Sem-titulo-6.jpg?resize=700%2C400&ssl=1 2x, https:\/\/i0.wp.com\/correiodasemana.com\/site\/wp-content\/uploads\/2023\/05\/Sem-titulo-6.jpg?resize=1050%2C600&ssl=1 3x"},"classes":[]},{"id":14922,"url":"https:\/\/correiodasemana.com\/site\/pix-tem-100-milhoes-de-chaves-registradas\/","url_meta":{"origin":10332,"position":4},"title":"Pix tem 100 milh\u00f5es de chaves registradas","author":"","date":"Dezembro 7, 2020","format":false,"excerpt":"A chave permite identificar rapidamente a conta do recebedor O sistema de pagamento instant\u00e2neo Pix atingiu a marca das 100 milh\u00f5es de chaves hoje (3), conforme informa\u00e7\u00e3o do Banco Central. A chave, previamente cadastrada, em banco ou outra institui\u00e7\u00e3o financeira, permite identificar a conta para receber pagamentos e transfer\u00eancias. A\u2026","rel":"","context":"In &quot;Atualidade&quot;","block_context":{"text":"Atualidade","link":"https:\/\/correiodasemana.com\/site\/category\/atualidade\/"},"img":{"alt_text":"","src":"https:\/\/i0.wp.com\/correiodasemana.com\/site\/wp-content\/uploads\/2020\/12\/pix_0411202553.jpg?resize=350%2C200&ssl=1","width":350,"height":200,"srcset":"https:\/\/i0.wp.com\/correiodasemana.com\/site\/wp-content\/uploads\/2020\/12\/pix_0411202553.jpg?resize=350%2C200&ssl=1 1x, https:\/\/i0.wp.com\/correiodasemana.com\/site\/wp-content\/uploads\/2020\/12\/pix_0411202553.jpg?resize=525%2C300&ssl=1 1.5x, https:\/\/i0.wp.com\/correiodasemana.com\/site\/wp-content\/uploads\/2020\/12\/pix_0411202553.jpg?resize=700%2C400&ssl=1 2x, https:\/\/i0.wp.com\/correiodasemana.com\/site\/wp-content\/uploads\/2020\/12\/pix_0411202553.jpg?resize=1050%2C600&ssl=1 3x"},"classes":[]},{"id":26199,"url":"https:\/\/correiodasemana.com\/site\/drex-tera-custos-baixos-para-usuarios-e-podera-ser-gratuito-diz-banco-central\/","url_meta":{"origin":10332,"position":5},"title":"Drex ter\u00e1 custos baixos para usu\u00e1rios e poder\u00e1 ser gratuito, diz Banco Central","author":"adminredacao","date":"Agosto 21, 2023","format":false,"excerpt":"Vers\u00e3o digital do real tem previs\u00e3o de lan\u00e7amento para o fim de 2024 e promete ser uma nova infraestrutura para servi\u00e7os financeiros O Drex est\u00e1 sendo desenvolvido pelo Banco Central e promete mudar, e modernizar, a infraestrutura do sistema financeiro brasileiro. A vers\u00e3o digital do real tem previs\u00e3o de lan\u00e7amento\u2026","rel":"","context":"In &quot;Atualidade&quot;","block_context":{"text":"Atualidade","link":"https:\/\/correiodasemana.com\/site\/category\/atualidade\/"},"img":{"alt_text":"","src":"https:\/\/i0.wp.com\/correiodasemana.com\/site\/wp-content\/uploads\/2023\/08\/AA.jpg?resize=350%2C200&ssl=1","width":350,"height":200},"classes":[]}],"jetpack_sharing_enabled":true,"_links":{"self":[{"href":"https:\/\/correiodasemana.com\/site\/wp-json\/wp\/v2\/posts\/10332","targetHints":{"allow":["GET"]}}],"collection":[{"href":"https:\/\/correiodasemana.com\/site\/wp-json\/wp\/v2\/posts"}],"about":[{"href":"https:\/\/correiodasemana.com\/site\/wp-json\/wp\/v2\/types\/post"}],"author":[{"embeddable":true,"href":"https:\/\/correiodasemana.com\/site\/wp-json\/wp\/v2\/users\/1"}],"replies":[{"embeddable":true,"href":"https:\/\/correiodasemana.com\/site\/wp-json\/wp\/v2\/comments?post=10332"}],"version-history":[{"count":1,"href":"https:\/\/correiodasemana.com\/site\/wp-json\/wp\/v2\/posts\/10332\/revisions"}],"predecessor-version":[{"id":10334,"href":"https:\/\/correiodasemana.com\/site\/wp-json\/wp\/v2\/posts\/10332\/revisions\/10334"}],"wp:featuredmedia":[{"embeddable":true,"href":"https:\/\/correiodasemana.com\/site\/wp-json\/wp\/v2\/media\/10333"}],"wp:attachment":[{"href":"https:\/\/correiodasemana.com\/site\/wp-json\/wp\/v2\/media?parent=10332"}],"wp:term":[{"taxonomy":"category","embeddable":true,"href":"https:\/\/correiodasemana.com\/site\/wp-json\/wp\/v2\/categories?post=10332"},{"taxonomy":"post_tag","embeddable":true,"href":"https:\/\/correiodasemana.com\/site\/wp-json\/wp\/v2\/tags?post=10332"}],"curies":[{"name":"wp","href":"https:\/\/api.w.org\/{rel}","templated":true}]}}