{"id":10335,"date":"2020-01-05T03:40:39","date_gmt":"2020-01-05T03:40:39","guid":{"rendered":"https:\/\/correiodasemana.com\/site\/?p=10335"},"modified":"2020-01-05T03:40:39","modified_gmt":"2020-01-05T03:40:39","slug":"reveillon-de-sobral-2020-leva-multidao-ao-boulevard-do-arco","status":"publish","type":"post","link":"https:\/\/correiodasemana.com\/site\/reveillon-de-sobral-2020-leva-multidao-ao-boulevard-do-arco\/","title":{"rendered":"R\u00e9veillon de Sobral 2020 leva multid\u00e3o ao Boulevard do Arco"},"content":{"rendered":"<p>Por causa da lei municipal que disciplina o uso de fogos de artif\u00edcio, pela primeira vez n\u00e3o foi realizado o tradicional show pirot\u00e9cnico em respeito a idosos, crian\u00e7as, pessoas enfermas e animais.<br \/>\nO Boulevard do Arco, em Sobral, recebeu milhares de pessoas na noite desta ter\u00e7a-feira (31\/12) para festejar a virada do ano. No palco do R\u00e9veillon de Sobral 2020 se apresentaram Vanessa da Mata, P\u00e9 de Ouro e Ren\u00e9 Django. A festa ainda abriu espa\u00e7o para a m\u00fasica eletr\u00f4nica, numa mistura de ritmos j\u00e1 tradicionais do evento. Por causa da lei municipal que disciplina o uso de fogos de artif\u00edcio, pela primeira vez n\u00e3o foi realizado o tradicional show pirot\u00e9cnico em respeito a idosos, crian\u00e7as, pessoas enfermas e animais.<br \/>\nRen\u00e9 Django foi a primeira atra\u00e7\u00e3o da noite. O cantor sobralense subiu ao palco por volta das 22 horas e embalou o p\u00fablico com uma variedade de estilos que passou desde o pop rock nacional at\u00e9 as m\u00fasicas de baile.<br \/>\nAtra\u00e7\u00e3o principal do R\u00e9veillon de Sobral, Vanessa da Mata entrou no palco \u00e0s 23h45, conforme programado, para o del\u00edrio do p\u00fablico que aguardava a artista. Ela agitou os f\u00e3s com m\u00fasicas do seu s\u00e9timo \u00e1lbum de est\u00fadio: Quando Deixamos Nossos Beijos na Esquina e, claro, com grandes hits que a consagraram como uma das principais cantoras e compositoras da m\u00fasica brasileira.<br \/>\nNem mesmo a chuva que caiu na madrugada do primeiro dia de 2020 esfriou a energia do p\u00fablico, que ainda dan\u00e7ou muito forr\u00f3 com a Banda P\u00e9 de Ouro. No palco alternativo, uma tenda eletr\u00f4nica reuniu centenas de f\u00e3s do g\u00eanero.<\/p>\n","protected":false},"excerpt":{"rendered":"<p>Por causa da lei municipal que disciplina o uso de fogos de artif\u00edcio, pela primeira&#8230;<\/p>\n","protected":false},"author":1,"featured_media":10336,"comment_status":"open","ping_status":"open","sticky":false,"template":"","format":"standard","meta":{"_jetpack_memberships_contains_paid_content":false,"footnotes":"","jetpack_publicize_message":"","jetpack_publicize_feature_enabled":true,"jetpack_social_post_already_shared":true,"jetpack_social_options":{"image_generator_settings":{"template":"highway","default_image_id":0,"font":"","enabled":false},"version":2}},"categories":[1],"tags":[],"class_list":["post-10335","post","type-post","status-publish","format-standard","has-post-thumbnail","hentry","category-atualidade"],"jetpack_publicize_connections":[],"jetpack_featured_media_url":"https:\/\/correiodasemana.com\/site\/wp-content\/uploads\/2020\/01\/VIRADA.jpg","jetpack-related-posts":[{"id":34032,"url":"https:\/\/correiodasemana.com\/site\/em-sobral-coroacao-de-nossa-senhora-marca-encerramento-do-mes-mariano-na-boulevard-do-arco\/","url_meta":{"origin":10335,"position":0},"title":"Em Sobral, Coroa\u00e7\u00e3o de Nossa Senhora marca encerramento do M\u00eas Mariano na Boulevard do Arco","author":"adminredacao","date":"Junho 4, 2025","format":false,"excerpt":"Centenas de devotos reuniram-se no final da tarde do \u00faltimo s\u00e1bado, 31, para a tradicional Coroa\u00e7\u00e3o da imagem de Nossa Senhora na Boulevard do Arco, em Sobral. A 41\u00aa edi\u00e7\u00e3o deste ano contou com uma programa\u00e7\u00e3o especial em honra \u00e0 Virgem Maria. As atividades iniciaram com a apresenta\u00e7\u00e3o da Banda\u2026","rel":"","context":"In &quot;Atualidade&quot;","block_context":{"text":"Atualidade","link":"https:\/\/correiodasemana.com\/site\/category\/atualidade\/"},"img":{"alt_text":"","src":"https:\/\/i0.wp.com\/correiodasemana.com\/site\/wp-content\/uploads\/2025\/06\/coroacao-de-nossa-senhora-em-sobral-10.jpeg?resize=350%2C200&ssl=1","width":350,"height":200,"srcset":"https:\/\/i0.wp.com\/correiodasemana.com\/site\/wp-content\/uploads\/2025\/06\/coroacao-de-nossa-senhora-em-sobral-10.jpeg?resize=350%2C200&ssl=1 1x, https:\/\/i0.wp.com\/correiodasemana.com\/site\/wp-content\/uploads\/2025\/06\/coroacao-de-nossa-senhora-em-sobral-10.jpeg?resize=525%2C300&ssl=1 1.5x, https:\/\/i0.wp.com\/correiodasemana.com\/site\/wp-content\/uploads\/2025\/06\/coroacao-de-nossa-senhora-em-sobral-10.jpeg?resize=700%2C400&ssl=1 2x, https:\/\/i0.wp.com\/correiodasemana.com\/site\/wp-content\/uploads\/2025\/06\/coroacao-de-nossa-senhora-em-sobral-10.jpeg?resize=1050%2C600&ssl=1 3x, https:\/\/i0.wp.com\/correiodasemana.com\/site\/wp-content\/uploads\/2025\/06\/coroacao-de-nossa-senhora-em-sobral-10.jpeg?resize=1400%2C800&ssl=1 4x"},"classes":[]},{"id":16674,"url":"https:\/\/correiodasemana.com\/site\/politica-em-evidencia-64\/","url_meta":{"origin":10335,"position":1},"title":"Pol\u00edtica em Evid\u00eancia","author":"","date":"Junho 7, 2021","format":false,"excerpt":"O prefeito Ivo Gomes participou do lan\u00e7amento virtual do livro Centen\u00e1rio do Eclipse de Sobral:\u00a01919 \u2013 2019, que traz in\u00fameras fotografias e narrativas de cientistas sobre as atividades comemorativas que ocorreram h\u00e1 dois anos no munic\u00edpio e que explicam a import\u00e2ncia da celebra\u00e7\u00e3o do centen\u00e1rio para a ci\u00eancia brasileira e\u2026","rel":"","context":"In &quot;Artigos&quot;","block_context":{"text":"Artigos","link":"https:\/\/correiodasemana.com\/site\/category\/artigos\/"},"img":{"alt_text":"","src":"","width":0,"height":0},"classes":[]},{"id":33683,"url":"https:\/\/correiodasemana.com\/site\/fe-e-devocao-marcam-o-mes-mariano-na-boulevard-do-arco-em-sobral\/","url_meta":{"origin":10335,"position":2},"title":"F\u00e9 e devo\u00e7\u00e3o marcam o M\u00eas Mariano na Boulevard do Arco, em Sobral","author":"adminredacao","date":"Maio 12, 2025","format":false,"excerpt":"Desde o dia 1\u00ba de maio, diariamente, fi\u00e9is e devotos de Nossa Senhora t\u00eam se reunido na Boulevard do Arco, em frente ao Arco de Nossa Senhora de F\u00e1tima, para a medita\u00e7\u00e3o dos mist\u00e9rios do Santo Ter\u00e7o. O momento de ora\u00e7\u00e3o, marcado pela f\u00e9 e devo\u00e7\u00e3o mariana, ocorre sempre por\u2026","rel":"","context":"In &quot;Atualidade&quot;","block_context":{"text":"Atualidade","link":"https:\/\/correiodasemana.com\/site\/category\/atualidade\/"},"img":{"alt_text":"","src":"https:\/\/i0.wp.com\/correiodasemana.com\/site\/wp-content\/uploads\/2025\/05\/WhatsApp-Image-2025-05-09-at-19.03.19.jpeg?resize=350%2C200&ssl=1","width":350,"height":200,"srcset":"https:\/\/i0.wp.com\/correiodasemana.com\/site\/wp-content\/uploads\/2025\/05\/WhatsApp-Image-2025-05-09-at-19.03.19.jpeg?resize=350%2C200&ssl=1 1x, https:\/\/i0.wp.com\/correiodasemana.com\/site\/wp-content\/uploads\/2025\/05\/WhatsApp-Image-2025-05-09-at-19.03.19.jpeg?resize=525%2C300&ssl=1 1.5x, https:\/\/i0.wp.com\/correiodasemana.com\/site\/wp-content\/uploads\/2025\/05\/WhatsApp-Image-2025-05-09-at-19.03.19.jpeg?resize=700%2C400&ssl=1 2x, https:\/\/i0.wp.com\/correiodasemana.com\/site\/wp-content\/uploads\/2025\/05\/WhatsApp-Image-2025-05-09-at-19.03.19.jpeg?resize=1050%2C600&ssl=1 3x, https:\/\/i0.wp.com\/correiodasemana.com\/site\/wp-content\/uploads\/2025\/05\/WhatsApp-Image-2025-05-09-at-19.03.19.jpeg?resize=1400%2C800&ssl=1 4x"},"classes":[]},{"id":14356,"url":"https:\/\/correiodasemana.com\/site\/sobral-sobral-14\/","url_meta":{"origin":10335,"position":3},"title":"Sobral, Sobral","author":"","date":"Novembro 2, 2020","format":false,"excerpt":"UM CRETINO RICO VALE MAIS QUE UM FIL\u00d3SOFO POBRE (MATHURIN R\u00c9GNIER, poeta franc\u00eas) MINHAS HIST\u00d3RIAS\u2026 NELSON (S\u00d3 DE MAU) N\u00c3O CANTOU BOEMIA Esta quem me contou foi o ZEZINHO PONTE, presidente da C\u00c2MARA DOS DIRIGENTES LOJISTAS (CDL) e filho do empres\u00e1rio e pol\u00edtico sobralense AUR\u00c9LIO PONTE, ao me presentear com\u2026","rel":"","context":"In &quot;Artigos&quot;","block_context":{"text":"Artigos","link":"https:\/\/correiodasemana.com\/site\/category\/artigos\/"},"img":{"alt_text":"","src":"https:\/\/i0.wp.com\/correiodasemana.com\/site\/wp-content\/uploads\/2020\/11\/sobral-sobral-150x150.png?resize=350%2C200&ssl=1","width":350,"height":200},"classes":[]},{"id":32790,"url":"https:\/\/correiodasemana.com\/site\/cristaos-catolicos-participam-de-retiros-de-carnaval-em-sobral\/","url_meta":{"origin":10335,"position":4},"title":"Crist\u00e3os cat\u00f3licos participam de Retiros de Carnaval, em Sobral","author":"adminredacao","date":"Mar\u00e7o 10, 2025","format":false,"excerpt":"Abrindo os Retiros de Carnaval em Sobral, a Prefeitura de Sobral realizou a primeira edi\u00e7\u00e3o do Sobral de F\u00e9, no Arco de Nossa Senhora de F\u00e1tima, nos dias 1\u00ba e 2 de mar\u00e7o. O evento foi organizado pela Secretaria Municipal de Turismo e Turismo Religioso do munic\u00edpio. No primeiro dia,\u2026","rel":"","context":"In &quot;Atualidade&quot;","block_context":{"text":"Atualidade","link":"https:\/\/correiodasemana.com\/site\/category\/atualidade\/"},"img":{"alt_text":"","src":"https:\/\/i0.wp.com\/correiodasemana.com\/site\/wp-content\/uploads\/2025\/03\/WhatsApp-Image-2025-03-07-at-18.39.06.jpeg?resize=350%2C200&ssl=1","width":350,"height":200,"srcset":"https:\/\/i0.wp.com\/correiodasemana.com\/site\/wp-content\/uploads\/2025\/03\/WhatsApp-Image-2025-03-07-at-18.39.06.jpeg?resize=350%2C200&ssl=1 1x, https:\/\/i0.wp.com\/correiodasemana.com\/site\/wp-content\/uploads\/2025\/03\/WhatsApp-Image-2025-03-07-at-18.39.06.jpeg?resize=525%2C300&ssl=1 1.5x, https:\/\/i0.wp.com\/correiodasemana.com\/site\/wp-content\/uploads\/2025\/03\/WhatsApp-Image-2025-03-07-at-18.39.06.jpeg?resize=700%2C400&ssl=1 2x, https:\/\/i0.wp.com\/correiodasemana.com\/site\/wp-content\/uploads\/2025\/03\/WhatsApp-Image-2025-03-07-at-18.39.06.jpeg?resize=1050%2C600&ssl=1 3x, https:\/\/i0.wp.com\/correiodasemana.com\/site\/wp-content\/uploads\/2025\/03\/WhatsApp-Image-2025-03-07-at-18.39.06.jpeg?resize=1400%2C800&ssl=1 4x"},"classes":[]},{"id":17041,"url":"https:\/\/correiodasemana.com\/site\/arco-nossa-senhora-de-fatima-em-sobral-esta-sendo-restaurado-com-investimento-que-chega-a-r-20-000\/","url_meta":{"origin":10335,"position":5},"title":"Arco Nossa Senhora de F\u00e1tima em Sobral est\u00e1 sendo restaurado com investimento que chega a R$ 20.000","author":"","date":"Julho 19, 2021","format":false,"excerpt":"O cart\u00e3o postal mais reconhecido de Sobral, o arco de Nossa Senhora de F\u00e1tima, localizado na Avenida Dr. Guarany, est\u00e1 passando por uma restaura\u00e7\u00e3o. As obras feitas por meio da Secretaria da Infraestrutura (Seinfra) tem objetivo de reparar e preservar o monumento de identidade sobralense. Os reparos acontecem no m\u00eas\u2026","rel":"","context":"In &quot;Atualidade&quot;","block_context":{"text":"Atualidade","link":"https:\/\/correiodasemana.com\/site\/category\/atualidade\/"},"img":{"alt_text":"","src":"https:\/\/i0.wp.com\/correiodasemana.com\/site\/wp-content\/uploads\/2021\/07\/arco-de-sobral-via-drone.jpg?resize=350%2C200&ssl=1","width":350,"height":200,"srcset":"https:\/\/i0.wp.com\/correiodasemana.com\/site\/wp-content\/uploads\/2021\/07\/arco-de-sobral-via-drone.jpg?resize=350%2C200&ssl=1 1x, https:\/\/i0.wp.com\/correiodasemana.com\/site\/wp-content\/uploads\/2021\/07\/arco-de-sobral-via-drone.jpg?resize=525%2C300&ssl=1 1.5x"},"classes":[]}],"jetpack_sharing_enabled":true,"_links":{"self":[{"href":"https:\/\/correiodasemana.com\/site\/wp-json\/wp\/v2\/posts\/10335","targetHints":{"allow":["GET"]}}],"collection":[{"href":"https:\/\/correiodasemana.com\/site\/wp-json\/wp\/v2\/posts"}],"about":[{"href":"https:\/\/correiodasemana.com\/site\/wp-json\/wp\/v2\/types\/post"}],"author":[{"embeddable":true,"href":"https:\/\/correiodasemana.com\/site\/wp-json\/wp\/v2\/users\/1"}],"replies":[{"embeddable":true,"href":"https:\/\/correiodasemana.com\/site\/wp-json\/wp\/v2\/comments?post=10335"}],"version-history":[{"count":1,"href":"https:\/\/correiodasemana.com\/site\/wp-json\/wp\/v2\/posts\/10335\/revisions"}],"predecessor-version":[{"id":10337,"href":"https:\/\/correiodasemana.com\/site\/wp-json\/wp\/v2\/posts\/10335\/revisions\/10337"}],"wp:featuredmedia":[{"embeddable":true,"href":"https:\/\/correiodasemana.com\/site\/wp-json\/wp\/v2\/media\/10336"}],"wp:attachment":[{"href":"https:\/\/correiodasemana.com\/site\/wp-json\/wp\/v2\/media?parent=10335"}],"wp:term":[{"taxonomy":"category","embeddable":true,"href":"https:\/\/correiodasemana.com\/site\/wp-json\/wp\/v2\/categories?post=10335"},{"taxonomy":"post_tag","embeddable":true,"href":"https:\/\/correiodasemana.com\/site\/wp-json\/wp\/v2\/tags?post=10335"}],"curies":[{"name":"wp","href":"https:\/\/api.w.org\/{rel}","templated":true}]}}