{"id":10338,"date":"2020-01-05T03:44:57","date_gmt":"2020-01-05T03:44:57","guid":{"rendered":"https:\/\/correiodasemana.com\/site\/?p=10338"},"modified":"2020-01-05T03:44:57","modified_gmt":"2020-01-05T03:44:57","slug":"pe-joao-batista-aragao-celebra-missa-nova-em-sua-paroquia-em-sobral","status":"publish","type":"post","link":"https:\/\/correiodasemana.com\/site\/pe-joao-batista-aragao-celebra-missa-nova-em-sua-paroquia-em-sobral\/","title":{"rendered":"Pe. Jo\u00e3o Batista Arag\u00e3o, celebra missa nova em sua par\u00f3quia em Sobral"},"content":{"rendered":"<p>A alegria est\u00e1 no DNA do cearense. Nunca conheci gente t\u00e3o simp\u00e1tica, divertida e cordial. Durante esses dias contemplei o transbordar dessa alegria na ordena\u00e7\u00e3o presbiteral e missa nova do ilustre sobralense Jo\u00e3o Batista Arag\u00e3o de Oliveira Filho. Foi acolhido na Arquidiocese de Olinda e Recife para confirmar o ditado que ele gosta de citar \u201co cearense vai dominar o mundo\u201d. Homem de amigos, conversa f\u00e1cil e agrad\u00e1vel, o neo-sacerdote Jo\u00e3o Batista Arag\u00e3o se fez querer por todos do Recife. Cora\u00e7\u00e3o grande que alberga o mundo inteiro. O sacerd\u00f3cio n\u00e3o tem fronteiras. Com os bra\u00e7os abertos em forma de cruz, identificou-se com Cristo, que acolhe a todos, os da esquerda e os da direita. Para o Pe. Jo\u00e3o Batista s\u00f3 h\u00e1 uma categoria: a de filhos de Deus.<br \/>\nAfilhado de voca\u00e7\u00e3o do egr\u00e9gio Monsenhor Sadoc, cujos servi\u00e7os prestados \u00e0 Igreja s\u00e3o not\u00e1veis, aprendeu do mestre a arte da comunica\u00e7\u00e3o, que mais do que uma t\u00e9cnica, \u00e9 vida compartilhada e experi\u00eancias colecionadas em meio ao povo de Deus. Oxal\u00e1 o Pe. Jo\u00e3o Batista possa continuar a exercer o belo trabalho que vem desempenhando \u00e0 frente da R\u00e1dio Olinda, filiada \u00e0 Arquidiocese do Recife.<br \/>\nCursou filosofia na Universidade Estadual Vale do Acara\u00fa (UVA) e teologia na Universidade Cat\u00f3lica de Pernambuco (UNICAP), onde viveu no hist\u00f3rico Semin\u00e1rio de Olinda, que serviu de resid\u00eancia ao ilustre sobralense Pe. Ibiapina.<br \/>\nNa Catedral de Olinda, no \u00faltimo dia 17, por imposi\u00e7\u00e3o das m\u00e3os do outrora bispo de Sobral, Dom Fernando Saburido, \u201cJo\u00e3ozinho\u201d, como era carinhosamente conhecido, foi ordenado sacerdote \u00e0 servi\u00e7o da Igreja do Recife. Houve uma invas\u00e3o cearense no Recife. Sacerdotes e leigos vieram prestigiar esse momento \u00fanico. Era como se nos lembrassem que est\u00e1vamos a receber um presente.<br \/>\nNa sua primeira presid\u00eancia eucar\u00edstica, no s\u00e1bado (21\/12\/2019), na Par\u00f3quia do Cristo Ressuscitado, em Sobral, os pernambucanos n\u00e3o quiseram ficar para tr\u00e1s e lotaram a Princesinha do Norte. Foram alguns \u00f4nibus lotados de par\u00f3quias onde o Pe. Jo\u00e3o Batista exercera o seu trabalho pastoral, al\u00e9m de amigos padres, seminaristas e familiares. Destaco a presen\u00e7a do Dom Jos\u00e9 Luiz Gomes de Vasconcelos, bispo de Sobral, Dom Severino Batista de Fran\u00e7a, bispo em\u00e9rito de Nazar\u00e9 (PE) e Monsenhor Assis Rocha, seu padrinho de ordena\u00e7\u00e3o presbiteral.<br \/>\nA festa come\u00e7ou antes. Uma banda esperava o Pe. Jo\u00e3o Batista Arag\u00e3o na par\u00f3quia, enquanto tocava uns dobrados, mostrando a alegria do seu povo em receber o neo-sacerdote. Os fogos de artif\u00edcios, que foram lan\u00e7ados do Santu\u00e1rio da M\u00e3e Rainha e o soar do sino da matriz, anunciavam a chegada do Pe. Jo\u00e3o Batista. Os batedores da Guarda Municipal escoltaram o carro do neo-sacerdote, seguido pelo carro episcopal. A cidade estava parada. Todos os olhos convergiam para a Par\u00f3quia do Cristo Ressuscitado. Ao chegar, saudou os fi\u00e9is e presidiu o santo sacrif\u00edcio. Para al\u00e9m de todas as pompas, o Pe. Jo\u00e3o Batista tem consci\u00eancia de que \u00e9 no Calv\u00e1rio que o sacerdote torna-se aquilo que \u00e9. \u00c9 ali que \u00e9 travado do destino eterno da humanidade.<br \/>\nUma coisa me marcou nos agradecimentos do Pe. Jo\u00e3o Batista. Dissera que de todas as paix\u00f5es, a paix\u00e3o do sacerd\u00f3cio foi a mais forte. Isso \u00e9 teologicamente perfeito. Lembrou-me a ora\u00e7\u00e3o de Jeremias: \u201cSeduziste-me Senhor, e deixei-me seduzir; foste mais forte, tiveste mais poder\u201d(Jr 20,7). O sacerdote tem de ser, necessariamente, um homem apaixonado por Cristo. Ali\u00e1s, esse \u00e9 o fundamento da perseveran\u00e7a que, desde j\u00e1, desejo ao amigo Pe. Jo\u00e3o Batista, e a todos os que me leem, especialmente os que se entregaram ou pensam em se entregar a Deus com uma chamada espec\u00edfica: \u201cQual \u00e9 o segredo da perseveran\u00e7a? O Amor. &#8211; Enamora-te, e n\u00e3o O deixar\u00e1s. (S\u00e3o Josemaria Escriv\u00e1).<br \/>\nDavi Ara\u00fajo de Melo (advogado e te\u00f3logo) &#8211; Seminarista da Arquidiocese de Olinda e Recife<\/p>\n<p><img fetchpriority=\"high\" decoding=\"async\" class=\"alignleft size-medium wp-image-10339\" src=\"https:\/\/correiodasemana.com\/site\/wp-content\/uploads\/2020\/01\/Monsenhor-Rosivaldo-Torres-Pe.-Jo\u00e3o-Batista-Arag\u00e3o-e-Dom-Severino-300x201.jpg\" alt=\"\" width=\"300\" height=\"201\" srcset=\"https:\/\/correiodasemana.com\/site\/wp-content\/uploads\/2020\/01\/Monsenhor-Rosivaldo-Torres-Pe.-Jo\u00e3o-Batista-Arag\u00e3o-e-Dom-Severino-300x201.jpg 300w, https:\/\/correiodasemana.com\/site\/wp-content\/uploads\/2020\/01\/Monsenhor-Rosivaldo-Torres-Pe.-Jo\u00e3o-Batista-Arag\u00e3o-e-Dom-Severino-1024x685.jpg 1024w, https:\/\/correiodasemana.com\/site\/wp-content\/uploads\/2020\/01\/Monsenhor-Rosivaldo-Torres-Pe.-Jo\u00e3o-Batista-Arag\u00e3o-e-Dom-Severino-768x514.jpg 768w, https:\/\/correiodasemana.com\/site\/wp-content\/uploads\/2020\/01\/Monsenhor-Rosivaldo-Torres-Pe.-Jo\u00e3o-Batista-Arag\u00e3o-e-Dom-Severino-1536x1028.jpg 1536w, https:\/\/correiodasemana.com\/site\/wp-content\/uploads\/2020\/01\/Monsenhor-Rosivaldo-Torres-Pe.-Jo\u00e3o-Batista-Arag\u00e3o-e-Dom-Severino-2048x1371.jpg 2048w\" sizes=\"(max-width: 300px) 100vw, 300px\" \/> <img decoding=\"async\" class=\"alignleft size-medium wp-image-10340\" src=\"https:\/\/correiodasemana.com\/site\/wp-content\/uploads\/2020\/01\/Pe.-Jo\u00e3o-Batista-Arag\u00e3o-em-sua-par\u00f3quia-de-origem-Cristo-Resssuscitado-300x201.jpg\" alt=\"\" width=\"300\" height=\"201\" srcset=\"https:\/\/correiodasemana.com\/site\/wp-content\/uploads\/2020\/01\/Pe.-Jo\u00e3o-Batista-Arag\u00e3o-em-sua-par\u00f3quia-de-origem-Cristo-Resssuscitado-300x201.jpg 300w, https:\/\/correiodasemana.com\/site\/wp-content\/uploads\/2020\/01\/Pe.-Jo\u00e3o-Batista-Arag\u00e3o-em-sua-par\u00f3quia-de-origem-Cristo-Resssuscitado-1024x685.jpg 1024w, https:\/\/correiodasemana.com\/site\/wp-content\/uploads\/2020\/01\/Pe.-Jo\u00e3o-Batista-Arag\u00e3o-em-sua-par\u00f3quia-de-origem-Cristo-Resssuscitado-768x514.jpg 768w, https:\/\/correiodasemana.com\/site\/wp-content\/uploads\/2020\/01\/Pe.-Jo\u00e3o-Batista-Arag\u00e3o-em-sua-par\u00f3quia-de-origem-Cristo-Resssuscitado-1536x1028.jpg 1536w, https:\/\/correiodasemana.com\/site\/wp-content\/uploads\/2020\/01\/Pe.-Jo\u00e3o-Batista-Arag\u00e3o-em-sua-par\u00f3quia-de-origem-Cristo-Resssuscitado-2048x1371.jpg 2048w\" sizes=\"(max-width: 300px) 100vw, 300px\" \/> <img decoding=\"async\" class=\"alignleft size-medium wp-image-10341\" src=\"https:\/\/correiodasemana.com\/site\/wp-content\/uploads\/2020\/01\/Monsenhor-Assis-Rocha-pregador-da-primeira-missa-300x201.jpg\" alt=\"\" width=\"300\" height=\"201\" srcset=\"https:\/\/correiodasemana.com\/site\/wp-content\/uploads\/2020\/01\/Monsenhor-Assis-Rocha-pregador-da-primeira-missa-300x201.jpg 300w, https:\/\/correiodasemana.com\/site\/wp-content\/uploads\/2020\/01\/Monsenhor-Assis-Rocha-pregador-da-primeira-missa-1024x685.jpg 1024w, https:\/\/correiodasemana.com\/site\/wp-content\/uploads\/2020\/01\/Monsenhor-Assis-Rocha-pregador-da-primeira-missa-768x514.jpg 768w, https:\/\/correiodasemana.com\/site\/wp-content\/uploads\/2020\/01\/Monsenhor-Assis-Rocha-pregador-da-primeira-missa-1536x1028.jpg 1536w, https:\/\/correiodasemana.com\/site\/wp-content\/uploads\/2020\/01\/Monsenhor-Assis-Rocha-pregador-da-primeira-missa-2048x1371.jpg 2048w\" sizes=\"(max-width: 300px) 100vw, 300px\" \/> <img loading=\"lazy\" decoding=\"async\" class=\"alignleft size-medium wp-image-10342\" src=\"https:\/\/correiodasemana.com\/site\/wp-content\/uploads\/2020\/01\/Pe.-Jo\u00e3o-Batista-agradece-ao-povo-de-Sobral-300x201.jpg\" alt=\"\" width=\"300\" height=\"201\" srcset=\"https:\/\/correiodasemana.com\/site\/wp-content\/uploads\/2020\/01\/Pe.-Jo\u00e3o-Batista-agradece-ao-povo-de-Sobral-300x201.jpg 300w, https:\/\/correiodasemana.com\/site\/wp-content\/uploads\/2020\/01\/Pe.-Jo\u00e3o-Batista-agradece-ao-povo-de-Sobral-1024x685.jpg 1024w, https:\/\/correiodasemana.com\/site\/wp-content\/uploads\/2020\/01\/Pe.-Jo\u00e3o-Batista-agradece-ao-povo-de-Sobral-768x514.jpg 768w, https:\/\/correiodasemana.com\/site\/wp-content\/uploads\/2020\/01\/Pe.-Jo\u00e3o-Batista-agradece-ao-povo-de-Sobral-1536x1028.jpg 1536w, https:\/\/correiodasemana.com\/site\/wp-content\/uploads\/2020\/01\/Pe.-Jo\u00e3o-Batista-agradece-ao-povo-de-Sobral-2048x1371.jpg 2048w\" sizes=\"(max-width: 300px) 100vw, 300px\" \/> <img loading=\"lazy\" decoding=\"async\" class=\"alignleft size-medium wp-image-10343\" src=\"https:\/\/correiodasemana.com\/site\/wp-content\/uploads\/2020\/01\/Dom-Vasconcelos-beija-as-m\u00e3os-do-neo-sacerdote-300x201.jpg\" alt=\"\" width=\"300\" height=\"201\" srcset=\"https:\/\/correiodasemana.com\/site\/wp-content\/uploads\/2020\/01\/Dom-Vasconcelos-beija-as-m\u00e3os-do-neo-sacerdote-300x201.jpg 300w, https:\/\/correiodasemana.com\/site\/wp-content\/uploads\/2020\/01\/Dom-Vasconcelos-beija-as-m\u00e3os-do-neo-sacerdote-1024x685.jpg 1024w, https:\/\/correiodasemana.com\/site\/wp-content\/uploads\/2020\/01\/Dom-Vasconcelos-beija-as-m\u00e3os-do-neo-sacerdote-768x514.jpg 768w, https:\/\/correiodasemana.com\/site\/wp-content\/uploads\/2020\/01\/Dom-Vasconcelos-beija-as-m\u00e3os-do-neo-sacerdote-1536x1028.jpg 1536w, https:\/\/correiodasemana.com\/site\/wp-content\/uploads\/2020\/01\/Dom-Vasconcelos-beija-as-m\u00e3os-do-neo-sacerdote-2048x1371.jpg 2048w\" sizes=\"(max-width: 300px) 100vw, 300px\" \/> <img loading=\"lazy\" decoding=\"async\" class=\"alignleft size-medium wp-image-10344\" src=\"https:\/\/correiodasemana.com\/site\/wp-content\/uploads\/2020\/01\/Pe.-Jo\u00e3o-Batista-celebra-sua-primeira-missa-em-Sobral-300x201.jpg\" alt=\"\" width=\"300\" height=\"201\" srcset=\"https:\/\/correiodasemana.com\/site\/wp-content\/uploads\/2020\/01\/Pe.-Jo\u00e3o-Batista-celebra-sua-primeira-missa-em-Sobral-300x201.jpg 300w, https:\/\/correiodasemana.com\/site\/wp-content\/uploads\/2020\/01\/Pe.-Jo\u00e3o-Batista-celebra-sua-primeira-missa-em-Sobral-1024x685.jpg 1024w, https:\/\/correiodasemana.com\/site\/wp-content\/uploads\/2020\/01\/Pe.-Jo\u00e3o-Batista-celebra-sua-primeira-missa-em-Sobral-768x514.jpg 768w, https:\/\/correiodasemana.com\/site\/wp-content\/uploads\/2020\/01\/Pe.-Jo\u00e3o-Batista-celebra-sua-primeira-missa-em-Sobral-1536x1028.jpg 1536w, https:\/\/correiodasemana.com\/site\/wp-content\/uploads\/2020\/01\/Pe.-Jo\u00e3o-Batista-celebra-sua-primeira-missa-em-Sobral-2048x1371.jpg 2048w\" sizes=\"(max-width: 300px) 100vw, 300px\" \/> <img loading=\"lazy\" decoding=\"async\" class=\"alignleft size-medium wp-image-10345\" src=\"https:\/\/correiodasemana.com\/site\/wp-content\/uploads\/2020\/01\/Dom-Vasconcelos-sa\u00fada-Pe.-Jo\u00e3o-Batista-Arag\u00e3o-e-seus-familiares-e-comitivia-pernambucana-300x201.jpg\" alt=\"\" width=\"300\" height=\"201\" srcset=\"https:\/\/correiodasemana.com\/site\/wp-content\/uploads\/2020\/01\/Dom-Vasconcelos-sa\u00fada-Pe.-Jo\u00e3o-Batista-Arag\u00e3o-e-seus-familiares-e-comitivia-pernambucana-300x201.jpg 300w, https:\/\/correiodasemana.com\/site\/wp-content\/uploads\/2020\/01\/Dom-Vasconcelos-sa\u00fada-Pe.-Jo\u00e3o-Batista-Arag\u00e3o-e-seus-familiares-e-comitivia-pernambucana-1024x685.jpg 1024w, https:\/\/correiodasemana.com\/site\/wp-content\/uploads\/2020\/01\/Dom-Vasconcelos-sa\u00fada-Pe.-Jo\u00e3o-Batista-Arag\u00e3o-e-seus-familiares-e-comitivia-pernambucana-768x514.jpg 768w, https:\/\/correiodasemana.com\/site\/wp-content\/uploads\/2020\/01\/Dom-Vasconcelos-sa\u00fada-Pe.-Jo\u00e3o-Batista-Arag\u00e3o-e-seus-familiares-e-comitivia-pernambucana-1536x1028.jpg 1536w, https:\/\/correiodasemana.com\/site\/wp-content\/uploads\/2020\/01\/Dom-Vasconcelos-sa\u00fada-Pe.-Jo\u00e3o-Batista-Arag\u00e3o-e-seus-familiares-e-comitivia-pernambucana-2048x1371.jpg 2048w\" sizes=\"(max-width: 300px) 100vw, 300px\" \/> <img loading=\"lazy\" decoding=\"async\" class=\"alignleft size-medium wp-image-10346\" src=\"https:\/\/correiodasemana.com\/site\/wp-content\/uploads\/2020\/01\/Dom-Vasconcelos-bispo-de-Sobral-acolhe-o-neo-sacerdote-Jo\u00e3o-Batista-Arag\u00e3o-em-sua-Par\u00f3quia-de-origem-300x201.jpg\" alt=\"\" width=\"300\" height=\"201\" srcset=\"https:\/\/correiodasemana.com\/site\/wp-content\/uploads\/2020\/01\/Dom-Vasconcelos-bispo-de-Sobral-acolhe-o-neo-sacerdote-Jo\u00e3o-Batista-Arag\u00e3o-em-sua-Par\u00f3quia-de-origem-300x201.jpg 300w, https:\/\/correiodasemana.com\/site\/wp-content\/uploads\/2020\/01\/Dom-Vasconcelos-bispo-de-Sobral-acolhe-o-neo-sacerdote-Jo\u00e3o-Batista-Arag\u00e3o-em-sua-Par\u00f3quia-de-origem-1024x685.jpg 1024w, https:\/\/correiodasemana.com\/site\/wp-content\/uploads\/2020\/01\/Dom-Vasconcelos-bispo-de-Sobral-acolhe-o-neo-sacerdote-Jo\u00e3o-Batista-Arag\u00e3o-em-sua-Par\u00f3quia-de-origem-768x514.jpg 768w, https:\/\/correiodasemana.com\/site\/wp-content\/uploads\/2020\/01\/Dom-Vasconcelos-bispo-de-Sobral-acolhe-o-neo-sacerdote-Jo\u00e3o-Batista-Arag\u00e3o-em-sua-Par\u00f3quia-de-origem-1536x1028.jpg 1536w, https:\/\/correiodasemana.com\/site\/wp-content\/uploads\/2020\/01\/Dom-Vasconcelos-bispo-de-Sobral-acolhe-o-neo-sacerdote-Jo\u00e3o-Batista-Arag\u00e3o-em-sua-Par\u00f3quia-de-origem-2048x1371.jpg 2048w\" sizes=\"(max-width: 300px) 100vw, 300px\" \/> <img loading=\"lazy\" decoding=\"async\" class=\"alignleft size-medium wp-image-10347\" src=\"https:\/\/correiodasemana.com\/site\/wp-content\/uploads\/2020\/01\/Dom-Fernando-Saburido-ordena-o-presb\u00edtero-Jo\u00e3o-Batista-Arag\u00e3o-em-Olinda-PE-5-214x300.png\" alt=\"\" width=\"214\" height=\"300\" srcset=\"https:\/\/correiodasemana.com\/site\/wp-content\/uploads\/2020\/01\/Dom-Fernando-Saburido-ordena-o-presb\u00edtero-Jo\u00e3o-Batista-Arag\u00e3o-em-Olinda-PE-5-214x300.png 214w, https:\/\/correiodasemana.com\/site\/wp-content\/uploads\/2020\/01\/Dom-Fernando-Saburido-ordena-o-presb\u00edtero-Jo\u00e3o-Batista-Arag\u00e3o-em-Olinda-PE-5-730x1024.png 730w, https:\/\/correiodasemana.com\/site\/wp-content\/uploads\/2020\/01\/Dom-Fernando-Saburido-ordena-o-presb\u00edtero-Jo\u00e3o-Batista-Arag\u00e3o-em-Olinda-PE-5-768x1077.png 768w, https:\/\/correiodasemana.com\/site\/wp-content\/uploads\/2020\/01\/Dom-Fernando-Saburido-ordena-o-presb\u00edtero-Jo\u00e3o-Batista-Arag\u00e3o-em-Olinda-PE-5.png 913w\" sizes=\"(max-width: 214px) 100vw, 214px\" \/> <img loading=\"lazy\" decoding=\"async\" class=\"alignleft size-medium wp-image-10348\" src=\"https:\/\/correiodasemana.com\/site\/wp-content\/uploads\/2020\/01\/Familiares-de-Pe.-Jo\u00e3o-Batista-Arag\u00e3o-300x296.jpg\" alt=\"\" width=\"300\" height=\"296\" srcset=\"https:\/\/correiodasemana.com\/site\/wp-content\/uploads\/2020\/01\/Familiares-de-Pe.-Jo\u00e3o-Batista-Arag\u00e3o-300x296.jpg 300w, https:\/\/correiodasemana.com\/site\/wp-content\/uploads\/2020\/01\/Familiares-de-Pe.-Jo\u00e3o-Batista-Arag\u00e3o.jpg 720w\" sizes=\"(max-width: 300px) 100vw, 300px\" \/><\/p>\n","protected":false},"excerpt":{"rendered":"<p>A alegria est\u00e1 no DNA do cearense. Nunca conheci gente t\u00e3o simp\u00e1tica, divertida e cordial&#8230;.<\/p>\n","protected":false},"author":1,"featured_media":10346,"comment_status":"open","ping_status":"open","sticky":false,"template":"","format":"standard","meta":{"_jetpack_memberships_contains_paid_content":false,"footnotes":"","jetpack_publicize_message":"","jetpack_publicize_feature_enabled":true,"jetpack_social_post_already_shared":true,"jetpack_social_options":{"image_generator_settings":{"template":"highway","default_image_id":0,"font":"","enabled":false},"version":2}},"categories":[1],"tags":[],"class_list":["post-10338","post","type-post","status-publish","format-standard","has-post-thumbnail","hentry","category-atualidade"],"jetpack_publicize_connections":[],"jetpack_featured_media_url":"https:\/\/correiodasemana.com\/site\/wp-content\/uploads\/2020\/01\/Dom-Vasconcelos-bispo-de-Sobral-acolhe-o-neo-sacerdote-Jo\u00e3o-Batista-Arag\u00e3o-em-sua-Par\u00f3quia-de-origem-scaled.jpg","jetpack-related-posts":[{"id":20471,"url":"https:\/\/correiodasemana.com\/site\/dom-fernando-saburido-preside-santa-missa-na-fazenda-da-esperanca\/","url_meta":{"origin":10338,"position":0},"title":"Dom Fernando Saburido preside  Santa Missa na Fazenda da Esperan\u00e7a","author":"","date":"Julho 17, 2022","format":false,"excerpt":"No dia 11 de julho, a Fazenda da Esperan\u00e7a S\u00e3o Bento, comunidade terap\u00eautica que trabalha na recupera\u00e7\u00e3o de dependentes qu\u00edmicos, acolheu o seu fundador Dom Fernando Saburido, Arcebispo de Olinda e Recife. Muita festa para dom Fernando, quando ao chegar foi aplaudido por todos que lotaram a capela. A unidade\u2026","rel":"","context":"In &quot;Atualidade&quot;","block_context":{"text":"Atualidade","link":"https:\/\/correiodasemana.com\/site\/category\/atualidade\/"},"img":{"alt_text":"","src":"https:\/\/i0.wp.com\/correiodasemana.com\/site\/wp-content\/uploads\/2022\/07\/fazenda-da-esperanca.jpg?resize=350%2C200&ssl=1","width":350,"height":200,"srcset":"https:\/\/i0.wp.com\/correiodasemana.com\/site\/wp-content\/uploads\/2022\/07\/fazenda-da-esperanca.jpg?resize=350%2C200&ssl=1 1x, https:\/\/i0.wp.com\/correiodasemana.com\/site\/wp-content\/uploads\/2022\/07\/fazenda-da-esperanca.jpg?resize=525%2C300&ssl=1 1.5x, https:\/\/i0.wp.com\/correiodasemana.com\/site\/wp-content\/uploads\/2022\/07\/fazenda-da-esperanca.jpg?resize=700%2C400&ssl=1 2x, https:\/\/i0.wp.com\/correiodasemana.com\/site\/wp-content\/uploads\/2022\/07\/fazenda-da-esperanca.jpg?resize=1050%2C600&ssl=1 3x"},"classes":[]},{"id":18462,"url":"https:\/\/correiodasemana.com\/site\/santa-missa-marca-o-encerramento-do-ano-de-sao-jose-na-diocese-de-sobral\/","url_meta":{"origin":10338,"position":1},"title":"Santa missa marca o encerramento do ano de S\u00e3o Jos\u00e9 na Diocese de Sobral","author":"","date":"Dezembro 27, 2021","format":false,"excerpt":"Por: Thais Helena (Reda\u00e7\u00e3o Jornal Correio da Semana) Para celebrar os 150 anos da declara\u00e7\u00e3o do Esposo de Maria como Padroeiro da Igreja Cat\u00f3lica, no dia 08 de dezembro de 2020, o Papa Francisco convocou o \u201cAno de S\u00e3o Jos\u00e9\u201d com a Carta apost\u00f3lica \u201cPatris corde \u2013 Com cora\u00e7\u00e3o de\u2026","rel":"","context":"In &quot;Atualidade&quot;","block_context":{"text":"Atualidade","link":"https:\/\/correiodasemana.com\/site\/category\/atualidade\/"},"img":{"alt_text":"","src":"https:\/\/i0.wp.com\/correiodasemana.com\/site\/wp-content\/uploads\/2021\/12\/IMG_0834-scaled.jpg?resize=350%2C200&ssl=1","width":350,"height":200,"srcset":"https:\/\/i0.wp.com\/correiodasemana.com\/site\/wp-content\/uploads\/2021\/12\/IMG_0834-scaled.jpg?resize=350%2C200&ssl=1 1x, https:\/\/i0.wp.com\/correiodasemana.com\/site\/wp-content\/uploads\/2021\/12\/IMG_0834-scaled.jpg?resize=525%2C300&ssl=1 1.5x, https:\/\/i0.wp.com\/correiodasemana.com\/site\/wp-content\/uploads\/2021\/12\/IMG_0834-scaled.jpg?resize=700%2C400&ssl=1 2x, https:\/\/i0.wp.com\/correiodasemana.com\/site\/wp-content\/uploads\/2021\/12\/IMG_0834-scaled.jpg?resize=1050%2C600&ssl=1 3x, https:\/\/i0.wp.com\/correiodasemana.com\/site\/wp-content\/uploads\/2021\/12\/IMG_0834-scaled.jpg?resize=1400%2C800&ssl=1 4x"},"classes":[]},{"id":23390,"url":"https:\/\/correiodasemana.com\/site\/area-pastoral-de-nossa-senhora-da-saude-em-jordao-celebra-6-anos-de-criacao\/","url_meta":{"origin":10338,"position":2},"title":"\u00c1rea Pastoral de Nossa Senhora da Sa\u00fade em Jord\u00e3o celebra 6 anos de cria\u00e7\u00e3o","author":"","date":"Fevereiro 5, 2023","format":false,"excerpt":"Sob o olhar de Nossa Senhora da Sa\u00fade, os paroquianos do Distrito de Jord\u00e3o celebraram o 6\u00ba anivers\u00e1rio de cria\u00e7\u00e3o da \u00e1rea pastoral na \u00faltima ter\u00e7a-feira, 31 de janeiro, na igreja matriz. No dia 31 de janeiro de 2017 atrav\u00e9s da provis\u00e3o can\u00f4nica, foi criada esta \u00e1rea pastoral e teve\u2026","rel":"","context":"In &quot;Atualidade&quot;","block_context":{"text":"Atualidade","link":"https:\/\/correiodasemana.com\/site\/category\/atualidade\/"},"img":{"alt_text":"","src":"https:\/\/i0.wp.com\/correiodasemana.com\/site\/wp-content\/uploads\/2023\/02\/igreja-diocese-de-sobral-1.png?resize=350%2C200&ssl=1","width":350,"height":200,"srcset":"https:\/\/i0.wp.com\/correiodasemana.com\/site\/wp-content\/uploads\/2023\/02\/igreja-diocese-de-sobral-1.png?resize=350%2C200&ssl=1 1x, https:\/\/i0.wp.com\/correiodasemana.com\/site\/wp-content\/uploads\/2023\/02\/igreja-diocese-de-sobral-1.png?resize=525%2C300&ssl=1 1.5x, https:\/\/i0.wp.com\/correiodasemana.com\/site\/wp-content\/uploads\/2023\/02\/igreja-diocese-de-sobral-1.png?resize=700%2C400&ssl=1 2x"},"classes":[]},{"id":10304,"url":"https:\/\/correiodasemana.com\/site\/ganhamos-um-sacerdote-e-nascimento-do-salvador\/","url_meta":{"origin":10338,"position":3},"title":"Ganhamos um Sacerdote e nascimento do Salvador!","author":"","date":"Dezembro 23, 2019","format":false,"excerpt":"No \u00faltimo dia 17 de dezembro,\u00a0data natal\u00edcia do Papa Francisco, do Mons. Sadoc de Ara\u00fajo e minha,na Catedral Metropolitana de Olinda e Recife, em celebra\u00e7\u00e3o presidida por Dom Fernando Saburido, que j\u00e1 foi nosso Bispo, foi ordenado sacerdote o sobralense Jo\u00e3o Batista Arag\u00e3o de Oliveira Filho, o Jo\u00e3ozinho do Padre\u2026","rel":"","context":"In &quot;Artigos&quot;","block_context":{"text":"Artigos","link":"https:\/\/correiodasemana.com\/site\/category\/artigos\/"},"img":{"alt_text":"","src":"https:\/\/i0.wp.com\/correiodasemana.com\/site\/wp-content\/uploads\/2019\/07\/Jose%CC%81-1.jpg?resize=350%2C200&ssl=1","width":350,"height":200,"srcset":"https:\/\/i0.wp.com\/correiodasemana.com\/site\/wp-content\/uploads\/2019\/07\/Jose%CC%81-1.jpg?resize=350%2C200&ssl=1 1x, https:\/\/i0.wp.com\/correiodasemana.com\/site\/wp-content\/uploads\/2019\/07\/Jose%CC%81-1.jpg?resize=525%2C300&ssl=1 1.5x, https:\/\/i0.wp.com\/correiodasemana.com\/site\/wp-content\/uploads\/2019\/07\/Jose%CC%81-1.jpg?resize=700%2C400&ssl=1 2x"},"classes":[]},{"id":11058,"url":"https:\/\/correiodasemana.com\/site\/mons-sadoc-de-araujo-sacerdos-in-aeternum\/","url_meta":{"origin":10338,"position":4},"title":"MONS. SADOC DE ARA\u00daJO \u2013\u00a0SACERDOS IN AETERNUM","author":"","date":"Mar\u00e7o 2, 2020","format":false,"excerpt":"Escrevo esta coluna na ter\u00e7a-feira de carnaval. Para a Igreja Cat\u00f3lica, festa m\u00f3vel da Sagrada Face de Jesus. Que todos tenhamos a gra\u00e7a de um dia contemplar a face de Nosso Senhor Jesus Cristo. A data, 25\/02, remete \u00e0s comemora\u00e7\u00f5es da ordena\u00e7\u00e3o sacerdotal do Pe. Sadoc \u2013 Francisco Sadoc de\u2026","rel":"","context":"In &quot;Artigos&quot;","block_context":{"text":"Artigos","link":"https:\/\/correiodasemana.com\/site\/category\/artigos\/"},"img":{"alt_text":"","src":"https:\/\/i0.wp.com\/correiodasemana.com\/site\/wp-content\/uploads\/2019\/07\/Jose%CC%81-1.jpg?resize=350%2C200&ssl=1","width":350,"height":200,"srcset":"https:\/\/i0.wp.com\/correiodasemana.com\/site\/wp-content\/uploads\/2019\/07\/Jose%CC%81-1.jpg?resize=350%2C200&ssl=1 1x, https:\/\/i0.wp.com\/correiodasemana.com\/site\/wp-content\/uploads\/2019\/07\/Jose%CC%81-1.jpg?resize=525%2C300&ssl=1 1.5x, https:\/\/i0.wp.com\/correiodasemana.com\/site\/wp-content\/uploads\/2019\/07\/Jose%CC%81-1.jpg?resize=700%2C400&ssl=1 2x"},"classes":[]},{"id":32460,"url":"https:\/\/correiodasemana.com\/site\/dom-vasconcelos-da-posse-ao-3o-paroco-da-paroquia-de-sao-joao-batista-em-pacuja\/","url_meta":{"origin":10338,"position":5},"title":"Dom Vasconcelos d\u00e1 posse ao 3\u00ba p\u00e1roco da Par\u00f3quia de S\u00e3o Jo\u00e3o Batista, em Pacuj\u00e1","author":"adminredacao","date":"Fevereiro 10, 2025","format":false,"excerpt":"Foi empossado na noite desta quinta-feira, 06 de fevereiro, o 3\u00ba p\u00e1roco da Par\u00f3quia de S\u00e3o Jo\u00e3o Batista, em Pacuj\u00e1, Padre Eufr\u00e1sio Ribeiro, durante Missa com Rito de Posse Can\u00f4nica presidida pelo bispo diocesano, Dom Vasconcelos. Concelebraram os padres: F\u00e1bio Soares, vig\u00e1rio episcopal da Regi\u00e3o de Corea\u00fa e p\u00e1roco da\u2026","rel":"","context":"In &quot;Atualidade&quot;","block_context":{"text":"Atualidade","link":"https:\/\/correiodasemana.com\/site\/category\/atualidade\/"},"img":{"alt_text":"","src":"https:\/\/i0.wp.com\/correiodasemana.com\/site\/wp-content\/uploads\/2025\/02\/WhatsApp-Image-2025-02-08-at-17.25.15-3.jpeg?resize=350%2C200&ssl=1","width":350,"height":200,"srcset":"https:\/\/i0.wp.com\/correiodasemana.com\/site\/wp-content\/uploads\/2025\/02\/WhatsApp-Image-2025-02-08-at-17.25.15-3.jpeg?resize=350%2C200&ssl=1 1x, https:\/\/i0.wp.com\/correiodasemana.com\/site\/wp-content\/uploads\/2025\/02\/WhatsApp-Image-2025-02-08-at-17.25.15-3.jpeg?resize=525%2C300&ssl=1 1.5x, https:\/\/i0.wp.com\/correiodasemana.com\/site\/wp-content\/uploads\/2025\/02\/WhatsApp-Image-2025-02-08-at-17.25.15-3.jpeg?resize=700%2C400&ssl=1 2x, https:\/\/i0.wp.com\/correiodasemana.com\/site\/wp-content\/uploads\/2025\/02\/WhatsApp-Image-2025-02-08-at-17.25.15-3.jpeg?resize=1050%2C600&ssl=1 3x"},"classes":[]}],"jetpack_sharing_enabled":true,"_links":{"self":[{"href":"https:\/\/correiodasemana.com\/site\/wp-json\/wp\/v2\/posts\/10338","targetHints":{"allow":["GET"]}}],"collection":[{"href":"https:\/\/correiodasemana.com\/site\/wp-json\/wp\/v2\/posts"}],"about":[{"href":"https:\/\/correiodasemana.com\/site\/wp-json\/wp\/v2\/types\/post"}],"author":[{"embeddable":true,"href":"https:\/\/correiodasemana.com\/site\/wp-json\/wp\/v2\/users\/1"}],"replies":[{"embeddable":true,"href":"https:\/\/correiodasemana.com\/site\/wp-json\/wp\/v2\/comments?post=10338"}],"version-history":[{"count":1,"href":"https:\/\/correiodasemana.com\/site\/wp-json\/wp\/v2\/posts\/10338\/revisions"}],"predecessor-version":[{"id":10349,"href":"https:\/\/correiodasemana.com\/site\/wp-json\/wp\/v2\/posts\/10338\/revisions\/10349"}],"wp:featuredmedia":[{"embeddable":true,"href":"https:\/\/correiodasemana.com\/site\/wp-json\/wp\/v2\/media\/10346"}],"wp:attachment":[{"href":"https:\/\/correiodasemana.com\/site\/wp-json\/wp\/v2\/media?parent=10338"}],"wp:term":[{"taxonomy":"category","embeddable":true,"href":"https:\/\/correiodasemana.com\/site\/wp-json\/wp\/v2\/categories?post=10338"},{"taxonomy":"post_tag","embeddable":true,"href":"https:\/\/correiodasemana.com\/site\/wp-json\/wp\/v2\/tags?post=10338"}],"curies":[{"name":"wp","href":"https:\/\/api.w.org\/{rel}","templated":true}]}}