{"id":10350,"date":"2020-01-05T03:46:23","date_gmt":"2020-01-05T03:46:23","guid":{"rendered":"https:\/\/correiodasemana.com\/site\/?p=10350"},"modified":"2020-01-05T03:46:23","modified_gmt":"2020-01-05T03:46:23","slug":"panorama-politico-26","status":"publish","type":"post","link":"https:\/\/correiodasemana.com\/site\/panorama-politico-26\/","title":{"rendered":"Panorama Pol\u00edtico"},"content":{"rendered":"<p><strong>Grande multid\u00e3o compareceu a inaugura\u00e7\u00e3o do novo Alto do Cristo<\/strong><br \/>\nO prefeito Ivo Gomes inaugurou quinta-feira, dia 26 de dezembro, o novo Alto do Cristo, Cart\u00e3o postal da cidade de Sobral. A cerim\u00f4nia contou com a presen\u00e7a da vice governadora Izolda Cela, do ex-governador Ciro Gomes, do senador Cid Gomes, do deputado federal, Le\u00f4nidas Cristino e do secret\u00e1rio das cidades, Zezinho Albuquerque. O presidente da C\u00e2mara de Sobral, Carlos do Calisto e outros vereadores compareceram \u00e0 solenidade. O prefeito Ivo Gomes noticiou na manh\u00e3 de s\u00e1bado, dia 28, o nome da nova secret\u00e1ria de sa\u00fade de Sobral, Regina C\u00e9lia Carvalho, especialista em gest\u00e3o de servi\u00e7o de sa\u00fade pela Universidade Estadual Vale do Acara\u00fa &#8211; UVA. A nova secret\u00e1ria vai assumir o posto que foi do Dr. Gerardo Cristino.<\/p>\n<p><strong>Inaugurado o novo hospital Senador Ozires Pontes, dia 20 de dezembro<\/strong><br \/>\nCom a presen\u00e7a do prefeito Jacques Albuquerque, foi inaugurado dia 20 de dezembro, a requalifica\u00e7\u00e3o do Hospital Ozires Pontes, que foi custeada completamente com recursos pr\u00f3prios da prefeitura de Massap\u00ea. Os equipamentos foram adquiridos com os recursos de emenda parlamentar direcionadas \u00e0 Massap\u00ea, pelo Senador Tasso Jereissati no valor de 511 mil reais. Na \u00faltima quarta-feira, 11 de dezembro, aconteceu na escola Dr. Luis Carlos Magalh\u00e3es a Abertura do Natal dos Desejos. Os alunos do munic\u00edpio receberam com muito entusiasmo o Papai Noel que acompanhado do projeto Jacques Albuquerque, do vice Nilson Frota e da secret\u00e1ria Meire Frota, distribu\u00edram presentes para toda a crian\u00e7ada.<\/p>\n<p><strong>Prefeitura de Forquilha distribuiu 150 capacetes para motociclistas<\/strong><br \/>\nNuma parceria entre o governo municipal de Forquilha e o Cons\u00f3rcio P\u00fablico da Sa\u00fade da Regi\u00e3o Metropolitana de Sobral foi realizada uma a\u00e7\u00e3o em prol da seguran\u00e7a de nosso tr\u00e2nsito municipal. A entrega de 150 capacetes realizada na \u00faltima segunda-feira, dia 30 de dezembro, aos mototaxistas e \u00e0 popula\u00e7\u00e3o forquilhense que faz parte da pol\u00edtica de municipaliza\u00e7\u00e3o do tr\u00e2nsito em Forquilha. \u201cA guarda municipal de Forquilha continua orientando os nossos motociclistas o uso de equipamento de seguran\u00e7a como forma de prevenir danos maiores em um acidente\u201d, disse o prefeito Gerl\u00e1sio Loiola. O prefeito Gerl\u00e1sio Loiola, o vice R\u00e9gis Prado, a secret\u00e1ria de governo Guida Prado desejam a todos os forquilhenses um ano novo cheio de paz, prosperidade e que 2020 seja um ano da realiza\u00e7\u00e3o dos mais \u00edntimos sonhos do povo de Forquilha.<\/p>\n<p><strong>Equipe T\u00e9cnica da Cagece fez inspe\u00e7\u00e3o no munic\u00edpio de Carir\u00e9<\/strong><br \/>\nEsteve em Carir\u00e9, uma grande equipe da Cagece, composta por ge\u00f3logos, engenheiros e t\u00e9cnicos para realizar estudos com vista a solucionar os constantes problemas de falta de \u00e1gua na sede munic\u00edpio. Em entrevista declarou o Dr. Carlos Emanoel Brito Salmito, superintendente da Regi\u00e3o Norte. \u201cVim at\u00e9 Carir\u00e9, solicitado pelo prefeito Elmo Aguiar para trabalhar uma solu\u00e7\u00e3o para o problema de abastecimento d\u2019\u00e1gua. Tamb\u00e9m veio uma equipe de ge\u00f3logos de Fortaleza, uma equipe de coordenadores e engenheiros e equipe da regional de Carir\u00e9, para auxiliar e enxergar uma solu\u00e7\u00e3o aqui para o munic\u00edpio\u201d. Vale salientar que durante toda a visita dos t\u00e9cnicos da Cagece os mesmos estiveram sendo acompanhados pelo Secret\u00e1rio de Meio Ambiente de Carir\u00e9, Adauto Ara\u00fajo, que estava representando o prefeito Elmo Aguiar.<\/p>\n","protected":false},"excerpt":{"rendered":"<p>Grande multid\u00e3o compareceu a inaugura\u00e7\u00e3o do novo Alto do Cristo O prefeito Ivo Gomes inaugurou&#8230;<\/p>\n","protected":false},"author":1,"featured_media":9285,"comment_status":"open","ping_status":"open","sticky":false,"template":"","format":"standard","meta":{"_jetpack_memberships_contains_paid_content":false,"footnotes":"","jetpack_publicize_message":"","jetpack_publicize_feature_enabled":true,"jetpack_social_post_already_shared":true,"jetpack_social_options":{"image_generator_settings":{"template":"highway","default_image_id":0,"font":"","enabled":false},"version":2}},"categories":[11,46],"tags":[],"class_list":["post-10350","post","type-post","status-publish","format-standard","has-post-thumbnail","hentry","category-artigos","category-panorama-politico"],"jetpack_publicize_connections":[],"jetpack_featured_media_url":"https:\/\/correiodasemana.com\/site\/wp-content\/uploads\/2019\/09\/camara-de-sobral.jpeg","jetpack-related-posts":[{"id":10247,"url":"https:\/\/correiodasemana.com\/site\/panorama-politico-25\/","url_meta":{"origin":10350,"position":0},"title":"Panorama Pol\u00edtico","author":"","date":"Dezembro 23, 2019","format":false,"excerpt":"Prefeito Ivo Gomes e o governado Camilo Santana inauguraram a Central de Tratamento de Res\u00edduos de Sobral Foi inaugurada neste s\u00e1bado, 14 de dezembro, a Central de Tratamento de Res\u00edduos - CTR de Sobral, localizada na CE 183 nas proximidades da BR 222. A solenidade contou com as presen\u00e7as do\u2026","rel":"","context":"In &quot;Artigos&quot;","block_context":{"text":"Artigos","link":"https:\/\/correiodasemana.com\/site\/category\/artigos\/"},"img":{"alt_text":"","src":"https:\/\/i0.wp.com\/correiodasemana.com\/site\/wp-content\/uploads\/2019\/09\/camara-de-sobral.jpeg?resize=350%2C200&ssl=1","width":350,"height":200,"srcset":"https:\/\/i0.wp.com\/correiodasemana.com\/site\/wp-content\/uploads\/2019\/09\/camara-de-sobral.jpeg?resize=350%2C200&ssl=1 1x, https:\/\/i0.wp.com\/correiodasemana.com\/site\/wp-content\/uploads\/2019\/09\/camara-de-sobral.jpeg?resize=525%2C300&ssl=1 1.5x, https:\/\/i0.wp.com\/correiodasemana.com\/site\/wp-content\/uploads\/2019\/09\/camara-de-sobral.jpeg?resize=700%2C400&ssl=1 2x"},"classes":[]},{"id":10363,"url":"https:\/\/correiodasemana.com\/site\/novo-alto-do-cristo-em-sobral-e-inaugurado-pelo-governo-do-estado\/","url_meta":{"origin":10350,"position":1},"title":"Novo Alto do Cristo em Sobral \u00e9 inaugurado pelo Governo do Estado","author":"","date":"Janeiro 5, 2020","format":false,"excerpt":"O Governo do Estado do Cear\u00e1 entregou, nesta quinta-feira (26), a urbaniza\u00e7\u00e3o de um dos principais cart\u00f5es postais da cidade de Sobral, o Alto do Cristo. Entre outras autoridades, a inaugura\u00e7\u00e3o contou com a presen\u00e7a da vice-governadora Izolda Cela, representando o governador Camilo Santana; do prefeito de Sobral, Ivo Gomes;\u2026","rel":"","context":"In &quot;Atualidade&quot;","block_context":{"text":"Atualidade","link":"https:\/\/correiodasemana.com\/site\/category\/atualidade\/"},"img":{"alt_text":"","src":"https:\/\/i0.wp.com\/correiodasemana.com\/site\/wp-content\/uploads\/2020\/01\/cartao22.jpg?resize=350%2C200&ssl=1","width":350,"height":200,"srcset":"https:\/\/i0.wp.com\/correiodasemana.com\/site\/wp-content\/uploads\/2020\/01\/cartao22.jpg?resize=350%2C200&ssl=1 1x, https:\/\/i0.wp.com\/correiodasemana.com\/site\/wp-content\/uploads\/2020\/01\/cartao22.jpg?resize=525%2C300&ssl=1 1.5x, https:\/\/i0.wp.com\/correiodasemana.com\/site\/wp-content\/uploads\/2020\/01\/cartao22.jpg?resize=700%2C400&ssl=1 2x, https:\/\/i0.wp.com\/correiodasemana.com\/site\/wp-content\/uploads\/2020\/01\/cartao22.jpg?resize=1050%2C600&ssl=1 3x"},"classes":[]},{"id":10692,"url":"https:\/\/correiodasemana.com\/site\/panorama-politico-29\/","url_meta":{"origin":10350,"position":2},"title":"Panorama Pol\u00edtico","author":"","date":"Fevereiro 3, 2020","format":false,"excerpt":"Prefeitura de Groa\u00edras entrega escola de tempo integral \u00e0 popula\u00e7\u00e3o Em solenidade bastante movimentada aconteceu no Plen\u00e1rio da C\u00e2mara Municipal de Groa\u00edras, assinatura da ficha do prefeito Ueliton Vasconcelos (PDT). Diversas autoridades, vereadores do munic\u00edpio e lideran\u00e7as comunit\u00e1rias estiveram presentes assistindo a passagem do prefeito Ueliton para o seu novo\u2026","rel":"","context":"In &quot;Artigos&quot;","block_context":{"text":"Artigos","link":"https:\/\/correiodasemana.com\/site\/category\/artigos\/"},"img":{"alt_text":"","src":"https:\/\/i0.wp.com\/correiodasemana.com\/site\/wp-content\/uploads\/2019\/09\/camara-de-sobral.jpeg?resize=350%2C200&ssl=1","width":350,"height":200,"srcset":"https:\/\/i0.wp.com\/correiodasemana.com\/site\/wp-content\/uploads\/2019\/09\/camara-de-sobral.jpeg?resize=350%2C200&ssl=1 1x, https:\/\/i0.wp.com\/correiodasemana.com\/site\/wp-content\/uploads\/2019\/09\/camara-de-sobral.jpeg?resize=525%2C300&ssl=1 1.5x, https:\/\/i0.wp.com\/correiodasemana.com\/site\/wp-content\/uploads\/2019\/09\/camara-de-sobral.jpeg?resize=700%2C400&ssl=1 2x"},"classes":[]},{"id":9886,"url":"https:\/\/correiodasemana.com\/site\/panorama-politico-20\/","url_meta":{"origin":10350,"position":3},"title":"Panorama Pol\u00edtico","author":"","date":"Novembro 18, 2019","format":false,"excerpt":"Governador Camilo Santana e Prefeito Ivo Gomes entregaram \u00e0 popula\u00e7\u00e3o o Parque Paje\u00fa O governador do Cear\u00e1, Camilo Santana e o Prefeito de Sobral, Ivo Gomes, inauguraram domingo, dia 10, o Parque Paje\u00fa, uma \u00e1rea antes degradada que agora, juntamente com o Parque da Cidade e a Lagoa da Fazenda\u2026","rel":"","context":"In &quot;Artigos&quot;","block_context":{"text":"Artigos","link":"https:\/\/correiodasemana.com\/site\/category\/artigos\/"},"img":{"alt_text":"","src":"https:\/\/i0.wp.com\/correiodasemana.com\/site\/wp-content\/uploads\/2019\/09\/camara-de-sobral.jpeg?resize=350%2C200&ssl=1","width":350,"height":200,"srcset":"https:\/\/i0.wp.com\/correiodasemana.com\/site\/wp-content\/uploads\/2019\/09\/camara-de-sobral.jpeg?resize=350%2C200&ssl=1 1x, https:\/\/i0.wp.com\/correiodasemana.com\/site\/wp-content\/uploads\/2019\/09\/camara-de-sobral.jpeg?resize=525%2C300&ssl=1 1.5x, https:\/\/i0.wp.com\/correiodasemana.com\/site\/wp-content\/uploads\/2019\/09\/camara-de-sobral.jpeg?resize=700%2C400&ssl=1 2x"},"classes":[]},{"id":18107,"url":"https:\/\/correiodasemana.com\/site\/politica-em-evidencia-86\/","url_meta":{"origin":10350,"position":4},"title":"Pol\u00edtica em Evid\u00eancia","author":"","date":"Novembro 22, 2021","format":false,"excerpt":"O prefeito de Sobral,\u00a0 Ivo Gomes,\u00a0 juntamente\u00a0 com os secret\u00e1rios municipais, viajaram ao Rio de Janeiro,\u00a0 para verem de perto Projetos Sociais que est\u00e3o sendo executados naquele Estado, voltado para as crian\u00e7as e adolescentes.\u00a0 Usando as redes sociais,\u00a0 Ivo Gomes, afirmou:\u00a0\u201cEstamos na Favela da Mar\u00e9, conhecendo a experi\u00eancia desenvolvida pela\u2026","rel":"","context":"In &quot;Artigos&quot;","block_context":{"text":"Artigos","link":"https:\/\/correiodasemana.com\/site\/category\/artigos\/"},"img":{"alt_text":"","src":"","width":0,"height":0},"classes":[]},{"id":8774,"url":"https:\/\/correiodasemana.com\/site\/panorama-politico-7\/","url_meta":{"origin":10350,"position":5},"title":"Panorama Pol\u00edtico","author":"","date":"Agosto 18, 2019","format":false,"excerpt":"Prefeito Ivo Gomes entregar\u00e1 em breve o novo Alto do Cristo A prefeitura de Sobral, por meio da Secretaria da Infraestrutura - CEINF, est\u00e1 finalizando as obras de constru\u00e7\u00e3o do novo Alto do Cristo, que j\u00e1 est\u00e1 com 90% conclu\u00eddo, com uma \u00e1rea total de 20.493,68m\u00b2. O novo Alto do\u2026","rel":"","context":"In &quot;Artigos&quot;","block_context":{"text":"Artigos","link":"https:\/\/correiodasemana.com\/site\/category\/artigos\/"},"img":{"alt_text":"","src":"https:\/\/i0.wp.com\/correiodasemana.com\/site\/wp-content\/uploads\/2019\/08\/CRISTO.jpg?resize=350%2C200&ssl=1","width":350,"height":200,"srcset":"https:\/\/i0.wp.com\/correiodasemana.com\/site\/wp-content\/uploads\/2019\/08\/CRISTO.jpg?resize=350%2C200&ssl=1 1x, https:\/\/i0.wp.com\/correiodasemana.com\/site\/wp-content\/uploads\/2019\/08\/CRISTO.jpg?resize=525%2C300&ssl=1 1.5x, https:\/\/i0.wp.com\/correiodasemana.com\/site\/wp-content\/uploads\/2019\/08\/CRISTO.jpg?resize=700%2C400&ssl=1 2x, https:\/\/i0.wp.com\/correiodasemana.com\/site\/wp-content\/uploads\/2019\/08\/CRISTO.jpg?resize=1050%2C600&ssl=1 3x"},"classes":[]}],"jetpack_sharing_enabled":true,"_links":{"self":[{"href":"https:\/\/correiodasemana.com\/site\/wp-json\/wp\/v2\/posts\/10350","targetHints":{"allow":["GET"]}}],"collection":[{"href":"https:\/\/correiodasemana.com\/site\/wp-json\/wp\/v2\/posts"}],"about":[{"href":"https:\/\/correiodasemana.com\/site\/wp-json\/wp\/v2\/types\/post"}],"author":[{"embeddable":true,"href":"https:\/\/correiodasemana.com\/site\/wp-json\/wp\/v2\/users\/1"}],"replies":[{"embeddable":true,"href":"https:\/\/correiodasemana.com\/site\/wp-json\/wp\/v2\/comments?post=10350"}],"version-history":[{"count":1,"href":"https:\/\/correiodasemana.com\/site\/wp-json\/wp\/v2\/posts\/10350\/revisions"}],"predecessor-version":[{"id":10351,"href":"https:\/\/correiodasemana.com\/site\/wp-json\/wp\/v2\/posts\/10350\/revisions\/10351"}],"wp:featuredmedia":[{"embeddable":true,"href":"https:\/\/correiodasemana.com\/site\/wp-json\/wp\/v2\/media\/9285"}],"wp:attachment":[{"href":"https:\/\/correiodasemana.com\/site\/wp-json\/wp\/v2\/media?parent=10350"}],"wp:term":[{"taxonomy":"category","embeddable":true,"href":"https:\/\/correiodasemana.com\/site\/wp-json\/wp\/v2\/categories?post=10350"},{"taxonomy":"post_tag","embeddable":true,"href":"https:\/\/correiodasemana.com\/site\/wp-json\/wp\/v2\/tags?post=10350"}],"curies":[{"name":"wp","href":"https:\/\/api.w.org\/{rel}","templated":true}]}}