{"id":10352,"date":"2020-01-05T03:50:12","date_gmt":"2020-01-05T03:50:12","guid":{"rendered":"https:\/\/correiodasemana.com\/site\/?p=10352"},"modified":"2020-01-05T03:50:12","modified_gmt":"2020-01-05T03:50:12","slug":"melhor-atendimento-na-saude-publica-e-paz-no-transito-sao-os-desejos-da-populacao-sobralense-para-o-ano-de-2020","status":"publish","type":"post","link":"https:\/\/correiodasemana.com\/site\/melhor-atendimento-na-saude-publica-e-paz-no-transito-sao-os-desejos-da-populacao-sobralense-para-o-ano-de-2020\/","title":{"rendered":"Melhor atendimento na sa\u00fade p\u00fablica e paz no tr\u00e2nsito s\u00e3o os desejos da popula\u00e7\u00e3o sobralense para o ano de 2020"},"content":{"rendered":"<p><strong>Entre os assuntos est\u00e3o o desejo por melhorias na sa\u00fade p\u00fablica e a gera\u00e7\u00e3o de empregos para o sobralense.<\/strong><\/p>\n<p>O in\u00edcio do ano chega sempre como um momento de reflex\u00e3o, de relembrar o que deu certo, o que precisa ser feito e de planejar novas realiza\u00e7\u00f5es. Por isso, o Correio da Semana foi \u00e0s ruas do Centro de Sobral para saber o que a popula\u00e7\u00e3o deseja para o ano de 2020.<\/p>\n<p><img fetchpriority=\"high\" decoding=\"async\" class=\"size-medium wp-image-10353 aligncenter\" src=\"https:\/\/correiodasemana.com\/site\/wp-content\/uploads\/2020\/01\/JOS\u00c9-OSMAR-VIEIRA-300x225.jpeg\" alt=\"\" width=\"300\" height=\"225\" srcset=\"https:\/\/correiodasemana.com\/site\/wp-content\/uploads\/2020\/01\/JOS\u00c9-OSMAR-VIEIRA-300x225.jpeg 300w, https:\/\/correiodasemana.com\/site\/wp-content\/uploads\/2020\/01\/JOS\u00c9-OSMAR-VIEIRA-768x576.jpeg 768w, https:\/\/correiodasemana.com\/site\/wp-content\/uploads\/2020\/01\/JOS\u00c9-OSMAR-VIEIRA.jpeg 1020w\" sizes=\"(max-width: 300px) 100vw, 300px\" \/><\/p>\n<p>\u201cEspero que seja um ano bom, que tenhamos um bom inverno e mais empregos para a cidade. Desejo tamb\u00e9m que a viol\u00eancia diminua cada vez mais.\u201d<br \/>\nJos\u00e9 Osmar Vieira &#8211; 53 anos<br \/>\nTaxista<\/p>\n<p><img decoding=\"async\" class=\"aligncenter size-medium wp-image-10354\" src=\"https:\/\/correiodasemana.com\/site\/wp-content\/uploads\/2020\/01\/MARIA-L\u00daCIA-NASCIMENTO-300x225.jpeg\" alt=\"\" width=\"300\" height=\"225\" srcset=\"https:\/\/correiodasemana.com\/site\/wp-content\/uploads\/2020\/01\/MARIA-L\u00daCIA-NASCIMENTO-300x225.jpeg 300w, https:\/\/correiodasemana.com\/site\/wp-content\/uploads\/2020\/01\/MARIA-L\u00daCIA-NASCIMENTO-768x576.jpeg 768w, https:\/\/correiodasemana.com\/site\/wp-content\/uploads\/2020\/01\/MARIA-L\u00daCIA-NASCIMENTO.jpeg 1024w\" sizes=\"(max-width: 300px) 100vw, 300px\" \/><\/p>\n<p>\u201cAs coisas est\u00e3o muito dif\u00edceis, mas tenho f\u00e9 que este ser\u00e1 um ano bom. Vivo como vendedora e \u00e9 daqui que tiro meu p\u00e3o de cada dia. Depois que o prefeito mudou a gente de lugar, nossas vendas ca\u00edram muito. Gostaria que ele olhasse por n\u00f3s neste ano.\u201d<br \/>\nMaria L\u00facia Nascimento &#8211; 63 anos<br \/>\nVendedora ambulante<\/p>\n<p><img decoding=\"async\" class=\"aligncenter size-medium wp-image-10355\" src=\"https:\/\/correiodasemana.com\/site\/wp-content\/uploads\/2020\/01\/FRANCISCA-GEZILANE-CUNHA-300x225.jpeg\" alt=\"\" width=\"300\" height=\"225\" srcset=\"https:\/\/correiodasemana.com\/site\/wp-content\/uploads\/2020\/01\/FRANCISCA-GEZILANE-CUNHA-300x225.jpeg 300w, https:\/\/correiodasemana.com\/site\/wp-content\/uploads\/2020\/01\/FRANCISCA-GEZILANE-CUNHA-768x576.jpeg 768w, https:\/\/correiodasemana.com\/site\/wp-content\/uploads\/2020\/01\/FRANCISCA-GEZILANE-CUNHA.jpeg 1024w\" sizes=\"(max-width: 300px) 100vw, 300px\" \/><\/p>\n<p>\u201cO que eu mais desejo para este ano \u00e9 que o atendimento nos postos de sa\u00fade melhore. \u00c0s vezes falta rem\u00e9dio simples e n\u00f3s precisamos comprar.\u201d<br \/>\nFrancisca Gezilane Cunha &#8211; 27 anos<br \/>\nDona de Casa<\/p>\n<p><img loading=\"lazy\" decoding=\"async\" class=\"aligncenter size-medium wp-image-10356\" src=\"https:\/\/correiodasemana.com\/site\/wp-content\/uploads\/2020\/01\/VALDOMIRO-PEREIRA-RODRIGUES-300x225.jpeg\" alt=\"\" width=\"300\" height=\"225\" srcset=\"https:\/\/correiodasemana.com\/site\/wp-content\/uploads\/2020\/01\/VALDOMIRO-PEREIRA-RODRIGUES-300x225.jpeg 300w, https:\/\/correiodasemana.com\/site\/wp-content\/uploads\/2020\/01\/VALDOMIRO-PEREIRA-RODRIGUES-768x576.jpeg 768w, https:\/\/correiodasemana.com\/site\/wp-content\/uploads\/2020\/01\/VALDOMIRO-PEREIRA-RODRIGUES.jpeg 1024w\" sizes=\"(max-width: 300px) 100vw, 300px\" \/><\/p>\n<p>\u201cQue n\u00f3s tenhamos um ano repleto de realiza\u00e7\u00f5es, com sa\u00fade, prosperidade e amor no cora\u00e7\u00e3o. Estamos precisando de paz no tr\u00e2nsito e menos viol\u00eancia em Sobral. Neste ano tamb\u00e9m teremos elei\u00e7\u00f5es, vamos ter a chance de escolher bons representantes para a cidade.\u201d\u00a0 Valdomiro Pereira Rodrigues &#8211; 46 anos<br \/>\nPorteiro<\/p>\n<p><img loading=\"lazy\" decoding=\"async\" class=\"aligncenter size-medium wp-image-10357\" src=\"https:\/\/correiodasemana.com\/site\/wp-content\/uploads\/2020\/01\/MARIA-DO-CARMO-DUARTE-300x225.jpeg\" alt=\"\" width=\"300\" height=\"225\" srcset=\"https:\/\/correiodasemana.com\/site\/wp-content\/uploads\/2020\/01\/MARIA-DO-CARMO-DUARTE-300x225.jpeg 300w, https:\/\/correiodasemana.com\/site\/wp-content\/uploads\/2020\/01\/MARIA-DO-CARMO-DUARTE-768x576.jpeg 768w, https:\/\/correiodasemana.com\/site\/wp-content\/uploads\/2020\/01\/MARIA-DO-CARMO-DUARTE.jpeg 1024w\" sizes=\"(max-width: 300px) 100vw, 300px\" \/><\/p>\n<p>\u201cGostaria de fazer um apelo sobre a situa\u00e7\u00e3o da sa\u00fade. Faz um m\u00eas que o meu filho est\u00e1 aguardando uma cirurgia no joelho e n\u00f3s estamos aguardando os tr\u00e2mites da prefeitura. \u00c9 cansativo ficar muitos dias aguardando a marca\u00e7\u00e3o da cirurgia e a fila \u00e9 enorme, parece que nunca tem fim.\u201d\u00a0 Maria do Carmo Duarte &#8211; 42 anos &#8211; Ajudante de Produ\u00e7\u00e3o<\/p>\n","protected":false},"excerpt":{"rendered":"<p>Entre os assuntos est\u00e3o o desejo por melhorias na sa\u00fade p\u00fablica e a gera\u00e7\u00e3o de&#8230;<\/p>\n","protected":false},"author":1,"featured_media":7920,"comment_status":"open","ping_status":"open","sticky":false,"template":"","format":"standard","meta":{"_jetpack_memberships_contains_paid_content":false,"footnotes":"","jetpack_publicize_message":"","jetpack_publicize_feature_enabled":true,"jetpack_social_post_already_shared":true,"jetpack_social_options":{"image_generator_settings":{"template":"highway","default_image_id":0,"font":"","enabled":false},"version":2}},"categories":[1],"tags":[],"class_list":["post-10352","post","type-post","status-publish","format-standard","has-post-thumbnail","hentry","category-atualidade"],"jetpack_publicize_connections":[],"jetpack_featured_media_url":"https:\/\/correiodasemana.com\/site\/wp-content\/uploads\/2018\/02\/Igreja-da-Se\u0301-Sobral.jpg","jetpack-related-posts":[{"id":15074,"url":"https:\/\/correiodasemana.com\/site\/politica-em-evidencia-48\/","url_meta":{"origin":10352,"position":0},"title":"Pol\u00edtica em Evid\u00eancia","author":"","date":"Dezembro 20, 2020","format":false,"excerpt":"COLUNA POL\u00cdTICA EM EVID\u00caNCIA COM MARCELO MARQUES Os vereadores da C\u00e2mara de Sobral, durante a Sess\u00e3o Ordin\u00e1ria no plen\u00e1rio 5 de Julho,\u00a0desejam ao futuro presidente do legislativo, Vicente de Paulo (Paul\u00e3o)-PDT, sorte e sucesso no comando da casa. Dentre os edis que se pronunciaram desejando um bom trabalho no legislativo\u2026","rel":"","context":"In &quot;Artigos&quot;","block_context":{"text":"Artigos","link":"https:\/\/correiodasemana.com\/site\/category\/artigos\/"},"img":{"alt_text":"","src":"","width":0,"height":0},"classes":[]},{"id":10423,"url":"https:\/\/correiodasemana.com\/site\/tecnologia-e-saude-mental-jogo-interativo-desenvolvido-por-sobralenses-trara-reflexao-sobre-suicidio-e-uso-de-drogas\/","url_meta":{"origin":10352,"position":1},"title":"Tecnologia e sa\u00fade mental: Jogo interativo desenvolvido por Sobralenses trar\u00e1 reflex\u00e3o sobre suic\u00eddio e uso de drogas","author":"","date":"Janeiro 13, 2020","format":false,"excerpt":"Com o objetivo de avaliar o risco de suic\u00eddio entre as pessoas que realizam uso de drogas e promover educa\u00e7\u00e3o em sa\u00fade mental de maneira sens\u00edvel e leve, um jogo interativo de celular est\u00e1 sendo desenvolvido por pesquisadores do Grupo de Estudo e Pesquisa em Sa\u00fade Mental (GESAM), integrantes da\u2026","rel":"","context":"In &quot;Atualidade&quot;","block_context":{"text":"Atualidade","link":"https:\/\/correiodasemana.com\/site\/category\/atualidade\/"},"img":{"alt_text":"","src":"https:\/\/i0.wp.com\/correiodasemana.com\/site\/wp-content\/uploads\/2020\/01\/Jogo-1.jpg?resize=350%2C200&ssl=1","width":350,"height":200,"srcset":"https:\/\/i0.wp.com\/correiodasemana.com\/site\/wp-content\/uploads\/2020\/01\/Jogo-1.jpg?resize=350%2C200&ssl=1 1x, https:\/\/i0.wp.com\/correiodasemana.com\/site\/wp-content\/uploads\/2020\/01\/Jogo-1.jpg?resize=525%2C300&ssl=1 1.5x, https:\/\/i0.wp.com\/correiodasemana.com\/site\/wp-content\/uploads\/2020\/01\/Jogo-1.jpg?resize=700%2C400&ssl=1 2x"},"classes":[]},{"id":10395,"url":"https:\/\/correiodasemana.com\/site\/para-um-ano-novo-mais-feliz\/","url_meta":{"origin":10352,"position":2},"title":"Para um ano novo mais \u00a0feliz","author":"","date":"Janeiro 5, 2020","format":false,"excerpt":"O desejo \u00e9 uma palavra m\u00e1gica. Quando desejamos com for\u00e7a interior, emitimos uma energia misteriosa que nos impulsiona para o compromisso de realizarmos aquilo que desejamos. Isso pode ter conseq\u00fc\u00eancias concretas para as pessoas e para o mundo. Nesses dias, h\u00e1 quem diga aos amigos e amigas \u201cfeliz ano novo\u201d\u2026","rel":"","context":"In &quot;Artigos&quot;","block_context":{"text":"Artigos","link":"https:\/\/correiodasemana.com\/site\/category\/artigos\/"},"img":{"alt_text":"","src":"https:\/\/i0.wp.com\/correiodasemana.com\/site\/wp-content\/uploads\/2019\/07\/editorial-cs.jpg?resize=350%2C200&ssl=1","width":350,"height":200,"srcset":"https:\/\/i0.wp.com\/correiodasemana.com\/site\/wp-content\/uploads\/2019\/07\/editorial-cs.jpg?resize=350%2C200&ssl=1 1x, https:\/\/i0.wp.com\/correiodasemana.com\/site\/wp-content\/uploads\/2019\/07\/editorial-cs.jpg?resize=525%2C300&ssl=1 1.5x"},"classes":[]},{"id":36795,"url":"https:\/\/correiodasemana.com\/site\/poucas-e-boas-73\/","url_meta":{"origin":10352,"position":3},"title":"POUCAS E BOAS","author":"adminredacao","date":"Dezembro 15, 2025","format":false,"excerpt":"Como \u00e9 que \u00e9!? Nesta semana um sobralense bairrista, residente h\u00e1 d\u00e9cadas no Rio de Janeiro, com essa pergunta e demonstrando perplexidade, descren\u00e7a e indigna\u00e7\u00e3o queixou-se comigo de goza\u00e7\u00e3o feita por amigo carioca. A motiva\u00e7\u00e3o foi o an\u00fancio pelo prefeito Oscar Rodrigues da constru\u00e7\u00e3o de uma est\u00e1tua de 94 metros\u2026","rel":"","context":"In &quot;Artigos&quot;","block_context":{"text":"Artigos","link":"https:\/\/correiodasemana.com\/site\/category\/artigos\/"},"img":{"alt_text":"","src":"https:\/\/i0.wp.com\/correiodasemana.com\/site\/wp-content\/uploads\/2023\/05\/artemisio-da-costa-2.jpg?resize=350%2C200&ssl=1","width":350,"height":200},"classes":[]},{"id":18353,"url":"https:\/\/correiodasemana.com\/site\/monsenhor-sadoc-de-araujo-90-anos-a-servico-de-deus-e-do-ser-humano\/","url_meta":{"origin":10352,"position":4},"title":"Monsenhor Sadoc de Ara\u00fajo: 90 anos  a servi\u00e7o de Deus e do ser humano!","author":"","date":"Dezembro 20, 2021","format":false,"excerpt":"\u00c9 mais que esperado que nesta sexta-feira (17), Sobral e regi\u00e3o n\u00e3o esque\u00e7am o transcurso do 90\u00ba anivers\u00e1rio de nascimento do Monsenhor Francisco Sadoc de Ara\u00fajo. N\u00e3o apenas lembrar o natal\u00edcio, mas fazer algo que homenageie o ilustre aniversariante. Isso nada mais \u00e9 que um gesto de justi\u00e7a e gratid\u00e3o.\u2026","rel":"","context":"In &quot;Atualidade&quot;","block_context":{"text":"Atualidade","link":"https:\/\/correiodasemana.com\/site\/category\/atualidade\/"},"img":{"alt_text":"","src":"https:\/\/i0.wp.com\/correiodasemana.com\/site\/wp-content\/uploads\/2020\/08\/Padre-Sadoc-de-Araujo-300x300.jpeg?resize=350%2C200&ssl=1","width":350,"height":200},"classes":[]},{"id":26433,"url":"https:\/\/correiodasemana.com\/site\/becco-ponto-com-136\/","url_meta":{"origin":10352,"position":5},"title":"Becco Ponto Com","author":"adminredacao","date":"Setembro 4, 2023","format":false,"excerpt":"LIVRAI-NOS, SENHOR! Dos mexericos pelo \u201cr\u00e1dio fofoca\u201d t\u00e3o nosso. Das consultas m\u00e9dicas e modernas, via internet! Da trairagem do pdt, segundo Evandro Leit\u00e3o. Das lojas quebrando na regi\u00e3o e fazendo o tal do L! Da sa\u00fade quebrada e t\u00e3o cantada pelo poder. Da ruma de candidatos bolachinhas vira-vira! Da greve\u2026","rel":"","context":"In &quot;Artigos&quot;","block_context":{"text":"Artigos","link":"https:\/\/correiodasemana.com\/site\/category\/artigos\/"},"img":{"alt_text":"","src":"https:\/\/i0.wp.com\/correiodasemana.com\/site\/wp-content\/uploads\/2021\/09\/Dr-Chico-Prado-Trofeu-Dom-Jose-1.jpg?resize=350%2C200&ssl=1","width":350,"height":200,"srcset":"https:\/\/i0.wp.com\/correiodasemana.com\/site\/wp-content\/uploads\/2021\/09\/Dr-Chico-Prado-Trofeu-Dom-Jose-1.jpg?resize=350%2C200&ssl=1 1x, https:\/\/i0.wp.com\/correiodasemana.com\/site\/wp-content\/uploads\/2021\/09\/Dr-Chico-Prado-Trofeu-Dom-Jose-1.jpg?resize=525%2C300&ssl=1 1.5x, https:\/\/i0.wp.com\/correiodasemana.com\/site\/wp-content\/uploads\/2021\/09\/Dr-Chico-Prado-Trofeu-Dom-Jose-1.jpg?resize=700%2C400&ssl=1 2x, https:\/\/i0.wp.com\/correiodasemana.com\/site\/wp-content\/uploads\/2021\/09\/Dr-Chico-Prado-Trofeu-Dom-Jose-1.jpg?resize=1050%2C600&ssl=1 3x, https:\/\/i0.wp.com\/correiodasemana.com\/site\/wp-content\/uploads\/2021\/09\/Dr-Chico-Prado-Trofeu-Dom-Jose-1.jpg?resize=1400%2C800&ssl=1 4x"},"classes":[]}],"jetpack_sharing_enabled":true,"_links":{"self":[{"href":"https:\/\/correiodasemana.com\/site\/wp-json\/wp\/v2\/posts\/10352","targetHints":{"allow":["GET"]}}],"collection":[{"href":"https:\/\/correiodasemana.com\/site\/wp-json\/wp\/v2\/posts"}],"about":[{"href":"https:\/\/correiodasemana.com\/site\/wp-json\/wp\/v2\/types\/post"}],"author":[{"embeddable":true,"href":"https:\/\/correiodasemana.com\/site\/wp-json\/wp\/v2\/users\/1"}],"replies":[{"embeddable":true,"href":"https:\/\/correiodasemana.com\/site\/wp-json\/wp\/v2\/comments?post=10352"}],"version-history":[{"count":1,"href":"https:\/\/correiodasemana.com\/site\/wp-json\/wp\/v2\/posts\/10352\/revisions"}],"predecessor-version":[{"id":10358,"href":"https:\/\/correiodasemana.com\/site\/wp-json\/wp\/v2\/posts\/10352\/revisions\/10358"}],"wp:featuredmedia":[{"embeddable":true,"href":"https:\/\/correiodasemana.com\/site\/wp-json\/wp\/v2\/media\/7920"}],"wp:attachment":[{"href":"https:\/\/correiodasemana.com\/site\/wp-json\/wp\/v2\/media?parent=10352"}],"wp:term":[{"taxonomy":"category","embeddable":true,"href":"https:\/\/correiodasemana.com\/site\/wp-json\/wp\/v2\/categories?post=10352"},{"taxonomy":"post_tag","embeddable":true,"href":"https:\/\/correiodasemana.com\/site\/wp-json\/wp\/v2\/tags?post=10352"}],"curies":[{"name":"wp","href":"https:\/\/api.w.org\/{rel}","templated":true}]}}