{"id":10359,"date":"2020-01-05T03:50:46","date_gmt":"2020-01-05T03:50:46","guid":{"rendered":"https:\/\/correiodasemana.com\/site\/?p=10359"},"modified":"2020-01-05T03:50:46","modified_gmt":"2020-01-05T03:50:46","slug":"o-exercicio-da-cidadania","status":"publish","type":"post","link":"https:\/\/correiodasemana.com\/site\/o-exercicio-da-cidadania\/","title":{"rendered":"O EXERC\u00cdCIO DA CIDADANIA"},"content":{"rendered":"<p>Segundo Eduardo Bauka \u201ca \u00fanica coisa que torna poss\u00edvel o triunfo do mal \u00e9 omiss\u00e3o dos homens bons.\u201d Isto significa que a omiss\u00e3o do exerc\u00edcio da cidadania, \u00e9 a primeira explica\u00e7\u00e3o da pervers\u00e3o social brasileira.<br \/>\nComo se sabe, a maioria dos brasileiros mostra-se envergonhados ou medo quando precisam exercer a cidadania. Ou seja, o cidad\u00e3o n\u00e3o reclama o seu direito, deixa-se enganar pelo maquiavelismo da pol\u00edtica que nega o direito de uma vida digna a milh\u00f5es de pessoas pobres.<br \/>\nE \u00e9 neste item que vive \u00e0 ideologia salvacionista espelhadas no protecionismo c\u00f4modo do paliativo da esmola, j\u00e1 comprovada pela pr\u00e1tica da atua\u00e7\u00e3o do sistema pol\u00edtico, econ\u00f4mico e social, em todos os setores da sociedade brasileira.<br \/>\nEsse superficialismo est\u00e1 relacionado com muitos dos problemas institucionais e a mediocridade pol\u00edtica, que est\u00e1 no controle e poder pol\u00edtico, como velhas raposas de grupos de elites de corrup\u00e7\u00e3o, aliena\u00e7\u00e3o e concentra\u00e7\u00e3o do bem p\u00fablico no patrim\u00f4nio particular, cabe ao cidad\u00e3o honesto de exercer sua cidadania, pois s\u00f3 h\u00e1 dois meios de liberta\u00e7\u00e3o econ\u00f4mica e pol\u00edtico, a cidadania ou a mis\u00e9ria.<br \/>\nSe a ditadura castrou o sonho, a esperan\u00e7a e o ide\u00e1rio de uma consci\u00eancia nacional de identidade e lideran\u00e7a de centenas de brasileiros. Hoje, ao povo cabe o exerc\u00edcio da cidadania, contra o novo discurso demagogo das m\u00eddias pol\u00edticas, do maquiavelismo dogm\u00e1tico do di\u00e1logo unilateral e das pr\u00e1ticas oficiais de um regime capitalista cavernoso.<\/p>\n<p>S\u00f3 para ilustrar, dentre muitos, veja um triste exemplo:<br \/>\nA Previd\u00eancia p\u00fablica e universal, ampliada pela Constitui\u00e7\u00e3o Cidad\u00e3 de 88, est\u00e1 tecnicamente falida, com a vela na m\u00e3o, padre na cabeceira e pedindo salva\u00e7\u00e3o, atrav\u00e9s de uma justa reforma. Mas, a injusti\u00e7a social, j\u00e1 disse que a massa da contribui\u00e7\u00e3o n\u00e3o pode alcan\u00e7ar a carga dos benef\u00edcios desejados. O pior \u00e9 que ainda tem advogados maquiav\u00e9licos com suas a\u00e7\u00f5es imorais e mal\u00e9ficas em nome da justi\u00e7a social, que constitui o direito da aposentadoria do trabalhador, trata como se ela n\u00e3o fosse um direito do cidad\u00e3o, vitimando o pr\u00f3prio cidad\u00e3o, que se aposenta j\u00e1 devendo a metade do seu aposento, pelos trabalhos advocat\u00edcios.<br \/>\nAl\u00e9m deste not\u00f3rio exemplo, temos o corporativismo, estimulado pela onda do salve-se quem puder. E muitas desses corporativistas se abriram o que parece na m\u00e1fia, como filosofia, se protegendo e reciprocidade, com decis\u00e3o de vantagens, coniv\u00eancia.<br \/>\nNessa batalha da ponte, al\u00e9m destes e de tantos outros exemplos, a que vai decidir \u00e9 a cidadania. Temos tudo por fazer, come\u00e7ando pela cidadania da p\u00e1-virada: \u00e9 do Brasil uma das piores concentra\u00e7\u00f5es de renda do mundo, o capitalismo brasileiro \u00e9 um dos mais selvagens. Os grandes empres\u00e1rios s\u00e3o os maiores sonegadores. Por isso, precisamos do exerc\u00edcio da cidadania.<br \/>\nO bem da verdade \u00e9 preciso ser dito que o Brasil faz pouco tempo que se livrou da ditadura. Vale observar ainda que n\u00e3o somente a opress\u00e3o inibe o exerc\u00edcio da cidadania. O paternalismo e a tutela do Estado tamb\u00e9m, mas, consola-nos saber que, h\u00e1 excepcionalmente, institui\u00e7\u00f5es que n\u00e3o comungam desse processo vertiginoso de exclus\u00e3o social.<br \/>\nAinda de acordo com o Eduardo, \u00e9 poss\u00edvel triunfar o mal, com a omiss\u00e3o dos bons cidad\u00e3os. As escolas, que deveriam ter a responsabilidade principal de educar para a cidadania, s\u00e3o omissas em rela\u00e7\u00e3o a isso. O conceito de cidadania n\u00e3o vai al\u00e9m da explica\u00e7\u00e3o do seu significado literal. Por isso, \u00e9 preciso ser necess\u00e1rio alargar a ideia de cidadania para abrir novas possibilidades para diminuir a desigualdade social.<br \/>\nIlustraremos isso com um exemplo: em Massap\u00ea. Um grupo de pessoas inspiradas, ao que parece pelo sucesso de sua primeira e importante a\u00e7\u00e3o de cidadania, o grupo criou um f\u00f3rum permanente, em busca de uma consci\u00eancia de cidadania,<br \/>\nPortanto, em qualquer parte do mundo, os direitos pol\u00edticos dizem respeito \u00e0 delibera\u00e7\u00e3o do cidad\u00e3o sobre a sua vida; \u00e0 livre express\u00e3o de pensamento; \u00e0s pr\u00e1ticas pol\u00edticas e religiosas e muitos mais. Para o pleno exerc\u00edcio da cidadania, por\u00e9m, relacionam-se a conviv\u00eancia com os outros cidad\u00e3os em organismos de representa\u00e7\u00e3o direta, como os sindicatos, os partidos pol\u00edticos, a igreja, os movimentos sociais, as escolas e outros. Resistindo a imposi\u00e7\u00e3o de poderes, atrav\u00e9s de movimentos pac\u00edficos.<br \/>\nAssim sendo, podemos ser otimistas em rela\u00e7\u00e3o \u00e0 minimiza\u00e7\u00e3o nestes problemas, e devemos ajudar neste sentido com nosso pr\u00f3prio exemplo de vigil\u00e2ncia e com mais a\u00e7\u00e3o de cidadania, n\u00e3o compactuando, n\u00e3o favorecendo atos de esperteza nociva.<br \/>\nJornalista, Historiador e Critico Liter\u00e1rio.<\/p>\n","protected":false},"excerpt":{"rendered":"<p>Segundo Eduardo Bauka \u201ca \u00fanica coisa que torna poss\u00edvel o triunfo do mal \u00e9 omiss\u00e3o&#8230;<\/p>\n","protected":false},"author":1,"featured_media":8594,"comment_status":"open","ping_status":"open","sticky":false,"template":"","format":"standard","meta":{"_jetpack_memberships_contains_paid_content":false,"footnotes":"","jetpack_publicize_message":"","jetpack_publicize_feature_enabled":true,"jetpack_social_post_already_shared":true,"jetpack_social_options":{"image_generator_settings":{"template":"highway","default_image_id":0,"font":"","enabled":false},"version":2}},"categories":[11,16],"tags":[],"class_list":["post-10359","post","type-post","status-publish","format-standard","has-post-thumbnail","hentry","category-artigos","category-eudes-de-sousa"],"jetpack_publicize_connections":[],"jetpack_featured_media_url":"https:\/\/correiodasemana.com\/site\/wp-content\/uploads\/2019\/08\/urna_lecr-e1447217261594.jpg","jetpack-related-posts":[{"id":25065,"url":"https:\/\/correiodasemana.com\/site\/disque-100-tem-47-mil-denuncias-de-violencia-contra-pessoas-idosas\/","url_meta":{"origin":10359,"position":0},"title":"Disque 100 tem 47 mil den\u00fancias de viol\u00eancia contra pessoas idosas","author":"adminredacao","date":"Junho 6, 2023","format":false,"excerpt":"Governo lan\u00e7a campanha de enfrentamento de viola\u00e7\u00f5es de direitos Por Daniella Almeida - Rep\u00f3rter da Ag\u00eancia Brasil - Bras\u00edlia Nos primeiros cinco meses de 2023, o Disque 100, do Minist\u00e9rio dos Direitos Humanos e Cidadania (MDHC), recebeu mais de 47 mil den\u00fancias de viol\u00eancia cometida contra pessoas idosas, que apontam\u2026","rel":"","context":"In &quot;Atualidade&quot;","block_context":{"text":"Atualidade","link":"https:\/\/correiodasemana.com\/site\/category\/atualidade\/"},"img":{"alt_text":"","src":"https:\/\/i0.wp.com\/correiodasemana.com\/site\/wp-content\/uploads\/2023\/06\/direitos_humanos-1024x677-1.png?resize=350%2C200&ssl=1","width":350,"height":200,"srcset":"https:\/\/i0.wp.com\/correiodasemana.com\/site\/wp-content\/uploads\/2023\/06\/direitos_humanos-1024x677-1.png?resize=350%2C200&ssl=1 1x, https:\/\/i0.wp.com\/correiodasemana.com\/site\/wp-content\/uploads\/2023\/06\/direitos_humanos-1024x677-1.png?resize=525%2C300&ssl=1 1.5x, https:\/\/i0.wp.com\/correiodasemana.com\/site\/wp-content\/uploads\/2023\/06\/direitos_humanos-1024x677-1.png?resize=700%2C400&ssl=1 2x"},"classes":[]},{"id":12584,"url":"https:\/\/correiodasemana.com\/site\/a-controversia-ideologica-na-politica\/","url_meta":{"origin":10359,"position":1},"title":"A CONTROV\u00c9RSIA IDEOL\u00d3GICA NA POL\u00cdTICA","author":"","date":"Agosto 10, 2020","format":false,"excerpt":"A hist\u00f3ria imp\u00f5e-se como uma mem\u00f3ria fundamental para quantos pretendam mapear a pol\u00edtica brasileira, nas \u00faltimas seis d\u00e9cadas da Hist\u00f3ria do Brasil, principalmente nos anos de repress\u00e3o que acometeram a sociedade brasileira, como o AI5, que estabeleceu, em 1968, o regime de exce\u00e7\u00e3o, exclus\u00e3o e arbitrariedade, que se desdobrou at\u00e9\u2026","rel":"","context":"In &quot;Artigos&quot;","block_context":{"text":"Artigos","link":"https:\/\/correiodasemana.com\/site\/category\/artigos\/"},"img":{"alt_text":"","src":"https:\/\/i0.wp.com\/correiodasemana.com\/site\/wp-content\/uploads\/2020\/02\/Eudes-de-Sousa-escritor-4.jpg?resize=350%2C200&ssl=1","width":350,"height":200,"srcset":"https:\/\/i0.wp.com\/correiodasemana.com\/site\/wp-content\/uploads\/2020\/02\/Eudes-de-Sousa-escritor-4.jpg?resize=350%2C200&ssl=1 1x, https:\/\/i0.wp.com\/correiodasemana.com\/site\/wp-content\/uploads\/2020\/02\/Eudes-de-Sousa-escritor-4.jpg?resize=525%2C300&ssl=1 1.5x, https:\/\/i0.wp.com\/correiodasemana.com\/site\/wp-content\/uploads\/2020\/02\/Eudes-de-Sousa-escritor-4.jpg?resize=700%2C400&ssl=1 2x, https:\/\/i0.wp.com\/correiodasemana.com\/site\/wp-content\/uploads\/2020\/02\/Eudes-de-Sousa-escritor-4.jpg?resize=1050%2C600&ssl=1 3x, https:\/\/i0.wp.com\/correiodasemana.com\/site\/wp-content\/uploads\/2020\/02\/Eudes-de-Sousa-escritor-4.jpg?resize=1400%2C800&ssl=1 4x"},"classes":[]},{"id":30338,"url":"https:\/\/correiodasemana.com\/site\/educacao-e-cidadania-57\/","url_meta":{"origin":10359,"position":2},"title":"EDUCA\u00c7\u00c3O E CIDADANIA \u2022","author":"adminredacao","date":"Agosto 12, 2024","format":false,"excerpt":"Alguns pontos da luta pela cidadania no Brasil A cidadania \u00e9 o direito de desfrutar dos direitos e liberdades que s\u00e3o garantidos a todas as pessoas. \u00c9 a capacidade de poder exercer seus direitos civis, pol\u00edticos e sociais e de poder ter acesso a uma vida com respeito aos direitos\u2026","rel":"","context":"In &quot;Artigos&quot;","block_context":{"text":"Artigos","link":"https:\/\/correiodasemana.com\/site\/category\/artigos\/"},"img":{"alt_text":"","src":"https:\/\/i0.wp.com\/correiodasemana.com\/site\/wp-content\/uploads\/2021\/08\/Salmito-Campos.jpg?resize=350%2C200&ssl=1","width":350,"height":200,"srcset":"https:\/\/i0.wp.com\/correiodasemana.com\/site\/wp-content\/uploads\/2021\/08\/Salmito-Campos.jpg?resize=350%2C200&ssl=1 1x, https:\/\/i0.wp.com\/correiodasemana.com\/site\/wp-content\/uploads\/2021\/08\/Salmito-Campos.jpg?resize=525%2C300&ssl=1 1.5x, https:\/\/i0.wp.com\/correiodasemana.com\/site\/wp-content\/uploads\/2021\/08\/Salmito-Campos.jpg?resize=700%2C400&ssl=1 2x, https:\/\/i0.wp.com\/correiodasemana.com\/site\/wp-content\/uploads\/2021\/08\/Salmito-Campos.jpg?resize=1050%2C600&ssl=1 3x, https:\/\/i0.wp.com\/correiodasemana.com\/site\/wp-content\/uploads\/2021\/08\/Salmito-Campos.jpg?resize=1400%2C800&ssl=1 4x"},"classes":[]},{"id":20483,"url":"https:\/\/correiodasemana.com\/site\/apelos-a-cidadania\/","url_meta":{"origin":10359,"position":3},"title":"Apelos \u00e0 cidadania","author":"","date":"Julho 17, 2022","format":false,"excerpt":"Muitos apelos ao exerc\u00edcio da cidadania devem sensibilizar e tocar a sociedade brasileira, urgentemente, pois o atual contexto impacta preocupantemente a subjetividade dos cidad\u00e3os. Rea\u00e7\u00f5es e pronunciamentos, decis\u00f5es e escolhas mostram que h\u00e1 car\u00eancia de destreza human\u00edstica. Consequentemente, contribuem para efetivar situa\u00e7\u00f5es perigosas, preju\u00edzos irrevers\u00edveis, encenando descontroles e destemperos arriscados\u2026","rel":"","context":"In &quot;A voz do Pastor&quot;","block_context":{"text":"A voz do Pastor","link":"https:\/\/correiodasemana.com\/site\/category\/a-voz-do-pastor\/"},"img":{"alt_text":"","src":"https:\/\/i0.wp.com\/correiodasemana.com\/site\/wp-content\/uploads\/2019\/07\/Dom-Vasconcelos-posses.jpg?resize=350%2C200&ssl=1","width":350,"height":200,"srcset":"https:\/\/i0.wp.com\/correiodasemana.com\/site\/wp-content\/uploads\/2019\/07\/Dom-Vasconcelos-posses.jpg?resize=350%2C200&ssl=1 1x, https:\/\/i0.wp.com\/correiodasemana.com\/site\/wp-content\/uploads\/2019\/07\/Dom-Vasconcelos-posses.jpg?resize=525%2C300&ssl=1 1.5x, https:\/\/i0.wp.com\/correiodasemana.com\/site\/wp-content\/uploads\/2019\/07\/Dom-Vasconcelos-posses.jpg?resize=700%2C400&ssl=1 2x"},"classes":[]},{"id":21653,"url":"https:\/\/correiodasemana.com\/site\/estatura-cidada\/","url_meta":{"origin":10359,"position":4},"title":"Estatura cidad\u00e3","author":"","date":"Novembro 13, 2022","format":false,"excerpt":"A democracia brasileira, afirma-se em consenso, \u00e9 jovem. Precisa, pois, amadurecer, consolidar conquistas, deixando-se passar pelo \u201ccadinho\u201d da purifica\u00e7\u00e3o e do crescimento, com o aprendizado de li\u00e7\u00f5es e experi\u00eancias vividas. O horizonte largo e cidad\u00e3o da Constitui\u00e7\u00e3o Federal, uma conquista nesse processo de amadurecimento, parametriza compreens\u00f5es e deve emoldurar escolhas,\u2026","rel":"","context":"In &quot;A voz do Pastor&quot;","block_context":{"text":"A voz do Pastor","link":"https:\/\/correiodasemana.com\/site\/category\/a-voz-do-pastor\/"},"img":{"alt_text":"","src":"https:\/\/i0.wp.com\/correiodasemana.com\/site\/wp-content\/uploads\/2019\/12\/homilia-dom-vasconcelos.jpg?resize=350%2C200&ssl=1","width":350,"height":200,"srcset":"https:\/\/i0.wp.com\/correiodasemana.com\/site\/wp-content\/uploads\/2019\/12\/homilia-dom-vasconcelos.jpg?resize=350%2C200&ssl=1 1x, https:\/\/i0.wp.com\/correiodasemana.com\/site\/wp-content\/uploads\/2019\/12\/homilia-dom-vasconcelos.jpg?resize=525%2C300&ssl=1 1.5x, https:\/\/i0.wp.com\/correiodasemana.com\/site\/wp-content\/uploads\/2019\/12\/homilia-dom-vasconcelos.jpg?resize=700%2C400&ssl=1 2x"},"classes":[]},{"id":26491,"url":"https:\/\/correiodasemana.com\/site\/educacao-e-cidadania-14\/","url_meta":{"origin":10359,"position":5},"title":"EDUCA\u00c7\u00c3O E CIDADANIA \u2022","author":"adminredacao","date":"Setembro 11, 2023","format":false,"excerpt":"A conquista do voto feminino no mundo \u201cUma das principais justificativas utilizadas por homens contr\u00e1rios ao exerc\u00edcio pol\u00edtico feminino era a de que isso prejudicaria a conserva\u00e7\u00e3o das fam\u00edlias. Fil\u00f3sofos iluministas, como Jean-Jacques Rousseau e Immanuel Kant, chegaram a considerar que as mulheres possu\u00edam menor capacidade intelectual para desenvolver fun\u00e7\u00f5es\u2026","rel":"","context":"In &quot;Artigos&quot;","block_context":{"text":"Artigos","link":"https:\/\/correiodasemana.com\/site\/category\/artigos\/"},"img":{"alt_text":"","src":"https:\/\/i0.wp.com\/correiodasemana.com\/site\/wp-content\/uploads\/2022\/02\/Salmito-Campos-1-scaled.jpg?resize=350%2C200&ssl=1","width":350,"height":200,"srcset":"https:\/\/i0.wp.com\/correiodasemana.com\/site\/wp-content\/uploads\/2022\/02\/Salmito-Campos-1-scaled.jpg?resize=350%2C200&ssl=1 1x, https:\/\/i0.wp.com\/correiodasemana.com\/site\/wp-content\/uploads\/2022\/02\/Salmito-Campos-1-scaled.jpg?resize=525%2C300&ssl=1 1.5x, https:\/\/i0.wp.com\/correiodasemana.com\/site\/wp-content\/uploads\/2022\/02\/Salmito-Campos-1-scaled.jpg?resize=700%2C400&ssl=1 2x, https:\/\/i0.wp.com\/correiodasemana.com\/site\/wp-content\/uploads\/2022\/02\/Salmito-Campos-1-scaled.jpg?resize=1050%2C600&ssl=1 3x, https:\/\/i0.wp.com\/correiodasemana.com\/site\/wp-content\/uploads\/2022\/02\/Salmito-Campos-1-scaled.jpg?resize=1400%2C800&ssl=1 4x"},"classes":[]}],"jetpack_sharing_enabled":true,"_links":{"self":[{"href":"https:\/\/correiodasemana.com\/site\/wp-json\/wp\/v2\/posts\/10359","targetHints":{"allow":["GET"]}}],"collection":[{"href":"https:\/\/correiodasemana.com\/site\/wp-json\/wp\/v2\/posts"}],"about":[{"href":"https:\/\/correiodasemana.com\/site\/wp-json\/wp\/v2\/types\/post"}],"author":[{"embeddable":true,"href":"https:\/\/correiodasemana.com\/site\/wp-json\/wp\/v2\/users\/1"}],"replies":[{"embeddable":true,"href":"https:\/\/correiodasemana.com\/site\/wp-json\/wp\/v2\/comments?post=10359"}],"version-history":[{"count":1,"href":"https:\/\/correiodasemana.com\/site\/wp-json\/wp\/v2\/posts\/10359\/revisions"}],"predecessor-version":[{"id":10360,"href":"https:\/\/correiodasemana.com\/site\/wp-json\/wp\/v2\/posts\/10359\/revisions\/10360"}],"wp:featuredmedia":[{"embeddable":true,"href":"https:\/\/correiodasemana.com\/site\/wp-json\/wp\/v2\/media\/8594"}],"wp:attachment":[{"href":"https:\/\/correiodasemana.com\/site\/wp-json\/wp\/v2\/media?parent=10359"}],"wp:term":[{"taxonomy":"category","embeddable":true,"href":"https:\/\/correiodasemana.com\/site\/wp-json\/wp\/v2\/categories?post=10359"},{"taxonomy":"post_tag","embeddable":true,"href":"https:\/\/correiodasemana.com\/site\/wp-json\/wp\/v2\/tags?post=10359"}],"curies":[{"name":"wp","href":"https:\/\/api.w.org\/{rel}","templated":true}]}}