{"id":10363,"date":"2020-01-05T03:56:32","date_gmt":"2020-01-05T03:56:32","guid":{"rendered":"https:\/\/correiodasemana.com\/site\/?p=10363"},"modified":"2020-01-05T03:56:32","modified_gmt":"2020-01-05T03:56:32","slug":"novo-alto-do-cristo-em-sobral-e-inaugurado-pelo-governo-do-estado","status":"publish","type":"post","link":"https:\/\/correiodasemana.com\/site\/novo-alto-do-cristo-em-sobral-e-inaugurado-pelo-governo-do-estado\/","title":{"rendered":"Novo Alto do Cristo em Sobral \u00e9 inaugurado pelo Governo do Estado"},"content":{"rendered":"<p>O Governo do Estado do Cear\u00e1 entregou, nesta quinta-feira (26), a urbaniza\u00e7\u00e3o de um dos principais cart\u00f5es postais da cidade de Sobral, o Alto do Cristo. Entre outras autoridades, a inaugura\u00e7\u00e3o contou com a presen\u00e7a da vice-governadora Izolda Cela, representando o governador Camilo Santana; do prefeito de Sobral, Ivo Gomes; do senador Cid Gomes; do ex-ministro, Ciro Gomes; e do Secret\u00e1rio das Cidades, Zezinho Albuquerque.<br \/>\nO Alto do Cristo recebeu escadaria de acesso, com guarda-corpo; padroniza\u00e7\u00e3o de cal\u00e7adas; pra\u00e7as; arboriza\u00e7\u00e3o; academia; e ilumina\u00e7\u00e3o em LED. Al\u00e9m disso, as ruas de acesso ao local receberam pavimenta\u00e7\u00e3o de piso intertravado. As obras tiveram um investimento de R$ 2.613.400,12, sendo R$ 2.495.572,47 provenientes do Estado e R$ 117.827,65 da Prefeitura local.<br \/>\n\u201cA popula\u00e7\u00e3o recebe hoje um local requalificado, com \u00e1rea verde, onde as crian\u00e7as v\u00e3o puder brincar, onde as pessoas poder\u00e3o fazer atividades f\u00edsicas e participar de atividades culturais. Essa entrega \u00e9 mais um compromisso do governo Camilo Santana e da gest\u00e3o de excel\u00eancia do prefeito Ivo Gomes\u201d, finalizou o Secret\u00e1rio das Cidades, Zezinho Albuquerque.<br \/>\n\u201cO ambiente servir\u00e1 para as fam\u00edlias se encontrarem, como um espa\u00e7o de conviv\u00eancia\u201d, frisou a vice-governadora Izolda Cela, desejando boas festas a todos os presentes.<br \/>\nTamb\u00e9m participaram da inaugura\u00e7\u00e3o o deputado federal Le\u00f4nidas Cristino, o deputado estadual S\u00e9rgio Aguiar, o ex-prefeito de Sobral, Veveu Arruda, e outras lideran\u00e7as da regi\u00e3o.<br \/>\n(Com informa\u00e7\u00f5es da Assessoria de Imprensa do Governo do Estado do CE)<\/p>\n","protected":false},"excerpt":{"rendered":"<p>O Governo do Estado do Cear\u00e1 entregou, nesta quinta-feira (26), a urbaniza\u00e7\u00e3o de um dos&#8230;<\/p>\n","protected":false},"author":1,"featured_media":10364,"comment_status":"open","ping_status":"open","sticky":false,"template":"","format":"standard","meta":{"_jetpack_memberships_contains_paid_content":false,"footnotes":"","jetpack_publicize_message":"","jetpack_publicize_feature_enabled":true,"jetpack_social_post_already_shared":true,"jetpack_social_options":{"image_generator_settings":{"template":"highway","default_image_id":0,"font":"","enabled":false},"version":2}},"categories":[1],"tags":[],"class_list":["post-10363","post","type-post","status-publish","format-standard","has-post-thumbnail","hentry","category-atualidade"],"jetpack_publicize_connections":[],"jetpack_featured_media_url":"https:\/\/correiodasemana.com\/site\/wp-content\/uploads\/2020\/01\/cartao22.jpg","jetpack-related-posts":[{"id":10464,"url":"https:\/\/correiodasemana.com\/site\/em-tempo-26\/","url_meta":{"origin":10363,"position":0},"title":"Em Tempo","author":"","date":"Janeiro 13, 2020","format":false,"excerpt":"Mestrado Acad\u00eamico em Hist\u00f3ria A Universidade Estadual do Cear\u00e1 acaba de ampliar o n\u00famero de cursos dos programas de p\u00f3s-gradua\u00e7\u00e3o. A Coordena\u00e7\u00e3o de Aperfei\u00e7oamento de Pessoal de N\u00edvel Superior (CAPES) divulgou a aprova\u00e7\u00e3o do Mestrado Acad\u00eamico em Hist\u00f3ria, Culturas e Espacialidades. O mestrado tem como \u00e1rea de concentra\u00e7\u00e3o \u201cHist\u00f3ria, Culturas\u2026","rel":"","context":"In &quot;Artigos&quot;","block_context":{"text":"Artigos","link":"https:\/\/correiodasemana.com\/site\/category\/artigos\/"},"img":{"alt_text":"","src":"https:\/\/i0.wp.com\/correiodasemana.com\/site\/wp-content\/uploads\/2019\/08\/Novo-Alto-do-Cristo-pavimentado-4.jpg?resize=350%2C200&ssl=1","width":350,"height":200,"srcset":"https:\/\/i0.wp.com\/correiodasemana.com\/site\/wp-content\/uploads\/2019\/08\/Novo-Alto-do-Cristo-pavimentado-4.jpg?resize=350%2C200&ssl=1 1x, https:\/\/i0.wp.com\/correiodasemana.com\/site\/wp-content\/uploads\/2019\/08\/Novo-Alto-do-Cristo-pavimentado-4.jpg?resize=525%2C300&ssl=1 1.5x, https:\/\/i0.wp.com\/correiodasemana.com\/site\/wp-content\/uploads\/2019\/08\/Novo-Alto-do-Cristo-pavimentado-4.jpg?resize=700%2C400&ssl=1 2x"},"classes":[]},{"id":28324,"url":"https:\/\/correiodasemana.com\/site\/camara-municipal-de-sobral-inicio-solene-dos-trabalhos-legislativos-de-2024-em-homenagem-e-cooperacao\/","url_meta":{"origin":10363,"position":1},"title":"C\u00e2mara Municipal de Sobral: In\u00edcio Solene dos Trabalhos Legislativos de 2024 em Homenagem e Coopera\u00e7\u00e3o\u201d","author":"adminredacao","date":"Fevereiro 15, 2024","format":false,"excerpt":"Nesta segunda-feira (05\/02), a C\u00e2mara de Vereadores de Sobral abriu oficialmente os trabalhos legislativos para o ano de 2024. Na ocasi\u00e3o, o prefeito Ivo Gomes leu a mensagem do Poder Executivo com o balan\u00e7o das principais a\u00e7\u00f5es de seu governo em 2023, apontando os resultados e avan\u00e7os alcan\u00e7ados no terceiro\u2026","rel":"","context":"In &quot;Atualidade&quot;","block_context":{"text":"Atualidade","link":"https:\/\/correiodasemana.com\/site\/category\/atualidade\/"},"img":{"alt_text":"","src":"https:\/\/i0.wp.com\/correiodasemana.com\/site\/wp-content\/uploads\/2024\/02\/noticia_429fb6c0c6bc4c6.jpeg?resize=350%2C200&ssl=1","width":350,"height":200,"srcset":"https:\/\/i0.wp.com\/correiodasemana.com\/site\/wp-content\/uploads\/2024\/02\/noticia_429fb6c0c6bc4c6.jpeg?resize=350%2C200&ssl=1 1x, https:\/\/i0.wp.com\/correiodasemana.com\/site\/wp-content\/uploads\/2024\/02\/noticia_429fb6c0c6bc4c6.jpeg?resize=525%2C300&ssl=1 1.5x"},"classes":[]},{"id":22623,"url":"https:\/\/correiodasemana.com\/site\/prefeitura-de-sobral-e-governo-do-ceara-inauguraram-diversas-obras\/","url_meta":{"origin":10363,"position":2},"title":"Prefeitura de Sobral e governo do Cear\u00e1 inauguraram diversas obras","author":"adminredacao","date":"Janeiro 8, 2023","format":false,"excerpt":"O prefeito Ivo Gomes e a governadora Izolda Cela realizaram, na sexta-feira (30\/12\/2022), uma s\u00e9rie de inaugura\u00e7\u00f5es em Sobral. A comitiva inaugurou a primeira etapa da internaliza\u00e7\u00e3o da rede el\u00e9trica do Centro Hist\u00f3rico de Sobral, o Centro de Educa\u00e7\u00e3o Infantil Guaracy Parente, no bairro Dom Expedito, o Parque da Esta\u00e7\u00e3o,\u2026","rel":"","context":"In &quot;Atualidade&quot;","block_context":{"text":"Atualidade","link":"https:\/\/correiodasemana.com\/site\/category\/atualidade\/"},"img":{"alt_text":"","src":"","width":0,"height":0},"classes":[]},{"id":9790,"url":"https:\/\/correiodasemana.com\/site\/panorama-politico-19\/","url_meta":{"origin":10363,"position":3},"title":"Panorama Pol\u00edtico","author":"","date":"Novembro 11, 2019","format":false,"excerpt":"Prefeito de Sobral, Ivo Gomes, recebeu em S\u00e3o Paulo, o pr\u00eamio Lide de Educa\u00e7\u00e3o O prefeito de Sobral, Ivo Gomes, recebeu o pr\u00eamio Lide de Educa\u00e7\u00e3o, ter\u00e7a-feira, dia 05, em S\u00e3o Paulo. A sexta edi\u00e7\u00e3o do F\u00f3rum Lide de Educa\u00e7\u00e3o re\u00fane especialistas, autoridades e empres\u00e1rios para debater a efici\u00eancia da\u2026","rel":"","context":"In &quot;Artigos&quot;","block_context":{"text":"Artigos","link":"https:\/\/correiodasemana.com\/site\/category\/artigos\/"},"img":{"alt_text":"","src":"https:\/\/i0.wp.com\/correiodasemana.com\/site\/wp-content\/uploads\/2019\/09\/camara-de-sobral.jpeg?resize=350%2C200&ssl=1","width":350,"height":200,"srcset":"https:\/\/i0.wp.com\/correiodasemana.com\/site\/wp-content\/uploads\/2019\/09\/camara-de-sobral.jpeg?resize=350%2C200&ssl=1 1x, https:\/\/i0.wp.com\/correiodasemana.com\/site\/wp-content\/uploads\/2019\/09\/camara-de-sobral.jpeg?resize=525%2C300&ssl=1 1.5x, https:\/\/i0.wp.com\/correiodasemana.com\/site\/wp-content\/uploads\/2019\/09\/camara-de-sobral.jpeg?resize=700%2C400&ssl=1 2x"},"classes":[]},{"id":10692,"url":"https:\/\/correiodasemana.com\/site\/panorama-politico-29\/","url_meta":{"origin":10363,"position":4},"title":"Panorama Pol\u00edtico","author":"","date":"Fevereiro 3, 2020","format":false,"excerpt":"Prefeitura de Groa\u00edras entrega escola de tempo integral \u00e0 popula\u00e7\u00e3o Em solenidade bastante movimentada aconteceu no Plen\u00e1rio da C\u00e2mara Municipal de Groa\u00edras, assinatura da ficha do prefeito Ueliton Vasconcelos (PDT). Diversas autoridades, vereadores do munic\u00edpio e lideran\u00e7as comunit\u00e1rias estiveram presentes assistindo a passagem do prefeito Ueliton para o seu novo\u2026","rel":"","context":"In &quot;Artigos&quot;","block_context":{"text":"Artigos","link":"https:\/\/correiodasemana.com\/site\/category\/artigos\/"},"img":{"alt_text":"","src":"https:\/\/i0.wp.com\/correiodasemana.com\/site\/wp-content\/uploads\/2019\/09\/camara-de-sobral.jpeg?resize=350%2C200&ssl=1","width":350,"height":200,"srcset":"https:\/\/i0.wp.com\/correiodasemana.com\/site\/wp-content\/uploads\/2019\/09\/camara-de-sobral.jpeg?resize=350%2C200&ssl=1 1x, https:\/\/i0.wp.com\/correiodasemana.com\/site\/wp-content\/uploads\/2019\/09\/camara-de-sobral.jpeg?resize=525%2C300&ssl=1 1.5x, https:\/\/i0.wp.com\/correiodasemana.com\/site\/wp-content\/uploads\/2019\/09\/camara-de-sobral.jpeg?resize=700%2C400&ssl=1 2x"},"classes":[]},{"id":9864,"url":"https:\/\/correiodasemana.com\/site\/moradores-de-sobral-comemoram-entrega-do-parque-pajeu-totalmente-urbanizado\/","url_meta":{"origin":10363,"position":5},"title":"Moradores de Sobral comemoram entrega do Parque Paje\u00fa totalmente urbanizado","author":"","date":"Novembro 18, 2019","format":false,"excerpt":"O investimento total na urbaniza\u00e7\u00e3o foi de R$ 6.039.546,37, sendo R$ 4.320.000,00 por parte do Governo do Estado e R$ 1.719.546,37 da Prefeitura de Sobral Por Ant\u00f4nio Cardoso O governador Camilo Santana esteve na cidade de Sobral na noite desse domingo (10) realizando a entrega da urbaniza\u00e7\u00e3o do Parque Paje\u00fa.\u2026","rel":"","context":"In &quot;Atualidade&quot;","block_context":{"text":"Atualidade","link":"https:\/\/correiodasemana.com\/site\/category\/atualidade\/"},"img":{"alt_text":"","src":"https:\/\/i0.wp.com\/correiodasemana.com\/site\/wp-content\/uploads\/2019\/11\/inaugura%C3%A7%C3%A3o-do-parque-Paje%C3%BA-em-Sobral-2.jpg?resize=350%2C200&ssl=1","width":350,"height":200,"srcset":"https:\/\/i0.wp.com\/correiodasemana.com\/site\/wp-content\/uploads\/2019\/11\/inaugura%C3%A7%C3%A3o-do-parque-Paje%C3%BA-em-Sobral-2.jpg?resize=350%2C200&ssl=1 1x, https:\/\/i0.wp.com\/correiodasemana.com\/site\/wp-content\/uploads\/2019\/11\/inaugura%C3%A7%C3%A3o-do-parque-Paje%C3%BA-em-Sobral-2.jpg?resize=525%2C300&ssl=1 1.5x, https:\/\/i0.wp.com\/correiodasemana.com\/site\/wp-content\/uploads\/2019\/11\/inaugura%C3%A7%C3%A3o-do-parque-Paje%C3%BA-em-Sobral-2.jpg?resize=700%2C400&ssl=1 2x"},"classes":[]}],"jetpack_sharing_enabled":true,"_links":{"self":[{"href":"https:\/\/correiodasemana.com\/site\/wp-json\/wp\/v2\/posts\/10363","targetHints":{"allow":["GET"]}}],"collection":[{"href":"https:\/\/correiodasemana.com\/site\/wp-json\/wp\/v2\/posts"}],"about":[{"href":"https:\/\/correiodasemana.com\/site\/wp-json\/wp\/v2\/types\/post"}],"author":[{"embeddable":true,"href":"https:\/\/correiodasemana.com\/site\/wp-json\/wp\/v2\/users\/1"}],"replies":[{"embeddable":true,"href":"https:\/\/correiodasemana.com\/site\/wp-json\/wp\/v2\/comments?post=10363"}],"version-history":[{"count":1,"href":"https:\/\/correiodasemana.com\/site\/wp-json\/wp\/v2\/posts\/10363\/revisions"}],"predecessor-version":[{"id":10365,"href":"https:\/\/correiodasemana.com\/site\/wp-json\/wp\/v2\/posts\/10363\/revisions\/10365"}],"wp:featuredmedia":[{"embeddable":true,"href":"https:\/\/correiodasemana.com\/site\/wp-json\/wp\/v2\/media\/10364"}],"wp:attachment":[{"href":"https:\/\/correiodasemana.com\/site\/wp-json\/wp\/v2\/media?parent=10363"}],"wp:term":[{"taxonomy":"category","embeddable":true,"href":"https:\/\/correiodasemana.com\/site\/wp-json\/wp\/v2\/categories?post=10363"},{"taxonomy":"post_tag","embeddable":true,"href":"https:\/\/correiodasemana.com\/site\/wp-json\/wp\/v2\/tags?post=10363"}],"curies":[{"name":"wp","href":"https:\/\/api.w.org\/{rel}","templated":true}]}}