{"id":10366,"date":"2020-01-05T04:04:16","date_gmt":"2020-01-05T04:04:16","guid":{"rendered":"https:\/\/correiodasemana.com\/site\/?p=10366"},"modified":"2020-01-05T04:04:16","modified_gmt":"2020-01-05T04:04:16","slug":"sobral-tem-reducao-de-33-no-numero-de-roubos-a-pessoa","status":"publish","type":"post","link":"https:\/\/correiodasemana.com\/site\/sobral-tem-reducao-de-33-no-numero-de-roubos-a-pessoa\/","title":{"rendered":"Sobral tem redu\u00e7\u00e3o de 33% no n\u00famero de roubos a pessoa"},"content":{"rendered":"<p>Intensificar a presen\u00e7a da Pol\u00edcia Militar em locais com o maior n\u00famero de assaltos e cumprir todos os mandados abertos para indiv\u00edduos que residem em Sobral s\u00e3o algumas das a\u00e7\u00f5es implantadas pela Unidade Integrada de Seguran\u00e7a(Uniseg) que resultou em uma queda de 33% de roubo a pessoa no per\u00edodo de agosto a novembro de 2019, se comparado ao mesmo per\u00edodo de 2018. Ainda n\u00e3o h\u00e1 o levantamento de dados do m\u00eas de dezembro, mas de acordo o Tenente Marcos Paulo, comandante do policiamento militar da Uniseg, o ano encerrou com um percentual em torno, ainda, de uma redu\u00e7\u00e3o de 33% ou 35%.<br \/>\nDurante esse per\u00edodo a Pol\u00edcia Militar realizou abordagens intensas em pontos estrat\u00e9gicos durante 24 horas, por exemplo, em vias de grande movimenta\u00e7\u00e3o, nos locais que apresentam o maior \u00edndice de assalto e nas rotas de fugas e de acesso.<br \/>\n\u201cAl\u00e9m da atua\u00e7\u00e3o por meio de satura\u00e7\u00e3o e abordagem da Pol\u00edcia Militar, tamb\u00e9m tem o trabalho preventivo que \u00e9 realizado por meio do policiamento a p\u00e9 das bases fixas de seguran\u00e7a at\u00e9 da viatura, tamb\u00e9m estando ostensivos em locais de grandes fluxos de pessoas. Temos ainda o grupo de seguran\u00e7a comunit\u00e1rio que realiza visitas di\u00e1rias a comunidade. N\u00f3s temos o grupo de seguran\u00e7a escolar que faz diariamente de segunda a sexta, a seguran\u00e7a exclusiva das unidades de ensino p\u00fablica da rede municipal ou estadual e temos ainda o grupo de apoio \u00e0 v\u00edtima de viol\u00eancia que realiza visitas di\u00e1rias a mulheres que sofrerem viol\u00eancia dom\u00e9stica no intuito de proteg\u00ea-las e prevenir a reincid\u00eancia do crime no \u00e2mbito domiciliar\u201d, conta.<br \/>\nAinda de acordo com o tenente Marcos Paulo, o come\u00e7o do funcionamento do projeto da Uniseg Sobral em 2018, mudou a realidade de bairros que tinham um n\u00famero alarmante de roubos e ressalta que Sobral est\u00e1 vivenciando uma revolu\u00e7\u00e3o na \u00e1rea da Seguran\u00e7a P\u00fablica. \u201cHoje n\u00f3s temos verdadeiramente uma cidade mais segura. A pr\u00f3pria popula\u00e7\u00e3o argumenta que a cidade realmente possui mais seguran\u00e7a, a criminalidade diminuiu consideravelmente e o cidad\u00e3o se sente mais seguro, mais confiante de trafegar nas ruas da cidade. Isso tudo est\u00e1 acontecendo devido ao trabalho comprometido das pol\u00edcias, visando tornar a cidade de Sobral cada vez mais segura\u201d aponta.<\/p>\n","protected":false},"excerpt":{"rendered":"<p>Intensificar a presen\u00e7a da Pol\u00edcia Militar em locais com o maior n\u00famero de assaltos e&#8230;<\/p>\n","protected":false},"author":1,"featured_media":10368,"comment_status":"open","ping_status":"open","sticky":false,"template":"","format":"standard","meta":{"_jetpack_memberships_contains_paid_content":false,"footnotes":"","jetpack_publicize_message":"","jetpack_publicize_feature_enabled":true,"jetpack_social_post_already_shared":true,"jetpack_social_options":{"image_generator_settings":{"template":"highway","default_image_id":0,"font":"","enabled":false},"version":2}},"categories":[1],"tags":[],"class_list":["post-10366","post","type-post","status-publish","format-standard","has-post-thumbnail","hentry","category-atualidade"],"jetpack_publicize_connections":[],"jetpack_featured_media_url":"https:\/\/correiodasemana.com\/site\/wp-content\/uploads\/2020\/01\/uniseg1.jpg","jetpack-related-posts":[{"id":9172,"url":"https:\/\/correiodasemana.com\/site\/politicas-publicas-contribuem-para-reducao-da-criminalidade-em-sobral\/","url_meta":{"origin":10366,"position":0},"title":"Pol\u00edticas p\u00fablicas contribuem para redu\u00e7\u00e3o da criminalidade em Sobral","author":"","date":"Setembro 23, 2019","format":false,"excerpt":"A ocupa\u00e7\u00e3o cultural dos espa\u00e7os p\u00fablicos aliada \u00e0s a\u00e7\u00f5es de combate e preven\u00e7\u00e3o \u00e0 criminalidade proporcionou mais seguran\u00e7a \u00e0 popula\u00e7\u00e3o de Sobral. Apesar da viol\u00eancia ser uma problem\u00e1tica nacional, os \u00f3rg\u00e3os p\u00fablicos do estado cearense t\u00eam investido constantemente em pol\u00edticas p\u00fablicas efetivas baseadas no trabalho de intelig\u00eancia policial, media\u00e7\u00e3o de\u2026","rel":"","context":"In &quot;Atualidade&quot;","block_context":{"text":"Atualidade","link":"https:\/\/correiodasemana.com\/site\/category\/atualidade\/"},"img":{"alt_text":"","src":"https:\/\/i0.wp.com\/correiodasemana.com\/site\/wp-content\/uploads\/2019\/09\/Uniseg.jpg?resize=350%2C200&ssl=1","width":350,"height":200,"srcset":"https:\/\/i0.wp.com\/correiodasemana.com\/site\/wp-content\/uploads\/2019\/09\/Uniseg.jpg?resize=350%2C200&ssl=1 1x, https:\/\/i0.wp.com\/correiodasemana.com\/site\/wp-content\/uploads\/2019\/09\/Uniseg.jpg?resize=525%2C300&ssl=1 1.5x, https:\/\/i0.wp.com\/correiodasemana.com\/site\/wp-content\/uploads\/2019\/09\/Uniseg.jpg?resize=700%2C400&ssl=1 2x"},"classes":[]},{"id":37276,"url":"https:\/\/correiodasemana.com\/site\/ceara-registra-reducao-de-423-nos-roubos-em-janeiro-de-2026-e-o-melhor-resultado-da-serie-historica\/","url_meta":{"origin":10366,"position":1},"title":"Cear\u00e1 registra redu\u00e7\u00e3o de 42,3% nos roubos em janeiro de 2026; \u00e9 o melhor resultado da s\u00e9rie hist\u00f3rica","author":"adminredacao","date":"Fevereiro 11, 2026","format":false,"excerpt":"Por Ascom SSPDS\u00a0- Texto e Infografia Como resultado do trabalho ininterrupto das For\u00e7as de Seguran\u00e7a do Cear\u00e1, os Crimes Violentos contra o Patrim\u00f4nio (CVP), que englobam todos os tipos de roubo, exceto o latroc\u00ednio, apresentaram redu\u00e7\u00e3o em todas as regi\u00f5es do estado em janeiro de 2026. No Cear\u00e1, a diminui\u00e7\u00e3o\u2026","rel":"","context":"In &quot;Atualidade&quot;","block_context":{"text":"Atualidade","link":"https:\/\/correiodasemana.com\/site\/category\/atualidade\/"},"img":{"alt_text":"","src":"https:\/\/i0.wp.com\/correiodasemana.com\/site\/wp-content\/uploads\/2023\/10\/mj-ministerio-da-justica-e-seguranca-publica.png?resize=350%2C200&ssl=1","width":350,"height":200,"srcset":"https:\/\/i0.wp.com\/correiodasemana.com\/site\/wp-content\/uploads\/2023\/10\/mj-ministerio-da-justica-e-seguranca-publica.png?resize=350%2C200&ssl=1 1x, https:\/\/i0.wp.com\/correiodasemana.com\/site\/wp-content\/uploads\/2023\/10\/mj-ministerio-da-justica-e-seguranca-publica.png?resize=525%2C300&ssl=1 1.5x, https:\/\/i0.wp.com\/correiodasemana.com\/site\/wp-content\/uploads\/2023\/10\/mj-ministerio-da-justica-e-seguranca-publica.png?resize=700%2C400&ssl=1 2x"},"classes":[]},{"id":22483,"url":"https:\/\/correiodasemana.com\/site\/ceara-teve-media-de-21-veiculos-roubados-por-dia-entre-janeiro-e-novembro-de-2022\/","url_meta":{"origin":10366,"position":2},"title":"Cear\u00e1 teve m\u00e9dia de 21 ve\u00edculos roubados por dia entre janeiro e novembro de 2022","author":"","date":"Janeiro 3, 2023","format":false,"excerpt":"O Cear\u00e1 teve m\u00e9dia de 21 ve\u00edculos roubados por dia entre janeiro e novembro de 2022, conforme dados da Secretaria da Seguran\u00e7a P\u00fablica e Defesa Social (SSPDS). Em 11 meses, o n\u00famero de ocorr\u00eancias registradas no Estado chegou a 6.970. Na compara\u00e7\u00e3o com o mesmo intervalo de 2021, houve uma\u2026","rel":"","context":"In &quot;Atualidade&quot;","block_context":{"text":"Atualidade","link":"https:\/\/correiodasemana.com\/site\/category\/atualidade\/"},"img":{"alt_text":"","src":"https:\/\/i0.wp.com\/correiodasemana.com\/site\/wp-content\/uploads\/2023\/01\/0055.jpg?resize=350%2C200&ssl=1","width":350,"height":200,"srcset":"https:\/\/i0.wp.com\/correiodasemana.com\/site\/wp-content\/uploads\/2023\/01\/0055.jpg?resize=350%2C200&ssl=1 1x, https:\/\/i0.wp.com\/correiodasemana.com\/site\/wp-content\/uploads\/2023\/01\/0055.jpg?resize=525%2C300&ssl=1 1.5x, https:\/\/i0.wp.com\/correiodasemana.com\/site\/wp-content\/uploads\/2023\/01\/0055.jpg?resize=700%2C400&ssl=1 2x"},"classes":[]},{"id":17606,"url":"https:\/\/correiodasemana.com\/site\/sobral-recebeu-secretario-de-seguranca-do-ceara-em-reuniao-sobre-reducao-de-indicadores-criminais\/","url_meta":{"origin":10366,"position":3},"title":"Sobral recebeu Secret\u00e1rio de Seguran\u00e7a do Cear\u00e1 em reuni\u00e3o sobre redu\u00e7\u00e3o de indicadores criminais","author":"","date":"Setembro 26, 2021","format":false,"excerpt":"Por Samuel Carvalho Reda\u00e7\u00e3o Correio da Semana A Secretaria da Seguran\u00e7a P\u00fablica e Defesa Social (SSPDS) esteve na \u00faltima ter\u00e7a-feira (21) em Sobral , para alinhar estrat\u00e9gias que impactem positivamente nas estat\u00edsticas criminais do munic\u00edpio. Esetve presente o secret\u00e1rio da SSPDS, Sandro Caron, que concedeu coletiva de imprensa sobre os\u2026","rel":"","context":"In &quot;Atualidade&quot;","block_context":{"text":"Atualidade","link":"https:\/\/correiodasemana.com\/site\/category\/atualidade\/"},"img":{"alt_text":"","src":"https:\/\/i0.wp.com\/correiodasemana.com\/site\/wp-content\/uploads\/2021\/09\/crime.jpeg?resize=350%2C200&ssl=1","width":350,"height":200,"srcset":"https:\/\/i0.wp.com\/correiodasemana.com\/site\/wp-content\/uploads\/2021\/09\/crime.jpeg?resize=350%2C200&ssl=1 1x, https:\/\/i0.wp.com\/correiodasemana.com\/site\/wp-content\/uploads\/2021\/09\/crime.jpeg?resize=525%2C300&ssl=1 1.5x"},"classes":[]},{"id":20200,"url":"https:\/\/correiodasemana.com\/site\/comite-deliberativo-do-ceara-pacifico-apresenta-reducao-de-54-dos-homicidios-em-sobral\/","url_meta":{"origin":10366,"position":4},"title":"Comit\u00ea Deliberativo do Cear\u00e1 Pac\u00edfico apresenta redu\u00e7\u00e3o de 54% dos homic\u00eddios em Sobral","author":"","date":"Junho 19, 2022","format":false,"excerpt":"Fonte: Assessoria de imprensa da prefeitura de Sobral Nesta quarta-feira (08\/06), o Comit\u00ea Deliberativo do Pacto por um Cear\u00e1 Pac\u00edfico voltou a se reunir para debater e planejar as pol\u00edticas p\u00fablicas integradas entre os \u00f3rg\u00e3os de Seguran\u00e7a em Sobral. Dados apresentados pela Pol\u00edcia Militar, revelam redu\u00e7\u00e3o de 54% dos homic\u00eddios\u2026","rel":"","context":"In &quot;Atualidade&quot;","block_context":{"text":"Atualidade","link":"https:\/\/correiodasemana.com\/site\/category\/atualidade\/"},"img":{"alt_text":"","src":"https:\/\/i0.wp.com\/correiodasemana.com\/site\/wp-content\/uploads\/2022\/06\/01_545515dd-df79-4157-be5b-8f5fbc9efc5e.jpg?resize=350%2C200&ssl=1","width":350,"height":200,"srcset":"https:\/\/i0.wp.com\/correiodasemana.com\/site\/wp-content\/uploads\/2022\/06\/01_545515dd-df79-4157-be5b-8f5fbc9efc5e.jpg?resize=350%2C200&ssl=1 1x, https:\/\/i0.wp.com\/correiodasemana.com\/site\/wp-content\/uploads\/2022\/06\/01_545515dd-df79-4157-be5b-8f5fbc9efc5e.jpg?resize=525%2C300&ssl=1 1.5x, https:\/\/i0.wp.com\/correiodasemana.com\/site\/wp-content\/uploads\/2022\/06\/01_545515dd-df79-4157-be5b-8f5fbc9efc5e.jpg?resize=700%2C400&ssl=1 2x, https:\/\/i0.wp.com\/correiodasemana.com\/site\/wp-content\/uploads\/2022\/06\/01_545515dd-df79-4157-be5b-8f5fbc9efc5e.jpg?resize=1050%2C600&ssl=1 3x"},"classes":[]},{"id":21852,"url":"https:\/\/correiodasemana.com\/site\/forcas-de-seguranca-do-ceara-apreenderam-mais-de-cinco-mil-armas-entre-janeiro-e-outubro-de-2022\/","url_meta":{"origin":10366,"position":5},"title":"For\u00e7as de Seguran\u00e7a do Cear\u00e1 apreenderam mais de cinco mil armas entre janeiro e outubro de 2022","author":"","date":"Novembro 28, 2022","format":false,"excerpt":"Somente em Fortaleza, foram 1.456 armas recolhidas, o que representa o aumento de 7,1% em compara\u00e7\u00e3o com o mesmo per\u00edodo em 2021 Ascom SSPDS\u00a0- Texto Com a\u00e7\u00f5es estrat\u00e9gicas e integradas, as Pol\u00edcias Militar e Civil do Cear\u00e1 apreenderam 5.379 armas de fogo entre janeiro e outubro deste ano, em todo\u2026","rel":"","context":"In &quot;Atualidade&quot;","block_context":{"text":"Atualidade","link":"https:\/\/correiodasemana.com\/site\/category\/atualidade\/"},"img":{"alt_text":"","src":"https:\/\/i0.wp.com\/correiodasemana.com\/site\/wp-content\/uploads\/2022\/11\/uso-arma-fogo-1.webp?resize=350%2C200&ssl=1","width":350,"height":200,"srcset":"https:\/\/i0.wp.com\/correiodasemana.com\/site\/wp-content\/uploads\/2022\/11\/uso-arma-fogo-1.webp?resize=350%2C200&ssl=1 1x, https:\/\/i0.wp.com\/correiodasemana.com\/site\/wp-content\/uploads\/2022\/11\/uso-arma-fogo-1.webp?resize=525%2C300&ssl=1 1.5x"},"classes":[]}],"jetpack_sharing_enabled":true,"_links":{"self":[{"href":"https:\/\/correiodasemana.com\/site\/wp-json\/wp\/v2\/posts\/10366","targetHints":{"allow":["GET"]}}],"collection":[{"href":"https:\/\/correiodasemana.com\/site\/wp-json\/wp\/v2\/posts"}],"about":[{"href":"https:\/\/correiodasemana.com\/site\/wp-json\/wp\/v2\/types\/post"}],"author":[{"embeddable":true,"href":"https:\/\/correiodasemana.com\/site\/wp-json\/wp\/v2\/users\/1"}],"replies":[{"embeddable":true,"href":"https:\/\/correiodasemana.com\/site\/wp-json\/wp\/v2\/comments?post=10366"}],"version-history":[{"count":1,"href":"https:\/\/correiodasemana.com\/site\/wp-json\/wp\/v2\/posts\/10366\/revisions"}],"predecessor-version":[{"id":10369,"href":"https:\/\/correiodasemana.com\/site\/wp-json\/wp\/v2\/posts\/10366\/revisions\/10369"}],"wp:featuredmedia":[{"embeddable":true,"href":"https:\/\/correiodasemana.com\/site\/wp-json\/wp\/v2\/media\/10368"}],"wp:attachment":[{"href":"https:\/\/correiodasemana.com\/site\/wp-json\/wp\/v2\/media?parent=10366"}],"wp:term":[{"taxonomy":"category","embeddable":true,"href":"https:\/\/correiodasemana.com\/site\/wp-json\/wp\/v2\/categories?post=10366"},{"taxonomy":"post_tag","embeddable":true,"href":"https:\/\/correiodasemana.com\/site\/wp-json\/wp\/v2\/tags?post=10366"}],"curies":[{"name":"wp","href":"https:\/\/api.w.org\/{rel}","templated":true}]}}