{"id":10370,"date":"2020-01-05T04:04:59","date_gmt":"2020-01-05T04:04:59","guid":{"rendered":"https:\/\/correiodasemana.com\/site\/?p=10370"},"modified":"2020-01-05T04:05:32","modified_gmt":"2020-01-05T04:05:32","slug":"becco-ponto-com-24","status":"publish","type":"post","link":"https:\/\/correiodasemana.com\/site\/becco-ponto-com-24\/","title":{"rendered":"Becco ponto Com"},"content":{"rendered":"<p><strong>SOBRALIDADE<\/strong><br \/>\nPOETA: CHICO PRADO<\/p>\n<p>Sobral de cenas fortes t\u00e3o amadas<br \/>\ncenas de sempre servir ao pr\u00f3ximo<br \/>\nterra de bravos homens do amanh\u00e3<br \/>\nbras\u00e3o de honestidade t\u00e3o hist\u00f3rico<br \/>\namor ao que faz pelo torr\u00e3o natal<br \/>\nliberdade de viver para o futuro.<br \/>\nIlus\u00e3o de fazer sempre s\u00f3 o bem<br \/>\ndestino dos fortes pregando paz<br \/>\ntorr\u00e3o do futuro para hist\u00f3ria<br \/>\nterra m\u00e3e amada por seus filhos<br \/>\nSobral de sonhos do amanh\u00e3,<br \/>\nterra adorada salve, salve, Sobral!<br \/>\nFOTOS: ARCO E DO BECCO DO COTOVELO<\/p>\n","protected":false},"excerpt":{"rendered":"<p>SOBRALIDADE POETA: CHICO PRADO Sobral de cenas fortes t\u00e3o amadas cenas de sempre servir ao&#8230;<\/p>\n","protected":false},"author":1,"featured_media":8224,"comment_status":"open","ping_status":"open","sticky":false,"template":"","format":"standard","meta":{"_jetpack_memberships_contains_paid_content":false,"footnotes":"","jetpack_publicize_message":"","jetpack_publicize_feature_enabled":true,"jetpack_social_post_already_shared":true,"jetpack_social_options":{"image_generator_settings":{"template":"highway","default_image_id":0,"font":"","enabled":false},"version":2}},"categories":[11,12],"tags":[],"class_list":["post-10370","post","type-post","status-publish","format-standard","has-post-thumbnail","hentry","category-artigos","category-de-olho-na-lingua"],"jetpack_publicize_connections":[],"jetpack_featured_media_url":"https:\/\/correiodasemana.com\/site\/wp-content\/uploads\/2019\/07\/becco.jpg","jetpack-related-posts":[{"id":29848,"url":"https:\/\/correiodasemana.com\/site\/becco-ponto-com-174\/","url_meta":{"origin":10370,"position":0},"title":"Becco ponto Com","author":"adminredacao","date":"Julho 8, 2024","format":false,"excerpt":"LIVRAI-NOS, SENHOR! Das artimanhas pol\u00edticas a vir ser encomendas nesta campanha t\u00e3o nossa. Viva a democracia! NOTICIANDO Parab\u00e9ns, a nossa cidade Princesa em comemorar 251 anos de hist\u00f3rias vivas e bem contadas na mem\u00f3ria de um povo bom, pacato e ordeiro. Viva a nossa bela e amada Princesa do Norte!\u2026","rel":"","context":"In &quot;Becco Ponto Com&quot;","block_context":{"text":"Becco Ponto Com","link":"https:\/\/correiodasemana.com\/site\/category\/becco-ponto-com\/"},"img":{"alt_text":"","src":"https:\/\/i0.wp.com\/correiodasemana.com\/site\/wp-content\/uploads\/2021\/09\/Dr-Chico-Prado-Trofeu-Dom-Jose-1-1.jpg?resize=350%2C200&ssl=1","width":350,"height":200,"srcset":"https:\/\/i0.wp.com\/correiodasemana.com\/site\/wp-content\/uploads\/2021\/09\/Dr-Chico-Prado-Trofeu-Dom-Jose-1-1.jpg?resize=350%2C200&ssl=1 1x, https:\/\/i0.wp.com\/correiodasemana.com\/site\/wp-content\/uploads\/2021\/09\/Dr-Chico-Prado-Trofeu-Dom-Jose-1-1.jpg?resize=525%2C300&ssl=1 1.5x, https:\/\/i0.wp.com\/correiodasemana.com\/site\/wp-content\/uploads\/2021\/09\/Dr-Chico-Prado-Trofeu-Dom-Jose-1-1.jpg?resize=700%2C400&ssl=1 2x"},"classes":[]},{"id":10024,"url":"https:\/\/correiodasemana.com\/site\/uma-cidade-chamada-becco-do-cotovelo\/","url_meta":{"origin":10370,"position":1},"title":"Uma cidade chamada Becco do Cotovelo","author":"","date":"Dezembro 2, 2019","format":false,"excerpt":"Por Francisco Anast\u00e1cio Arag\u00e3o Prado Vagar pelo Becco e n\u00e3o respirar popularidade nos seus quatro cantos, \u00e9 mesmo deixar de ver a vida corriqueira de um povo bom e ordeiro que induz amizade e amor por seu torr\u00e3o natal amado e cantado em verso e prosa no hoje. \u00c9 bom\u2026","rel":"","context":"In &quot;Atualidade&quot;","block_context":{"text":"Atualidade","link":"https:\/\/correiodasemana.com\/site\/category\/atualidade\/"},"img":{"alt_text":"","src":"https:\/\/i0.wp.com\/correiodasemana.com\/site\/wp-content\/uploads\/2019\/07\/becco.jpg?resize=350%2C200&ssl=1","width":350,"height":200,"srcset":"https:\/\/i0.wp.com\/correiodasemana.com\/site\/wp-content\/uploads\/2019\/07\/becco.jpg?resize=350%2C200&ssl=1 1x, https:\/\/i0.wp.com\/correiodasemana.com\/site\/wp-content\/uploads\/2019\/07\/becco.jpg?resize=525%2C300&ssl=1 1.5x, https:\/\/i0.wp.com\/correiodasemana.com\/site\/wp-content\/uploads\/2019\/07\/becco.jpg?resize=700%2C400&ssl=1 2x"},"classes":[]},{"id":34217,"url":"https:\/\/correiodasemana.com\/site\/becco-ponto-com-218\/","url_meta":{"origin":10370,"position":2},"title":"BECCO PONTO.COM","author":"adminredacao","date":"Junho 16, 2025","format":false,"excerpt":"LIVRAI-NOS, SENHOR! Das paradas modernas e pol\u00edticas: \u201ct\u00f4 no voto\u201d, ufa! Das quadrilhas p\u00e3o e circo para o pov\u00e3o, j\u00e1 aqui. Da famosa cpi da Santa Casa vai da pizza de novo. Da ruma de cursos formando analfabetos, logo. Do bl\u00e1 bl\u00e1 bl\u00e1 do golpe virando pizza no pa\u00eds. Ui!\u2026","rel":"","context":"In &quot;Artigos&quot;","block_context":{"text":"Artigos","link":"https:\/\/correiodasemana.com\/site\/category\/artigos\/"},"img":{"alt_text":"","src":"https:\/\/i0.wp.com\/correiodasemana.com\/site\/wp-content\/uploads\/2021\/09\/Dr-Chico-Prado-Trofeu-Dom-Jose-1-1.jpg?resize=350%2C200&ssl=1","width":350,"height":200,"srcset":"https:\/\/i0.wp.com\/correiodasemana.com\/site\/wp-content\/uploads\/2021\/09\/Dr-Chico-Prado-Trofeu-Dom-Jose-1-1.jpg?resize=350%2C200&ssl=1 1x, https:\/\/i0.wp.com\/correiodasemana.com\/site\/wp-content\/uploads\/2021\/09\/Dr-Chico-Prado-Trofeu-Dom-Jose-1-1.jpg?resize=525%2C300&ssl=1 1.5x, https:\/\/i0.wp.com\/correiodasemana.com\/site\/wp-content\/uploads\/2021\/09\/Dr-Chico-Prado-Trofeu-Dom-Jose-1-1.jpg?resize=700%2C400&ssl=1 2x"},"classes":[]},{"id":10764,"url":"https:\/\/correiodasemana.com\/site\/becco-ponto-com-29\/","url_meta":{"origin":10370,"position":3},"title":"Becco ponto Com","author":"","date":"Fevereiro 10, 2020","format":false,"excerpt":"Livrai-nos, Senhor! da contamina\u00e7\u00e3o do coronav\u00edrus t\u00e3o badalado. do carnaval nas ladeiras da serra da meruoca. da invas\u00e3o das pra\u00e7as que \u00e9 um verdadeiro carnaval. dos doutores analfabetizados via cursos pagos. dos puxa sacos por amor ao poder carneirinhos. dos carnavais do p\u00e3o e circo puxando votos, ufa! dos famosos\u2026","rel":"","context":"In &quot;Artigos&quot;","block_context":{"text":"Artigos","link":"https:\/\/correiodasemana.com\/site\/category\/artigos\/"},"img":{"alt_text":"","src":"https:\/\/i0.wp.com\/correiodasemana.com\/site\/wp-content\/uploads\/2020\/02\/Vilma-Vasconcelos-Becco-do-Cotovelo111111-1.jpg?resize=350%2C200&ssl=1","width":350,"height":200,"srcset":"https:\/\/i0.wp.com\/correiodasemana.com\/site\/wp-content\/uploads\/2020\/02\/Vilma-Vasconcelos-Becco-do-Cotovelo111111-1.jpg?resize=350%2C200&ssl=1 1x, https:\/\/i0.wp.com\/correiodasemana.com\/site\/wp-content\/uploads\/2020\/02\/Vilma-Vasconcelos-Becco-do-Cotovelo111111-1.jpg?resize=525%2C300&ssl=1 1.5x, https:\/\/i0.wp.com\/correiodasemana.com\/site\/wp-content\/uploads\/2020\/02\/Vilma-Vasconcelos-Becco-do-Cotovelo111111-1.jpg?resize=700%2C400&ssl=1 2x, https:\/\/i0.wp.com\/correiodasemana.com\/site\/wp-content\/uploads\/2020\/02\/Vilma-Vasconcelos-Becco-do-Cotovelo111111-1.jpg?resize=1050%2C600&ssl=1 3x"},"classes":[]},{"id":17295,"url":"https:\/\/correiodasemana.com\/site\/becco-ponto-com-50\/","url_meta":{"origin":10370,"position":4},"title":"Becco ponto Com","author":"","date":"Agosto 23, 2021","format":false,"excerpt":"LIVRAI-NOS, SENHOR! 01. Das visitas pol\u00edticas em tempo de votos. 02. Dos cursos fabricando analfas dia a dia. 03. Dos puxa-sacos votando nos corruptos. 04. Dos ricos pobres em bares t\u00e3o solit\u00e1rios. 05. Das santas urnas eletr\u00f4nicas do voto, ui! 06. Da alta dos pre\u00e7os dos combust\u00edveis aqui. 07. Das\u2026","rel":"","context":"In &quot;Artigos&quot;","block_context":{"text":"Artigos","link":"https:\/\/correiodasemana.com\/site\/category\/artigos\/"},"img":{"alt_text":"","src":"https:\/\/i0.wp.com\/correiodasemana.com\/site\/wp-content\/uploads\/2021\/04\/Chico-Prado-22.jpg?resize=350%2C200&ssl=1","width":350,"height":200,"srcset":"https:\/\/i0.wp.com\/correiodasemana.com\/site\/wp-content\/uploads\/2021\/04\/Chico-Prado-22.jpg?resize=350%2C200&ssl=1 1x, https:\/\/i0.wp.com\/correiodasemana.com\/site\/wp-content\/uploads\/2021\/04\/Chico-Prado-22.jpg?resize=525%2C300&ssl=1 1.5x, https:\/\/i0.wp.com\/correiodasemana.com\/site\/wp-content\/uploads\/2021\/04\/Chico-Prado-22.jpg?resize=700%2C400&ssl=1 2x"},"classes":[]},{"id":16475,"url":"https:\/\/correiodasemana.com\/site\/becco-ponto-com-39\/","url_meta":{"origin":10370,"position":5},"title":"Becco ponto Com","author":"","date":"Maio 17, 2021","format":false,"excerpt":"Livrai-nos, Senhor! Dos alaridos pol\u00edticos picaretas e corruptos. Da falta da vacina. Vergonha para um pa\u00eds doente. Dos pobres nas filas da morte da covid, 400 mil, ui! Da matan\u00e7a de um povo doente por fome e justi\u00e7a. Dos marreteiros do voto do povo de 4 em 4 anos. Dos\u2026","rel":"","context":"In &quot;Artigos&quot;","block_context":{"text":"Artigos","link":"https:\/\/correiodasemana.com\/site\/category\/artigos\/"},"img":{"alt_text":"","src":"https:\/\/i0.wp.com\/correiodasemana.com\/site\/wp-content\/uploads\/2021\/04\/Chico-Prado-22.jpg?resize=350%2C200&ssl=1","width":350,"height":200,"srcset":"https:\/\/i0.wp.com\/correiodasemana.com\/site\/wp-content\/uploads\/2021\/04\/Chico-Prado-22.jpg?resize=350%2C200&ssl=1 1x, https:\/\/i0.wp.com\/correiodasemana.com\/site\/wp-content\/uploads\/2021\/04\/Chico-Prado-22.jpg?resize=525%2C300&ssl=1 1.5x, https:\/\/i0.wp.com\/correiodasemana.com\/site\/wp-content\/uploads\/2021\/04\/Chico-Prado-22.jpg?resize=700%2C400&ssl=1 2x"},"classes":[]}],"jetpack_sharing_enabled":true,"_links":{"self":[{"href":"https:\/\/correiodasemana.com\/site\/wp-json\/wp\/v2\/posts\/10370","targetHints":{"allow":["GET"]}}],"collection":[{"href":"https:\/\/correiodasemana.com\/site\/wp-json\/wp\/v2\/posts"}],"about":[{"href":"https:\/\/correiodasemana.com\/site\/wp-json\/wp\/v2\/types\/post"}],"author":[{"embeddable":true,"href":"https:\/\/correiodasemana.com\/site\/wp-json\/wp\/v2\/users\/1"}],"replies":[{"embeddable":true,"href":"https:\/\/correiodasemana.com\/site\/wp-json\/wp\/v2\/comments?post=10370"}],"version-history":[{"count":1,"href":"https:\/\/correiodasemana.com\/site\/wp-json\/wp\/v2\/posts\/10370\/revisions"}],"predecessor-version":[{"id":10371,"href":"https:\/\/correiodasemana.com\/site\/wp-json\/wp\/v2\/posts\/10370\/revisions\/10371"}],"wp:featuredmedia":[{"embeddable":true,"href":"https:\/\/correiodasemana.com\/site\/wp-json\/wp\/v2\/media\/8224"}],"wp:attachment":[{"href":"https:\/\/correiodasemana.com\/site\/wp-json\/wp\/v2\/media?parent=10370"}],"wp:term":[{"taxonomy":"category","embeddable":true,"href":"https:\/\/correiodasemana.com\/site\/wp-json\/wp\/v2\/categories?post=10370"},{"taxonomy":"post_tag","embeddable":true,"href":"https:\/\/correiodasemana.com\/site\/wp-json\/wp\/v2\/tags?post=10370"}],"curies":[{"name":"wp","href":"https:\/\/api.w.org\/{rel}","templated":true}]}}