{"id":10372,"date":"2020-01-05T04:08:59","date_gmt":"2020-01-05T04:08:59","guid":{"rendered":"https:\/\/correiodasemana.com\/site\/?p=10372"},"modified":"2020-01-05T04:08:59","modified_gmt":"2020-01-05T04:08:59","slug":"favela-no-campo-e-o-fim","status":"publish","type":"post","link":"https:\/\/correiodasemana.com\/site\/favela-no-campo-e-o-fim\/","title":{"rendered":"Favela no campo \u00e9 o fim"},"content":{"rendered":"<p><strong>Os sistemas de favelas s\u00f3 funcionam nas grandes cidades. Mentira, pois conhe\u00e7o uma favela com todos os percal\u00e7os sociais, encravada no meio das montanhas da Serra da Meruoca, bem ali no distrito de S\u00e3o Francisco. Favela sim, doa a quem doer.<\/strong><\/p>\n<p>A hist\u00f3ria desta vila foi seguinte: havia uma fam\u00edlia (Ripardo) propriet\u00e1ria de boa parte das terras do distrito. No final dos anos de 1940, grande parte destas terras j\u00e1 havia sido divida e vendida para as fam\u00edlias Ferreira Gomes, Rangel, Randal, Frota, Barbosa Paula Pessoa, Melo entre outras.<br \/>\nAp\u00f3s este retalhamento, uma senhora muito religiosa veio e construiu uma capelinha de Cristo Rei. Em seguida, um descendente da fam\u00edlia Ripardo (Francisco Andelmo) abriu uma casa de com\u00e9rcio, na verdade, uma mistura de mercearia, ponto de compra e melhoramento de chap\u00e9u de palha, compra de castanha de caju, coco baba\u00e7u, al\u00e9m da cria\u00e7\u00e3o e abate de animais (bovino, su\u00edno e ovino), para suprir a demanda da popula\u00e7\u00e3o local e a de veraneio. Nesta \u00e9poca, as fam\u00edlias menos abastadas moravam de agregados em r\u00fasticas casas de taipa nos s\u00edtios e tinham os donos como patr\u00f5es.<br \/>\nNa d\u00e9cada de 1970, S\u00e3o Francisco j\u00e1 era alvo de cobi\u00e7a para candidatos a prefeito e vereador. E seu Andelmo, j\u00e1 instalado ali como comerciante e agropecuarista, servia de refer\u00eancia para os eventos de qualquer ordem na localidade. Depois dessa \u00e9poca, a maior reclama\u00e7\u00e3o dos moradores era a falta de uma casinha de alvenaria que eles pudessem chamar de sua. Os pol\u00edticos, de olho neste expressivo contingente eleitoral salpicado pelas encostas da localidade, come\u00e7aram a fazer permutas bem rent\u00e1veis para si, pois o resultado era bastante positivo nas urnas. \u201cVote em mim que lhe dou uma casinha de tijolo na rua\u201d,diziam eles. A rua, um pequeno ind\u00edcio da favela que hoje se transformou.<br \/>\nAgora, para n\u00e3o dizer que estou inventado, v\u00e1 l\u00e1 e veja. Muitas pessoas provindas de v\u00e1rias localidades se misturam \u00e0s da sede S\u00e3o Francisco e se concentram em vielas mal projetas, sem as m\u00ednimas condi\u00e7\u00f5es sanit\u00e1rias. O ac\u00famulo do lixo \u00e9 o cart\u00e3o postal da entrada da pracinha principal. Um vasilhame repleto e lixo. E mais lixo espalhado pelos arredores por a\u00e7\u00e3o de catadores, de urubus, cachorros, gatos e galinha. Um fedor instalado na beira da via principal, uma nuvem de moscas que invade as casas mais pr\u00f3ximas. Esses indesej\u00e1veis res\u00edduos esperam por dias pela coleta da Prefeitura que deveria ser di\u00e1ria.<br \/>\nQuando chamo estes arruados de favelas n\u00e3o \u00e9 que eu queira depreciar a comunidade, pelo contr\u00e1rio, eu gostaria que a popula\u00e7\u00e3o partilhasse a ordem, a organiza\u00e7\u00e3o, os bons costumes, o conforto. Mas \u00e9 s\u00f3 olhar, o vilarejo incha naquela localidade enquanto os servi\u00e7os de infraestrururas engatinham. Este n\u00edvel de mentalidade das autoridades parece subsidiar maus h\u00e1bitos, a\u00e7\u00f5es antissociais destas popula\u00e7\u00f5es que cortam cerca de s\u00edtios vivinhos, constroem em terrenos que n\u00e3o lhes pertencem, desviam bueiros e fossas para os terras com cultivo de frutas. E se organizam para perpetrar tais delitos com muita naturalidade.<br \/>\nSei tamb\u00e9m que este tipo se organiza\u00e7\u00e3o dentro das comunidades rende votos para pol\u00edticos. \u00c9 por isso que eles n\u00e3o se interessam em resolver o problema. Enquanto um n\u00famero expressivo se une por uma causa injusta, o candidato vai l\u00e1 toma o partido da maioria e lhe cobre de raz\u00e3o, pensando nas elei\u00e7\u00f5es.<\/p>\n","protected":false},"excerpt":{"rendered":"<p>Os sistemas de favelas s\u00f3 funcionam nas grandes cidades. Mentira, pois conhe\u00e7o uma favela com&#8230;<\/p>\n","protected":false},"author":1,"featured_media":10373,"comment_status":"open","ping_status":"open","sticky":false,"template":"","format":"standard","meta":{"_jetpack_memberships_contains_paid_content":false,"footnotes":"","jetpack_publicize_message":"","jetpack_publicize_feature_enabled":true,"jetpack_social_post_already_shared":true,"jetpack_social_options":{"image_generator_settings":{"template":"highway","default_image_id":0,"font":"","enabled":false},"version":2}},"categories":[11,68],"tags":[],"class_list":["post-10372","post","type-post","status-publish","format-standard","has-post-thumbnail","hentry","category-artigos","category-fatos-e-impacto"],"jetpack_publicize_connections":[],"jetpack_featured_media_url":"https:\/\/correiodasemana.com\/site\/wp-content\/uploads\/2020\/01\/Meruoca-Tabocas-Serra-da-Meruoca-Claudio-Oliveira-Lima-scaled.jpg","jetpack-related-posts":[{"id":13740,"url":"https:\/\/correiodasemana.com\/site\/projeto-maes-da-favela-quer-conectar-a-internet-2-milhoes-de-pessoas\/","url_meta":{"origin":10372,"position":0},"title":"Projeto M\u00e3es da Favela quer conectar \u00e0 internet 2 milh\u00f5es de pessoas","author":"","date":"Setembro 28, 2020","format":false,"excerpt":"Programa se expandir\u00e1 por todo o pa\u00eds Depois de ser lan\u00e7ado ontem (24) na Favela de Heli\u00f3polis, em S\u00e3o Paulo, o projeto M\u00e3es da Favela ON foi inaugurado dia (25) na Favela da Rocinha, no Rio de Janeiro, numa a\u00e7\u00e3o conjunta da Central \u00danica das Favelas (Cufa), Comunidade Door e\u2026","rel":"","context":"In &quot;Atualidade&quot;","block_context":{"text":"Atualidade","link":"https:\/\/correiodasemana.com\/site\/category\/atualidade\/"},"img":{"alt_text":"","src":"https:\/\/i0.wp.com\/correiodasemana.com\/site\/wp-content\/uploads\/2020\/09\/1091736-ferfraz_abr_20170922_160815_1.jpg?resize=350%2C200&ssl=1","width":350,"height":200,"srcset":"https:\/\/i0.wp.com\/correiodasemana.com\/site\/wp-content\/uploads\/2020\/09\/1091736-ferfraz_abr_20170922_160815_1.jpg?resize=350%2C200&ssl=1 1x, https:\/\/i0.wp.com\/correiodasemana.com\/site\/wp-content\/uploads\/2020\/09\/1091736-ferfraz_abr_20170922_160815_1.jpg?resize=525%2C300&ssl=1 1.5x, https:\/\/i0.wp.com\/correiodasemana.com\/site\/wp-content\/uploads\/2020\/09\/1091736-ferfraz_abr_20170922_160815_1.jpg?resize=700%2C400&ssl=1 2x, https:\/\/i0.wp.com\/correiodasemana.com\/site\/wp-content\/uploads\/2020\/09\/1091736-ferfraz_abr_20170922_160815_1.jpg?resize=1050%2C600&ssl=1 3x"},"classes":[]},{"id":37827,"url":"https:\/\/correiodasemana.com\/site\/a-atuacao-da-igreja-na-luta-por-moradia\/","url_meta":{"origin":10372,"position":1},"title":"A atua\u00e7\u00e3o da Igreja na luta por moradia","author":"adminredacao","date":"Mar\u00e7o 20, 2026","format":false,"excerpt":"Dando continuidade \u00e0s reflex\u00f5es que temos feito, nesta quaresma, sobre a Campanha da Fraternidade (CF) 2026, queremos celebrar a atua\u00e7\u00e3o hist\u00f3rica da Igreja e as conquistas de pol\u00edticas p\u00fablicas por parte da popula\u00e7\u00e3o que sofre com o problema da moradia. Reafirmando a evang\u00e9lica op\u00e7\u00e3o preferencial pelos pobres, a CF recorda\u2026","rel":"","context":"In &quot;Artigos&quot;","block_context":{"text":"Artigos","link":"https:\/\/correiodasemana.com\/site\/category\/artigos\/"},"img":{"alt_text":"","src":"https:\/\/i0.wp.com\/correiodasemana.com\/site\/wp-content\/uploads\/2019\/07\/editorial-cs.jpg?resize=350%2C200&ssl=1","width":350,"height":200,"srcset":"https:\/\/i0.wp.com\/correiodasemana.com\/site\/wp-content\/uploads\/2019\/07\/editorial-cs.jpg?resize=350%2C200&ssl=1 1x, https:\/\/i0.wp.com\/correiodasemana.com\/site\/wp-content\/uploads\/2019\/07\/editorial-cs.jpg?resize=525%2C300&ssl=1 1.5x"},"classes":[]},{"id":37728,"url":"https:\/\/correiodasemana.com\/site\/a-realidade-da-moradia-no-brasil\/","url_meta":{"origin":10372,"position":2},"title":"A realidade da moradia no Brasil","author":"adminredacao","date":"Mar\u00e7o 10, 2026","format":false,"excerpt":"Dando continuidade \u00e0s reflex\u00f5es sobre a Campanha da Fraternidade (CF) 2026, cujo tema \u00e9 \u201cFraternidade e Moradia\u201d, queremos voltar o olhar para a realidade da moradia em nosso pa\u00eds. A partir do que a Igreja busca refletir, entendemos que o direito \u00e0 moradia digna ainda n\u00e3o foi garantido a uma\u2026","rel":"","context":"In &quot;Artigos&quot;","block_context":{"text":"Artigos","link":"https:\/\/correiodasemana.com\/site\/category\/artigos\/"},"img":{"alt_text":"","src":"https:\/\/i0.wp.com\/correiodasemana.com\/site\/wp-content\/uploads\/2018\/02\/editorial-cs.jpg?resize=350%2C200&ssl=1","width":350,"height":200,"srcset":"https:\/\/i0.wp.com\/correiodasemana.com\/site\/wp-content\/uploads\/2018\/02\/editorial-cs.jpg?resize=350%2C200&ssl=1 1x, https:\/\/i0.wp.com\/correiodasemana.com\/site\/wp-content\/uploads\/2018\/02\/editorial-cs.jpg?resize=525%2C300&ssl=1 1.5x"},"classes":[]},{"id":9839,"url":"https:\/\/correiodasemana.com\/site\/regiao-episcopal-3\/","url_meta":{"origin":10372,"position":3},"title":"Regi\u00e3o Episcopal","author":"","date":"Novembro 18, 2019","format":false,"excerpt":"FESTEJOS DE CRISTO REI DE 14 A 23 DE NOVEMBRO 2019 TEMA: \u201cTODO AQUELE QUE \u00c9 DA VERDADE ESCUTA A MINHA VOZ\u201d Quinta- feira 14\/11\/19 Caminhada as 18:30 da pra\u00e7a Novena as 18:45 Subtema: Cristo nos convida a sermos perseverantes em seu amor. Noit\u00e1rio: Ministro da Palavra e Eucaristia Respons\u00e1veis:\u2026","rel":"","context":"In &quot;Artigos&quot;","block_context":{"text":"Artigos","link":"https:\/\/correiodasemana.com\/site\/category\/artigos\/"},"img":{"alt_text":"","src":"https:\/\/i0.wp.com\/correiodasemana.com\/site\/wp-content\/uploads\/2019\/07\/igreja-do-ros%C3%A1rio.jpg?resize=350%2C200&ssl=1","width":350,"height":200,"srcset":"https:\/\/i0.wp.com\/correiodasemana.com\/site\/wp-content\/uploads\/2019\/07\/igreja-do-ros%C3%A1rio.jpg?resize=350%2C200&ssl=1 1x, https:\/\/i0.wp.com\/correiodasemana.com\/site\/wp-content\/uploads\/2019\/07\/igreja-do-ros%C3%A1rio.jpg?resize=525%2C300&ssl=1 1.5x, https:\/\/i0.wp.com\/correiodasemana.com\/site\/wp-content\/uploads\/2019\/07\/igreja-do-ros%C3%A1rio.jpg?resize=700%2C400&ssl=1 2x"},"classes":[]},{"id":18470,"url":"https:\/\/correiodasemana.com\/site\/a-informalidade-e-quem-sustenta-o-mercado\/","url_meta":{"origin":10372,"position":4},"title":"A informalidade \u00e9 quem sustenta o mercado","author":"","date":"Dezembro 27, 2021","format":false,"excerpt":"Indiscutivelmente a lei retrata a necessidade e obrigatoriedade de que as empresas e os funcion\u00e1rios sejam todos registrados respectivamente em seus \u00f3rg\u00e3os. Mas quem sustenta realmente o mercado? S\u00e3o apenas as empresas e os funcion\u00e1rios registrados? Numa r\u00e1pida passada pelas ruas dos com\u00e9rcios e favelas das mais diversas cidades, sejam\u2026","rel":"","context":"In &quot;Artigos&quot;","block_context":{"text":"Artigos","link":"https:\/\/correiodasemana.com\/site\/category\/artigos\/"},"img":{"alt_text":"","src":"https:\/\/i0.wp.com\/correiodasemana.com\/site\/wp-content\/uploads\/2021\/12\/informalidade.jpg?resize=350%2C200&ssl=1","width":350,"height":200,"srcset":"https:\/\/i0.wp.com\/correiodasemana.com\/site\/wp-content\/uploads\/2021\/12\/informalidade.jpg?resize=350%2C200&ssl=1 1x, https:\/\/i0.wp.com\/correiodasemana.com\/site\/wp-content\/uploads\/2021\/12\/informalidade.jpg?resize=525%2C300&ssl=1 1.5x, https:\/\/i0.wp.com\/correiodasemana.com\/site\/wp-content\/uploads\/2021\/12\/informalidade.jpg?resize=700%2C400&ssl=1 2x"},"classes":[]},{"id":33540,"url":"https:\/\/correiodasemana.com\/site\/tributo-ao-papa-francisco\/","url_meta":{"origin":10372,"position":5},"title":"Tributo ao Papa Francisco","author":"adminredacao","date":"Abril 29, 2025","format":false,"excerpt":"O mundo sentir\u00e1 saudades de ti! Francisco, nosso Papa, nosso irm\u00e3o, quanta saudade tu deixaste neste mundo. J\u00e1 est\u00e1vamos t\u00e3o acostumados com teu sorriso, com tua ternura, com teu jeito simples de ser. Tua simplicidade nos aproximava de ti e nos fazia entender que a grandeza de qualquer filho de\u2026","rel":"","context":"In &quot;Artigos&quot;","block_context":{"text":"Artigos","link":"https:\/\/correiodasemana.com\/site\/category\/artigos\/"},"img":{"alt_text":"","src":"https:\/\/i0.wp.com\/correiodasemana.com\/site\/wp-content\/uploads\/2025\/04\/Papa-Francisco-em-roma.jpg?resize=350%2C200&ssl=1","width":350,"height":200,"srcset":"https:\/\/i0.wp.com\/correiodasemana.com\/site\/wp-content\/uploads\/2025\/04\/Papa-Francisco-em-roma.jpg?resize=350%2C200&ssl=1 1x, https:\/\/i0.wp.com\/correiodasemana.com\/site\/wp-content\/uploads\/2025\/04\/Papa-Francisco-em-roma.jpg?resize=525%2C300&ssl=1 1.5x"},"classes":[]}],"jetpack_sharing_enabled":true,"_links":{"self":[{"href":"https:\/\/correiodasemana.com\/site\/wp-json\/wp\/v2\/posts\/10372","targetHints":{"allow":["GET"]}}],"collection":[{"href":"https:\/\/correiodasemana.com\/site\/wp-json\/wp\/v2\/posts"}],"about":[{"href":"https:\/\/correiodasemana.com\/site\/wp-json\/wp\/v2\/types\/post"}],"author":[{"embeddable":true,"href":"https:\/\/correiodasemana.com\/site\/wp-json\/wp\/v2\/users\/1"}],"replies":[{"embeddable":true,"href":"https:\/\/correiodasemana.com\/site\/wp-json\/wp\/v2\/comments?post=10372"}],"version-history":[{"count":1,"href":"https:\/\/correiodasemana.com\/site\/wp-json\/wp\/v2\/posts\/10372\/revisions"}],"predecessor-version":[{"id":10374,"href":"https:\/\/correiodasemana.com\/site\/wp-json\/wp\/v2\/posts\/10372\/revisions\/10374"}],"wp:featuredmedia":[{"embeddable":true,"href":"https:\/\/correiodasemana.com\/site\/wp-json\/wp\/v2\/media\/10373"}],"wp:attachment":[{"href":"https:\/\/correiodasemana.com\/site\/wp-json\/wp\/v2\/media?parent=10372"}],"wp:term":[{"taxonomy":"category","embeddable":true,"href":"https:\/\/correiodasemana.com\/site\/wp-json\/wp\/v2\/categories?post=10372"},{"taxonomy":"post_tag","embeddable":true,"href":"https:\/\/correiodasemana.com\/site\/wp-json\/wp\/v2\/tags?post=10372"}],"curies":[{"name":"wp","href":"https:\/\/api.w.org\/{rel}","templated":true}]}}