{"id":10375,"date":"2020-01-05T04:10:04","date_gmt":"2020-01-05T04:10:04","guid":{"rendered":"https:\/\/correiodasemana.com\/site\/?p=10375"},"modified":"2020-01-05T04:10:04","modified_gmt":"2020-01-05T04:10:04","slug":"primeiro-bebe-do-ano-nascido-na-santa-casa-de-misericordia-de-sobral-e-homem","status":"publish","type":"post","link":"https:\/\/correiodasemana.com\/site\/primeiro-bebe-do-ano-nascido-na-santa-casa-de-misericordia-de-sobral-e-homem\/","title":{"rendered":"Primeiro beb\u00ea do ano nascido na Santa Casa de Miseric\u00f3rdia de Sobral \u00e9 homem\u00a0"},"content":{"rendered":"<p>O pequeno Bruno Henrique esperou o rel\u00f3gio marcar a chegada do novo ano para manifestar sua vontade de vir ao mundo. A dona de casa Camila Costa, 24, estava em casa quando pouco depois de meia noite come\u00e7ou a sentir as dores que alertavam sobre o momento mais aguardado dos \u00faltimos nove meses: o nascimento do filho. Moradora do Distrito de Jord\u00e3o na cidade de Sobral, Camila se dirigiu ao posto de sa\u00fade local. Encaminhada para o Hospital Santa Casa de Miseric\u00f3rdia de Sobral (SCMS) ainda na madrugada, deu as boas-vindas ao filho\u00a0\u00e0s 9h37\u00a0do dia 1\u00ba de janeiro de 2020.<br \/>\nAlegria e emo\u00e7\u00e3o marcaram a chegada, por meio de parto normal, do primeiro filho de Camila:\u00a0\u201cEu estava esperando que ele nascesse somente depois do dia\u00a07 de janeiro. Foi uma surpresa agrad\u00e1vel ele ter chegado logo no primeiro dia do ano. O importante \u00e9 que deu tudo certo. Ao ser encaminhada para a Maternidade da Santa Casa, recebi um \u00f3timo acolhimento e assist\u00eancia da parte de toda equipe que colaborou para o nascimento do meu filho\u201d, ressalta a m\u00e3e de Bruno Henrique.<br \/>\nApesar dos enjoos no in\u00edcio da gesta\u00e7\u00e3o, a jovem teve uma gravidez tranquila.\u00a0\u201cOcorreu com tanta paz que at\u00e9 minha m\u00e3e, que estava acompanhando o momento do parto, ajudou a cortar o cord\u00e3o umbilical. Foi realmente um momento lindo de marcar e guardar para sempre\u201d,\u00a0enfatiza Camila.<\/p>\n<p>Assist\u00eancia de qualidade<br \/>\nDe acordo com Gelton Fonteles, um dos membros da equipe multiprofissional respons\u00e1vel pelo parto, a import\u00e2ncia e emo\u00e7\u00e3o de poder demonstrar o trabalho humanizado que vem acontecendo no Centro de Parto Normal (CPN) da SCMS marcou o nascimento de Bruno Henrique.\u00a0\u201cA evolu\u00e7\u00e3o foi tranquila, veio naturalmente, sem for\u00e7ar; somente com as devidas orienta\u00e7\u00f5es. E tudo aconteceu no CPN do Hospital, onde inicialmente colocamos Camila para fazer alguns exerc\u00edcios no cavalinho obst\u00e9trico e na bola de pilates, colaborando para o parto tranquilo da maneira que foi\u201d, explica\u00a0Gelton.<\/p>\n<p>Maternidade Sant\u2019Ana<br \/>\nA Maternidade Sant\u2019Ana da SCMS \u00e9 refer\u00eancia para gesta\u00e7\u00f5es de alto risco na macrorregi\u00e3o de Sobral, abrindo suas portas para gestantes de 55 munic\u00edpios. Em 2019\u00a0realizou 5.581 partos.<br \/>\nO Servi\u00e7o\u00a0\u00e9 composto por 53 leitos, sendo 15 destinados \u00e0 gestantes de alto risco, cinco no Centro de Parto Normal-CPN e 33 leitos de alojamento conjunto. Al\u00e9m disso, possui 15 leitos de UTI (Unidade de Terapia Intensiva) Neonatal, 15 no ber\u00e7\u00e1rio na Unidade de Cuidado Intermedi\u00e1rio Convencional (UCINCo) e sete na Unidade de Cuidado Intermedi\u00e1rio Convencional Canguru (UCINCa) . Possui tamb\u00e9m um posto de coleta de leite humano vinculado ao Banco de leite Materno do HRN (Hospital Regional Norte), e 18 leitos na Casa da Mam\u00e3e, destinados \u00e0s m\u00e3es que recebem alta e seus beb\u00eas permanecem internados.<\/p>\n<p>O Centro de Parto Normal-CPN<br \/>\nInaugurado em maio de 2018, o Centro de Parto Normal (CPN) da SCMS disp\u00f5e de cinco quartos PPP (pr\u00e9-parto, parto e p\u00f3s-parto) equipados com ber\u00e7os, camas de parto, bola de pilates, cavalinho obst\u00e9trico, cadeira de parto vertical, cadeira de acompanhante e material de atendimento ao rec\u00e9m-nascido. Os quartos respeitam a privacidade e s\u00e3o adequados ao parto: limpos, organizados, amplos e climatizados, onde a gestante pode vivenciar o momento do parto com respeito e dignidade. Todos possuem ar-condicionado (conforto t\u00e9cnico), cores claras (conforto visual), e som ambiente (conforto auditivo).<br \/>\nUm dos quartos possui banheira de hidromassagem, que possibilita a realiza\u00e7\u00e3o de um parto humanizado dentro da \u00e1gua, no caso de gestantes de baixo risco. O procedimento se d\u00e1 por meio de prepara\u00e7\u00e3o da paciente pela equipe multiprofissional de enfermeiros obstetras, t\u00e9cnicos de enfermagem, obstetra e pediatra que o CPN disponibiliza 24 horas por dia, al\u00e9m de m\u00e9dicos e enfermeiros residentes. Os servi\u00e7os s\u00e3o ofertados de forma gratuita pelo SUS (Sistema \u00danico de Sa\u00fade).<\/p>\n","protected":false},"excerpt":{"rendered":"<p>O pequeno Bruno Henrique esperou o rel\u00f3gio marcar a chegada do novo ano para manifestar&#8230;<\/p>\n","protected":false},"author":1,"featured_media":10376,"comment_status":"open","ping_status":"open","sticky":false,"template":"","format":"standard","meta":{"_jetpack_memberships_contains_paid_content":false,"footnotes":"","jetpack_publicize_message":"","jetpack_publicize_feature_enabled":true,"jetpack_social_post_already_shared":true,"jetpack_social_options":{"image_generator_settings":{"template":"highway","default_image_id":0,"font":"","enabled":false},"version":2}},"categories":[3,52],"tags":[],"class_list":["post-10375","post","type-post","status-publish","format-standard","has-post-thumbnail","hentry","category-santa-casa","category-saude"],"jetpack_publicize_connections":[],"jetpack_featured_media_url":"https:\/\/correiodasemana.com\/site\/wp-content\/uploads\/2020\/01\/IMG_9101-1024x691-1.jpg","jetpack-related-posts":[{"id":36899,"url":"https:\/\/correiodasemana.com\/site\/conheca-os-primeiros-bebes-de-2026-nascidos-na-santa-casa-de-sobral\/","url_meta":{"origin":10375,"position":0},"title":"Conhe\u00e7a os primeiros beb\u00eas de 2026 nascidos na Santa Casa de Sobral","author":"adminredacao","date":"Janeiro 6, 2026","format":false,"excerpt":"Ano novo, vida nova! No primeiro dia do ano, \u00e9 tradi\u00e7\u00e3o renovar votos de felicidade e esperan\u00e7a. Para sete fam\u00edlias da Regi\u00e3o Norte do Cear\u00e1, a chegada de um beb\u00ea marcou de forma especial o in\u00edcio de 2026. Na Santa Casa de Miseric\u00f3rdia de Sobral, sete crian\u00e7as nasceram no dia\u2026","rel":"","context":"In &quot;Atualidade&quot;","block_context":{"text":"Atualidade","link":"https:\/\/correiodasemana.com\/site\/category\/atualidade\/"},"img":{"alt_text":"","src":"https:\/\/i0.wp.com\/correiodasemana.com\/site\/wp-content\/uploads\/2026\/01\/02.01-Primeiros-bebes.jpeg?resize=350%2C200&ssl=1","width":350,"height":200,"srcset":"https:\/\/i0.wp.com\/correiodasemana.com\/site\/wp-content\/uploads\/2026\/01\/02.01-Primeiros-bebes.jpeg?resize=350%2C200&ssl=1 1x, https:\/\/i0.wp.com\/correiodasemana.com\/site\/wp-content\/uploads\/2026\/01\/02.01-Primeiros-bebes.jpeg?resize=525%2C300&ssl=1 1.5x, https:\/\/i0.wp.com\/correiodasemana.com\/site\/wp-content\/uploads\/2026\/01\/02.01-Primeiros-bebes.jpeg?resize=700%2C400&ssl=1 2x, https:\/\/i0.wp.com\/correiodasemana.com\/site\/wp-content\/uploads\/2026\/01\/02.01-Primeiros-bebes.jpeg?resize=1050%2C600&ssl=1 3x, https:\/\/i0.wp.com\/correiodasemana.com\/site\/wp-content\/uploads\/2026\/01\/02.01-Primeiros-bebes.jpeg?resize=1400%2C800&ssl=1 4x"},"classes":[]},{"id":32130,"url":"https:\/\/correiodasemana.com\/site\/luis-gael-e-o-primeiro-bebe-de-2025-nascido-na-santa-casa-de-sobral\/","url_meta":{"origin":10375,"position":1},"title":"Lu\u00eds Gael \u00e9 o primeiro beb\u00ea de 2025 nascido na Santa Casa de Sobral","author":"adminredacao","date":"Janeiro 15, 2025","format":false,"excerpt":"Fonte: Assessoria de Comunica\u00e7\u00e3o da Santa Casa O ano de 2025 iniciou com alegria e renova\u00e7\u00e3o na Santa Casa de Miseric\u00f3rdia de Sobral. Lu\u00eds Gael foi o primeiro beb\u00ea a nascer no hospital neste ano, chegando ao mundo \u00e0s 17h20 da quarta-feira (1\u00ba de janeiro), por meio de parto normal.\u2026","rel":"","context":"In &quot;Atualidade&quot;","block_context":{"text":"Atualidade","link":"https:\/\/correiodasemana.com\/site\/category\/atualidade\/"},"img":{"alt_text":"","src":"https:\/\/i0.wp.com\/correiodasemana.com\/site\/wp-content\/uploads\/2025\/01\/O-ano-de-2025-iniciou-com-alegria-e-renovacao-na-Santa-Casa-de-Misericordia-de-Sobral.-Luis-Gael-foi-o-primeiro-bebe-a-nascer-no-hospit.jpg?resize=350%2C200&ssl=1","width":350,"height":200,"srcset":"https:\/\/i0.wp.com\/correiodasemana.com\/site\/wp-content\/uploads\/2025\/01\/O-ano-de-2025-iniciou-com-alegria-e-renovacao-na-Santa-Casa-de-Misericordia-de-Sobral.-Luis-Gael-foi-o-primeiro-bebe-a-nascer-no-hospit.jpg?resize=350%2C200&ssl=1 1x, https:\/\/i0.wp.com\/correiodasemana.com\/site\/wp-content\/uploads\/2025\/01\/O-ano-de-2025-iniciou-com-alegria-e-renovacao-na-Santa-Casa-de-Misericordia-de-Sobral.-Luis-Gael-foi-o-primeiro-bebe-a-nascer-no-hospit.jpg?resize=525%2C300&ssl=1 1.5x, https:\/\/i0.wp.com\/correiodasemana.com\/site\/wp-content\/uploads\/2025\/01\/O-ano-de-2025-iniciou-com-alegria-e-renovacao-na-Santa-Casa-de-Misericordia-de-Sobral.-Luis-Gael-foi-o-primeiro-bebe-a-nascer-no-hospit.jpg?resize=700%2C400&ssl=1 2x, https:\/\/i0.wp.com\/correiodasemana.com\/site\/wp-content\/uploads\/2025\/01\/O-ano-de-2025-iniciou-com-alegria-e-renovacao-na-Santa-Casa-de-Misericordia-de-Sobral.-Luis-Gael-foi-o-primeiro-bebe-a-nascer-no-hospit.jpg?resize=1050%2C600&ssl=1 3x"},"classes":[]},{"id":19988,"url":"https:\/\/correiodasemana.com\/site\/diretora-de-enfermagem-do-complexo-santa-casa-de-sobral-e-uma-das-homenageadas-com-o-trofeu-mulheres-de-sucesso-2022\/","url_meta":{"origin":10375,"position":2},"title":"Diretora de Enfermagem do Complexo Santa Casa de Sobral \u00e9 uma das homenageadas com o Trof\u00e9u Mulheres de Sucesso 2022","author":"","date":"Junho 6, 2022","format":false,"excerpt":"Exercendo sua fun\u00e7\u00e3o no Complexo Santa Casa h\u00e1 dois anos, a gestora possui mais de 20 anos de experi\u00eancia na \u00e1rea hospitalar. Ascom Complexo SCMS A Diretora de Enfermagem do Complexo Santa Casa de Miseric\u00f3rdia de Sobral, Dra. Maria da Concei\u00e7\u00e3o Nunes da Silva, foi uma das 15 escolhidas para\u2026","rel":"","context":"In &quot;Atualidade&quot;","block_context":{"text":"Atualidade","link":"https:\/\/correiodasemana.com\/site\/category\/atualidade\/"},"img":{"alt_text":"","src":"https:\/\/i0.wp.com\/correiodasemana.com\/site\/wp-content\/uploads\/2022\/06\/homenagem-cesar-macedo.jpg?resize=350%2C200&ssl=1","width":350,"height":200,"srcset":"https:\/\/i0.wp.com\/correiodasemana.com\/site\/wp-content\/uploads\/2022\/06\/homenagem-cesar-macedo.jpg?resize=350%2C200&ssl=1 1x, https:\/\/i0.wp.com\/correiodasemana.com\/site\/wp-content\/uploads\/2022\/06\/homenagem-cesar-macedo.jpg?resize=525%2C300&ssl=1 1.5x"},"classes":[]},{"id":11478,"url":"https:\/\/correiodasemana.com\/site\/santa-casa-de-misericordia-de-sobral-95-anos-de-historia-cuidado-e-amor\/","url_meta":{"origin":10375,"position":3},"title":"Santa Casa de Miseric\u00f3rdia de Sobral: 95 anos de hist\u00f3ria, cuidado e amor","author":"","date":"Maio 30, 2020","format":false,"excerpt":"\u201cA conviv\u00eancia quase di\u00e1ria com os doentes, que por dever do meu minist\u00e9rio sacerdotal devia visitar e socorrer, fez-me conhecer de perto a extrema pen\u00faria e o doloroso desconforto desses pobrezinhos quando a enfermidade lhes batia \u00e0 porta. E pensava muitas vezes \u00a0que Sobral j\u00e1 exigia um hospital \u201d, escreveu\u2026","rel":"","context":"In &quot;Santa Casa&quot;","block_context":{"text":"Santa Casa","link":"https:\/\/correiodasemana.com\/site\/category\/santa-casa\/"},"img":{"alt_text":"","src":"https:\/\/i0.wp.com\/correiodasemana.com\/site\/wp-content\/uploads\/2020\/05\/Dr.-Henrique-Gurgel-e-residentes-1.jpg?resize=350%2C200&ssl=1","width":350,"height":200,"srcset":"https:\/\/i0.wp.com\/correiodasemana.com\/site\/wp-content\/uploads\/2020\/05\/Dr.-Henrique-Gurgel-e-residentes-1.jpg?resize=350%2C200&ssl=1 1x, https:\/\/i0.wp.com\/correiodasemana.com\/site\/wp-content\/uploads\/2020\/05\/Dr.-Henrique-Gurgel-e-residentes-1.jpg?resize=525%2C300&ssl=1 1.5x"},"classes":[]},{"id":9625,"url":"https:\/\/correiodasemana.com\/site\/maternidade-da-santa-casa-de-misericordia-de-sobral-e-referencia-para-gestacoes-de-alto-risco-e-abre-suas-portas-para-55-municipios-da-regiao-norte-do-ceara\/","url_meta":{"origin":10375,"position":4},"title":"Maternidade da Santa Casa de Miseric\u00f3rdia de Sobral \u00e9 refer\u00eancia para gesta\u00e7\u00f5es de alto risco e abre suas portas para 55 munic\u00edpios da regi\u00e3o Norte do Cear\u00e1","author":"","date":"Outubro 28, 2019","format":false,"excerpt":"Assessoria de Comunica\u00e7\u00e3o da Santa Casa de Miseric\u00f3rdia de Sobral A Maternidade Sant\u2019Ana da Santa Casa de Miseric\u00f3rdia de Sobral (SCMS) \u00e9 refer\u00eancia para gesta\u00e7\u00f5es de alto risco na macrorregi\u00e3o de Sobral, abrindo suas portas para 55 munic\u00edpios. Desde o come\u00e7o do ano j\u00e1 foram realizados 13.676 atendimentos, 5.355 internamentos\u2026","rel":"","context":"In &quot;Santa Casa&quot;","block_context":{"text":"Santa Casa","link":"https:\/\/correiodasemana.com\/site\/category\/santa-casa\/"},"img":{"alt_text":"","src":"https:\/\/i0.wp.com\/correiodasemana.com\/site\/wp-content\/uploads\/2019\/10\/2_1.png?resize=350%2C200&ssl=1","width":350,"height":200,"srcset":"https:\/\/i0.wp.com\/correiodasemana.com\/site\/wp-content\/uploads\/2019\/10\/2_1.png?resize=350%2C200&ssl=1 1x, https:\/\/i0.wp.com\/correiodasemana.com\/site\/wp-content\/uploads\/2019\/10\/2_1.png?resize=525%2C300&ssl=1 1.5x, https:\/\/i0.wp.com\/correiodasemana.com\/site\/wp-content\/uploads\/2019\/10\/2_1.png?resize=700%2C400&ssl=1 2x, https:\/\/i0.wp.com\/correiodasemana.com\/site\/wp-content\/uploads\/2019\/10\/2_1.png?resize=1050%2C600&ssl=1 3x"},"classes":[]},{"id":18170,"url":"https:\/\/correiodasemana.com\/site\/santa-casa-de-sobral-recebe-visita-da-cruz-peregrina-de-sao-camilo-peregrinacao-celebra-100-anos-dos-camilianos-no-brasil\/","url_meta":{"origin":10375,"position":5},"title":"Santa Casa de Sobral recebe visita da Cruz Peregrina de S\u00e3o Camilo; peregrina\u00e7\u00e3o celebra 100 anos dos camilianos no Brasil","author":"","date":"Novembro 28, 2021","format":false,"excerpt":"Gestores da Institui\u00e7\u00e3o participaram da Missa na capela da unidade. A Santa Casa de Miseric\u00f3rdia de Sobral (SCMS) recebeu na sexta-feira (19\/11) a visita da Cruz Peregrina de S\u00e3o Camilo. Na ocasi\u00e3o, uma Missa em A\u00e7\u00e3o de Gra\u00e7as pelo centen\u00e1rio da chegada dos camilianos no Brasil \u2013 que acontece em\u2026","rel":"","context":"In &quot;Atualidade&quot;","block_context":{"text":"Atualidade","link":"https:\/\/correiodasemana.com\/site\/category\/atualidade\/"},"img":{"alt_text":"","src":"https:\/\/i0.wp.com\/correiodasemana.com\/site\/wp-content\/uploads\/2021\/11\/Foto-1.jpeg?resize=350%2C200&ssl=1","width":350,"height":200,"srcset":"https:\/\/i0.wp.com\/correiodasemana.com\/site\/wp-content\/uploads\/2021\/11\/Foto-1.jpeg?resize=350%2C200&ssl=1 1x, https:\/\/i0.wp.com\/correiodasemana.com\/site\/wp-content\/uploads\/2021\/11\/Foto-1.jpeg?resize=525%2C300&ssl=1 1.5x, https:\/\/i0.wp.com\/correiodasemana.com\/site\/wp-content\/uploads\/2021\/11\/Foto-1.jpeg?resize=700%2C400&ssl=1 2x, https:\/\/i0.wp.com\/correiodasemana.com\/site\/wp-content\/uploads\/2021\/11\/Foto-1.jpeg?resize=1050%2C600&ssl=1 3x"},"classes":[]}],"jetpack_sharing_enabled":true,"_links":{"self":[{"href":"https:\/\/correiodasemana.com\/site\/wp-json\/wp\/v2\/posts\/10375","targetHints":{"allow":["GET"]}}],"collection":[{"href":"https:\/\/correiodasemana.com\/site\/wp-json\/wp\/v2\/posts"}],"about":[{"href":"https:\/\/correiodasemana.com\/site\/wp-json\/wp\/v2\/types\/post"}],"author":[{"embeddable":true,"href":"https:\/\/correiodasemana.com\/site\/wp-json\/wp\/v2\/users\/1"}],"replies":[{"embeddable":true,"href":"https:\/\/correiodasemana.com\/site\/wp-json\/wp\/v2\/comments?post=10375"}],"version-history":[{"count":1,"href":"https:\/\/correiodasemana.com\/site\/wp-json\/wp\/v2\/posts\/10375\/revisions"}],"predecessor-version":[{"id":10377,"href":"https:\/\/correiodasemana.com\/site\/wp-json\/wp\/v2\/posts\/10375\/revisions\/10377"}],"wp:featuredmedia":[{"embeddable":true,"href":"https:\/\/correiodasemana.com\/site\/wp-json\/wp\/v2\/media\/10376"}],"wp:attachment":[{"href":"https:\/\/correiodasemana.com\/site\/wp-json\/wp\/v2\/media?parent=10375"}],"wp:term":[{"taxonomy":"category","embeddable":true,"href":"https:\/\/correiodasemana.com\/site\/wp-json\/wp\/v2\/categories?post=10375"},{"taxonomy":"post_tag","embeddable":true,"href":"https:\/\/correiodasemana.com\/site\/wp-json\/wp\/v2\/tags?post=10375"}],"curies":[{"name":"wp","href":"https:\/\/api.w.org\/{rel}","templated":true}]}}