{"id":10378,"date":"2020-01-05T04:12:08","date_gmt":"2020-01-05T04:12:08","guid":{"rendered":"https:\/\/correiodasemana.com\/site\/?p=10378"},"modified":"2020-01-05T04:12:08","modified_gmt":"2020-01-05T04:12:08","slug":"hospital-do-coracao-de-sobral-celebra-23-anos-com-missa-em-acao-de-gracas-presidida-por-dom-vasconcelos","status":"publish","type":"post","link":"https:\/\/correiodasemana.com\/site\/hospital-do-coracao-de-sobral-celebra-23-anos-com-missa-em-acao-de-gracas-presidida-por-dom-vasconcelos\/","title":{"rendered":"Hospital do Cora\u00e7\u00e3o de Sobral celebra 23 anos com missa em a\u00e7\u00e3o de gra\u00e7as presidida por Dom Vasconcelos"},"content":{"rendered":"<p>Assessoria de Comunica\u00e7\u00e3o da Santa Casa de Miseric\u00f3rdia de Sobral<br \/>\nPara celebrar os 23 anos de exist\u00eancia do Hospital do Cora\u00e7\u00e3o de Sobral, inaugurado no dia 20 de dezembro de 1996, o bispo da diocese e provedor do Complexo Santa Casa de Miseric\u00f3rdia de Sobral, Dom Jos\u00e9 Luiz Gomes de Vasconcelos, presidiu Santa Missa com funcion\u00e1rios e colaboradores do Hospital nesta segunda-feira (23\/12). O momento aconteceu no p\u00e1tio interno da institui\u00e7\u00e3o, e ap\u00f3s a celebra\u00e7\u00e3o eucar\u00edstica, pr\u00eamios foram sorteados aos presentes.<br \/>\nEm meio \u00e0 alegria de poder comemorar mais um ano do Hospital, Dom Vasconcelos enfatizou a celebra\u00e7\u00e3o do Natal: \u201cEstamos celebrando antecipadamente o Natal de Jesus nesta casa de sa\u00fade, um acontecimento simples e singelo que transformou a face da terra. O sentido da nossa exist\u00eancia est\u00e1 em fazer o bem, na pobreza, na humildade, na doa\u00e7\u00e3o, na nossa fragilidade humana. Que o nosso Natal seja o Natal de Jesus\u201d.<br \/>\nNa ocasi\u00e3o, o diretor t\u00e9cnico do Hospital do Cora\u00e7\u00e3o, Dr. David Carneiro Neto, ressaltou a import\u00e2ncia de comemorar e agradecer: \u201c\u00c9 maravilhoso estarmos aqui agradecendo pela assist\u00eancia prestada pelo Hospital do Cora\u00e7\u00e3o e por nossas vidas. Agradecendo por conseguirmos tantas vit\u00f3rias, em meio a tantas dificuldades. Temos funcion\u00e1rios que trabalham com amor e oferecemos medicina e atendimento de qualidade, trazendo o que for de melhor em novos procedimentos e humaniza\u00e7\u00e3o\u201d.<\/p>\n<p>Sorteio de Pr\u00eamios<br \/>\nAo final da Celebra\u00e7\u00e3o Eucar\u00edstica, os funcion\u00e1rios e colaboradores presentes puderam participar de um sorteio de pr\u00eamios realizado com ajuda e parceria de fornecedores da institui\u00e7\u00e3o. Foram sorteados 23 pr\u00eamios, representando os 23 anos de assist\u00eancia e refer\u00eancia em Cardiologia do Hospital do Cora\u00e7\u00e3o de Sobral.<\/p>\n<p>O Hospital<br \/>\nO Hospital do Cora\u00e7\u00e3o de Sobral oferece \u00e0 popula\u00e7\u00e3o servi\u00e7os especializados em Cardiologia em regime ambulatorial e cirurgia cardiovascular. S\u00e3o realizadas consultas cardiol\u00f3gicas, eletrocardiograma, teste ergom\u00e9trico, transtor\u00e1cico, ecocardiograma com dobutamina, ecocardiograma transesof\u00e1gico, ecodoppler de art\u00e9rias car\u00f3tidas e vertebrais, ecocardiograma fetal, holter de 24 horas e Monitoriza\u00e7\u00e3o Ambulatorial de Press\u00e3o Arterial (MAPA) em 24 horas.<br \/>\nA unidade funciona com protocolos anualmente atualizados que objetivam o mais r\u00e1pido e mais eficaz atendimento das urg\u00eancias cardiovasculares e tem um eficiente programa de abordagem da dor tor\u00e1cica que envolve todos os servi\u00e7os de apoio da institui\u00e7\u00e3o.<\/p>\n<p><img fetchpriority=\"high\" decoding=\"async\" class=\"aligncenter size-medium wp-image-10379\" src=\"https:\/\/correiodasemana.com\/site\/wp-content\/uploads\/2020\/01\/2-300x200.jpg\" alt=\"\" width=\"300\" height=\"200\" srcset=\"https:\/\/correiodasemana.com\/site\/wp-content\/uploads\/2020\/01\/2-300x200.jpg 300w, https:\/\/correiodasemana.com\/site\/wp-content\/uploads\/2020\/01\/2-1024x683.jpg 1024w, https:\/\/correiodasemana.com\/site\/wp-content\/uploads\/2020\/01\/2-768x512.jpg 768w, https:\/\/correiodasemana.com\/site\/wp-content\/uploads\/2020\/01\/2-1536x1024.jpg 1536w, https:\/\/correiodasemana.com\/site\/wp-content\/uploads\/2020\/01\/2-2048x1365.jpg 2048w\" sizes=\"(max-width: 300px) 100vw, 300px\" \/> <img decoding=\"async\" class=\"aligncenter size-medium wp-image-10380\" src=\"https:\/\/correiodasemana.com\/site\/wp-content\/uploads\/2020\/01\/3-300x200.jpg\" alt=\"\" width=\"300\" height=\"200\" srcset=\"https:\/\/correiodasemana.com\/site\/wp-content\/uploads\/2020\/01\/3-300x200.jpg 300w, https:\/\/correiodasemana.com\/site\/wp-content\/uploads\/2020\/01\/3-1024x683.jpg 1024w, https:\/\/correiodasemana.com\/site\/wp-content\/uploads\/2020\/01\/3-768x512.jpg 768w, https:\/\/correiodasemana.com\/site\/wp-content\/uploads\/2020\/01\/3-1536x1024.jpg 1536w, https:\/\/correiodasemana.com\/site\/wp-content\/uploads\/2020\/01\/3-2048x1365.jpg 2048w\" sizes=\"(max-width: 300px) 100vw, 300px\" \/> <img decoding=\"async\" class=\"aligncenter size-medium wp-image-10381\" src=\"https:\/\/correiodasemana.com\/site\/wp-content\/uploads\/2020\/01\/DSC_4372-300x201.jpg\" alt=\"\" width=\"300\" height=\"201\" srcset=\"https:\/\/correiodasemana.com\/site\/wp-content\/uploads\/2020\/01\/DSC_4372-300x201.jpg 300w, https:\/\/correiodasemana.com\/site\/wp-content\/uploads\/2020\/01\/DSC_4372-1024x685.jpg 1024w, https:\/\/correiodasemana.com\/site\/wp-content\/uploads\/2020\/01\/DSC_4372-768x514.jpg 768w, https:\/\/correiodasemana.com\/site\/wp-content\/uploads\/2020\/01\/DSC_4372-1536x1028.jpg 1536w, https:\/\/correiodasemana.com\/site\/wp-content\/uploads\/2020\/01\/DSC_4372-2048x1371.jpg 2048w\" sizes=\"(max-width: 300px) 100vw, 300px\" \/><\/p>\n","protected":false},"excerpt":{"rendered":"<p>Assessoria de Comunica\u00e7\u00e3o da Santa Casa de Miseric\u00f3rdia de Sobral Para celebrar os 23 anos&#8230;<\/p>\n","protected":false},"author":1,"featured_media":10381,"comment_status":"open","ping_status":"open","sticky":false,"template":"","format":"standard","meta":{"_jetpack_memberships_contains_paid_content":false,"footnotes":"","jetpack_publicize_message":"","jetpack_publicize_feature_enabled":true,"jetpack_social_post_already_shared":true,"jetpack_social_options":{"image_generator_settings":{"template":"highway","default_image_id":0,"font":"","enabled":false},"version":2}},"categories":[1],"tags":[],"class_list":["post-10378","post","type-post","status-publish","format-standard","has-post-thumbnail","hentry","category-atualidade"],"jetpack_publicize_connections":[],"jetpack_featured_media_url":"https:\/\/correiodasemana.com\/site\/wp-content\/uploads\/2020\/01\/DSC_4372-scaled.jpg","jetpack-related-posts":[{"id":10296,"url":"https:\/\/correiodasemana.com\/site\/dom-vasconcelos-celebra-natal-com-funcionarios-do-complexo-santa-casa-de-misericordia-de-sobral\/","url_meta":{"origin":10378,"position":0},"title":"Dom Vasconcelos celebra Natal com funcion\u00e1rios do Complexo Santa Casa de Miseric\u00f3rdia de Sobral","author":"","date":"Dezembro 23, 2019","format":false,"excerpt":"Bispo de Sobral ressaltou a alegria e import\u00e2ncia de celebrar com os funcion\u00e1rios do Complexo Para melhor celebrar o Natal, e refor\u00e7ar os ideais crist\u00e3os que integram o Complexo Santa Casa de Miseric\u00f3rdia de Sobral, funcion\u00e1rios participaram na quarta-feira (18\/12) de Santa Missa presidida pelo provedor do Complexo, Dom Jos\u00e9\u2026","rel":"","context":"In &quot;Atualidade&quot;","block_context":{"text":"Atualidade","link":"https:\/\/correiodasemana.com\/site\/category\/atualidade\/"},"img":{"alt_text":"","src":"https:\/\/i0.wp.com\/correiodasemana.com\/site\/wp-content\/uploads\/2019\/12\/foto-2-2.jpg?resize=350%2C200&ssl=1","width":350,"height":200,"srcset":"https:\/\/i0.wp.com\/correiodasemana.com\/site\/wp-content\/uploads\/2019\/12\/foto-2-2.jpg?resize=350%2C200&ssl=1 1x, https:\/\/i0.wp.com\/correiodasemana.com\/site\/wp-content\/uploads\/2019\/12\/foto-2-2.jpg?resize=525%2C300&ssl=1 1.5x, https:\/\/i0.wp.com\/correiodasemana.com\/site\/wp-content\/uploads\/2019\/12\/foto-2-2.jpg?resize=700%2C400&ssl=1 2x"},"classes":[]},{"id":33905,"url":"https:\/\/correiodasemana.com\/site\/dom-vasconcelos-preside-missa-solene-que-marca-centenario-da-santa-casa-de-misericordia-de-sobral\/","url_meta":{"origin":10378,"position":1},"title":"Dom Vasconcelos preside Missa Solene que marca centen\u00e1rio da Santa Casa de Miseric\u00f3rdia de Sobral","author":"adminredacao","date":"Junho 3, 2025","format":false,"excerpt":"Ap\u00f3s a celebra\u00e7\u00e3o foi descerrada a placa comemorativa alusiva os 100 anos do hospital Em clima de f\u00e9, gratid\u00e3o e emo\u00e7\u00e3o, a Santa Casa de Miseric\u00f3rdia de Sobral celebrou, na sexta- feira ( 23\/05 ) uma Missa Solene em a\u00e7\u00e3o de gra\u00e7as pelos seus 100 anos de hist\u00f3ria. A cerim\u00f4nia\u2026","rel":"","context":"In &quot;Atualidade&quot;","block_context":{"text":"Atualidade","link":"https:\/\/correiodasemana.com\/site\/category\/atualidade\/"},"img":{"alt_text":"","src":"https:\/\/i0.wp.com\/correiodasemana.com\/site\/wp-content\/uploads\/2025\/06\/100-anos-santa-casa-2.jpeg?resize=350%2C200&ssl=1","width":350,"height":200,"srcset":"https:\/\/i0.wp.com\/correiodasemana.com\/site\/wp-content\/uploads\/2025\/06\/100-anos-santa-casa-2.jpeg?resize=350%2C200&ssl=1 1x, https:\/\/i0.wp.com\/correiodasemana.com\/site\/wp-content\/uploads\/2025\/06\/100-anos-santa-casa-2.jpeg?resize=525%2C300&ssl=1 1.5x, https:\/\/i0.wp.com\/correiodasemana.com\/site\/wp-content\/uploads\/2025\/06\/100-anos-santa-casa-2.jpeg?resize=700%2C400&ssl=1 2x, https:\/\/i0.wp.com\/correiodasemana.com\/site\/wp-content\/uploads\/2025\/06\/100-anos-santa-casa-2.jpeg?resize=1050%2C600&ssl=1 3x, https:\/\/i0.wp.com\/correiodasemana.com\/site\/wp-content\/uploads\/2025\/06\/100-anos-santa-casa-2.jpeg?resize=1400%2C800&ssl=1 4x"},"classes":[]},{"id":19895,"url":"https:\/\/correiodasemana.com\/site\/funcionarios-e-pacientes-da-santa-casa-de-misericordia-de-sobral-celebram-97-anos-do-hospital-em-missa-de-acao-de-gracas\/","url_meta":{"origin":10378,"position":2},"title":"Funcion\u00e1rios e pacientes da Santa Casa de Miseric\u00f3rdia de Sobral celebram 97 anos do hospital em missa de A\u00e7\u00e3o de Gra\u00e7as","author":"","date":"Maio 30, 2022","format":false,"excerpt":"V\u00e1rios momentos emocionantes marcaram a celebra\u00e7\u00e3o que foi presidida pelo bispo da Diocese de Sobral e provedor do hospital, Dom Jos\u00e9 Luiz Gomes de Vasconcelos. Ascom Complexo SCMS Em comemora\u00e7\u00e3o aos 97 anos da Santa Casa de Miseric\u00f3rdia de Sobral (SCMS), hospital refer\u00eancia em sa\u00fade para Sobral e outros 55\u2026","rel":"","context":"In &quot;Atualidade&quot;","block_context":{"text":"Atualidade","link":"https:\/\/correiodasemana.com\/site\/category\/atualidade\/"},"img":{"alt_text":"","src":"https:\/\/i0.wp.com\/correiodasemana.com\/site\/wp-content\/uploads\/2022\/05\/celebracao-sata-casa-1.jpg?resize=350%2C200&ssl=1","width":350,"height":200,"srcset":"https:\/\/i0.wp.com\/correiodasemana.com\/site\/wp-content\/uploads\/2022\/05\/celebracao-sata-casa-1.jpg?resize=350%2C200&ssl=1 1x, https:\/\/i0.wp.com\/correiodasemana.com\/site\/wp-content\/uploads\/2022\/05\/celebracao-sata-casa-1.jpg?resize=525%2C300&ssl=1 1.5x, https:\/\/i0.wp.com\/correiodasemana.com\/site\/wp-content\/uploads\/2022\/05\/celebracao-sata-casa-1.jpg?resize=700%2C400&ssl=1 2x"},"classes":[]},{"id":15130,"url":"https:\/\/correiodasemana.com\/site\/missa-em-acao-de-gracas-celebra-24-anos-do-hospital-do-coracao-de-sobral\/","url_meta":{"origin":10378,"position":3},"title":"Missa em a\u00e7\u00e3o de gra\u00e7as celebra 24 anos do Hospital do Cora\u00e7\u00e3o de Sobral","author":"","date":"Dezembro 21, 2020","format":false,"excerpt":"Inaugurado em 20 de dezembro de 1996, o Hospital \u00e9 refer\u00eancia no atendimento cardiol\u00f3gico O Hospital do Cora\u00e7\u00e3o, unidade de sa\u00fade do Complexo Santa Casa de Miseric\u00f3rdia de Sobral, comemora 24 anos de funda\u00e7\u00e3o neste domingo (20\/12). Para celebrar o seu anivers\u00e1rio, a Institui\u00e7\u00e3o promoveu uma missa em a\u00e7\u00e3o de\u2026","rel":"","context":"In &quot;Santa Casa&quot;","block_context":{"text":"Santa Casa","link":"https:\/\/correiodasemana.com\/site\/category\/santa-casa\/"},"img":{"alt_text":"","src":"https:\/\/i0.wp.com\/correiodasemana.com\/site\/wp-content\/uploads\/2020\/12\/FOTO-1-1.jpg?resize=350%2C200&ssl=1","width":350,"height":200,"srcset":"https:\/\/i0.wp.com\/correiodasemana.com\/site\/wp-content\/uploads\/2020\/12\/FOTO-1-1.jpg?resize=350%2C200&ssl=1 1x, https:\/\/i0.wp.com\/correiodasemana.com\/site\/wp-content\/uploads\/2020\/12\/FOTO-1-1.jpg?resize=525%2C300&ssl=1 1.5x, https:\/\/i0.wp.com\/correiodasemana.com\/site\/wp-content\/uploads\/2020\/12\/FOTO-1-1.jpg?resize=700%2C400&ssl=1 2x"},"classes":[]},{"id":36895,"url":"https:\/\/correiodasemana.com\/site\/dom-vasconcelos-preside-santa-missa-de-natal-na-santa-casa-de-sobral\/","url_meta":{"origin":10378,"position":4},"title":"Dom Vasconcelos preside Santa Missa de Natal na Santa Casa de Sobral","author":"adminredacao","date":"Janeiro 6, 2026","format":false,"excerpt":"O bispo diocesano de Sobral, Dom Jos\u00e9 Luiz Gomes de Vasconcelos, presidiu, na ter\u00e7a-feira (23 de dezembro), a Santa Missa de Natal dos colaboradores e pacientes da Santa Casa de Miseric\u00f3rdia de Sobral. A celebra\u00e7\u00e3o foi concelebrada pelo capel\u00e3o da institui\u00e7\u00e3o, padre Francisco Alves Magalh\u00e3es, e contou com a participa\u00e7\u00e3o\u2026","rel":"","context":"In &quot;Atualidade&quot;","block_context":{"text":"Atualidade","link":"https:\/\/correiodasemana.com\/site\/category\/atualidade\/"},"img":{"alt_text":"","src":"https:\/\/i0.wp.com\/correiodasemana.com\/site\/wp-content\/uploads\/2026\/01\/Santa-Missa.jpeg?resize=350%2C200&ssl=1","width":350,"height":200,"srcset":"https:\/\/i0.wp.com\/correiodasemana.com\/site\/wp-content\/uploads\/2026\/01\/Santa-Missa.jpeg?resize=350%2C200&ssl=1 1x, https:\/\/i0.wp.com\/correiodasemana.com\/site\/wp-content\/uploads\/2026\/01\/Santa-Missa.jpeg?resize=525%2C300&ssl=1 1.5x, https:\/\/i0.wp.com\/correiodasemana.com\/site\/wp-content\/uploads\/2026\/01\/Santa-Missa.jpeg?resize=700%2C400&ssl=1 2x, https:\/\/i0.wp.com\/correiodasemana.com\/site\/wp-content\/uploads\/2026\/01\/Santa-Missa.jpeg?resize=1050%2C600&ssl=1 3x, https:\/\/i0.wp.com\/correiodasemana.com\/site\/wp-content\/uploads\/2026\/01\/Santa-Missa.jpeg?resize=1400%2C800&ssl=1 4x"},"classes":[]},{"id":32148,"url":"https:\/\/correiodasemana.com\/site\/conego-jose-linhares-ponte-decano-da-diocese-de-sobral-morre-aos-94-anos\/","url_meta":{"origin":10378,"position":5},"title":"C\u00f4nego Jos\u00e9 Linhares Ponte, decano da Diocese de Sobral, morre aos 94 anos","author":"adminredacao","date":"Janeiro 15, 2025","format":false,"excerpt":"A popula\u00e7\u00e3o cearense recebeu com muita como\u00e7\u00e3o a not\u00edcia do falecimento do C\u00f4nego Jos\u00e9 Linhares Ponte, decano da Diocese de Sobral e ex-deputado federal, ocorrido na \u00faltima quarta-feira, 08 de janeiro, em Fortaleza\/CE. O ex-parlamentar estava internado na Unidade de Terapia Intensiva (UTI) do Hospital Monte Klinikum desde o dia\u2026","rel":"","context":"In &quot;Atualidade&quot;","block_context":{"text":"Atualidade","link":"https:\/\/correiodasemana.com\/site\/category\/atualidade\/"},"img":{"alt_text":"","src":"https:\/\/i0.wp.com\/correiodasemana.com\/site\/wp-content\/uploads\/2021\/07\/padre-ze-lanca-livro-sobre-a-historia-da-santa-casa-de-sobral-1.jpg?resize=350%2C200&ssl=1","width":350,"height":200,"srcset":"https:\/\/i0.wp.com\/correiodasemana.com\/site\/wp-content\/uploads\/2021\/07\/padre-ze-lanca-livro-sobre-a-historia-da-santa-casa-de-sobral-1.jpg?resize=350%2C200&ssl=1 1x, https:\/\/i0.wp.com\/correiodasemana.com\/site\/wp-content\/uploads\/2021\/07\/padre-ze-lanca-livro-sobre-a-historia-da-santa-casa-de-sobral-1.jpg?resize=525%2C300&ssl=1 1.5x, https:\/\/i0.wp.com\/correiodasemana.com\/site\/wp-content\/uploads\/2021\/07\/padre-ze-lanca-livro-sobre-a-historia-da-santa-casa-de-sobral-1.jpg?resize=700%2C400&ssl=1 2x"},"classes":[]}],"jetpack_sharing_enabled":true,"_links":{"self":[{"href":"https:\/\/correiodasemana.com\/site\/wp-json\/wp\/v2\/posts\/10378","targetHints":{"allow":["GET"]}}],"collection":[{"href":"https:\/\/correiodasemana.com\/site\/wp-json\/wp\/v2\/posts"}],"about":[{"href":"https:\/\/correiodasemana.com\/site\/wp-json\/wp\/v2\/types\/post"}],"author":[{"embeddable":true,"href":"https:\/\/correiodasemana.com\/site\/wp-json\/wp\/v2\/users\/1"}],"replies":[{"embeddable":true,"href":"https:\/\/correiodasemana.com\/site\/wp-json\/wp\/v2\/comments?post=10378"}],"version-history":[{"count":1,"href":"https:\/\/correiodasemana.com\/site\/wp-json\/wp\/v2\/posts\/10378\/revisions"}],"predecessor-version":[{"id":10382,"href":"https:\/\/correiodasemana.com\/site\/wp-json\/wp\/v2\/posts\/10378\/revisions\/10382"}],"wp:featuredmedia":[{"embeddable":true,"href":"https:\/\/correiodasemana.com\/site\/wp-json\/wp\/v2\/media\/10381"}],"wp:attachment":[{"href":"https:\/\/correiodasemana.com\/site\/wp-json\/wp\/v2\/media?parent=10378"}],"wp:term":[{"taxonomy":"category","embeddable":true,"href":"https:\/\/correiodasemana.com\/site\/wp-json\/wp\/v2\/categories?post=10378"},{"taxonomy":"post_tag","embeddable":true,"href":"https:\/\/correiodasemana.com\/site\/wp-json\/wp\/v2\/tags?post=10378"}],"curies":[{"name":"wp","href":"https:\/\/api.w.org\/{rel}","templated":true}]}}