{"id":10383,"date":"2020-01-05T04:12:39","date_gmt":"2020-01-05T04:12:39","guid":{"rendered":"https:\/\/correiodasemana.com\/site\/?p=10383"},"modified":"2020-01-05T04:12:39","modified_gmt":"2020-01-05T04:12:39","slug":"em-2020-brasileiros-vao-eleger-prefeitos-vice-prefeitos-e-vereadores","status":"publish","type":"post","link":"https:\/\/correiodasemana.com\/site\/em-2020-brasileiros-vao-eleger-prefeitos-vice-prefeitos-e-vereadores\/","title":{"rendered":"Em 2020, brasileiros v\u00e3o eleger prefeitos, vice-prefeitos e vereadores"},"content":{"rendered":"<p>Por Ag\u00eancia Brasil<br \/>\nA partir de 1\u00ba de janeiro de 2020, eleitores, partidos e candidatos devem estar atentos ao calend\u00e1rio definido pelo Tribunal Superior Eleitoral (TSE) para elei\u00e7\u00f5es municipais do ano que vem, quando ser\u00e3o escolhidos prefeitos, vice-prefeitos e vereadores.<br \/>\nPelo calend\u00e1rio eleitoral aprovado pela Corte, todas as pessoas envolvidas no pleito devem respeitar regras e prazos para garantir a realiza\u00e7\u00e3o da vota\u00e7\u00e3o. O primeiro turno ser\u00e1 realizado em 4 de outubro e o segundo turno no dia 25 do mesmo m\u00eas.<br \/>\nNo primeiro dia de janeiro, empresas respons\u00e1veis por pesquisas de opini\u00e3o est\u00e3o obrigadas a registr\u00e1-las no TSE. Na mesma data, qualquer \u00f3rg\u00e3o da administra\u00e7\u00e3o p\u00fablica fica proibido de distribuir benef\u00edcios, bens ou valores, exceto no caso de calamidade p\u00fablica. Os \u00f3rg\u00e3os tamb\u00e9m n\u00e3o podem aumentar gastos com publicidade acima da m\u00e9dia dos \u00faltimos tr\u00eas anos.<br \/>\nEm abril, o TSE vai lan\u00e7ar uma campanha nas emissoras de r\u00e1dio e televis\u00e3o para incentivar a participa\u00e7\u00e3o das mulheres nas elei\u00e7\u00f5es e esclarecer o eleitor sobre o funcionamento do sistema eleitoral.<br \/>\nNo dia 16 de junho, a Corte deve divulgar o valor corrigido do Fundo Especial de Financiamento de Campanha (FEFC), criado pelo Congresso. Conforme o or\u00e7amento da Uni\u00e3o para o ano que vem, R$ 2 bilh\u00f5es est\u00e3o previstos para o fundo.<br \/>\nEm julho, os partidos est\u00e3o autorizados a promover as conven\u00e7\u00f5es internas para escolha de seus candidatos, que dever\u00e3o ter os registros das candidaturas apresentados \u00e0 Justi\u00e7a Eleitoral at\u00e9 15 de agosto.<br \/>\nNo dia seguinte, a propaganda eleitoral est\u00e1 autorizada nas ruas e na internet at\u00e9 3 de outubro, dia anterior ao primeiro turno.<br \/>\nEm setembro, a partir do dia 19, nenhum candidato poder\u00e1 ser preso, salvo em flagrante. No caso dos eleitores, a legisla\u00e7\u00e3o eleitoral tamb\u00e9m pro\u00edbe a pris\u00e3o nos dias pr\u00f3ximos ao pleito. No dia 29, eleitores s\u00f3 podem ser presos em flagrante.<br \/>\nA diploma\u00e7\u00e3o dos prefeitos e vices, al\u00e9m dos vereadores eleitos, deve ocorrer at\u00e9 19 de dezembro de 2020. Nas elei\u00e7\u00f5es municipais de 2016, 144 milh\u00f5es de eleitores estavam aptos a votar. No pleito, foram registradas 496 mil candidaturas para os cargos disputados.<\/p>\n","protected":false},"excerpt":{"rendered":"<p>Por Ag\u00eancia Brasil A partir de 1\u00ba de janeiro de 2020, eleitores, partidos e candidatos&#8230;<\/p>\n","protected":false},"author":1,"featured_media":8594,"comment_status":"open","ping_status":"open","sticky":false,"template":"","format":"standard","meta":{"_jetpack_memberships_contains_paid_content":false,"footnotes":"","jetpack_publicize_message":"","jetpack_publicize_feature_enabled":true,"jetpack_social_post_already_shared":true,"jetpack_social_options":{"image_generator_settings":{"template":"highway","default_image_id":0,"font":"","enabled":false},"version":2}},"categories":[1],"tags":[],"class_list":["post-10383","post","type-post","status-publish","format-standard","has-post-thumbnail","hentry","category-atualidade"],"jetpack_publicize_connections":[],"jetpack_featured_media_url":"https:\/\/correiodasemana.com\/site\/wp-content\/uploads\/2019\/08\/urna_lecr-e1447217261594.jpg","jetpack-related-posts":[{"id":13732,"url":"https:\/\/correiodasemana.com\/site\/eleicoes-2020-prazo-para-registro-de-candidaturas-termina-neste-sabado-campanha-nas-ruas-comeca-no-domingo-a-partir-de-domingo-27-candidatos-ja-poderao-fazer-comicios-carreatas-e-propaganda-na-i\/","url_meta":{"origin":10383,"position":0},"title":"Elei\u00e7\u00f5es 2020: prazo para registro de candidaturas termina neste s\u00e1bado; campanha nas ruas come\u00e7a no domingo A partir de domingo (27), candidatos j\u00e1 poder\u00e3o fazer com\u00edcios, carreatas e propaganda na internet. Hor\u00e1rio eleitoral na TV e no r\u00e1dio s\u00f3 come\u00e7a no dia 9 de outubro","author":"","date":"Setembro 26, 2020","format":false,"excerpt":"O prazo para partidos apresentarem o pedido de registro das candidaturas nas elei\u00e7\u00f5es de 2020 termina \u00e0s 19h deste s\u00e1bado (26). No dia seguinte, domingo (27), come\u00e7a o per\u00edodo da campanha eleitoral nas ruas. At\u00e9 as 20h24 de sexta-feira (25), havia 443 mil candidatos a prefeito, vice-prefeito e vereador j\u00e1\u2026","rel":"","context":"In &quot;Atualidade&quot;","block_context":{"text":"Atualidade","link":"https:\/\/correiodasemana.com\/site\/category\/atualidade\/"},"img":{"alt_text":"","src":"https:\/\/i0.wp.com\/correiodasemana.com\/site\/wp-content\/uploads\/2020\/09\/confira-o-que-pode-e-o-que-nao-pode-na-propaganda-eleitoral-5f6cdd18d568a.jpeg?resize=350%2C200&ssl=1","width":350,"height":200,"srcset":"https:\/\/i0.wp.com\/correiodasemana.com\/site\/wp-content\/uploads\/2020\/09\/confira-o-que-pode-e-o-que-nao-pode-na-propaganda-eleitoral-5f6cdd18d568a.jpeg?resize=350%2C200&ssl=1 1x, https:\/\/i0.wp.com\/correiodasemana.com\/site\/wp-content\/uploads\/2020\/09\/confira-o-que-pode-e-o-que-nao-pode-na-propaganda-eleitoral-5f6cdd18d568a.jpeg?resize=525%2C300&ssl=1 1.5x"},"classes":[]},{"id":13391,"url":"https:\/\/correiodasemana.com\/site\/convencoes-partidarias-dao-largada-para-a-corrida-eleitoral-2020\/","url_meta":{"origin":10383,"position":1},"title":"Conven\u00e7\u00f5es partid\u00e1rias d\u00e3o largada para a corrida eleitoral 2020","author":"","date":"Setembro 7, 2020","format":false,"excerpt":"Por Joc\u00e9lio Tavares Teve in\u00edcio, na \u00faltima segunda-feira (31\/08), o prazo para realiza\u00e7\u00e3o das conven\u00e7\u00f5es partid\u00e1rias de 2020. De acordo com o novo calend\u00e1rio eleitoral, determina\u00e7\u00e3o do Tribunal Superior Eleitoral (TSE) devido \u00e0 pandemia do novo coronav\u00edrus, o limite vai at\u00e9 16 de setembro (quarta-feira). Excepcionalmente este ano, para respeitar\u2026","rel":"","context":"In &quot;Atualidade&quot;","block_context":{"text":"Atualidade","link":"https:\/\/correiodasemana.com\/site\/category\/atualidade\/"},"img":{"alt_text":"","src":"https:\/\/i0.wp.com\/correiodasemana.com\/site\/wp-content\/uploads\/2020\/09\/WhatsApp-Image-2020-09-02-at-12.38.04.png?resize=350%2C200&ssl=1","width":350,"height":200,"srcset":"https:\/\/i0.wp.com\/correiodasemana.com\/site\/wp-content\/uploads\/2020\/09\/WhatsApp-Image-2020-09-02-at-12.38.04.png?resize=350%2C200&ssl=1 1x, https:\/\/i0.wp.com\/correiodasemana.com\/site\/wp-content\/uploads\/2020\/09\/WhatsApp-Image-2020-09-02-at-12.38.04.png?resize=525%2C300&ssl=1 1.5x, https:\/\/i0.wp.com\/correiodasemana.com\/site\/wp-content\/uploads\/2020\/09\/WhatsApp-Image-2020-09-02-at-12.38.04.png?resize=700%2C400&ssl=1 2x"},"classes":[]},{"id":12949,"url":"https:\/\/correiodasemana.com\/site\/eleicoes-2020-municipios-comecam-nomear-mesarios-e-membros-de-mesas-receptoras-de-votos-nesta-terca-feira-18\/","url_meta":{"origin":10383,"position":2},"title":"Elei\u00e7\u00f5es 2020: Munic\u00edpios come\u00e7am nomear mes\u00e1rios e membros de mesas receptoras de votos nesta ter\u00e7a-feira (18)","author":"","date":"Agosto 18, 2020","format":false,"excerpt":"A altera\u00e7\u00e3o nas datas faz parte da mudan\u00e7a do Calend\u00e1rio Eleitoral, em virtude da pandemia do novo coronav\u00edrus A partir desta ter\u00e7a-feira (18), os munic\u00edpios j\u00e1 podem come\u00e7ar a nomear mes\u00e1rios, membros das mesas receptoras de votos e de justificativas eleitorais e eleitores que ajudar\u00e3o no apoio log\u00edstico das Elei\u00e7\u00f5es\u2026","rel":"","context":"In &quot;Atualidade&quot;","block_context":{"text":"Atualidade","link":"https:\/\/correiodasemana.com\/site\/category\/atualidade\/"},"img":{"alt_text":"","src":"https:\/\/i0.wp.com\/correiodasemana.com\/site\/wp-content\/uploads\/2020\/08\/seu-voto-tem-poder.jpg?resize=350%2C200&ssl=1","width":350,"height":200},"classes":[]},{"id":14253,"url":"https:\/\/correiodasemana.com\/site\/sobral-tem-142-091-eleitores-aptos-a-votarem-nas-eleicoes-de-2020\/","url_meta":{"origin":10383,"position":3},"title":"Sobral tem 142.091 eleitores aptos a votarem nas elei\u00e7\u00f5es de 2020","author":"","date":"Outubro 25, 2020","format":false,"excerpt":"Cidade da regi\u00e3o Norte \u00e9 a quinta do Cear\u00e1 com mais eleitores Por Joc\u00e9lio Tavares. A menos de um m\u00eas para o primeiro turno das elei\u00e7\u00f5es municipais de 2020, a cidade de Sobral, localizada na Regi\u00e3o Norte do Estado do Cear\u00e1, possui, segundo dados atualizados em setembro pelo TSE CE,\u2026","rel":"","context":"In &quot;Atualidade&quot;","block_context":{"text":"Atualidade","link":"https:\/\/correiodasemana.com\/site\/category\/atualidade\/"},"img":{"alt_text":"","src":"https:\/\/i0.wp.com\/correiodasemana.com\/site\/wp-content\/uploads\/2020\/10\/eleicoes_2020_-_banner_destaque_01-1.jpg?resize=350%2C200&ssl=1","width":350,"height":200,"srcset":"https:\/\/i0.wp.com\/correiodasemana.com\/site\/wp-content\/uploads\/2020\/10\/eleicoes_2020_-_banner_destaque_01-1.jpg?resize=350%2C200&ssl=1 1x, https:\/\/i0.wp.com\/correiodasemana.com\/site\/wp-content\/uploads\/2020\/10\/eleicoes_2020_-_banner_destaque_01-1.jpg?resize=525%2C300&ssl=1 1.5x, https:\/\/i0.wp.com\/correiodasemana.com\/site\/wp-content\/uploads\/2020\/10\/eleicoes_2020_-_banner_destaque_01-1.jpg?resize=700%2C400&ssl=1 2x, https:\/\/i0.wp.com\/correiodasemana.com\/site\/wp-content\/uploads\/2020\/10\/eleicoes_2020_-_banner_destaque_01-1.jpg?resize=1050%2C600&ssl=1 3x"},"classes":[]},{"id":14382,"url":"https:\/\/correiodasemana.com\/site\/politica-em-evidencia-43\/","url_meta":{"origin":10383,"position":4},"title":"Pol\u00edtica em Evid\u00eancia","author":"","date":"Novembro 3, 2020","format":false,"excerpt":"Para as elei\u00e7\u00f5es de 15 de novembro, a situa\u00e7\u00e3o de Sobral \u00e9 a seguinte: S\u00e3o duas zonas eleitorais 24\u00aa e 121\u00aa\u00a0que somam 524 se\u00e7\u00f5es e 98 locais de vota\u00e7\u00e3o.\u00a0Total de votantes chega a 103.933. De acordo com o Tribunal Regional Eleitoral do Cear\u00e1 (TRE-CE), os bairros com mais eleitores s\u00e3o\u2026","rel":"","context":"In &quot;Artigos&quot;","block_context":{"text":"Artigos","link":"https:\/\/correiodasemana.com\/site\/category\/artigos\/"},"img":{"alt_text":"","src":"","width":0,"height":0},"classes":[]},{"id":13035,"url":"https:\/\/correiodasemana.com\/site\/eleicoes-municipais-a-midia-e-as-redes-sociais-podem-causar-impacto-nas-urnas\/","url_meta":{"origin":10383,"position":5},"title":"Elei\u00e7\u00f5es MUNICIPAIS: A m\u00eddia e as redes sociais podem causar impacto nas urnas","author":"","date":"Agosto 24, 2020","format":false,"excerpt":"Com as altera\u00e7\u00f5es do calend\u00e1rio para as elei\u00e7\u00f5es deste ano, quando ser\u00e3o escolhidos prefeitos e vereadores, a partir desta ter\u00e7a-feira (18), o juiz eleitoral come\u00e7a a nomear os membros das mesas receptoras e o pessoal de apoio log\u00edstico dos locais de vota\u00e7\u00e3o para o primeiro e eventual segundo turnos de\u2026","rel":"","context":"In &quot;Atualidade&quot;","block_context":{"text":"Atualidade","link":"https:\/\/correiodasemana.com\/site\/category\/atualidade\/"},"img":{"alt_text":"","src":"https:\/\/i0.wp.com\/correiodasemana.com\/site\/wp-content\/uploads\/2019\/08\/urna_lecr-e1447217261594.jpg?resize=350%2C200&ssl=1","width":350,"height":200,"srcset":"https:\/\/i0.wp.com\/correiodasemana.com\/site\/wp-content\/uploads\/2019\/08\/urna_lecr-e1447217261594.jpg?resize=350%2C200&ssl=1 1x, https:\/\/i0.wp.com\/correiodasemana.com\/site\/wp-content\/uploads\/2019\/08\/urna_lecr-e1447217261594.jpg?resize=525%2C300&ssl=1 1.5x, https:\/\/i0.wp.com\/correiodasemana.com\/site\/wp-content\/uploads\/2019\/08\/urna_lecr-e1447217261594.jpg?resize=700%2C400&ssl=1 2x, https:\/\/i0.wp.com\/correiodasemana.com\/site\/wp-content\/uploads\/2019\/08\/urna_lecr-e1447217261594.jpg?resize=1050%2C600&ssl=1 3x, https:\/\/i0.wp.com\/correiodasemana.com\/site\/wp-content\/uploads\/2019\/08\/urna_lecr-e1447217261594.jpg?resize=1400%2C800&ssl=1 4x"},"classes":[]}],"jetpack_sharing_enabled":true,"_links":{"self":[{"href":"https:\/\/correiodasemana.com\/site\/wp-json\/wp\/v2\/posts\/10383","targetHints":{"allow":["GET"]}}],"collection":[{"href":"https:\/\/correiodasemana.com\/site\/wp-json\/wp\/v2\/posts"}],"about":[{"href":"https:\/\/correiodasemana.com\/site\/wp-json\/wp\/v2\/types\/post"}],"author":[{"embeddable":true,"href":"https:\/\/correiodasemana.com\/site\/wp-json\/wp\/v2\/users\/1"}],"replies":[{"embeddable":true,"href":"https:\/\/correiodasemana.com\/site\/wp-json\/wp\/v2\/comments?post=10383"}],"version-history":[{"count":1,"href":"https:\/\/correiodasemana.com\/site\/wp-json\/wp\/v2\/posts\/10383\/revisions"}],"predecessor-version":[{"id":10384,"href":"https:\/\/correiodasemana.com\/site\/wp-json\/wp\/v2\/posts\/10383\/revisions\/10384"}],"wp:featuredmedia":[{"embeddable":true,"href":"https:\/\/correiodasemana.com\/site\/wp-json\/wp\/v2\/media\/8594"}],"wp:attachment":[{"href":"https:\/\/correiodasemana.com\/site\/wp-json\/wp\/v2\/media?parent=10383"}],"wp:term":[{"taxonomy":"category","embeddable":true,"href":"https:\/\/correiodasemana.com\/site\/wp-json\/wp\/v2\/categories?post=10383"},{"taxonomy":"post_tag","embeddable":true,"href":"https:\/\/correiodasemana.com\/site\/wp-json\/wp\/v2\/tags?post=10383"}],"curies":[{"name":"wp","href":"https:\/\/api.w.org\/{rel}","templated":true}]}}