{"id":10388,"date":"2020-01-05T04:24:42","date_gmt":"2020-01-05T04:24:42","guid":{"rendered":"https:\/\/correiodasemana.com\/site\/?p=10388"},"modified":"2020-01-05T04:24:42","modified_gmt":"2020-01-05T04:24:42","slug":"ano-2020-do-nascimento-de-nosso-senhor-jesus-cristo","status":"publish","type":"post","link":"https:\/\/correiodasemana.com\/site\/ano-2020-do-nascimento-de-nosso-senhor-jesus-cristo\/","title":{"rendered":"Ano 2020 do Nascimento de Nosso Senhor Jesus Cristo"},"content":{"rendered":"<p>Atribuem a Carlos Drummond de Andrade o texto que segue, no entanto, \u00e9 autor Roberto Pompeu de Toledo: \u201cQuem teve a ideia de cortar o tempo em fatias, a que se deu o nome de ano, foi um indiv\u00edduo genial. Industrializou a esperan\u00e7a, fazendo-a funcionar no limite da exaust\u00e3o\u201d. Drummond diz: \u201cO presente \u00e9 t\u00e3o grande, n\u00e3o nos afastemos.\/ &#8230; vamos de m\u00e3os dadas\u201d e o Poeta nos dizia ainda ter todo \u201co sentimento do mundo\u201d. O jornalista-poeta Toledo e o poeta-maior Drummond nos orientam e o ano come\u00e7ou de verdade dia 2. Ser\u00e1 que j\u00e1 come\u00e7ou mesmo ou ser\u00e1 segunda-feira, 6, antiga festa de Santos Reis, data em que muitas empresas d\u00e3o t\u00e9rmino ao recesso de final de ano? \u00c9 ano novo, vida nova, para n\u00f3s que seguimos o calend\u00e1rio gregoriano, adotado pelo Ocidente em 1582, ap\u00f3s uma bula do Papa Greg\u00f3rio XIII. Outros povos j\u00e1 vivem um novo ano. Muitos afirmaram o in\u00edcio de uma nova d\u00e9cada. Mas, propriamente, ainda n\u00e3o \u00e9. O calend\u00e1rio gregoriano \u00e9 contado do ano 1, ano em que nasceu Nosso Senhor Jesus Cristo. N\u00e3o teve in\u00edcio no \u201czero\u201d, por isso toda d\u00e9cada come\u00e7a em 1. Em 2021 celebraremos o in\u00edcio da segunda d\u00e9cada deste s\u00e9culo.<br \/>\nUm dos maiores sentimentos do per\u00edodo de final e in\u00edcio de ano, al\u00e9m da gratid\u00e3o, \u00e9 a esperan\u00e7a. Quase todo nosso caminhar \u00e9 tempo de esperas! E h\u00e1 9 dias, \u00faltimo 27 de 2019, duas pessoas muito queridas para mim, trilharam o caminho maior da esperan\u00e7a. Foram chamadas por Deus. Uma delas, que fora na parte da manh\u00e3, dedicou sua vida a Deus e ao pr\u00f3ximo. A caridade e a educa\u00e7\u00e3o foram seus principais instrumentos: a Madre Feitosa, da Congrega\u00e7\u00e3o das Filhas de Santa Teresa de Jesus. Maria Carmelina Feitosa, nascida em Tau\u00e1, criada em Arneiroz e aos 14 anos chegou ao Crato. Pouco depois ingressou na vida religiosa e se constituiu um edificante exemplo aos que a conheceram ou viram seu trabalho ou, daqui para a frente, conhecerem sua biografia. O advogado busca sempre a prud\u00eancia, a mesma prud\u00eancia que a Santa Madre Igreja Cat\u00f3lica recomenda, mas, o fiel que sou me diz que ela \u00e9 \u201csanta s\u00fabita\u201d. Em minhas devo\u00e7\u00f5es particulares j\u00e1 a tenho. Seu sepultamento aconteceu na festa da Sagrada Fam\u00edlia, \u00faltimo domingo de 2019, na Capela da Casa de Caridade, onde morava e agora ficar\u00e1 aben\u00e7oando e protegendo aquele espa\u00e7o, visto que as rel\u00edquias dos santos t\u00eam entre outras, esta fun\u00e7\u00e3o. T\u00e3o logo soube de seu retorno \u00e0 Casa do Pai, me comuniquei com o querido amigo Armando Rafael, tamb\u00e9m amigo e devoto da Madre. A ele expressei meu sentimento como se o expressasse a todos os que amam a Madre Feitosa. Que Deus a recompense pelos seus feitos.<br \/>\nNo largo caminho da esperan\u00e7a tamb\u00e9m seguiu, na noite da mesma sexta-feira, a querida amiga Rosita Ferreira de Souza. Quixadaense, professora, educadora. Rosita nasceu na Fazenda Calif\u00f3rnia, onde seu corpo repousou. Foi uma das maiores amigas de minha querida madrinha Rachel de Queiroz. Depois que Rachel partiu, t\u00ednhamos a Maria Luiza, Isinha, sua irm\u00e3, quando esta se foi, t\u00ednhamos a Rosita. Agora as tr\u00eas est\u00e3o juntas no c\u00e9u e, l\u00e1, espero que conservem nossa amizade. \u00c0 Rosita, meu eterno carinho e amizade!<br \/>\nSigamos na trilha da esperan\u00e7a e que a beleza nunca se ofusque nos dias do novo ano, mesmo quando tivermos dificuldade para enxerg\u00e1-la.<br \/>\nCom ternura, Feliz Ano Novo!<\/p>\n","protected":false},"excerpt":{"rendered":"<p>Atribuem a Carlos Drummond de Andrade o texto que segue, no entanto, \u00e9 autor Roberto&#8230;<\/p>\n","protected":false},"author":1,"featured_media":8256,"comment_status":"open","ping_status":"open","sticky":false,"template":"","format":"standard","meta":{"_jetpack_memberships_contains_paid_content":false,"footnotes":"","jetpack_publicize_message":"","jetpack_publicize_feature_enabled":true,"jetpack_social_post_already_shared":true,"jetpack_social_options":{"image_generator_settings":{"template":"highway","default_image_id":0,"font":"","enabled":false},"version":2}},"categories":[11,41],"tags":[],"class_list":["post-10388","post","type-post","status-publish","format-standard","has-post-thumbnail","hentry","category-artigos","category-jose-luis-lira"],"jetpack_publicize_connections":[],"jetpack_featured_media_url":"https:\/\/correiodasemana.com\/site\/wp-content\/uploads\/2019\/07\/Jose\u0301-1.jpg","jetpack-related-posts":[{"id":15835,"url":"https:\/\/correiodasemana.com\/site\/de-poeta-para-poeta-santo-sao-francisco-de-assis-por-augusto-de-lima\/","url_meta":{"origin":10388,"position":0},"title":"DE POETA PARA POETA SANTO: S\u00c3O FRANCISCO DE ASSIS POR AUGUSTO DE LIMA\u00a0","author":"","date":"Fevereiro 28, 2021","format":false,"excerpt":"Em dezembro, encaminhei um cart\u00e3o personalizado de feliz ano de 2021 ao nobre irm\u00e3o na Nobre e Pontif\u00edcia Ordem Equestre do Santo Sepulcro de Jerusal\u00e9m, Comendador Arist\u00f3teles Drummond. O nobre Comendador e conceituado jornalista me pediu o endere\u00e7o. Dias depois recebi livro de seu bisav\u00f4, de quem seu av\u00f4, Augusto\u2026","rel":"","context":"In &quot;Artigos&quot;","block_context":{"text":"Artigos","link":"https:\/\/correiodasemana.com\/site\/category\/artigos\/"},"img":{"alt_text":"","src":"https:\/\/i0.wp.com\/correiodasemana.com\/site\/wp-content\/uploads\/2018\/02\/Jose%CC%81-1.jpg?resize=350%2C200&ssl=1","width":350,"height":200,"srcset":"https:\/\/i0.wp.com\/correiodasemana.com\/site\/wp-content\/uploads\/2018\/02\/Jose%CC%81-1.jpg?resize=350%2C200&ssl=1 1x, https:\/\/i0.wp.com\/correiodasemana.com\/site\/wp-content\/uploads\/2018\/02\/Jose%CC%81-1.jpg?resize=525%2C300&ssl=1 1.5x, https:\/\/i0.wp.com\/correiodasemana.com\/site\/wp-content\/uploads\/2018\/02\/Jose%CC%81-1.jpg?resize=700%2C400&ssl=1 2x"},"classes":[]},{"id":30435,"url":"https:\/\/correiodasemana.com\/site\/poucas-e-boas-43\/","url_meta":{"origin":10388,"position":1},"title":"POUCAS E BOAS","author":"adminredacao","date":"Agosto 19, 2024","format":false,"excerpt":"E agora, Jos\u00e9? Faltam 50 dias para as Elei\u00e7\u00f5es 2024, ocasi\u00e3o em que mais uma vez iremos eleger prefeitos, vice-prefeitos e vereadores em todo o Brasil. Lamentavelmente, milh\u00f5es de brasileiros continuam esbarrando na indecis\u00e3o ou na falta de confian\u00e7a sintetizadas na frase-t\u00edtulo deste artigo. Num dia como hoje, em 17\u2026","rel":"","context":"In &quot;Artigos&quot;","block_context":{"text":"Artigos","link":"https:\/\/correiodasemana.com\/site\/category\/artigos\/"},"img":{"alt_text":"","src":"https:\/\/i0.wp.com\/correiodasemana.com\/site\/wp-content\/uploads\/2023\/05\/artemisio-da-costa-2.jpg?resize=350%2C200&ssl=1","width":350,"height":200},"classes":[]},{"id":20477,"url":"https:\/\/correiodasemana.com\/site\/em-tempo-142\/","url_meta":{"origin":10388,"position":2},"title":"Em tempo","author":"","date":"Julho 17, 2022","format":false,"excerpt":"Doutorado Rede Nordeste de Ensino Rede Nordeste de Ensino lan\u00e7ou edital de sele\u00e7\u00e3o e admiss\u00e3o\u00a0ao Doutorado Acad\u00eamico em Ensino 2023.1. S\u00e3o oferecidas 110 vagas para as institui\u00e7\u00f5es de ensino superior associadas, nos estados de Alagoas, Bahia, Cear\u00e1, Para\u00edba, Pernambuco, Rio Grande do Norte e Sergipe. No polo as Universidade Federal\u2026","rel":"","context":"In &quot;Artigos&quot;","block_context":{"text":"Artigos","link":"https:\/\/correiodasemana.com\/site\/category\/artigos\/"},"img":{"alt_text":"","src":"https:\/\/i0.wp.com\/correiodasemana.com\/site\/wp-content\/uploads\/2022\/07\/em-tempo-300x166.jpg?resize=350%2C200&ssl=1","width":350,"height":200},"classes":[]},{"id":17856,"url":"https:\/\/correiodasemana.com\/site\/outubro-poetico\/","url_meta":{"origin":10388,"position":3},"title":"OUTUBRO PO\u00c9TICO\u00a0","author":"","date":"Outubro 24, 2021","format":false,"excerpt":"O Dia do Poeta e da Poesia s\u00e3o distintos no Brasil. Conforme dados oficiais, o dia 20 de outubro \u00e9 o Dia do Poeta, data escolhida para celebrar o dia 20 de outubro de 1976, quando em S\u00e3o Paulo, surgia o Movimento Po\u00e9tico Nacional, na casa do intelectual Paulo Menotti\u2026","rel":"","context":"In &quot;Artigos&quot;","block_context":{"text":"Artigos","link":"https:\/\/correiodasemana.com\/site\/category\/artigos\/"},"img":{"alt_text":"","src":"https:\/\/i0.wp.com\/correiodasemana.com\/site\/wp-content\/uploads\/2018\/02\/Jose%CC%81-1.jpg?resize=350%2C200&ssl=1","width":350,"height":200,"srcset":"https:\/\/i0.wp.com\/correiodasemana.com\/site\/wp-content\/uploads\/2018\/02\/Jose%CC%81-1.jpg?resize=350%2C200&ssl=1 1x, https:\/\/i0.wp.com\/correiodasemana.com\/site\/wp-content\/uploads\/2018\/02\/Jose%CC%81-1.jpg?resize=525%2C300&ssl=1 1.5x, https:\/\/i0.wp.com\/correiodasemana.com\/site\/wp-content\/uploads\/2018\/02\/Jose%CC%81-1.jpg?resize=700%2C400&ssl=1 2x"},"classes":[]},{"id":12231,"url":"https:\/\/correiodasemana.com\/site\/dia-do-escritor\/","url_meta":{"origin":10388,"position":4},"title":"DIA DO ESCRITOR","author":"","date":"Julho 25, 2020","format":false,"excerpt":"Esta coluna, n\u00e3o diria cr\u00f4nica, \u00e9 para Matusahila Santiago,\u00a0in memoriam. Nos dias que passaram, 20, tivemos o dia do amigo, da amizade; de Santa Maria Madalena, amiga de Jesus, tantas vezes erroneamente interpretada, 22; a reconstru\u00e7\u00e3o da face de Santa Maria Madalena, equipe que coordenei, em 2015, tendo \u00e0 frente\u2026","rel":"","context":"In &quot;Artigos&quot;","block_context":{"text":"Artigos","link":"https:\/\/correiodasemana.com\/site\/category\/artigos\/"},"img":{"alt_text":"","src":"https:\/\/i0.wp.com\/correiodasemana.com\/site\/wp-content\/uploads\/2019\/07\/Jose%CC%81-1.jpg?resize=350%2C200&ssl=1","width":350,"height":200,"srcset":"https:\/\/i0.wp.com\/correiodasemana.com\/site\/wp-content\/uploads\/2019\/07\/Jose%CC%81-1.jpg?resize=350%2C200&ssl=1 1x, https:\/\/i0.wp.com\/correiodasemana.com\/site\/wp-content\/uploads\/2019\/07\/Jose%CC%81-1.jpg?resize=525%2C300&ssl=1 1.5x, https:\/\/i0.wp.com\/correiodasemana.com\/site\/wp-content\/uploads\/2019\/07\/Jose%CC%81-1.jpg?resize=700%2C400&ssl=1 2x"},"classes":[]},{"id":18604,"url":"https:\/\/correiodasemana.com\/site\/o-passado-esteve-aqui\/","url_meta":{"origin":10388,"position":5},"title":"O PASSADO ESTEVE AQUI\u00a0","author":"","date":"Janeiro 16, 2022","format":false,"excerpt":"O t\u00edtulo desta conversa de hoje \u00e9 uma lembran\u00e7a. Um livro infanto-juvenil de 1988 que n\u00e3o li por completo, lembro-me bem, porque apareceu \u201cEm algum lugar do passado\u201d e optei por este. Mas, hoje revi sua capa. N\u00e3o tenho mais o livro f\u00edsico. Foi-se embora na voragem do tempo e,\u2026","rel":"","context":"In &quot;Artigos&quot;","block_context":{"text":"Artigos","link":"https:\/\/correiodasemana.com\/site\/category\/artigos\/"},"img":{"alt_text":"","src":"https:\/\/i0.wp.com\/correiodasemana.com\/site\/wp-content\/uploads\/2021\/11\/Prof.-Luis-Lira.jpg?resize=350%2C200&ssl=1","width":350,"height":200,"srcset":"https:\/\/i0.wp.com\/correiodasemana.com\/site\/wp-content\/uploads\/2021\/11\/Prof.-Luis-Lira.jpg?resize=350%2C200&ssl=1 1x, https:\/\/i0.wp.com\/correiodasemana.com\/site\/wp-content\/uploads\/2021\/11\/Prof.-Luis-Lira.jpg?resize=525%2C300&ssl=1 1.5x"},"classes":[]}],"jetpack_sharing_enabled":true,"_links":{"self":[{"href":"https:\/\/correiodasemana.com\/site\/wp-json\/wp\/v2\/posts\/10388","targetHints":{"allow":["GET"]}}],"collection":[{"href":"https:\/\/correiodasemana.com\/site\/wp-json\/wp\/v2\/posts"}],"about":[{"href":"https:\/\/correiodasemana.com\/site\/wp-json\/wp\/v2\/types\/post"}],"author":[{"embeddable":true,"href":"https:\/\/correiodasemana.com\/site\/wp-json\/wp\/v2\/users\/1"}],"replies":[{"embeddable":true,"href":"https:\/\/correiodasemana.com\/site\/wp-json\/wp\/v2\/comments?post=10388"}],"version-history":[{"count":1,"href":"https:\/\/correiodasemana.com\/site\/wp-json\/wp\/v2\/posts\/10388\/revisions"}],"predecessor-version":[{"id":10389,"href":"https:\/\/correiodasemana.com\/site\/wp-json\/wp\/v2\/posts\/10388\/revisions\/10389"}],"wp:featuredmedia":[{"embeddable":true,"href":"https:\/\/correiodasemana.com\/site\/wp-json\/wp\/v2\/media\/8256"}],"wp:attachment":[{"href":"https:\/\/correiodasemana.com\/site\/wp-json\/wp\/v2\/media?parent=10388"}],"wp:term":[{"taxonomy":"category","embeddable":true,"href":"https:\/\/correiodasemana.com\/site\/wp-json\/wp\/v2\/categories?post=10388"},{"taxonomy":"post_tag","embeddable":true,"href":"https:\/\/correiodasemana.com\/site\/wp-json\/wp\/v2\/tags?post=10388"}],"curies":[{"name":"wp","href":"https:\/\/api.w.org\/{rel}","templated":true}]}}