{"id":10390,"date":"2020-01-05T04:26:01","date_gmt":"2020-01-05T04:26:01","guid":{"rendered":"https:\/\/correiodasemana.com\/site\/?p=10390"},"modified":"2020-01-05T04:26:01","modified_gmt":"2020-01-05T04:26:01","slug":"sobral-shopping-projeta-alta-de-25-em-vendas-de-fim-de-ano","status":"publish","type":"post","link":"https:\/\/correiodasemana.com\/site\/sobral-shopping-projeta-alta-de-25-em-vendas-de-fim-de-ano\/","title":{"rendered":"Sobral Shopping projeta alta de 25% em vendas de fim de ano"},"content":{"rendered":"<p>\u00c9 cedo para saber o n\u00famero definitivo do aumento das vendas de fim de ano, mas de acordo com as proje\u00e7\u00f5es do Sobral Shopping, a perspectiva de crescimento de vendas \u00e9 de 25% comparado ao mesmo per\u00edodo de 2018. Para esse resultado, a equipe do shopping garantiu um show de neve artificial na decora\u00e7\u00e3o, al\u00e9m de apostar na sorte dos consumidores com sorteios que foram realizados at\u00e9 o dia 29 de dezembro. Os clientes buscaram produtos diversos, o que fez com que as lojas reportassem um resultado superior ao de 2018. O resultado \u00e9 reflexo da diversidade do produto e do bom atendimento.<\/p>\n<p><strong>Gasolina encerra 2019 com alta de 8,61% no Cear\u00e1<\/strong><br \/>\nO pre\u00e7o do litro da gasolina fechou o ano em alta de 8,61% no Cear\u00e1, na compara\u00e7\u00e3o entre os valores de janeiro e dezembro de 2019. Segundo a Ag\u00eancia Nacional do Petr\u00f3leo, G\u00e1s Natural e Biocombust\u00edveis (ANP), no primeiro m\u00eas do ano passado, o combust\u00edvel era comercializado em m\u00e9dia a R$ 4,272, ao passo que no \u00faltimo m\u00eas de 2019, o pre\u00e7o era de R$ 4,640. Na \u00faltima semana de dezembro de 2019, o valor m\u00e9dio da gasolina subiu 3,26% nos estabelecimentos cearenses, passando de R$ 4,536 (de 1\u00ba a 7 de dezembro) para R$ 4,684 (de 22 a 28 de dezembro). Nas cidades pesquisadas pela ANP, Crate\u00fas teve o maior valor m\u00e9dio do litro da gasolina. Os estabelecimentos da cidade vendiam o produto a R$ 4,940. J\u00e1 Sobral, na Regi\u00e3o Norte do Estado, o pre\u00e7o m\u00e9dio era de R$ 4,590. Com informa\u00e7\u00f5es do Di\u00e1rio do Nordeste<\/p>\n<p><strong>Prefeitura Municipal pagar\u00e1 um abono salarial para profissionais do magist\u00e9rio<\/strong><br \/>\nA Prefeitura de Sobral, por meio da Secretaria da Educa\u00e7\u00e3o, depositar\u00e1 no pr\u00f3ximo dia 15 de janeiro um abono salarial na conta de 1.480 profissionais do magist\u00e9rio (efetivos, tempor\u00e1rios, diretores, vices e coordenadores pedag\u00f3gicos). O valor total de R$ 2.610.081,31 \u00e9 resultado da divis\u00e3o das \u201csobras\u201d dos recursos do Fundo de Manuten\u00e7\u00e3o e Desenvolvimento da Educa\u00e7\u00e3o B\u00e1sica e de Valoriza\u00e7\u00e3o dos Profissionais da Educa\u00e7\u00e3o (Fundeb) 2018. Cada profissional receber\u00e1, em m\u00e9dia, R$\u00a01.440,19 (valor bruto), conforme an\u00fancio realizado nesta ter\u00e7a-feira (31\/12) pelo prefeito Ivo Gomes.A valoriza\u00e7\u00e3o dos profissionais respeita a Lei Federal n\u00ba 11.494 (Lei do Fundeb), que prev\u00ea em seu artigo 22 a aplica\u00e7\u00e3o de pelo menos 60% dos recursos anuais do fundo para o pagamento dos profissionais do magist\u00e9rio em efetivo exerc\u00edcio na rede p\u00fablica. Quando essa aplica\u00e7\u00e3o ao longo do ano n\u00e3o atinge sua totalidade, o gestor deve distribuir essa sobra com aqueles que recebem pela folha dos 60%.O Fundeb \u00e9 um conjunto de 27 fundos (26 estaduais e 1 do Distrito Federal) que serve como mecanismo de redistribui\u00e7\u00e3o de recursos destinados \u00e0 Educa\u00e7\u00e3o B\u00e1sica, utilizados na valoriza\u00e7\u00e3o de professores e desenvolvimento e manuten\u00e7\u00e3o das etapas da Educa\u00e7\u00e3o B\u00e1sica, desde creches, Pr\u00e9-Escola, Educa\u00e7\u00e3o Infantil, Ensino Fundamental, Ensino M\u00e9dio at\u00e9 a Educa\u00e7\u00e3o de Jovens e Adultos (EJA). Assessoria de Comunica\u00e7\u00e3o da Prefeitura Municipal de Sobral<\/p>\n<p><strong>Pal\u00e1cio de Ci\u00eancias e L\u00ednguas Estrangeiras anuncia novos cursos de franc\u00eas e italiano<\/strong><br \/>\nO Pal\u00e1cio de Ci\u00eancias e L\u00ednguas Estrangeiras oferecer\u00e1 novos cursos de Franc\u00eas e Italiano, al\u00e9m dos j\u00e1 conhecidos cursos de Ingl\u00eas, Espanhol e Inform\u00e1tica B\u00e1sica. S\u00e3o ofertadas 930 vagas nos cinco cursos e as inscri\u00e7\u00f5es ser\u00e3o realizadas, de 2 a 15 de janeiro, no endere\u00e7o eletr\u00f4nico\u00a0http:\/\/selecao.sobral.ce.gov.br. A renova\u00e7\u00e3o de matr\u00edcula dos alunos e servidores veteranos para os cursos de Ingl\u00eas, Espanhol, Libras e Inform\u00e1tica B\u00e1sica ser\u00e3o realizadas entre os dias 2 e 13 janeiro tamb\u00e9m pela internet. Os estudantes, gestores, professores e servidores da rede p\u00fablica de ensino localizada em Sobral s\u00e3o isentos da taxa de inscri\u00e7\u00e3o e mensalidade. No dia 30 de janeiro, ser\u00e1 divulgada a lista dos selecionados e as aulas ter\u00e3o in\u00edcio no dia 10 de fevereiro. Para a matr\u00edcula de 2020.1 ser efetivada, ap\u00f3s ser selecionado, o aluno contribuinte dever\u00e1 realizar o cadastramento online e a impress\u00e3o do boleto de pagamento, atrav\u00e9s do DAM (Documento de Arrecada\u00e7\u00e3o Municipal), ambos a serem feitos na secretaria do Pal\u00e1cio para pagamento da taxa de matr\u00edcula. O per\u00edodo de reajuste da matr\u00edcula ser\u00e1 de 17 a 21 de fevereiro e o teste de n\u00edvel, para alunos que j\u00e1 frequentaram cursos de Ingl\u00eas ou Espanhol e n\u00e3o est\u00e3o cursando no momento ou j\u00e1 falam os respectivos idiomas, ser\u00e1 realizado no dia 14 de fevereiro de 2020, no hor\u00e1rio das 9h \u00e0s 10h e das 15h \u00e0s 16h. O Pal\u00e1cio de Ci\u00eancias e L\u00ednguas Estrangeiras funciona das 7h \u00e0s 21h30 e est\u00e1 localizado na Rua Coronel Rangel Barbosa, 55 &#8211; Centro. Saiba mais: (88) 3611-2025. Assessoria de Comunica\u00e7\u00e3o da Prefeitura Municipal de Sobral<\/p>\n<p><strong>Papa pede desculpas por \u201cter perdido a paci\u00eancia\u201d ao repreender uma mulher que o agarrou pelo bra\u00e7o<\/strong><br \/>\nO\u00a0papa Francisco\u00a0se desculpou nesta quarta-feira, antes da tradicional ora\u00e7\u00e3o do Angelus, por ter \u201cperdido a paci\u00eancia\u201d e dado um tapa na m\u00e3o de uma fiel que o puxou bruscamente ao saud\u00e1-lo. \u201cTantas vezes perdemos a paci\u00eancia. Tamb\u00e9m acontece comigo. Pe\u00e7o desculpas pelo mau exemplo dado ontem\u201d, declarou o pont\u00edfice de uma janela do pal\u00e1cio apost\u00f3lico na pra\u00e7a de S\u00e3o Pedro, no\u00a0Vaticano. \u00a0incidente ocorreu na noite anterior, na mesma pra\u00e7a, quando o papa, visivelmente contrariado, repreendeu uma mulher que o agarrou bruscamente pela m\u00e3o e o puxou na sua dire\u00e7\u00e3o enquanto ele cumprimentava os fi\u00e9is, ap\u00f3s celebrar a \u00faltima missa do ano. A mulher, de tra\u00e7os asi\u00e1ticos, estava na primeira fila detr\u00e1s das barreiras met\u00e1licas de seguran\u00e7a instaladas na pra\u00e7a. Quando\u00a0Francisco\u00a0passou ao seu lado, ele pegou a m\u00e3o dele e o puxou repentinamente em sua dire\u00e7\u00e3o. O papa tentou imediatamente escapar da mulher e, depois de conseguir, deu um leve tapa na sua m\u00e3o, em sinal reprimenda, enquanto seus agentes de seguran\u00e7a se aproximavam para socorr\u00ea-lo, embora n\u00e3o tenham tido que intervir. Quando o incidente ocorreu, o pont\u00edfice argentino acabava de chegar \u00e0 pra\u00e7a de S\u00e3o Pedro para visitar a \u00e1rvore de Natal e o pres\u00e9pio instalados durante esta \u00e9poca do ano. Com informa\u00e7\u00f5es de El Pa\u00eds<\/p>\n<p><strong>Mega da Virada: 4 apostas acertaram as 6 dezenas<\/strong><br \/>\nOs n\u00fameros da Mega da Virada foram sorteados na noite desta ter\u00e7a (31), em S\u00e3o Paulo. No total, 4 apostas vencedoras v\u00e3o dividir o pr\u00eamio, com cerca de R$ 76 milh\u00f5es para cada.As dezenas sorteadas foram:\u00a003 &#8211; 35 &#8211; 38 &#8211; 40 &#8211; 57 &#8211; 58.Na quina (acerto de cinco n\u00fameros), 1.031 apostadores v\u00e3o levar R$ 57.537,06 mil cada um. Outros 77.055 apostadores que acertaram a quadra (quatro n\u00fameros) v\u00e3o receber R$ 1.099,78 cada um.<br \/>\nJuscimeira (MT) \u2013 1 aposta ganhou o pr\u00eamio principal, Crici\u00fama (SC) \u2013 1 aposta ganhou o pr\u00eamio principal, S\u00e3o Paulo (SP) \u2013 2 apostas ganharam o pr\u00eamio principal.<\/p>\n","protected":false},"excerpt":{"rendered":"<p>\u00c9 cedo para saber o n\u00famero definitivo do aumento das vendas de fim de ano,&#8230;<\/p>\n","protected":false},"author":1,"featured_media":10391,"comment_status":"open","ping_status":"open","sticky":false,"template":"","format":"standard","meta":{"_jetpack_memberships_contains_paid_content":false,"footnotes":"","jetpack_publicize_message":"","jetpack_publicize_feature_enabled":true,"jetpack_social_post_already_shared":true,"jetpack_social_options":{"image_generator_settings":{"template":"highway","default_image_id":0,"font":"","enabled":false},"version":2}},"categories":[1],"tags":[],"class_list":["post-10390","post","type-post","status-publish","format-standard","has-post-thumbnail","hentry","category-atualidade"],"jetpack_publicize_connections":[],"jetpack_featured_media_url":"https:\/\/correiodasemana.com\/site\/wp-content\/uploads\/2020\/01\/41802921464_da0346d6bb_z.jpg","jetpack-related-posts":[{"id":18595,"url":"https:\/\/correiodasemana.com\/site\/preco-da-gasolina-e-do-diesel-sobe-no-ceara-e-postos-de-combustivel-aumentam-o-valor-em-ate-r-030\/","url_meta":{"origin":10390,"position":0},"title":"Pre\u00e7o da gasolina e do diesel sobe no Cear\u00e1 e postos de combust\u00edvel aumentam o valor em at\u00e9 R$ 0,30","author":"","date":"Janeiro 16, 2022","format":false,"excerpt":"Por Samuel Carvalho Reda\u00e7\u00e3o Correio da Semana O aumento do pre\u00e7o do combust\u00edvel anunciado na \u00faltima ter\u00e7a-feira (11) pela Petrobras come\u00e7a a ser repassadopara o consumidor final e o litro do combust\u00edvel deve aumentar em at\u00e9 R$ 0,30, segundo o Sindicato do Com\u00e9rcio Varejista de Derivados de Petr\u00f3leo do Cear\u00e1\u2026","rel":"","context":"In &quot;Atualidade&quot;","block_context":{"text":"Atualidade","link":"https:\/\/correiodasemana.com\/site\/category\/atualidade\/"},"img":{"alt_text":"","src":"https:\/\/i0.wp.com\/correiodasemana.com\/site\/wp-content\/uploads\/2022\/01\/596943102eb2a8a8860a0ec4732614a9aa6674ec.jpeg?resize=350%2C200&ssl=1","width":350,"height":200,"srcset":"https:\/\/i0.wp.com\/correiodasemana.com\/site\/wp-content\/uploads\/2022\/01\/596943102eb2a8a8860a0ec4732614a9aa6674ec.jpeg?resize=350%2C200&ssl=1 1x, https:\/\/i0.wp.com\/correiodasemana.com\/site\/wp-content\/uploads\/2022\/01\/596943102eb2a8a8860a0ec4732614a9aa6674ec.jpeg?resize=525%2C300&ssl=1 1.5x, https:\/\/i0.wp.com\/correiodasemana.com\/site\/wp-content\/uploads\/2022\/01\/596943102eb2a8a8860a0ec4732614a9aa6674ec.jpeg?resize=700%2C400&ssl=1 2x, https:\/\/i0.wp.com\/correiodasemana.com\/site\/wp-content\/uploads\/2022\/01\/596943102eb2a8a8860a0ec4732614a9aa6674ec.jpeg?resize=1050%2C600&ssl=1 3x"},"classes":[]},{"id":15556,"url":"https:\/\/correiodasemana.com\/site\/preco-da-gasolina-sobe-e-nordeste-e-a-regiao-com-o-maior-valor-medio-por-litro-deste-inicio-de-ano-aponta-ticket-log\/","url_meta":{"origin":10390,"position":1},"title":"Pre\u00e7o da gasolina sobe e Nordeste \u00e9 a regi\u00e3o com o maior valor m\u00e9dio por litro deste in\u00edcio de ano, aponta Ticket Log","author":"","date":"Janeiro 27, 2021","format":false,"excerpt":"Valor do combust\u00edvel subiu 1,79% nos primeiros dias de 2021 De acordo com o \u00cdndice de Pre\u00e7os Ticket Log (IPTL), o Nordeste tem o litro mais caro de gasolina, se considerada a m\u00e9dia da Regi\u00e3o. Com alta de 1,79% em rela\u00e7\u00e3o ao m\u00eas de dezembro, o valor m\u00e9dio por litro\u2026","rel":"","context":"In &quot;Atualidade&quot;","block_context":{"text":"Atualidade","link":"https:\/\/correiodasemana.com\/site\/category\/atualidade\/"},"img":{"alt_text":"","src":"https:\/\/i0.wp.com\/correiodasemana.com\/site\/wp-content\/uploads\/2021\/01\/economia-20151001-30-original.jpg?resize=350%2C200&ssl=1","width":350,"height":200,"srcset":"https:\/\/i0.wp.com\/correiodasemana.com\/site\/wp-content\/uploads\/2021\/01\/economia-20151001-30-original.jpg?resize=350%2C200&ssl=1 1x, https:\/\/i0.wp.com\/correiodasemana.com\/site\/wp-content\/uploads\/2021\/01\/economia-20151001-30-original.jpg?resize=525%2C300&ssl=1 1.5x, https:\/\/i0.wp.com\/correiodasemana.com\/site\/wp-content\/uploads\/2021\/01\/economia-20151001-30-original.jpg?resize=700%2C400&ssl=1 2x, https:\/\/i0.wp.com\/correiodasemana.com\/site\/wp-content\/uploads\/2021\/01\/economia-20151001-30-original.jpg?resize=1050%2C600&ssl=1 3x, https:\/\/i0.wp.com\/correiodasemana.com\/site\/wp-content\/uploads\/2021\/01\/economia-20151001-30-original.jpg?resize=1400%2C800&ssl=1 4x"},"classes":[]},{"id":17134,"url":"https:\/\/correiodasemana.com\/site\/sobral-registra-o-mais-alto-preco-de-gasolina-no-estado-de-acordo-com-pesquisa\/","url_meta":{"origin":10390,"position":2},"title":"Sobral registra o mais alto pre\u00e7o de gasolina no Estado, de acordo com pesquisa","author":"","date":"Agosto 2, 2021","format":false,"excerpt":"Por Samuel Carvalho - Reda\u00e7\u00e3o Correio da Semana Segundo o mais recente levantamento de pre\u00e7o da Ag\u00eancia Nacional de Petr\u00f3leo, G\u00e1s Natural e Biocombust\u00edveis (ANP), realizado entre 18 e 24 de julho, Sobral e Fortaleza registram os mais altos pre\u00e7os do litro da gasolina comum no estado. Para a capital,\u2026","rel":"","context":"In &quot;Atualidade&quot;","block_context":{"text":"Atualidade","link":"https:\/\/correiodasemana.com\/site\/category\/atualidade\/"},"img":{"alt_text":"","src":"https:\/\/i0.wp.com\/correiodasemana.com\/site\/wp-content\/uploads\/2020\/08\/gasolina-nos-postos.jpg?resize=350%2C200&ssl=1","width":350,"height":200,"srcset":"https:\/\/i0.wp.com\/correiodasemana.com\/site\/wp-content\/uploads\/2020\/08\/gasolina-nos-postos.jpg?resize=350%2C200&ssl=1 1x, https:\/\/i0.wp.com\/correiodasemana.com\/site\/wp-content\/uploads\/2020\/08\/gasolina-nos-postos.jpg?resize=525%2C300&ssl=1 1.5x"},"classes":[]},{"id":15252,"url":"https:\/\/correiodasemana.com\/site\/brasil-exportou-us-5023-bi-a-mais-do-que-importou-em-2020\/","url_meta":{"origin":10390,"position":3},"title":"Brasil exportou US$ 50,23 bi a mais do que importou em 2020","author":"","date":"Janeiro 4, 2021","format":false,"excerpt":"Super\u00e1vit comercial cresceu 4,6% em rela\u00e7\u00e3o a 2019 A queda das importa\u00e7\u00f5es em ritmo maior que o recuo das exporta\u00e7\u00f5es fez a balan\u00e7a comercial encerrar 2020 com super\u00e1vit maior do que em 2019. No ano passado, o Brasil exportou US$ 50,235 bilh\u00f5es a mais do que importou, alta de 4,6%\u2026","rel":"","context":"In &quot;Atualidade&quot;","block_context":{"text":"Atualidade","link":"https:\/\/correiodasemana.com\/site\/category\/atualidade\/"},"img":{"alt_text":"","src":"https:\/\/i0.wp.com\/correiodasemana.com\/site\/wp-content\/uploads\/2021\/01\/2020-05-07t200521z_1_lynxmpeg46215_rtroptp_4_brazil-grains-santos.jpg?resize=350%2C200&ssl=1","width":350,"height":200,"srcset":"https:\/\/i0.wp.com\/correiodasemana.com\/site\/wp-content\/uploads\/2021\/01\/2020-05-07t200521z_1_lynxmpeg46215_rtroptp_4_brazil-grains-santos.jpg?resize=350%2C200&ssl=1 1x, https:\/\/i0.wp.com\/correiodasemana.com\/site\/wp-content\/uploads\/2021\/01\/2020-05-07t200521z_1_lynxmpeg46215_rtroptp_4_brazil-grains-santos.jpg?resize=525%2C300&ssl=1 1.5x, https:\/\/i0.wp.com\/correiodasemana.com\/site\/wp-content\/uploads\/2021\/01\/2020-05-07t200521z_1_lynxmpeg46215_rtroptp_4_brazil-grains-santos.jpg?resize=700%2C400&ssl=1 2x, https:\/\/i0.wp.com\/correiodasemana.com\/site\/wp-content\/uploads\/2021\/01\/2020-05-07t200521z_1_lynxmpeg46215_rtroptp_4_brazil-grains-santos.jpg?resize=1050%2C600&ssl=1 3x"},"classes":[]},{"id":9836,"url":"https:\/\/correiodasemana.com\/site\/vendas-do-varejo-crescem-03-em-setembro\/","url_meta":{"origin":10390,"position":4},"title":"Vendas do varejo crescem 0,3% em setembro","author":"","date":"Novembro 18, 2019","format":false,"excerpt":"As vendas no varejo cresceram 0,3% em setembro de 2019 na compara\u00e7\u00e3o com agosto do mesmo ano. \u00c9 o primeiro resultado positivo depois de tr\u00eas meses. Comparado a setembro de 2018, o varejo decresceu 2,8%, quarta taxa negativa seguida. O resultado tamb\u00e9m foi negativo no acumulado dos nove primeiros meses\u2026","rel":"","context":"In &quot;Atualidade&quot;","block_context":{"text":"Atualidade","link":"https:\/\/correiodasemana.com\/site\/category\/atualidade\/"},"img":{"alt_text":"","src":"https:\/\/i0.wp.com\/correiodasemana.com\/site\/wp-content\/uploads\/2019\/11\/Colaboracao-Efetiva-industria-varejo.jpg?resize=350%2C200&ssl=1","width":350,"height":200,"srcset":"https:\/\/i0.wp.com\/correiodasemana.com\/site\/wp-content\/uploads\/2019\/11\/Colaboracao-Efetiva-industria-varejo.jpg?resize=350%2C200&ssl=1 1x, https:\/\/i0.wp.com\/correiodasemana.com\/site\/wp-content\/uploads\/2019\/11\/Colaboracao-Efetiva-industria-varejo.jpg?resize=525%2C300&ssl=1 1.5x, https:\/\/i0.wp.com\/correiodasemana.com\/site\/wp-content\/uploads\/2019\/11\/Colaboracao-Efetiva-industria-varejo.jpg?resize=700%2C400&ssl=1 2x"},"classes":[]},{"id":23086,"url":"https:\/\/correiodasemana.com\/site\/petrobras-anuncia-reajuste-de-75-na-gasolina-a-partir-de-amanha-25\/","url_meta":{"origin":10390,"position":5},"title":"Petrobras anuncia reajuste de 7,5% na gasolina a partir de amanh\u00e3 (25)","author":"","date":"Janeiro 24, 2023","format":false,"excerpt":"Gasolina passar\u00e1 a ser vendida a R$ 3,31 por litro, um aumento de R$ 0,23. A Petrobras anunciou que ter\u00e1 um aumento de R$ 0,23 na gasolina para as distribuidoras a partir desta quarta-feira, 25. O valor representa uma alta de 7,5%. Confira a nota divulgada pela empresa \"A partir\u2026","rel":"","context":"In &quot;Atualidade&quot;","block_context":{"text":"Atualidade","link":"https:\/\/correiodasemana.com\/site\/category\/atualidade\/"},"img":{"alt_text":"","src":"https:\/\/i0.wp.com\/correiodasemana.com\/site\/wp-content\/uploads\/2023\/01\/petrobras-dolares-cifrocc83es-acionistas-agecc82nciabrasil-sitedopt-1-750x440-1.jpeg?resize=350%2C200&ssl=1","width":350,"height":200,"srcset":"https:\/\/i0.wp.com\/correiodasemana.com\/site\/wp-content\/uploads\/2023\/01\/petrobras-dolares-cifrocc83es-acionistas-agecc82nciabrasil-sitedopt-1-750x440-1.jpeg?resize=350%2C200&ssl=1 1x, https:\/\/i0.wp.com\/correiodasemana.com\/site\/wp-content\/uploads\/2023\/01\/petrobras-dolares-cifrocc83es-acionistas-agecc82nciabrasil-sitedopt-1-750x440-1.jpeg?resize=525%2C300&ssl=1 1.5x, https:\/\/i0.wp.com\/correiodasemana.com\/site\/wp-content\/uploads\/2023\/01\/petrobras-dolares-cifrocc83es-acionistas-agecc82nciabrasil-sitedopt-1-750x440-1.jpeg?resize=700%2C400&ssl=1 2x"},"classes":[]}],"jetpack_sharing_enabled":true,"_links":{"self":[{"href":"https:\/\/correiodasemana.com\/site\/wp-json\/wp\/v2\/posts\/10390","targetHints":{"allow":["GET"]}}],"collection":[{"href":"https:\/\/correiodasemana.com\/site\/wp-json\/wp\/v2\/posts"}],"about":[{"href":"https:\/\/correiodasemana.com\/site\/wp-json\/wp\/v2\/types\/post"}],"author":[{"embeddable":true,"href":"https:\/\/correiodasemana.com\/site\/wp-json\/wp\/v2\/users\/1"}],"replies":[{"embeddable":true,"href":"https:\/\/correiodasemana.com\/site\/wp-json\/wp\/v2\/comments?post=10390"}],"version-history":[{"count":1,"href":"https:\/\/correiodasemana.com\/site\/wp-json\/wp\/v2\/posts\/10390\/revisions"}],"predecessor-version":[{"id":10392,"href":"https:\/\/correiodasemana.com\/site\/wp-json\/wp\/v2\/posts\/10390\/revisions\/10392"}],"wp:featuredmedia":[{"embeddable":true,"href":"https:\/\/correiodasemana.com\/site\/wp-json\/wp\/v2\/media\/10391"}],"wp:attachment":[{"href":"https:\/\/correiodasemana.com\/site\/wp-json\/wp\/v2\/media?parent=10390"}],"wp:term":[{"taxonomy":"category","embeddable":true,"href":"https:\/\/correiodasemana.com\/site\/wp-json\/wp\/v2\/categories?post=10390"},{"taxonomy":"post_tag","embeddable":true,"href":"https:\/\/correiodasemana.com\/site\/wp-json\/wp\/v2\/tags?post=10390"}],"curies":[{"name":"wp","href":"https:\/\/api.w.org\/{rel}","templated":true}]}}