{"id":10393,"date":"2020-01-05T04:49:01","date_gmt":"2020-01-05T04:49:01","guid":{"rendered":"https:\/\/correiodasemana.com\/site\/?p=10393"},"modified":"2020-01-05T04:49:01","modified_gmt":"2020-01-05T04:49:01","slug":"o-brasil-carece-de-um-projeto-que-seja-realmente-serio-de-desenvolvimento-o-novo-nome-da-paz-no-brasil","status":"publish","type":"post","link":"https:\/\/correiodasemana.com\/site\/o-brasil-carece-de-um-projeto-que-seja-realmente-serio-de-desenvolvimento-o-novo-nome-da-paz-no-brasil\/","title":{"rendered":"O Brasil carece de um projeto que seja realmente s\u00e9rio de desenvolvimento, o \u201cnovo nome da paz\u201d, no Brasil."},"content":{"rendered":"<p>Come\u00e7amos o novo ano civil falando e celebrando o dia mundial da paz, invocando a presen\u00e7a e as b\u00ean\u00e7\u00e3os de Deus em todo o seu percurso. Assim faziam os israelitas, pedindo paz para a natureza e para o ser humano, convencidos de que Deus fazia brilhar para eles a luz de sua face. Era express\u00e3o de confian\u00e7a e de esperan\u00e7a de um ano cheio de vit\u00f3rias e de novas realiza\u00e7\u00f5es.<br \/>\nDizemos que Maria, a M\u00e3e de Jesus, \u00e9 a rainha da paz. Assim celebramos, no dia primeiro de janeiro, a Festa de Santa Maria, M\u00e3e de Deus, aquela que trouxe ao mundo o Pr\u00edncipe da Paz. Devemos ter a certeza de que Deus vem aben\u00e7oar, atrav\u00e9s de Jesus, o novo ano, diminuindo a viol\u00eancia, a inseguran\u00e7a e o desrespeito existente entre as pessoas, as causas da falta de paz.<br \/>\nAquele que vem trazer a paz, Jesus Cristo, se manifesta ao mundo como luz que brilha nas trevas da cultura da maldade e das incompreens\u00f5es. Ele chega com simplicidade de vida e nasce num lugar desconhecido, na vila de Bel\u00e9m, local de origem do rei Davi. Esse humilde povoado foi visitado pelos reis Magos do Oriente, revelando como deve ser a pr\u00e1tica de vida entre os diferentes.<br \/>\nO verdadeiro poder n\u00e3o est\u00e1 nas m\u00e3os dos \u201cHerodes da vida\u201d, dos endinheirados e votados, mas na for\u00e7a dos humildes, quando conscientes e organizados. Estamos em ano eleitoral, momento de manifesta\u00e7\u00e3o de for\u00e7a atrav\u00e9s do voto. A paz depende dos pol\u00edticos, porque em suas m\u00e3os est\u00e1 o poder de decis\u00e3o, a constru\u00e7\u00e3o das leis e a autenticidade da gest\u00e3o p\u00fablica.<br \/>\nA auto-estima do povo brasileiro precisa ser reconstru\u00edda, mas por pessoas de boa f\u00e9, diferentes do rei Herodes, que queria destruir o reinado de Jesus. Necessitamos de pol\u00edticos comprometidos com as causas do povo mais carente, que defendam um pa\u00eds para todos, evitando os privil\u00e9gios de uns em detrimento da maioria. Sem isso, a paz ser\u00e1, cada vez mais, imposs\u00edvel no Brasil.<br \/>\nA popula\u00e7\u00e3o brasileira clama sempre por um pa\u00eds diferente, pr\u00f3spero e humano. A paz verdadeira pode acontecer, mas quando as for\u00e7as do poder forem convergentes, preocupadas com o bem da popula\u00e7\u00e3o. Carecemos de um projeto que seja realmente s\u00e9rio de desenvolvimento, o \u201cnovo nome da paz\u201d, no Brasil. Tudo depende de vontade pol\u00edtica e capacidade de a\u00e7\u00e3o com liberdade.<\/p>\n<p>Por Dom Paulo Mendes Peixoto &#8211; Arcebispo de Uberaba<\/p>\n","protected":false},"excerpt":{"rendered":"<p>Come\u00e7amos o novo ano civil falando e celebrando o dia mundial da paz, invocando a&#8230;<\/p>\n","protected":false},"author":1,"featured_media":8461,"comment_status":"open","ping_status":"open","sticky":false,"template":"","format":"standard","meta":{"_jetpack_memberships_contains_paid_content":false,"footnotes":"","jetpack_publicize_message":"","jetpack_publicize_feature_enabled":true,"jetpack_social_post_already_shared":true,"jetpack_social_options":{"image_generator_settings":{"template":"highway","default_image_id":0,"font":"","enabled":false},"version":2}},"categories":[24,4,39],"tags":[],"class_list":["post-10393","post","type-post","status-publish","format-standard","has-post-thumbnail","hentry","category-a-voz-do-pastor","category-diocese","category-igreja"],"jetpack_publicize_connections":[],"jetpack_featured_media_url":"https:\/\/correiodasemana.com\/site\/wp-content\/uploads\/2019\/07\/Dom-Vasconcelos-Em-entrevista-concedida-\u00e0-Pascom-Diocesana-Foto-Jo\u00e3o-Pauloo.jpg","jetpack-related-posts":[{"id":36950,"url":"https:\/\/correiodasemana.com\/site\/solenidade-de-santa-maria-mae-de-deus\/","url_meta":{"origin":10393,"position":0},"title":"Solenidade de Santa Maria M\u00e3e de Deus\u00a0","author":"adminredacao","date":"Janeiro 6, 2026","format":false,"excerpt":"Cardeal Orani Jo\u00e3o Tempesta Arcebispo do Rio de Janeiro (RJ) Solenidade de Santa Maria M\u00e3e de Deus \u201cQue Deus nos d\u00ea a sua gra\u00e7a e a sua ben\u00e7\u00e3o\u201d (66\/67) Celebramos no dia\u00a01\u00ba de janeiro\u00a0a Solenidade de\u00a0Santa Maria, M\u00e3e de Deus. Essa solenidade encerra o per\u00edodo da\u00a0Oitava do Natal\u00a0e, a partir\u2026","rel":"","context":"In &quot;A voz do Pastor&quot;","block_context":{"text":"A voz do Pastor","link":"https:\/\/correiodasemana.com\/site\/category\/a-voz-do-pastor\/"},"img":{"alt_text":"","src":"https:\/\/i0.wp.com\/correiodasemana.com\/site\/wp-content\/uploads\/2026\/01\/Homilia-dom-vasconcelos-scaled.jpg?resize=350%2C200&ssl=1","width":350,"height":200,"srcset":"https:\/\/i0.wp.com\/correiodasemana.com\/site\/wp-content\/uploads\/2026\/01\/Homilia-dom-vasconcelos-scaled.jpg?resize=350%2C200&ssl=1 1x, https:\/\/i0.wp.com\/correiodasemana.com\/site\/wp-content\/uploads\/2026\/01\/Homilia-dom-vasconcelos-scaled.jpg?resize=525%2C300&ssl=1 1.5x, https:\/\/i0.wp.com\/correiodasemana.com\/site\/wp-content\/uploads\/2026\/01\/Homilia-dom-vasconcelos-scaled.jpg?resize=700%2C400&ssl=1 2x, https:\/\/i0.wp.com\/correiodasemana.com\/site\/wp-content\/uploads\/2026\/01\/Homilia-dom-vasconcelos-scaled.jpg?resize=1050%2C600&ssl=1 3x, https:\/\/i0.wp.com\/correiodasemana.com\/site\/wp-content\/uploads\/2026\/01\/Homilia-dom-vasconcelos-scaled.jpg?resize=1400%2C800&ssl=1 4x"},"classes":[]},{"id":22607,"url":"https:\/\/correiodasemana.com\/site\/dom-jose-francisco-falcao-de-barros-preside-solenidade-de-santa-maria-mae-de-deus-na-catedral-de-sobral\/","url_meta":{"origin":10393,"position":1},"title":"Dom Jos\u00e9 Francisco Falc\u00e3o de Barros, preside Solenidade de Santa Maria m\u00e3e de Deus na Catedral de Sobral","author":"adminredacao","date":"Janeiro 8, 2023","format":false,"excerpt":"O bispo auxiliar do Ordinariado Militar do Brasil, Dom Jos\u00e9 Francisco Falc\u00e3o de Barros, esteve em Sobral no dia 31\/12, para celebrar na Catedral de Nossa Senhora da Concei\u00e7\u00e3o a Solenidade de Santa Maria M\u00e3e de Deus. A Santa Missa teve in\u00edcio \u00e0s 20h. A oitava do Natal coincide com\u2026","rel":"","context":"In &quot;Atualidade&quot;","block_context":{"text":"Atualidade","link":"https:\/\/correiodasemana.com\/site\/category\/atualidade\/"},"img":{"alt_text":"","src":"","width":0,"height":0},"classes":[]},{"id":19120,"url":"https:\/\/correiodasemana.com\/site\/comunidade-catolica-rainha-da-paz-celebra-33-anos-de-criacao\/","url_meta":{"origin":10393,"position":2},"title":"Comunidade Cat\u00f3lica Rainha da Paz celebra 33 anos de cria\u00e7\u00e3o","author":"","date":"Mar\u00e7o 7, 2022","format":false,"excerpt":"(Thais Helena \u2013 Reda\u00e7\u00e3o Correio da Semana) A Comunidade Cat\u00f3lica Rainha da Paz na \u00faltima segunda-feira (28), comemorou trinta e tr\u00eas anos de cria\u00e7\u00e3o. A comemora\u00e7\u00e3o foi durante a programa\u00e7\u00e3o do Vem Louvar que ocorreu na sede da comunidade em Sobral, durante o retiro no feriado de carnaval. Em celebra\u00e7\u00e3o\u2026","rel":"","context":"In &quot;Atualidade&quot;","block_context":{"text":"Atualidade","link":"https:\/\/correiodasemana.com\/site\/category\/atualidade\/"},"img":{"alt_text":"","src":"https:\/\/i0.wp.com\/correiodasemana.com\/site\/wp-content\/uploads\/2022\/03\/foto-ok.jpg?resize=350%2C200&ssl=1","width":350,"height":200,"srcset":"https:\/\/i0.wp.com\/correiodasemana.com\/site\/wp-content\/uploads\/2022\/03\/foto-ok.jpg?resize=350%2C200&ssl=1 1x, https:\/\/i0.wp.com\/correiodasemana.com\/site\/wp-content\/uploads\/2022\/03\/foto-ok.jpg?resize=525%2C300&ssl=1 1.5x, https:\/\/i0.wp.com\/correiodasemana.com\/site\/wp-content\/uploads\/2022\/03\/foto-ok.jpg?resize=700%2C400&ssl=1 2x, https:\/\/i0.wp.com\/correiodasemana.com\/site\/wp-content\/uploads\/2022\/03\/foto-ok.jpg?resize=1050%2C600&ssl=1 3x, https:\/\/i0.wp.com\/correiodasemana.com\/site\/wp-content\/uploads\/2022\/03\/foto-ok.jpg?resize=1400%2C800&ssl=1 4x"},"classes":[]},{"id":32819,"url":"https:\/\/correiodasemana.com\/site\/comunidade-catolica-rainha-da-paz-comemora-36-anos-de-fundacao\/","url_meta":{"origin":10393,"position":3},"title":"Comunidade Cat\u00f3lica Rainha da Paz  comemora 36 anos de funda\u00e7\u00e3o","author":"adminredacao","date":"Mar\u00e7o 10, 2025","format":false,"excerpt":"Na \u00faltima sexta-feira, 28 de fevereiro, a Comunidade Cat\u00f3lica Rainha da Paz, comemorava mais um ano de funda\u00e7\u00e3o. Trinta e seis anos de amor e servi\u00e7o \u00e0 Igreja, \u00e0 cidade Sobral, cidades vizinhas, outros estados e por que n\u00e3o dizer ao mundo? Comunidade essa sediada em Sobral, nascida em Sobral,\u2026","rel":"","context":"In &quot;Atualidade&quot;","block_context":{"text":"Atualidade","link":"https:\/\/correiodasemana.com\/site\/category\/atualidade\/"},"img":{"alt_text":"","src":"https:\/\/i0.wp.com\/correiodasemana.com\/site\/wp-content\/uploads\/2025\/03\/WhatsApp-Image-2025-03-03-at-15.07.16-scaled.jpeg?resize=350%2C200&ssl=1","width":350,"height":200,"srcset":"https:\/\/i0.wp.com\/correiodasemana.com\/site\/wp-content\/uploads\/2025\/03\/WhatsApp-Image-2025-03-03-at-15.07.16-scaled.jpeg?resize=350%2C200&ssl=1 1x, https:\/\/i0.wp.com\/correiodasemana.com\/site\/wp-content\/uploads\/2025\/03\/WhatsApp-Image-2025-03-03-at-15.07.16-scaled.jpeg?resize=525%2C300&ssl=1 1.5x, https:\/\/i0.wp.com\/correiodasemana.com\/site\/wp-content\/uploads\/2025\/03\/WhatsApp-Image-2025-03-03-at-15.07.16-scaled.jpeg?resize=700%2C400&ssl=1 2x, https:\/\/i0.wp.com\/correiodasemana.com\/site\/wp-content\/uploads\/2025\/03\/WhatsApp-Image-2025-03-03-at-15.07.16-scaled.jpeg?resize=1050%2C600&ssl=1 3x, https:\/\/i0.wp.com\/correiodasemana.com\/site\/wp-content\/uploads\/2025\/03\/WhatsApp-Image-2025-03-03-at-15.07.16-scaled.jpeg?resize=1400%2C800&ssl=1 4x"},"classes":[]},{"id":35231,"url":"https:\/\/correiodasemana.com\/site\/nossa-senhora-rainha\/","url_meta":{"origin":10393,"position":4},"title":"Nossa Senhora Rainha\u00a0","author":"adminredacao","date":"Agosto 25, 2025","format":false,"excerpt":"Neste dia 22 de agosto celebramos a mem\u00f3ria lit\u00fargica de Nossa Senhora Rainha. O m\u00eas de agosto \u00e9 especial para a Igreja, pois \u00e9 o m\u00eas vocacional e nele recordamos festas de grande import\u00e2ncia, como a Transfigura\u00e7\u00e3o do Senhor, a Assun\u00e7\u00e3o de Nossa Senhora e, por fim, a festa de\u2026","rel":"","context":"In &quot;A voz do Pastor&quot;","block_context":{"text":"A voz do Pastor","link":"https:\/\/correiodasemana.com\/site\/category\/a-voz-do-pastor\/"},"img":{"alt_text":"","src":"https:\/\/i0.wp.com\/correiodasemana.com\/site\/wp-content\/uploads\/2018\/02\/Dom-Vasconcelos-posses.jpg?resize=350%2C200&ssl=1","width":350,"height":200,"srcset":"https:\/\/i0.wp.com\/correiodasemana.com\/site\/wp-content\/uploads\/2018\/02\/Dom-Vasconcelos-posses.jpg?resize=350%2C200&ssl=1 1x, https:\/\/i0.wp.com\/correiodasemana.com\/site\/wp-content\/uploads\/2018\/02\/Dom-Vasconcelos-posses.jpg?resize=525%2C300&ssl=1 1.5x, https:\/\/i0.wp.com\/correiodasemana.com\/site\/wp-content\/uploads\/2018\/02\/Dom-Vasconcelos-posses.jpg?resize=700%2C400&ssl=1 2x"},"classes":[]},{"id":32363,"url":"https:\/\/correiodasemana.com\/site\/festa-da-apresentacao-do-senhor\/","url_meta":{"origin":10393,"position":5},"title":"Festa da Apresenta\u00e7\u00e3o do Senhor","author":"adminredacao","date":"Fevereiro 4, 2025","format":false,"excerpt":"\u201cO Rei da gl\u00f3ria \u00e9 o Senhor onipotente\u201d (Sl 23\/24) Celebramos neste domingo a festa da Apresenta\u00e7\u00e3o do Senhor no templo que neste ano ocorre no domingo. Ela \u00e9 sempre celebrada no dia 2 de fevereiro independente do dia da semana que ocorra, por isso que neste ano ela entra\u2026","rel":"","context":"In &quot;A voz do Pastor&quot;","block_context":{"text":"A voz do Pastor","link":"https:\/\/correiodasemana.com\/site\/category\/a-voz-do-pastor\/"},"img":{"alt_text":"","src":"https:\/\/i0.wp.com\/correiodasemana.com\/site\/wp-content\/uploads\/2018\/02\/Dom-Vasconcelos-posses.jpg?resize=350%2C200&ssl=1","width":350,"height":200,"srcset":"https:\/\/i0.wp.com\/correiodasemana.com\/site\/wp-content\/uploads\/2018\/02\/Dom-Vasconcelos-posses.jpg?resize=350%2C200&ssl=1 1x, https:\/\/i0.wp.com\/correiodasemana.com\/site\/wp-content\/uploads\/2018\/02\/Dom-Vasconcelos-posses.jpg?resize=525%2C300&ssl=1 1.5x, https:\/\/i0.wp.com\/correiodasemana.com\/site\/wp-content\/uploads\/2018\/02\/Dom-Vasconcelos-posses.jpg?resize=700%2C400&ssl=1 2x"},"classes":[]}],"jetpack_sharing_enabled":true,"_links":{"self":[{"href":"https:\/\/correiodasemana.com\/site\/wp-json\/wp\/v2\/posts\/10393","targetHints":{"allow":["GET"]}}],"collection":[{"href":"https:\/\/correiodasemana.com\/site\/wp-json\/wp\/v2\/posts"}],"about":[{"href":"https:\/\/correiodasemana.com\/site\/wp-json\/wp\/v2\/types\/post"}],"author":[{"embeddable":true,"href":"https:\/\/correiodasemana.com\/site\/wp-json\/wp\/v2\/users\/1"}],"replies":[{"embeddable":true,"href":"https:\/\/correiodasemana.com\/site\/wp-json\/wp\/v2\/comments?post=10393"}],"version-history":[{"count":1,"href":"https:\/\/correiodasemana.com\/site\/wp-json\/wp\/v2\/posts\/10393\/revisions"}],"predecessor-version":[{"id":10394,"href":"https:\/\/correiodasemana.com\/site\/wp-json\/wp\/v2\/posts\/10393\/revisions\/10394"}],"wp:featuredmedia":[{"embeddable":true,"href":"https:\/\/correiodasemana.com\/site\/wp-json\/wp\/v2\/media\/8461"}],"wp:attachment":[{"href":"https:\/\/correiodasemana.com\/site\/wp-json\/wp\/v2\/media?parent=10393"}],"wp:term":[{"taxonomy":"category","embeddable":true,"href":"https:\/\/correiodasemana.com\/site\/wp-json\/wp\/v2\/categories?post=10393"},{"taxonomy":"post_tag","embeddable":true,"href":"https:\/\/correiodasemana.com\/site\/wp-json\/wp\/v2\/tags?post=10393"}],"curies":[{"name":"wp","href":"https:\/\/api.w.org\/{rel}","templated":true}]}}