{"id":10406,"date":"2020-01-13T00:48:05","date_gmt":"2020-01-13T00:48:05","guid":{"rendered":"https:\/\/correiodasemana.com\/site\/?p=10406"},"modified":"2020-01-13T00:48:05","modified_gmt":"2020-01-13T00:48:05","slug":"sobral-ja-registrou-mais-de-50-milimetros-de-chuva-neste-inicio-de-ano","status":"publish","type":"post","link":"https:\/\/correiodasemana.com\/site\/sobral-ja-registrou-mais-de-50-milimetros-de-chuva-neste-inicio-de-ano\/","title":{"rendered":"Sobral j\u00e1 registrou mais de 50 mil\u00edmetros de chuva neste in\u00edcio de ano"},"content":{"rendered":"<p>A mudan\u00e7a no tempo traz esperan\u00e7as para o sobralense que espera realizar grandes colheitas no sert\u00e3o.<\/p>\n<p>O per\u00edodo chuvoso j\u00e1 teve in\u00edcio em Sobral. Desde o dia 1\u00b0 de janeiro, a Funda\u00e7\u00e3o Cearense de Meteorologia e Recursos H\u00eddricos (Funceme) j\u00e1 registrou 52.10 mil\u00edmetros (mm) de precipita\u00e7\u00e3o no munic\u00edpio.\u00a0No ano de 2019, a Funceme registrou precipita\u00e7\u00e3o de 734.7\u00a0 mil\u00edmetros\u00a0em Sobral.\u00a0A mudan\u00e7a no tempo traz esperan\u00e7as para o sobralense que espera realizar grandes colheitas no sert\u00e3o.<br \/>\nAinda segundo a Funceme, a previs\u00e3o para este s\u00e1bado (11\/01) \u00e9 de\u00a0\u201cpredom\u00ednio de nebulosidade vari\u00e1vel em todas as regi\u00f5es com possibilidade de chuva na faixa litor\u00e2nea, no Maci\u00e7o de Baturit\u00e9 e na Ibiapaba. Nas demais \u00e1reas, chuva isolada.\u201d<br \/>\nAs primeiras chuvas podem indicar a influ\u00eancia da Zona de Converg\u00eancia Intertropical (ZCIT) sobre o Estado, o que vem colaborando para precipita\u00e7\u00f5es em, praticamente, todas as macrorregi\u00f5es. De acordo com o observador t\u00e9cnico do N\u00facleo de Meteorologia de Sobral (NUMES), Ricardo Oliveira,\u00a0\u201cpoderemos ter um bom inverno entre fevereiro e maio, mas esse progn\u00f3stico ainda ser\u00e1 confirmado com exatid\u00e3o.\u201d<\/p>\n","protected":false},"excerpt":{"rendered":"<p>A mudan\u00e7a no tempo traz esperan\u00e7as para o sobralense que espera realizar grandes colheitas no&#8230;<\/p>\n","protected":false},"author":1,"featured_media":10407,"comment_status":"open","ping_status":"open","sticky":false,"template":"","format":"standard","meta":{"_jetpack_memberships_contains_paid_content":false,"footnotes":"","jetpack_publicize_message":"","jetpack_publicize_feature_enabled":true,"jetpack_social_post_already_shared":true,"jetpack_social_options":{"image_generator_settings":{"template":"highway","default_image_id":0,"font":"","enabled":false},"version":2}},"categories":[1],"tags":[],"class_list":["post-10406","post","type-post","status-publish","format-standard","has-post-thumbnail","hentry","category-atualidade"],"jetpack_publicize_connections":[],"jetpack_featured_media_url":"https:\/\/correiodasemana.com\/site\/wp-content\/uploads\/2020\/01\/FOTO-1.png","jetpack-related-posts":[{"id":18318,"url":"https:\/\/correiodasemana.com\/site\/tremor-de-terra-e-maior-chuva-da-decada-no-estado-do-ceara-sao-registrados-em-tiangua\/","url_meta":{"origin":10406,"position":0},"title":"Tremor de terra e maior chuva da d\u00e9cada no estado do Cear\u00e1 s\u00e3o registrados em Tiangu\u00e1","author":"","date":"Dezembro 12, 2021","format":false,"excerpt":"Por Samuel Carvalho Reda\u00e7\u00e3o Correio da Semana Na noite da \u00falitma segunda-feira (6) foi registrado em Tiang\u00e1 a maior chuva da s\u00e9rie hist\u00f3rica do munic\u00edpio, de acordo com dados da Funda\u00e7\u00e3o Cearense de Meteorologia e Recursos H\u00eddricos (Funceme). Com 170 mil\u00edmetros, a chuva deste ano superou os 140 mil\u00edmetros ocorridos\u2026","rel":"","context":"In &quot;Atualidade&quot;","block_context":{"text":"Atualidade","link":"https:\/\/correiodasemana.com\/site\/category\/atualidade\/"},"img":{"alt_text":"","src":"https:\/\/i0.wp.com\/correiodasemana.com\/site\/wp-content\/uploads\/2021\/12\/Image-0-Artigo-1939717-1.jpg?resize=350%2C200&ssl=1","width":350,"height":200,"srcset":"https:\/\/i0.wp.com\/correiodasemana.com\/site\/wp-content\/uploads\/2021\/12\/Image-0-Artigo-1939717-1.jpg?resize=350%2C200&ssl=1 1x, https:\/\/i0.wp.com\/correiodasemana.com\/site\/wp-content\/uploads\/2021\/12\/Image-0-Artigo-1939717-1.jpg?resize=525%2C300&ssl=1 1.5x, https:\/\/i0.wp.com\/correiodasemana.com\/site\/wp-content\/uploads\/2021\/12\/Image-0-Artigo-1939717-1.jpg?resize=700%2C400&ssl=1 2x"},"classes":[]},{"id":24707,"url":"https:\/\/correiodasemana.com\/site\/funceme-anuncia-fim-do-inverno-deste-ano\/","url_meta":{"origin":10406,"position":1},"title":"Funceme anuncia fim do inverno deste ano","author":"","date":"Maio 16, 2023","format":false,"excerpt":"Apesar de considerar o fim do inverno a Funceme informou que nos pr\u00f3ximos dias deve continuar chovendo com pouca expressividade na faixa litor\u00e2nea. O in\u00edcio da segunda quinzena do m\u00eas de maio, que marca o fim da Quadra Chuvosa no Cear\u00e1, deve apresentar condi\u00e7\u00f5es para chuvas isoladas, passageiras e n\u00e3o\u2026","rel":"","context":"In &quot;Atualidade&quot;","block_context":{"text":"Atualidade","link":"https:\/\/correiodasemana.com\/site\/category\/atualidade\/"},"img":{"alt_text":"","src":"https:\/\/i0.wp.com\/correiodasemana.com\/site\/wp-content\/uploads\/2023\/05\/fachadafun.jpg?resize=350%2C200&ssl=1","width":350,"height":200,"srcset":"https:\/\/i0.wp.com\/correiodasemana.com\/site\/wp-content\/uploads\/2023\/05\/fachadafun.jpg?resize=350%2C200&ssl=1 1x, https:\/\/i0.wp.com\/correiodasemana.com\/site\/wp-content\/uploads\/2023\/05\/fachadafun.jpg?resize=525%2C300&ssl=1 1.5x"},"classes":[]},{"id":23288,"url":"https:\/\/correiodasemana.com\/site\/virada-de-mes-chuvosa-no-ceara-aponta-funceme\/","url_meta":{"origin":10406,"position":2},"title":"Virada de m\u00eas chuvosa no Cear\u00e1 aponta Funceme","author":"","date":"Janeiro 31, 2023","format":false,"excerpt":"A virada de janeiro para fevereiro no Cear\u00e1 deve ser com muita chuva em todas as macrorregi\u00f5es do Estado. Segundo previs\u00e3o divulgada pela Funda\u00e7\u00e3o Cearense de Meteorologia e Recursos H\u00eddricos (Funceme), h\u00e1 condi\u00e7\u00f5es favor\u00e1veis para precipita\u00e7\u00f5es nesta ter\u00e7a-feira, 31, \u00faltimo dia do m\u00eas, e na quarta-feira, 1\u00ba, quando come\u00e7a oficialmente\u2026","rel":"","context":"In &quot;Atualidade&quot;","block_context":{"text":"Atualidade","link":"https:\/\/correiodasemana.com\/site\/category\/atualidade\/"},"img":{"alt_text":"","src":"https:\/\/i0.wp.com\/correiodasemana.com\/site\/wp-content\/uploads\/2023\/01\/chuva.jpg?resize=350%2C200&ssl=1","width":350,"height":200,"srcset":"https:\/\/i0.wp.com\/correiodasemana.com\/site\/wp-content\/uploads\/2023\/01\/chuva.jpg?resize=350%2C200&ssl=1 1x, https:\/\/i0.wp.com\/correiodasemana.com\/site\/wp-content\/uploads\/2023\/01\/chuva.jpg?resize=525%2C300&ssl=1 1.5x, https:\/\/i0.wp.com\/correiodasemana.com\/site\/wp-content\/uploads\/2023\/01\/chuva.jpg?resize=700%2C400&ssl=1 2x, https:\/\/i0.wp.com\/correiodasemana.com\/site\/wp-content\/uploads\/2023\/01\/chuva.jpg?resize=1050%2C600&ssl=1 3x"},"classes":[]},{"id":23579,"url":"https:\/\/correiodasemana.com\/site\/terca-feira-com-previsao-de-chuvas-em-varias-regioes-do-estado\/","url_meta":{"origin":10406,"position":3},"title":"Ter\u00e7a-feira com previs\u00e3o de chuvas em v\u00e1rias regi\u00f5es do Estado","author":"","date":"Fevereiro 14, 2023","format":false,"excerpt":"A Funda\u00e7\u00e3o Cearense de Meteorologia e Recursos H\u00eddricos (Funceme) divulgou a previs\u00e3o do tempo para esta ter\u00e7a-feira, 14. De acordo com o meteorologista da Funceme, Bruno Rodrigues, as chuvas predominam durante madrugada e manh\u00e3 em parte do litoral, no sul do Estado\u00a0e no\u00a0Sert\u00e3o Central e Inhamuns. No per\u00edodo da tarde\u2026","rel":"","context":"In &quot;Atualidade&quot;","block_context":{"text":"Atualidade","link":"https:\/\/correiodasemana.com\/site\/category\/atualidade\/"},"img":{"alt_text":"","src":"https:\/\/i0.wp.com\/correiodasemana.com\/site\/wp-content\/uploads\/2023\/02\/pancadas-de-chuva-previsao-do-tempo-domingo-marcelo-casal-jr.webp?resize=350%2C200&ssl=1","width":350,"height":200,"srcset":"https:\/\/i0.wp.com\/correiodasemana.com\/site\/wp-content\/uploads\/2023\/02\/pancadas-de-chuva-previsao-do-tempo-domingo-marcelo-casal-jr.webp?resize=350%2C200&ssl=1 1x, https:\/\/i0.wp.com\/correiodasemana.com\/site\/wp-content\/uploads\/2023\/02\/pancadas-de-chuva-previsao-do-tempo-domingo-marcelo-casal-jr.webp?resize=525%2C300&ssl=1 1.5x, https:\/\/i0.wp.com\/correiodasemana.com\/site\/wp-content\/uploads\/2023\/02\/pancadas-de-chuva-previsao-do-tempo-domingo-marcelo-casal-jr.webp?resize=700%2C400&ssl=1 2x"},"classes":[]},{"id":18210,"url":"https:\/\/correiodasemana.com\/site\/pre-estacao-chuvosa-tem-inicio-no-ceara-previsoes-para-o-bimestre-sao-divulgadas\/","url_meta":{"origin":10406,"position":4},"title":"Pr\u00e9-esta\u00e7\u00e3o chuvosa tem in\u00edcio no Cear\u00e1; Previs\u00f5es para o bimestre s\u00e3o divulgadas","author":"","date":"Dezembro 6, 2021","format":false,"excerpt":"Por Samuel Carvalho Reda\u00e7\u00e3o Correio da Semana Com a chegada dos meses de dezembro e janeiro, tamb\u00e9m inicia a pr\u00e9-esta\u00e7\u00e3o chuvosa no Cear\u00e1. Como o pr\u00f3prio nome diz, esses dois meses antecedem o principal per\u00edodo de chuvas no Estado, que vai de fevereiro a maio. Para este ano a previs\u00e3o\u2026","rel":"","context":"In &quot;Atualidade&quot;","block_context":{"text":"Atualidade","link":"https:\/\/correiodasemana.com\/site\/category\/atualidade\/"},"img":{"alt_text":"","src":"https:\/\/i0.wp.com\/correiodasemana.com\/site\/wp-content\/uploads\/2018\/02\/chuva-5_mini.jpg?resize=350%2C200&ssl=1","width":350,"height":200,"srcset":"https:\/\/i0.wp.com\/correiodasemana.com\/site\/wp-content\/uploads\/2018\/02\/chuva-5_mini.jpg?resize=350%2C200&ssl=1 1x, https:\/\/i0.wp.com\/correiodasemana.com\/site\/wp-content\/uploads\/2018\/02\/chuva-5_mini.jpg?resize=525%2C300&ssl=1 1.5x, https:\/\/i0.wp.com\/correiodasemana.com\/site\/wp-content\/uploads\/2018\/02\/chuva-5_mini.jpg?resize=700%2C400&ssl=1 2x, https:\/\/i0.wp.com\/correiodasemana.com\/site\/wp-content\/uploads\/2018\/02\/chuva-5_mini.jpg?resize=1050%2C600&ssl=1 3x"},"classes":[]},{"id":24436,"url":"https:\/\/correiodasemana.com\/site\/chuvas-da-madrugada-se-concentram-no-leste-e-sul-do-ceara\/","url_meta":{"origin":10406,"position":5},"title":"Chuvas da madrugada se concentram no Leste e Sul do Cear\u00e1","author":"","date":"Maio 4, 2023","format":false,"excerpt":"A madrugada foi de chuvas nas partes Leste e Sul do Cear\u00e1. As informa\u00e7\u00f5es s\u00e3o da Funda\u00e7\u00e3o Cearense de Meteorologia e Recursos H\u00eddricos (Funceme). Segundo dados de radar da Funda\u00e7\u00e3o, a chuva que vinha desde a noite dessa quarta-feira, 3, seguiu se espalhando. Os ventos a Oeste levaram as nuvens\u2026","rel":"","context":"In &quot;Atualidade&quot;","block_context":{"text":"Atualidade","link":"https:\/\/correiodasemana.com\/site\/category\/atualidade\/"},"img":{"alt_text":"","src":"https:\/\/i0.wp.com\/correiodasemana.com\/site\/wp-content\/uploads\/2023\/05\/1_acude_rosario_18231963-21591761.jpg?resize=350%2C200&ssl=1","width":350,"height":200,"srcset":"https:\/\/i0.wp.com\/correiodasemana.com\/site\/wp-content\/uploads\/2023\/05\/1_acude_rosario_18231963-21591761.jpg?resize=350%2C200&ssl=1 1x, https:\/\/i0.wp.com\/correiodasemana.com\/site\/wp-content\/uploads\/2023\/05\/1_acude_rosario_18231963-21591761.jpg?resize=525%2C300&ssl=1 1.5x, https:\/\/i0.wp.com\/correiodasemana.com\/site\/wp-content\/uploads\/2023\/05\/1_acude_rosario_18231963-21591761.jpg?resize=700%2C400&ssl=1 2x"},"classes":[]}],"jetpack_sharing_enabled":true,"_links":{"self":[{"href":"https:\/\/correiodasemana.com\/site\/wp-json\/wp\/v2\/posts\/10406","targetHints":{"allow":["GET"]}}],"collection":[{"href":"https:\/\/correiodasemana.com\/site\/wp-json\/wp\/v2\/posts"}],"about":[{"href":"https:\/\/correiodasemana.com\/site\/wp-json\/wp\/v2\/types\/post"}],"author":[{"embeddable":true,"href":"https:\/\/correiodasemana.com\/site\/wp-json\/wp\/v2\/users\/1"}],"replies":[{"embeddable":true,"href":"https:\/\/correiodasemana.com\/site\/wp-json\/wp\/v2\/comments?post=10406"}],"version-history":[{"count":1,"href":"https:\/\/correiodasemana.com\/site\/wp-json\/wp\/v2\/posts\/10406\/revisions"}],"predecessor-version":[{"id":10408,"href":"https:\/\/correiodasemana.com\/site\/wp-json\/wp\/v2\/posts\/10406\/revisions\/10408"}],"wp:featuredmedia":[{"embeddable":true,"href":"https:\/\/correiodasemana.com\/site\/wp-json\/wp\/v2\/media\/10407"}],"wp:attachment":[{"href":"https:\/\/correiodasemana.com\/site\/wp-json\/wp\/v2\/media?parent=10406"}],"wp:term":[{"taxonomy":"category","embeddable":true,"href":"https:\/\/correiodasemana.com\/site\/wp-json\/wp\/v2\/categories?post=10406"},{"taxonomy":"post_tag","embeddable":true,"href":"https:\/\/correiodasemana.com\/site\/wp-json\/wp\/v2\/tags?post=10406"}],"curies":[{"name":"wp","href":"https:\/\/api.w.org\/{rel}","templated":true}]}}