{"id":10409,"date":"2020-01-13T00:48:46","date_gmt":"2020-01-13T00:48:46","guid":{"rendered":"https:\/\/correiodasemana.com\/site\/?p=10409"},"modified":"2020-01-13T00:49:08","modified_gmt":"2020-01-13T00:49:08","slug":"panorama-politico-27","status":"publish","type":"post","link":"https:\/\/correiodasemana.com\/site\/panorama-politico-27\/","title":{"rendered":"Panorama Pol\u00edtico"},"content":{"rendered":"<p><strong>Sobral ocupa primeiro lugar na educa\u00e7\u00e3o b\u00e1sica<\/strong><br \/>\nA pol\u00edtica de educa\u00e7\u00e3o de Sobral, foi mais uma vez, destacada em \u00e2mbito internacional. O site da Organiza\u00e7\u00e3o das Na\u00e7\u00f5es Unidas &#8211; ONU, \u00f3rg\u00e3o que congrega mais de 190 pa\u00edses em todo mundo publicou entrevista com o prefeito Ivo Gomes. Na entrevista, o prefeito lembrou que o processo de mudan\u00e7a come\u00e7ou 22 anos atr\u00e1s. Desde 1997 a educa\u00e7\u00e3o tem sido nosso principal patrim\u00f4nio. \u201cDecidimos que todas as crian\u00e7as do munic\u00edpio teriam acesso \u00e0 educa\u00e7\u00e3o, pois \u00e0 \u00e9poca 30 por cento de crian\u00e7as e adolescentes n\u00e3o tinham acesso ao sistema escolar. Ivo lembrou que foi mostrado aos professores como ensinar as crian\u00e7as a ler, porque isso n\u00e3o \u00e9 f\u00e1cil\u201d. \u00c9 necess\u00e1rio ter objetivos para que cada crian\u00e7a possa ler pequenas hist\u00f3rias aos 7 anos de idade. Esse \u00e9 o nosso crit\u00e9rio para definir que uma crian\u00e7a consegue ler e entender. Para isso avaliamos a cada semestre. \u00c9 um trabalho \u00e1rduo, mas necess\u00e1rio e agora faz parte da rotina\u201d, destacou o prefeito.<\/p>\n<p><strong>Prefeito de Meruoca, Fonteles, faz reforma e amplia o mercado municipal<\/strong><br \/>\nFoi iniciado dia 06 de janeiro, a reforma e amplia\u00e7\u00e3o do Mercado Municipal de Meruoca. Obra realizada entre a prefeitura de Meruoca, junto ao Minist\u00e9rio da Integra\u00e7\u00e3o Nacional. O prefeito Fonteles, est\u00e1 iniciando mais um ano de sua gest\u00e3o com for\u00e7a total. J\u00e1 tendo iniciado a obra de eleva\u00e7\u00e3o na \u00e1rea que antes era atoleiro no acesso ao banho S\u00e3o Daniel e que receber\u00e1 pavimenta\u00e7\u00e3o em pedra tosca. Com a \u00e1rea elevada foram colocadas manilhas para o escoamento da \u00e1gua que garante o sucesso da obra. Compromisso de revitaliza\u00e7\u00e3o das estradas e fortalecimento do turismo.<\/p>\n<p><strong>Prefeito de Carir\u00e9, Elmo Roberto, est\u00e1 concluindo diversas obras no munic\u00edpio<\/strong><br \/>\nO prefeito de Carir\u00e9, Elmo Roberto, atrav\u00e9s da secretaria de educa\u00e7\u00e3o, vem realizando a instala\u00e7\u00e3o de parques infantis em v\u00e1rias escolas p\u00fablicas do munic\u00edpio. A a\u00e7\u00e3o tem como objetivo oferecer uma estrutura adequada e preparada para o ensino das crian\u00e7as da educa\u00e7\u00e3o infantil. As obras j\u00e1 foram realizadas nas escolas Francisco Erminio Ponte, do bairro do F\u00f3rum; In\u00e1cio Rodrigues Moreira, do distrito de Cacimbas; Maria Jos\u00e9 Rodrigues Ponte, do Bairro Campo de Avia\u00e7\u00e3o; Monsenhor Antonio C\u00e2ndido de Melo, da localidade de Alto Feliz e Tenente Avelino Gomes, da localidade de Anil.<\/p>\n<p><strong>Vereador Joaquim Feij\u00e3o indica a reforma e coberta da quadra de esportes de Bonfim<\/strong><br \/>\nPreocupado com bem estar da popula\u00e7\u00e3o de Sobral e distritos, o vereador Joaquim Feij\u00e3o (PDT), solicitou a reforma e a coberta da quadra de esportes do distrito de Bonfim. Joaquim indica tamb\u00e9m a constru\u00e7\u00e3o de uma quadra de esportes na localidade de Serrote do Piaba, Setor VI no distrito de Bonfim. Joaquim indica com urg\u00eancia a necessidade de realizar obras de saneamento b\u00e1sico na Av. Manoel Calisto em frente ao posto de sa\u00fade no distrito de Bonfim. Solicita a coloca\u00e7\u00e3o de um sem\u00e1foro no cruzamento da Av. Dom Jos\u00e9 com Rua Pintor Lemos.<\/p>\n","protected":false},"excerpt":{"rendered":"<p>Sobral ocupa primeiro lugar na educa\u00e7\u00e3o b\u00e1sica A pol\u00edtica de educa\u00e7\u00e3o de Sobral, foi mais&#8230;<\/p>\n","protected":false},"author":1,"featured_media":9285,"comment_status":"open","ping_status":"open","sticky":false,"template":"","format":"standard","meta":{"_jetpack_memberships_contains_paid_content":false,"footnotes":"","jetpack_publicize_message":"","jetpack_publicize_feature_enabled":true,"jetpack_social_post_already_shared":true,"jetpack_social_options":{"image_generator_settings":{"template":"highway","default_image_id":0,"font":"","enabled":false},"version":2}},"categories":[11,46],"tags":[],"class_list":["post-10409","post","type-post","status-publish","format-standard","has-post-thumbnail","hentry","category-artigos","category-panorama-politico"],"jetpack_publicize_connections":[],"jetpack_featured_media_url":"https:\/\/correiodasemana.com\/site\/wp-content\/uploads\/2019\/09\/camara-de-sobral.jpeg","jetpack-related-posts":[{"id":10421,"url":"https:\/\/correiodasemana.com\/site\/politica-em-evidencia-18\/","url_meta":{"origin":10409,"position":0},"title":"Pol\u00edtica em Evid\u00eancia","author":"","date":"Janeiro 13, 2020","format":false,"excerpt":"Presidente da C\u00e2mara de Sobral, Carlos do Calisto, comandou no plen\u00e1rio 5 de Julho a posse da Nova Mesa Diretora Mirim, para mais um mandato. De acordo com o presidente, as crian\u00e7as ao tomarem mais cedo o conhecimento de como funciona o parlamento, vai dar a elas a no\u00e7\u00e3o clara\u2026","rel":"","context":"In &quot;Artigos&quot;","block_context":{"text":"Artigos","link":"https:\/\/correiodasemana.com\/site\/category\/artigos\/"},"img":{"alt_text":"","src":"https:\/\/i0.wp.com\/correiodasemana.com\/site\/wp-content\/uploads\/2019\/08\/urna_lecr-e1447217261594.jpg?resize=350%2C200&ssl=1","width":350,"height":200,"srcset":"https:\/\/i0.wp.com\/correiodasemana.com\/site\/wp-content\/uploads\/2019\/08\/urna_lecr-e1447217261594.jpg?resize=350%2C200&ssl=1 1x, https:\/\/i0.wp.com\/correiodasemana.com\/site\/wp-content\/uploads\/2019\/08\/urna_lecr-e1447217261594.jpg?resize=525%2C300&ssl=1 1.5x, https:\/\/i0.wp.com\/correiodasemana.com\/site\/wp-content\/uploads\/2019\/08\/urna_lecr-e1447217261594.jpg?resize=700%2C400&ssl=1 2x, https:\/\/i0.wp.com\/correiodasemana.com\/site\/wp-content\/uploads\/2019\/08\/urna_lecr-e1447217261594.jpg?resize=1050%2C600&ssl=1 3x, https:\/\/i0.wp.com\/correiodasemana.com\/site\/wp-content\/uploads\/2019\/08\/urna_lecr-e1447217261594.jpg?resize=1400%2C800&ssl=1 4x"},"classes":[]},{"id":10247,"url":"https:\/\/correiodasemana.com\/site\/panorama-politico-25\/","url_meta":{"origin":10409,"position":1},"title":"Panorama Pol\u00edtico","author":"","date":"Dezembro 23, 2019","format":false,"excerpt":"Prefeito Ivo Gomes e o governado Camilo Santana inauguraram a Central de Tratamento de Res\u00edduos de Sobral Foi inaugurada neste s\u00e1bado, 14 de dezembro, a Central de Tratamento de Res\u00edduos - CTR de Sobral, localizada na CE 183 nas proximidades da BR 222. A solenidade contou com as presen\u00e7as do\u2026","rel":"","context":"In &quot;Artigos&quot;","block_context":{"text":"Artigos","link":"https:\/\/correiodasemana.com\/site\/category\/artigos\/"},"img":{"alt_text":"","src":"https:\/\/i0.wp.com\/correiodasemana.com\/site\/wp-content\/uploads\/2019\/09\/camara-de-sobral.jpeg?resize=350%2C200&ssl=1","width":350,"height":200,"srcset":"https:\/\/i0.wp.com\/correiodasemana.com\/site\/wp-content\/uploads\/2019\/09\/camara-de-sobral.jpeg?resize=350%2C200&ssl=1 1x, https:\/\/i0.wp.com\/correiodasemana.com\/site\/wp-content\/uploads\/2019\/09\/camara-de-sobral.jpeg?resize=525%2C300&ssl=1 1.5x, https:\/\/i0.wp.com\/correiodasemana.com\/site\/wp-content\/uploads\/2019\/09\/camara-de-sobral.jpeg?resize=700%2C400&ssl=1 2x"},"classes":[]},{"id":9447,"url":"https:\/\/correiodasemana.com\/site\/panorama-politico-15\/","url_meta":{"origin":10409,"position":2},"title":"Panorama Pol\u00edtico","author":"","date":"Outubro 14, 2019","format":false,"excerpt":"Prefeito Ivo Gomes entrega nova pra\u00e7a em Ponta da Serra Atendendo a uma solicita\u00e7\u00e3o do vereador Itamar Ribeiro(PDT), o prefeito Ivo Gomes, inaugurou na noite de quarta-feira, dia 09, a Pra\u00e7a Benjamim Pessoa de Azevedo na localidade Ponta da Serra - distrito de Pedra de Fogo. A solenidade contou com\u2026","rel":"","context":"In &quot;Artigos&quot;","block_context":{"text":"Artigos","link":"https:\/\/correiodasemana.com\/site\/category\/artigos\/"},"img":{"alt_text":"","src":"https:\/\/i0.wp.com\/correiodasemana.com\/site\/wp-content\/uploads\/2019\/07\/dscf8825.jpg?resize=350%2C200&ssl=1","width":350,"height":200,"srcset":"https:\/\/i0.wp.com\/correiodasemana.com\/site\/wp-content\/uploads\/2019\/07\/dscf8825.jpg?resize=350%2C200&ssl=1 1x, https:\/\/i0.wp.com\/correiodasemana.com\/site\/wp-content\/uploads\/2019\/07\/dscf8825.jpg?resize=525%2C300&ssl=1 1.5x, https:\/\/i0.wp.com\/correiodasemana.com\/site\/wp-content\/uploads\/2019\/07\/dscf8825.jpg?resize=700%2C400&ssl=1 2x, https:\/\/i0.wp.com\/correiodasemana.com\/site\/wp-content\/uploads\/2019\/07\/dscf8825.jpg?resize=1050%2C600&ssl=1 3x, https:\/\/i0.wp.com\/correiodasemana.com\/site\/wp-content\/uploads\/2019\/07\/dscf8825.jpg?resize=1400%2C800&ssl=1 4x"},"classes":[]},{"id":9886,"url":"https:\/\/correiodasemana.com\/site\/panorama-politico-20\/","url_meta":{"origin":10409,"position":3},"title":"Panorama Pol\u00edtico","author":"","date":"Novembro 18, 2019","format":false,"excerpt":"Governador Camilo Santana e Prefeito Ivo Gomes entregaram \u00e0 popula\u00e7\u00e3o o Parque Paje\u00fa O governador do Cear\u00e1, Camilo Santana e o Prefeito de Sobral, Ivo Gomes, inauguraram domingo, dia 10, o Parque Paje\u00fa, uma \u00e1rea antes degradada que agora, juntamente com o Parque da Cidade e a Lagoa da Fazenda\u2026","rel":"","context":"In &quot;Artigos&quot;","block_context":{"text":"Artigos","link":"https:\/\/correiodasemana.com\/site\/category\/artigos\/"},"img":{"alt_text":"","src":"https:\/\/i0.wp.com\/correiodasemana.com\/site\/wp-content\/uploads\/2019\/09\/camara-de-sobral.jpeg?resize=350%2C200&ssl=1","width":350,"height":200,"srcset":"https:\/\/i0.wp.com\/correiodasemana.com\/site\/wp-content\/uploads\/2019\/09\/camara-de-sobral.jpeg?resize=350%2C200&ssl=1 1x, https:\/\/i0.wp.com\/correiodasemana.com\/site\/wp-content\/uploads\/2019\/09\/camara-de-sobral.jpeg?resize=525%2C300&ssl=1 1.5x, https:\/\/i0.wp.com\/correiodasemana.com\/site\/wp-content\/uploads\/2019\/09\/camara-de-sobral.jpeg?resize=700%2C400&ssl=1 2x"},"classes":[]},{"id":9047,"url":"https:\/\/correiodasemana.com\/site\/panorama-politico-10\/","url_meta":{"origin":10409,"position":4},"title":"Panorama Pol\u00edtico","author":"","date":"Setembro 8, 2019","format":false,"excerpt":"Prefeito Gerl\u00e1sio Loiola presta contas de sua administra\u00e7\u00e3o Depois de cumprir licen\u00e7a de uma semana para tratar de assuntos particulares, o prefeito de Forquilha, Gerl\u00e1sio Loiola e o vice R\u00e9gis Prado, j\u00e1 retornaram suas atividades normais. Na sexta-feira, dia 06 de setembro, o prefeito Gerl\u00e1sio Loiola, reuniu em seu gabinete\u2026","rel":"","context":"In &quot;Artigos&quot;","block_context":{"text":"Artigos","link":"https:\/\/correiodasemana.com\/site\/category\/artigos\/"},"img":{"alt_text":"","src":"https:\/\/i0.wp.com\/correiodasemana.com\/site\/wp-content\/uploads\/2019\/07\/dscf8825.jpg?resize=350%2C200&ssl=1","width":350,"height":200,"srcset":"https:\/\/i0.wp.com\/correiodasemana.com\/site\/wp-content\/uploads\/2019\/07\/dscf8825.jpg?resize=350%2C200&ssl=1 1x, https:\/\/i0.wp.com\/correiodasemana.com\/site\/wp-content\/uploads\/2019\/07\/dscf8825.jpg?resize=525%2C300&ssl=1 1.5x, https:\/\/i0.wp.com\/correiodasemana.com\/site\/wp-content\/uploads\/2019\/07\/dscf8825.jpg?resize=700%2C400&ssl=1 2x, https:\/\/i0.wp.com\/correiodasemana.com\/site\/wp-content\/uploads\/2019\/07\/dscf8825.jpg?resize=1050%2C600&ssl=1 3x, https:\/\/i0.wp.com\/correiodasemana.com\/site\/wp-content\/uploads\/2019\/07\/dscf8825.jpg?resize=1400%2C800&ssl=1 4x"},"classes":[]},{"id":17241,"url":"https:\/\/correiodasemana.com\/site\/sobral-recebe-cei-com-capacidade-para-atender-208-criancas\/","url_meta":{"origin":10409,"position":5},"title":"Sobral recebe CEI com capacidade para atender 208 crian\u00e7as","author":"","date":"Agosto 15, 2021","format":false,"excerpt":"Por Daniel Herculano - Ascom Casa Civil - Texto Os moradores de Sobral receberam nesta ter\u00e7a-feira (10) o Centro de Educa\u00e7\u00e3o Infantil (CEI) Dona Raimunda Olga Monte Barroso. A solenidade de inaugura\u00e7\u00e3o teve a presen\u00e7a da vice-governadora Izolda Cela, da primeira-dama On\u00e9lia Santana, do prefeito de Sobral, Ivo Gomes, da\u2026","rel":"","context":"In &quot;Atualidade&quot;","block_context":{"text":"Atualidade","link":"https:\/\/correiodasemana.com\/site\/category\/atualidade\/"},"img":{"alt_text":"","src":"https:\/\/i0.wp.com\/correiodasemana.com\/site\/wp-content\/uploads\/2021\/08\/ARI8722.jpeg?resize=350%2C200&ssl=1","width":350,"height":200,"srcset":"https:\/\/i0.wp.com\/correiodasemana.com\/site\/wp-content\/uploads\/2021\/08\/ARI8722.jpeg?resize=350%2C200&ssl=1 1x, https:\/\/i0.wp.com\/correiodasemana.com\/site\/wp-content\/uploads\/2021\/08\/ARI8722.jpeg?resize=525%2C300&ssl=1 1.5x, https:\/\/i0.wp.com\/correiodasemana.com\/site\/wp-content\/uploads\/2021\/08\/ARI8722.jpeg?resize=700%2C400&ssl=1 2x, https:\/\/i0.wp.com\/correiodasemana.com\/site\/wp-content\/uploads\/2021\/08\/ARI8722.jpeg?resize=1050%2C600&ssl=1 3x, https:\/\/i0.wp.com\/correiodasemana.com\/site\/wp-content\/uploads\/2021\/08\/ARI8722.jpeg?resize=1400%2C800&ssl=1 4x"},"classes":[]}],"jetpack_sharing_enabled":true,"_links":{"self":[{"href":"https:\/\/correiodasemana.com\/site\/wp-json\/wp\/v2\/posts\/10409","targetHints":{"allow":["GET"]}}],"collection":[{"href":"https:\/\/correiodasemana.com\/site\/wp-json\/wp\/v2\/posts"}],"about":[{"href":"https:\/\/correiodasemana.com\/site\/wp-json\/wp\/v2\/types\/post"}],"author":[{"embeddable":true,"href":"https:\/\/correiodasemana.com\/site\/wp-json\/wp\/v2\/users\/1"}],"replies":[{"embeddable":true,"href":"https:\/\/correiodasemana.com\/site\/wp-json\/wp\/v2\/comments?post=10409"}],"version-history":[{"count":2,"href":"https:\/\/correiodasemana.com\/site\/wp-json\/wp\/v2\/posts\/10409\/revisions"}],"predecessor-version":[{"id":10411,"href":"https:\/\/correiodasemana.com\/site\/wp-json\/wp\/v2\/posts\/10409\/revisions\/10411"}],"wp:featuredmedia":[{"embeddable":true,"href":"https:\/\/correiodasemana.com\/site\/wp-json\/wp\/v2\/media\/9285"}],"wp:attachment":[{"href":"https:\/\/correiodasemana.com\/site\/wp-json\/wp\/v2\/media?parent=10409"}],"wp:term":[{"taxonomy":"category","embeddable":true,"href":"https:\/\/correiodasemana.com\/site\/wp-json\/wp\/v2\/categories?post=10409"},{"taxonomy":"post_tag","embeddable":true,"href":"https:\/\/correiodasemana.com\/site\/wp-json\/wp\/v2\/tags?post=10409"}],"curies":[{"name":"wp","href":"https:\/\/api.w.org\/{rel}","templated":true}]}}