{"id":10412,"date":"2020-01-13T00:51:25","date_gmt":"2020-01-13T00:51:25","guid":{"rendered":"https:\/\/correiodasemana.com\/site\/?p=10412"},"modified":"2020-01-13T00:51:25","modified_gmt":"2020-01-13T00:51:25","slug":"7-anos-de-fundacao-da-comunidade-mae-da-divina-providencia","status":"publish","type":"post","link":"https:\/\/correiodasemana.com\/site\/7-anos-de-fundacao-da-comunidade-mae-da-divina-providencia\/","title":{"rendered":"7 ANOS DE FUNDA\u00c7\u00c3O DA COMUNIDADE M\u00c3E DA DIVINA PROVID\u00caNCIA"},"content":{"rendered":"<p>H\u00e1 7 anos atr\u00e1s, na Capela Nossa Senhora das Gra\u00e7as, conhecida tamb\u00e9m como Igreja do Abrigo, foi lan\u00e7ada a semente a qual foi crescendo e hoje j\u00e1 contemplamos muitos frutos que foram sendo gerados gra\u00e7as ao Esp\u00edrito Santo de Deus que inspirou esse carisma para a Igreja de Deus. Trata-se de um carisma, um dom de Deus, um chamado a SER SINAL VIVO DA DIVINA PROVIDENCIA NA HUMANIDADE, tendo como miss\u00e3o ANUNCIAR A BOA NOVA, PROMOVER A VIDA E A DIGNIDADE DOS FILHOS DE DEUS.<br \/>\nDeus em seu infinito amor nos inspirou tamb\u00e9m uma baluarte como grande exemplo de vida dedicada a Deus e aos mais pobres e esquecidos da sociedade. N\u00e3o imagin\u00e1vamos h\u00e1 7 anos atr\u00e1s que Irm\u00e3 Dulce seria canonizada brevemente. Nasceu o PROJETO IRM\u00c3 DULCE e ap\u00f3s suas canoniza\u00e7\u00e3o no ano 2019, passamos a chamar PROJETO SANTA DULCE DOS POBRES.<br \/>\nDeus nos confirma a cada dia este chamado e procuramos corresponder mesmo em nossa pequenez. Somos fracos, pecadores, mas reconhecemos que fomos alcan\u00e7ados em seu amor para uma vida nova e para sermos esses SINAIS VIVOS DA DIVINA PROVIDENCIA NA HUMANIDADE. O mundo aguarda ansiosamente a manifesta\u00e7\u00e3o dos filhos de Deus.<br \/>\nFomos chamados para ser essa resposta aos anseios de uma humanidade que geme, chora, sofre por necessidade de conhecer e experimentar esse t\u00e3o grande amor de Deus.<br \/>\nNeste ano de forma especial o Senhor nos inspirou um vers\u00edculo do Salmo 37,4 \u2013\u00a0\u201cDeleita-te tamb\u00e9m no Senhor, e te conceder\u00e1 os desejos do teu cora\u00e7\u00e3o.\u201d\u00a0Salmos 37:4<\/p>\n<p>Bendito seja Deus.<br \/>\nM\u00e3e da Divina Provid\u00eancia, providenciai.<\/p>\n","protected":false},"excerpt":{"rendered":"<p>H\u00e1 7 anos atr\u00e1s, na Capela Nossa Senhora das Gra\u00e7as, conhecida tamb\u00e9m como Igreja do&#8230;<\/p>\n","protected":false},"author":1,"featured_media":10413,"comment_status":"open","ping_status":"open","sticky":false,"template":"","format":"standard","meta":{"_jetpack_memberships_contains_paid_content":false,"footnotes":"","jetpack_publicize_message":"","jetpack_publicize_feature_enabled":true,"jetpack_social_post_already_shared":true,"jetpack_social_options":{"image_generator_settings":{"template":"highway","default_image_id":0,"font":"","enabled":false},"version":2}},"categories":[1],"tags":[],"class_list":["post-10412","post","type-post","status-publish","format-standard","has-post-thumbnail","hentry","category-atualidade"],"jetpack_publicize_connections":[],"jetpack_featured_media_url":"https:\/\/correiodasemana.com\/site\/wp-content\/uploads\/2020\/01\/10360705_719023038140202_2543181809396293358_n.jpg","jetpack-related-posts":[{"id":28019,"url":"https:\/\/correiodasemana.com\/site\/solenidade-epifania-do-senhor-e-celebracao-dos-11-anos-de-fundacao-da-comunidade-catolica-mae-da-divina-providencia\/","url_meta":{"origin":10412,"position":0},"title":"Solenidade Epifania do Senhor e celebra\u00e7\u00e3o dos 11 anos de Funda\u00e7\u00e3o da Comunidade Cat\u00f3lica M\u00e3e da Divina Provid\u00eancia","author":"adminredacao","date":"Janeiro 15, 2024","format":false,"excerpt":"Com grande j\u00fabilo a Comunidade Cat\u00f3lica M\u00e3e da Divina Provid\u00eancia celebrou os 11 anos de sua funda\u00e7\u00e3o na Diocese de Sobral com a realiza\u00e7\u00e3o de uma Novena \u00e0 M\u00e3e da Divina Provid\u00eancia e teve a participa\u00e7\u00e3o especial dos nossos irm\u00e3os em situa\u00e7\u00e3o de rua. Uma Comunidade muito nova ainda, mas\u2026","rel":"","context":"In &quot;Atualidade&quot;","block_context":{"text":"Atualidade","link":"https:\/\/correiodasemana.com\/site\/category\/atualidade\/"},"img":{"alt_text":"","src":"https:\/\/i0.wp.com\/correiodasemana.com\/site\/wp-content\/uploads\/2024\/01\/WhatsApp-Image-2024-01-13-at-22.04.30.jpeg?resize=350%2C200&ssl=1","width":350,"height":200,"srcset":"https:\/\/i0.wp.com\/correiodasemana.com\/site\/wp-content\/uploads\/2024\/01\/WhatsApp-Image-2024-01-13-at-22.04.30.jpeg?resize=350%2C200&ssl=1 1x, https:\/\/i0.wp.com\/correiodasemana.com\/site\/wp-content\/uploads\/2024\/01\/WhatsApp-Image-2024-01-13-at-22.04.30.jpeg?resize=525%2C300&ssl=1 1.5x, https:\/\/i0.wp.com\/correiodasemana.com\/site\/wp-content\/uploads\/2024\/01\/WhatsApp-Image-2024-01-13-at-22.04.30.jpeg?resize=700%2C400&ssl=1 2x, https:\/\/i0.wp.com\/correiodasemana.com\/site\/wp-content\/uploads\/2024\/01\/WhatsApp-Image-2024-01-13-at-22.04.30.jpeg?resize=1050%2C600&ssl=1 3x, https:\/\/i0.wp.com\/correiodasemana.com\/site\/wp-content\/uploads\/2024\/01\/WhatsApp-Image-2024-01-13-at-22.04.30.jpeg?resize=1400%2C800&ssl=1 4x"},"classes":[]},{"id":35212,"url":"https:\/\/correiodasemana.com\/site\/santa-dulce-dos-pobres-2\/","url_meta":{"origin":10412,"position":1},"title":"Santa Dulce dos Pobres\u00a0","author":"adminredacao","date":"Agosto 17, 2025","format":false,"excerpt":"Celebramos nesta quarta-feira, dia 13 de agosto, a mem\u00f3ria lit\u00fargica de Santa Dulce dos pobres, uma santa genuinamente brasileira, considerada o anjo bom da Bahia. Al\u00e9m de Santa Dulce temos outros santos brasileiros como por exemplo Santo Ant\u00f4nio de Sant\u2019Ana Galv\u00e3o, a Beata Nh\u00e1 Chica, Madre Assunta, Santa Paulina, o\u2026","rel":"","context":"In &quot;A voz do Pastor&quot;","block_context":{"text":"A voz do Pastor","link":"https:\/\/correiodasemana.com\/site\/category\/a-voz-do-pastor\/"},"img":{"alt_text":"","src":"https:\/\/i0.wp.com\/correiodasemana.com\/site\/wp-content\/uploads\/2024\/12\/festa-santa-luzia-com-dom-Vasconcelos-5-scaled.jpg?resize=350%2C200&ssl=1","width":350,"height":200,"srcset":"https:\/\/i0.wp.com\/correiodasemana.com\/site\/wp-content\/uploads\/2024\/12\/festa-santa-luzia-com-dom-Vasconcelos-5-scaled.jpg?resize=350%2C200&ssl=1 1x, https:\/\/i0.wp.com\/correiodasemana.com\/site\/wp-content\/uploads\/2024\/12\/festa-santa-luzia-com-dom-Vasconcelos-5-scaled.jpg?resize=525%2C300&ssl=1 1.5x, https:\/\/i0.wp.com\/correiodasemana.com\/site\/wp-content\/uploads\/2024\/12\/festa-santa-luzia-com-dom-Vasconcelos-5-scaled.jpg?resize=700%2C400&ssl=1 2x, https:\/\/i0.wp.com\/correiodasemana.com\/site\/wp-content\/uploads\/2024\/12\/festa-santa-luzia-com-dom-Vasconcelos-5-scaled.jpg?resize=1050%2C600&ssl=1 3x, https:\/\/i0.wp.com\/correiodasemana.com\/site\/wp-content\/uploads\/2024\/12\/festa-santa-luzia-com-dom-Vasconcelos-5-scaled.jpg?resize=1400%2C800&ssl=1 4x"},"classes":[]},{"id":12850,"url":"https:\/\/correiodasemana.com\/site\/13-de-agosto-igreja-celebra-santa-dulce-dos-pobres\/","url_meta":{"origin":10412,"position":2},"title":"13 de agosto: Igreja celebra Santa Dulce dos Pobres","author":"","date":"Agosto 17, 2020","format":false,"excerpt":"Hoje, 13 de agosto, a Igreja celebra Santa Dulce dos Pobres. Sua festa lit\u00fargica remete ao fato de que nesta data, em 1933, Maria Rita de Sousa Brito Lopes Pontes fez sua profiss\u00e3o de f\u00e9 e votos perp\u00e9tuos, tomando o h\u00e1bito de freira na Congrega\u00e7\u00e3o das Irm\u00e3s Mission\u00e1rias da Imaculada\u2026","rel":"","context":"In &quot;Atualidade&quot;","block_context":{"text":"Atualidade","link":"https:\/\/correiodasemana.com\/site\/category\/atualidade\/"},"img":{"alt_text":"","src":"https:\/\/i0.wp.com\/correiodasemana.com\/site\/wp-content\/uploads\/2020\/08\/oracao-a-irma-Dulce.jpg?resize=350%2C200&ssl=1","width":350,"height":200,"srcset":"https:\/\/i0.wp.com\/correiodasemana.com\/site\/wp-content\/uploads\/2020\/08\/oracao-a-irma-Dulce.jpg?resize=350%2C200&ssl=1 1x, https:\/\/i0.wp.com\/correiodasemana.com\/site\/wp-content\/uploads\/2020\/08\/oracao-a-irma-Dulce.jpg?resize=525%2C300&ssl=1 1.5x"},"classes":[]},{"id":22982,"url":"https:\/\/correiodasemana.com\/site\/comunidade-mae-da-divina-providencia-celebra-10-anos-de-fundacao\/","url_meta":{"origin":10412,"position":3},"title":"Comunidade M\u00e3e da Divina Provid\u00eancia celebra 10 anos de funda\u00e7\u00e3o","author":"adminredacao","date":"Janeiro 22, 2023","format":false,"excerpt":"A Comunidade M\u00e3e da Divina Provid\u00eancia celebrou no dia 08 de janeiro, dez anos de funda\u00e7\u00e3o com Santa Missa em A\u00e7\u00e3o de Gra\u00e7as na S\u00c9 Catedral presidida por Dom Jos\u00e9 Luiz Gomes de Vasconcelos. A sede da comunidade \u00e9 situada em Sobral\/CE, foi fundada em 9 de janeiro de 2013,\u2026","rel":"","context":"In &quot;Atualidade&quot;","block_context":{"text":"Atualidade","link":"https:\/\/correiodasemana.com\/site\/category\/atualidade\/"},"img":{"alt_text":"","src":"https:\/\/i0.wp.com\/correiodasemana.com\/site\/wp-content\/uploads\/2023\/01\/WhatsApp-Image-2023-01-19-at-15.36.14-5.jpeg?resize=350%2C200&ssl=1","width":350,"height":200,"srcset":"https:\/\/i0.wp.com\/correiodasemana.com\/site\/wp-content\/uploads\/2023\/01\/WhatsApp-Image-2023-01-19-at-15.36.14-5.jpeg?resize=350%2C200&ssl=1 1x, https:\/\/i0.wp.com\/correiodasemana.com\/site\/wp-content\/uploads\/2023\/01\/WhatsApp-Image-2023-01-19-at-15.36.14-5.jpeg?resize=525%2C300&ssl=1 1.5x, https:\/\/i0.wp.com\/correiodasemana.com\/site\/wp-content\/uploads\/2023\/01\/WhatsApp-Image-2023-01-19-at-15.36.14-5.jpeg?resize=700%2C400&ssl=1 2x"},"classes":[]},{"id":25869,"url":"https:\/\/correiodasemana.com\/site\/comunidade-mae-da-divina-providencia-realiza-congresso\/","url_meta":{"origin":10412,"position":4},"title":"Comunidade M\u00e3e da Divina  Provid\u00eancia realiza Congresso","author":"adminredacao","date":"Julho 31, 2023","format":false,"excerpt":"A Comunidade M\u00e3e da Divina Provid\u00eancia, fundada h\u00e1 10 anos na cidade de Sobral e com sede na Rua Coronel Sabino Guimar\u00e3es, tem como carisma \u201cSER SINAL VIVO DA DIVINA PROVID\u00caNCIA NA HUMANIDADE\u201d. Tem como miss\u00e3o, por gra\u00e7a de Deus, evangelizar com novos m\u00e9todos e novo ardor mission\u00e1rio por meio\u2026","rel":"","context":"In &quot;Atualidade&quot;","block_context":{"text":"Atualidade","link":"https:\/\/correiodasemana.com\/site\/category\/atualidade\/"},"img":{"alt_text":"","src":"https:\/\/i0.wp.com\/correiodasemana.com\/site\/wp-content\/uploads\/2023\/07\/WhatsApp-Image-2023-07-24-at-13.01.41.jpeg?resize=350%2C200&ssl=1","width":350,"height":200,"srcset":"https:\/\/i0.wp.com\/correiodasemana.com\/site\/wp-content\/uploads\/2023\/07\/WhatsApp-Image-2023-07-24-at-13.01.41.jpeg?resize=350%2C200&ssl=1 1x, https:\/\/i0.wp.com\/correiodasemana.com\/site\/wp-content\/uploads\/2023\/07\/WhatsApp-Image-2023-07-24-at-13.01.41.jpeg?resize=525%2C300&ssl=1 1.5x, https:\/\/i0.wp.com\/correiodasemana.com\/site\/wp-content\/uploads\/2023\/07\/WhatsApp-Image-2023-07-24-at-13.01.41.jpeg?resize=700%2C400&ssl=1 2x, https:\/\/i0.wp.com\/correiodasemana.com\/site\/wp-content\/uploads\/2023\/07\/WhatsApp-Image-2023-07-24-at-13.01.41.jpeg?resize=1050%2C600&ssl=1 3x"},"classes":[]},{"id":9493,"url":"https:\/\/correiodasemana.com\/site\/irma-dulce-e-canonizada-pelo-papa-francisco-e-vira-santa-dulce-dos-pobres\/","url_meta":{"origin":10412,"position":5},"title":"Irm\u00e3 Dulce \u00e9 canonizada pelo Papa Francisco e vira Santa Dulce dos Pobres","author":"","date":"Outubro 22, 2019","format":false,"excerpt":"Por Gazeta do Povo O papa Francisco fez na manh\u00e3 deste domingo (13), \u00e0s 5h34, de Irm\u00e3 Dulce a Santa Dulce dos Pobres. Foi a 37\u00aa personalidade brasileira canonizada pela Igreja Cat\u00f3lica. 50 mil pessoas acompanharam a cerim\u00f4nia na Pra\u00e7a S\u00e3o Pedro, no Vaticano. Tamb\u00e9m foram celebrados outros quatro novos\u2026","rel":"","context":"In &quot;Atualidade&quot;","block_context":{"text":"Atualidade","link":"https:\/\/correiodasemana.com\/site\/category\/atualidade\/"},"img":{"alt_text":"","src":"https:\/\/i0.wp.com\/correiodasemana.com\/site\/wp-content\/uploads\/2019\/10\/irm%C3%A3-dulce-foto.jpg?resize=350%2C200&ssl=1","width":350,"height":200,"srcset":"https:\/\/i0.wp.com\/correiodasemana.com\/site\/wp-content\/uploads\/2019\/10\/irm%C3%A3-dulce-foto.jpg?resize=350%2C200&ssl=1 1x, https:\/\/i0.wp.com\/correiodasemana.com\/site\/wp-content\/uploads\/2019\/10\/irm%C3%A3-dulce-foto.jpg?resize=525%2C300&ssl=1 1.5x, https:\/\/i0.wp.com\/correiodasemana.com\/site\/wp-content\/uploads\/2019\/10\/irm%C3%A3-dulce-foto.jpg?resize=700%2C400&ssl=1 2x, https:\/\/i0.wp.com\/correiodasemana.com\/site\/wp-content\/uploads\/2019\/10\/irm%C3%A3-dulce-foto.jpg?resize=1050%2C600&ssl=1 3x"},"classes":[]}],"jetpack_sharing_enabled":true,"_links":{"self":[{"href":"https:\/\/correiodasemana.com\/site\/wp-json\/wp\/v2\/posts\/10412","targetHints":{"allow":["GET"]}}],"collection":[{"href":"https:\/\/correiodasemana.com\/site\/wp-json\/wp\/v2\/posts"}],"about":[{"href":"https:\/\/correiodasemana.com\/site\/wp-json\/wp\/v2\/types\/post"}],"author":[{"embeddable":true,"href":"https:\/\/correiodasemana.com\/site\/wp-json\/wp\/v2\/users\/1"}],"replies":[{"embeddable":true,"href":"https:\/\/correiodasemana.com\/site\/wp-json\/wp\/v2\/comments?post=10412"}],"version-history":[{"count":1,"href":"https:\/\/correiodasemana.com\/site\/wp-json\/wp\/v2\/posts\/10412\/revisions"}],"predecessor-version":[{"id":10414,"href":"https:\/\/correiodasemana.com\/site\/wp-json\/wp\/v2\/posts\/10412\/revisions\/10414"}],"wp:featuredmedia":[{"embeddable":true,"href":"https:\/\/correiodasemana.com\/site\/wp-json\/wp\/v2\/media\/10413"}],"wp:attachment":[{"href":"https:\/\/correiodasemana.com\/site\/wp-json\/wp\/v2\/media?parent=10412"}],"wp:term":[{"taxonomy":"category","embeddable":true,"href":"https:\/\/correiodasemana.com\/site\/wp-json\/wp\/v2\/categories?post=10412"},{"taxonomy":"post_tag","embeddable":true,"href":"https:\/\/correiodasemana.com\/site\/wp-json\/wp\/v2\/tags?post=10412"}],"curies":[{"name":"wp","href":"https:\/\/api.w.org\/{rel}","templated":true}]}}