{"id":10415,"date":"2020-01-13T00:53:11","date_gmt":"2020-01-13T00:53:11","guid":{"rendered":"https:\/\/correiodasemana.com\/site\/?p=10415"},"modified":"2020-01-13T00:53:11","modified_gmt":"2020-01-13T00:53:11","slug":"o-mundo-frente-a-crise-ambiental","status":"publish","type":"post","link":"https:\/\/correiodasemana.com\/site\/o-mundo-frente-a-crise-ambiental\/","title":{"rendered":"O MUNDO FRENTE \u00c0 CRISE AMBIENTAL"},"content":{"rendered":"<p>Constituiu-se uma preocupa\u00e7\u00e3o com a crise ambiental de n\u00edvel mundial. Ou seja, a degrada\u00e7\u00e3o do Meio Ambiente pelo ser humano. Menos por suas causas, mais por seus efeitos, a crescente deteriora\u00e7\u00e3o da qualidade de vida foi tema vivo no debate no \u201cAcordo de Paris\u201d, que teve como objetivo fortalecer a resposta global \u00e0s amea\u00e7as das mudan\u00e7as clim\u00e1ticas.<br \/>\nRecentemente, o G7 do Meio Ambiente, debateu sobre a crise ambiental. Dentre os temas estavam o desmatamento, a polui\u00e7\u00e3o de pl\u00e1sticos e prote\u00e7\u00e3o de recifes de corais. N\u00e3o apenas as Na\u00e7\u00f5es Unidas, como organiza\u00e7\u00f5es n\u00e3o governamentais, entidades estatais, debru\u00e7aram-se na busca de solu\u00e7\u00f5es para o grave problema da preserva\u00e7\u00e3o do planeta Terra.<br \/>\nOs temas s\u00e3o realmente preocupantes, por serem umbilicalmente ligados \u00e0s necessidades fundamentais do ser humano. Estima-se que os habitantes da povoada regi\u00e3o do Ruhr, na Alemanha, estejam ingerindo uma mesma \u00e1gua v\u00e1rias vezes recicladas. Verdade ou n\u00e3o, sabe-se que o pre\u00e7o desse precioso l\u00edquido, no continente europeu, tem surpreendido os turistas do mundo inteiro.<br \/>\nAs anomalias clim\u00e1ticas recentemente observadas na Austr\u00e1lia, uma grande regi\u00e3o foi fustigada por um clima seco e da alta temperatura, que elevaram um grande inc\u00eandio, provocando enormes danos materiais, trazendo um potencial perigo \u00e0 integridade f\u00edsica da popula\u00e7\u00e3o, matando pessoas e milh\u00f5es de animais. Isso deixa uma enorme perda para o meio ambiente do mundo inteiro.<br \/>\nNo \u00e2mbito dos pa\u00edses americanos, o Brasil, que foi sede do hist\u00f3rico encontro conhecido como ECO-92. Mas, faz diferente, ainda desponta como um dos principais agressores da fauna e da flora, a exemplo, as queimadas da Amaz\u00f4nia. O problema vem se agravando ao longo das \u00faltimas d\u00e9cadas, reside nas consequ\u00eancias danosas \u00e0 pr\u00f3pria qualidade de vida brasileira e da popula\u00e7\u00e3o do mundo inteiro.<br \/>\nEnquanto isso de um lado est\u00e1 aqueles, que se manifestam piedosos e defensores do Meio Ambiente se escandalizam com o aquecimento global causado pelo efeito estufa e se comovem com a ca\u00e7a \u00e0s baleias ou com os pandos que morreram no terremoto na China, mas n\u00e3o se preocupam com o imp\u00e9rio do consumo das sacolinhas de pl\u00e1sticos, para serem jogadas nos rios, para n\u00e3o falar dos sempre poluidores celulares que somos bombardeados pelas operadoras para trocar de aparelhos a cada seis meses. E d\u00e1-lhe quinquilharia no lixo, sem sua destina\u00e7\u00e3o correta.<br \/>\nComo se sabe, frente as grandes quantidades de res\u00edduos jogados nos rios, os ambientalistas do mundo todo discutem, hoje, formas para reduzir os agentes poluidores em todos os n\u00edveis, estando no topo da listagem \u00e0 destina\u00e7\u00e3o do lixo produzido.<br \/>\nSegundo, o ambientalista Marcos Aur\u00e9lio, presidente da ONG Liberta, n\u00e3o existe um sistema pol\u00edtico que incorpore a ecologia em suas politicas p\u00fablicas. Ainda existe uma grande relut\u00e2ncia em aceitar o Meio Ambiente como um dos valores postos \u00e0 disposi\u00e7\u00e3o dos seres vivos.<br \/>\nIsso vem afirmar, que a mentalidade de um sujeito que joga o lixo eletr\u00f4nico \u00e9 a mesma daquele que se recusa ao uso do cinto de seguran\u00e7a na dire\u00e7\u00e3o do seu ve\u00edculo. Ambos n\u00e3o t\u00eam, na sua consci\u00eancia, o segmento do valor a vida. Isso explica, porque as contamina\u00e7\u00f5es fluviais s\u00e3o vis\u00edveis.<br \/>\nIsso faz parte de muitos centros urbanos do mundo. No Brasil o curso do alto rio Tiet\u00ea, por exemplo, na regi\u00e3o metropolitana de S\u00e3o Paulo, anos a fio objeto de intensa polui\u00e7\u00e3o, demandar\u00e1 centenas de milh\u00f5es de d\u00f3lares, simplesmente para restringir as \u00e1guas ao seu estado natural. Esse problema tem causado grandes transtornos \u00e0 popula\u00e7\u00e3o ribeirinha do Rio Amarelo, dos Orientais, na China. O mesmo a acontece nas pequenas cidades do Nordeste, que inclui, tamb\u00e9m, as agress\u00f5es ambientais nos Rios Acara\u00fa, em Sobral, no Cear\u00e1 e a pior delas, a morte silenciosa do Rio Anil, em S\u00e3o Lu\u00eds, no Maranh\u00e3o. E o pior, os disp\u00eandios para as recupera\u00e7\u00f5es recaem nos cofres p\u00fablicos. S\u00f3 para citar algumas viola\u00e7\u00f5es ambientais, entre milhares espalhadas pelo mundo e no Brasil.<br \/>\nSem embargo de exaltadas e muitas vezes violentas manifesta\u00e7\u00f5es de grupos pr\u00f3 ecol\u00f3gicos na Polin\u00e9sia Francesa, n\u00e3o questiona, o modelo do discurso ecol\u00f3gico, que nasceu nos Estados Unidos, numa matriz capitalista, que substituiu o primeiro carro el\u00e9trico por carro a gasolina, e mais grave, num momento em que as tribos ind\u00edgenas nativas eram sistematicamente massacradas. S\u00f3 pra lembrar um pouco do come\u00e7o do caminho, para onde estamos caminhando.<br \/>\nSem preju\u00edzos da gravidade de tais fatos, os especialistas ambientais, dizem que, hoje, o Brasil tem uma das legisla\u00e7\u00f5es mais avan\u00e7adas do planeta, que afirmam as diretrizes a serem seguidas no tocante \u00e0 preserva\u00e7\u00e3o do Meio Ambiente. Mas o pr\u00f3prio Estado d\u00e1 mostras de aparente desinteresse, n\u00e3o se sente estimulado \u00e0 pr\u00e1tica conservacionista. Por exemplo, segundo os ambientalistas, no Pantanal Sul, o Rio Taquari, tem uma extens\u00e3o de centenas de quil\u00f4metros, \u00e9 patrulhado, apenas, por um efetivo de quatro homens, num pequeno barco.<br \/>\nNa verdade, existem outros fatores que causam problemas ambientais. Novamente \u00e9 o ambientalista Marcos Aur\u00e9lio quem comenta. \u201cOs fatores que determinam a manuten\u00e7\u00e3o do quadro ambiental atual, al\u00e9m, da falta de uma educa\u00e7\u00e3o ambiental; faltam os compromissos do legislativo e do executivo, em prol de uma pol\u00edtica p\u00fablica ambientalista, para exercer uma efetiva e constante fiscaliza\u00e7\u00e3o; e apatia dos poderes p\u00fablicos na ado\u00e7\u00e3o dos rem\u00e9dios judici\u00e1rios dispon\u00edveis e, principalmente, as impot\u00eancias dos prefeitos\u201d.<br \/>\nUrge a doa\u00e7\u00e3o de medidas en\u00e9rgicas no trato como ecologia. \u00c9 fun\u00e7\u00e3o do poder p\u00fablico incluindo em suas prioridades a educa\u00e7\u00e3o ambiental, como disciplina obrigat\u00f3ria, a exemplo do que se pretende com a educa\u00e7\u00e3o no transito. \u00c9 o que faz o ambientalista maranhense Marco Aur\u00e9lio, no seu humilde e ousado projeto: \u201cPrantando Sementes\u201d, em parceria com as escolas, a igreja e associa\u00e7\u00f5es, que coletam \u00f3leo de cozinha saturado, para fabrica\u00e7\u00e3o de sab\u00e3o. Uma forma de ajudar um dos problemas mais complexos ambientais do nosso Pa\u00eds.<br \/>\nNesse modo de ser otimista como o ambientalista maranhense, Marco Aur\u00e9lio, \u00e9 de se indagar, de outro modo, porque a crise ecol\u00f3gica, n\u00e3o foi ainda contida, ou mesmo atenuada de forma satisfat\u00f3ria, no Brasil e nos pa\u00edses ricos? O que \u00e9 que deu na humanidade? Ser\u00e1 que os ambientalistas s\u00e3o mentirosos? Ser\u00e1 que os poderes p\u00fablicos atuais, deste planeta, s\u00e3o os mais pilantras da hist\u00f3ria. Afinal, o que est\u00e3o fazendo os que assinaram pap\u00e9is, em defesa do Meio Ambiente. Mas o alerta sobre novas ocorr\u00eancias ecol\u00f3gicas no mundo j\u00e1 foi dado h\u00e1 muito tempo. E agora?<\/p>\n<p>Jornalista, Historiador e Cr\u00edtico Liter\u00e1rio.<\/p>\n","protected":false},"excerpt":{"rendered":"<p>Constituiu-se uma preocupa\u00e7\u00e3o com a crise ambiental de n\u00edvel mundial. Ou seja, a degrada\u00e7\u00e3o do&#8230;<\/p>\n","protected":false},"author":1,"featured_media":10416,"comment_status":"open","ping_status":"open","sticky":false,"template":"","format":"standard","meta":{"_jetpack_memberships_contains_paid_content":false,"footnotes":"","jetpack_publicize_message":"","jetpack_publicize_feature_enabled":true,"jetpack_social_post_already_shared":true,"jetpack_social_options":{"image_generator_settings":{"template":"highway","default_image_id":0,"font":"","enabled":false},"version":2}},"categories":[11,16],"tags":[],"class_list":["post-10415","post","type-post","status-publish","format-standard","has-post-thumbnail","hentry","category-artigos","category-eudes-de-sousa"],"jetpack_publicize_connections":[],"jetpack_featured_media_url":"https:\/\/correiodasemana.com\/site\/wp-content\/uploads\/2020\/01\/definicao-de-crise-ambiental-1.jpg","jetpack-related-posts":[{"id":8393,"url":"https:\/\/correiodasemana.com\/site\/crise-ambiental-e-refugiados-proporcionam-reflexao-no-i-seminario-questoes-do-contemporaneo-realizado-em-sobral\/","url_meta":{"origin":10415,"position":0},"title":"Crise ambiental e refugiados proporcionam reflex\u00e3o no \u2018I Semin\u00e1rio Quest\u00f5es do Contempor\u00e2neo\u2019 realizado em Sobral","author":"","date":"Julho 22, 2019","format":false,"excerpt":"Evento aconteceu no \u2018Audit\u00f3rio Central\u2019 da Universidade Estadual Vale do Acara\u00fa Nunca se percebeu tanto a resposta da natureza \u00e0s a\u00e7\u00f5es destruidoras do homem em seu meio. Com o objetivo de refletir sobre temas mundiais contempor\u00e2neos, os grupos de estudos \u2018GEDES\u2019 e \u2018GEPEDE\u2019, da Universidade Estadual Vale do Acara\u00fa (UVA),\u2026","rel":"","context":"In &quot;Atualidade&quot;","block_context":{"text":"Atualidade","link":"https:\/\/correiodasemana.com\/site\/category\/atualidade\/"},"img":{"alt_text":"","src":"https:\/\/i0.wp.com\/correiodasemana.com\/site\/wp-content\/uploads\/2019\/07\/IMG-20190718-WA00072.png?resize=350%2C200&ssl=1","width":350,"height":200,"srcset":"https:\/\/i0.wp.com\/correiodasemana.com\/site\/wp-content\/uploads\/2019\/07\/IMG-20190718-WA00072.png?resize=350%2C200&ssl=1 1x, https:\/\/i0.wp.com\/correiodasemana.com\/site\/wp-content\/uploads\/2019\/07\/IMG-20190718-WA00072.png?resize=525%2C300&ssl=1 1.5x, https:\/\/i0.wp.com\/correiodasemana.com\/site\/wp-content\/uploads\/2019\/07\/IMG-20190718-WA00072.png?resize=700%2C400&ssl=1 2x"},"classes":[]},{"id":32777,"url":"https:\/\/correiodasemana.com\/site\/fraternidade-e-ecologia-integral\/","url_meta":{"origin":10415,"position":1},"title":"Fraternidade e Ecologia Integral","author":"adminredacao","date":"Mar\u00e7o 10, 2025","format":false,"excerpt":"Iniciando este tempo de prepara\u00e7\u00e3o para a P\u00e1scoa do Senhor, a Igreja no Brasil busca enriquecer a espiritualidade quaresmal atrav\u00e9s da celebra\u00e7\u00e3o da Campanha da Fraternidade (CF). Bem sabemos que este tempo lit\u00fargico deve manifestar a decis\u00e3o de cada crist\u00e3o de viver integralmente a proposta do Reino de Deus. Assim,\u2026","rel":"","context":"In &quot;Artigos&quot;","block_context":{"text":"Artigos","link":"https:\/\/correiodasemana.com\/site\/category\/artigos\/"},"img":{"alt_text":"","src":"https:\/\/i0.wp.com\/correiodasemana.com\/site\/wp-content\/uploads\/2019\/07\/editorial-cs.jpg?resize=350%2C200&ssl=1","width":350,"height":200,"srcset":"https:\/\/i0.wp.com\/correiodasemana.com\/site\/wp-content\/uploads\/2019\/07\/editorial-cs.jpg?resize=350%2C200&ssl=1 1x, https:\/\/i0.wp.com\/correiodasemana.com\/site\/wp-content\/uploads\/2019\/07\/editorial-cs.jpg?resize=525%2C300&ssl=1 1.5x"},"classes":[]},{"id":33995,"url":"https:\/\/correiodasemana.com\/site\/dez-anos-da-enciclica-laudato-si\/","url_meta":{"origin":10415,"position":2},"title":"Dez anos da Enc\u00edclica Laudato Si\u2019","author":"adminredacao","date":"Junho 3, 2025","format":false,"excerpt":"Neste s\u00e1bado (24), comemoram-se os dez anos da publica\u00e7\u00e3o da Carta Enc\u00edclica Laudato Si\u2019(LS) \u2013 Sobre o cuidado da casa comum. A carta foi publicada pelo Papa Francisco no dia 24 de maio de 2015 e representa um grande marco do pontificado do Papa Francisco e de toda a Igreja,\u2026","rel":"","context":"In &quot;Artigos&quot;","block_context":{"text":"Artigos","link":"https:\/\/correiodasemana.com\/site\/category\/artigos\/"},"img":{"alt_text":"","src":"https:\/\/i0.wp.com\/correiodasemana.com\/site\/wp-content\/uploads\/2018\/02\/editorial-cs.jpg?resize=350%2C200&ssl=1","width":350,"height":200,"srcset":"https:\/\/i0.wp.com\/correiodasemana.com\/site\/wp-content\/uploads\/2018\/02\/editorial-cs.jpg?resize=350%2C200&ssl=1 1x, https:\/\/i0.wp.com\/correiodasemana.com\/site\/wp-content\/uploads\/2018\/02\/editorial-cs.jpg?resize=525%2C300&ssl=1 1.5x"},"classes":[]},{"id":17444,"url":"https:\/\/correiodasemana.com\/site\/francisco-e-a-ecologia-integral\/","url_meta":{"origin":10415,"position":3},"title":"Francisco e a ecologia integral","author":"","date":"Setembro 6, 2021","format":false,"excerpt":"\u201cO urgente desafio de proteger a nossa casa comum inclui a preocupa\u00e7\u00e3o de unir toda a fam\u00edlia humana na busca de um desenvolvimento sustent\u00e1vel e integral\u201d (Laudato Si 13). \u00c9 dessa forma que o Papa Francisco faz um apelo aos crist\u00e3os, juntamente com todas as pessoas de boa vontade, a\u2026","rel":"","context":"In &quot;Artigos&quot;","block_context":{"text":"Artigos","link":"https:\/\/correiodasemana.com\/site\/category\/artigos\/"},"img":{"alt_text":"","src":"https:\/\/i0.wp.com\/correiodasemana.com\/site\/wp-content\/uploads\/2018\/02\/editorial-cs.jpg?resize=350%2C200&ssl=1","width":350,"height":200,"srcset":"https:\/\/i0.wp.com\/correiodasemana.com\/site\/wp-content\/uploads\/2018\/02\/editorial-cs.jpg?resize=350%2C200&ssl=1 1x, https:\/\/i0.wp.com\/correiodasemana.com\/site\/wp-content\/uploads\/2018\/02\/editorial-cs.jpg?resize=525%2C300&ssl=1 1.5x"},"classes":[]},{"id":29717,"url":"https:\/\/correiodasemana.com\/site\/francisco-e-a-ecologia-integral-3\/","url_meta":{"origin":10415,"position":4},"title":"Francisco e a ecologia integral","author":"adminredacao","date":"Junho 24, 2024","format":false,"excerpt":"\u201cO urgente desafio de proteger a nossa casa comum inclui a preocupa\u00e7\u00e3o de unir toda a fam\u00edlia humana na busca de um desenvolvimento sustent\u00e1vel e integral\u201d (Laudato Si 13). \u00c9 dessa forma que o Papa Francisco faz um apelo aos crist\u00e3os, juntamente com todas as pessoas de boa vontade, a\u2026","rel":"","context":"In &quot;Editorial&quot;","block_context":{"text":"Editorial","link":"https:\/\/correiodasemana.com\/site\/category\/editorial\/"},"img":{"alt_text":"","src":"https:\/\/i0.wp.com\/correiodasemana.com\/site\/wp-content\/uploads\/2019\/07\/editorial-cs.jpg?resize=350%2C200&ssl=1","width":350,"height":200,"srcset":"https:\/\/i0.wp.com\/correiodasemana.com\/site\/wp-content\/uploads\/2019\/07\/editorial-cs.jpg?resize=350%2C200&ssl=1 1x, https:\/\/i0.wp.com\/correiodasemana.com\/site\/wp-content\/uploads\/2019\/07\/editorial-cs.jpg?resize=525%2C300&ssl=1 1.5x"},"classes":[]},{"id":25341,"url":"https:\/\/correiodasemana.com\/site\/francisco-e-a-ecologia-integral-2\/","url_meta":{"origin":10415,"position":5},"title":"Francisco e a ecologia integral","author":"adminredacao","date":"Junho 26, 2023","format":false,"excerpt":"\u201cO urgente desafio de proteger a nossa casa comum inclui a preocupa\u00e7\u00e3o de unir toda a fam\u00edlia humana na busca de um desenvolvimento sustent\u00e1vel e integral\u201d (Laudato Si 13). \u00c9 dessa forma que o Papa Francisco faz um apelo aos crist\u00e3os, juntamente com todas as pessoas de boa vontade, a\u2026","rel":"","context":"In &quot;Atualidade&quot;","block_context":{"text":"Atualidade","link":"https:\/\/correiodasemana.com\/site\/category\/atualidade\/"},"img":{"alt_text":"","src":"https:\/\/i0.wp.com\/correiodasemana.com\/site\/wp-content\/uploads\/2019\/07\/editorial-cs.jpg?resize=350%2C200&ssl=1","width":350,"height":200,"srcset":"https:\/\/i0.wp.com\/correiodasemana.com\/site\/wp-content\/uploads\/2019\/07\/editorial-cs.jpg?resize=350%2C200&ssl=1 1x, https:\/\/i0.wp.com\/correiodasemana.com\/site\/wp-content\/uploads\/2019\/07\/editorial-cs.jpg?resize=525%2C300&ssl=1 1.5x"},"classes":[]}],"jetpack_sharing_enabled":true,"_links":{"self":[{"href":"https:\/\/correiodasemana.com\/site\/wp-json\/wp\/v2\/posts\/10415","targetHints":{"allow":["GET"]}}],"collection":[{"href":"https:\/\/correiodasemana.com\/site\/wp-json\/wp\/v2\/posts"}],"about":[{"href":"https:\/\/correiodasemana.com\/site\/wp-json\/wp\/v2\/types\/post"}],"author":[{"embeddable":true,"href":"https:\/\/correiodasemana.com\/site\/wp-json\/wp\/v2\/users\/1"}],"replies":[{"embeddable":true,"href":"https:\/\/correiodasemana.com\/site\/wp-json\/wp\/v2\/comments?post=10415"}],"version-history":[{"count":1,"href":"https:\/\/correiodasemana.com\/site\/wp-json\/wp\/v2\/posts\/10415\/revisions"}],"predecessor-version":[{"id":10417,"href":"https:\/\/correiodasemana.com\/site\/wp-json\/wp\/v2\/posts\/10415\/revisions\/10417"}],"wp:featuredmedia":[{"embeddable":true,"href":"https:\/\/correiodasemana.com\/site\/wp-json\/wp\/v2\/media\/10416"}],"wp:attachment":[{"href":"https:\/\/correiodasemana.com\/site\/wp-json\/wp\/v2\/media?parent=10415"}],"wp:term":[{"taxonomy":"category","embeddable":true,"href":"https:\/\/correiodasemana.com\/site\/wp-json\/wp\/v2\/categories?post=10415"},{"taxonomy":"post_tag","embeddable":true,"href":"https:\/\/correiodasemana.com\/site\/wp-json\/wp\/v2\/tags?post=10415"}],"curies":[{"name":"wp","href":"https:\/\/api.w.org\/{rel}","templated":true}]}}