{"id":10421,"date":"2020-01-13T00:54:59","date_gmt":"2020-01-13T00:54:59","guid":{"rendered":"https:\/\/correiodasemana.com\/site\/?p=10421"},"modified":"2020-01-13T00:54:59","modified_gmt":"2020-01-13T00:54:59","slug":"politica-em-evidencia-18","status":"publish","type":"post","link":"https:\/\/correiodasemana.com\/site\/politica-em-evidencia-18\/","title":{"rendered":"Pol\u00edtica em Evid\u00eancia"},"content":{"rendered":"<p>Presidente da C\u00e2mara de Sobral, Carlos do Calisto, comandou no plen\u00e1rio 5 de Julho a posse da Nova Mesa Diretora Mirim, para mais um mandato. De acordo com o presidente, as crian\u00e7as ao tomarem mais cedo o conhecimento de como funciona o parlamento, vai dar a elas a no\u00e7\u00e3o clara da pol\u00edtica, al\u00e9m deles poderem apresentar novas ideias aos vereadores e a popula\u00e7\u00e3o sobralense.<br \/>\nDeputado federal, Le\u00f4nidas Cristino, participou ao lado governador Camilo Santana e do prefeito Nen\u00e9m do Causa, da inaugura\u00e7\u00e3o da estrada asfaltada Ce-189, ligando Ipueiras-S\u00e3o Jos\u00e9- Balseiro-Livramento e Ararend\u00e1. Com a estrada beleza pura, os mun\u00edcipes poder\u00e3o circular com tranquilidade e mais seguran\u00e7a.<br \/>\nPara quem acha que o prefeito de Meruoca, Fonteles, est\u00e1 dormindo sobre a carne fresca ou descansando em uma rede, est\u00e1 quebrando a cara. O gestor al\u00e9m de trabalhar pelos interesses da coletividade vem realizando tamb\u00e9m a parte pol\u00edtica, j\u00e1 que ele vai concorrer \u00e0 reelei\u00e7\u00e3o em 2020.No final de semana, o vereador Thiago Marques, da base pol\u00edtica de Fonteles, divulgou mais um apoio fechado, desta feita com Toinho da Palestina e fam\u00edlia, que j\u00e1 foi candidato a vereador em outras elei\u00e7\u00f5es, e que estava na oposi\u00e7\u00e3o. Toinho \u00e9 muito conhecido no Distrito de Palestina do Norte, e tem largo servi\u00e7os prestados \u00e0 comunidade, sendo mais um refor\u00e7o a base pol\u00edtica do prefeito de Meruoca Fonteles.<\/p>\n<p>Presidente da C\u00e2mara de Camocim, C\u00e9sar Veras (PDT), recebeu no m\u00eas de novembro de 2019, da Loja Simb\u00f3lica Deus e Camocim, em Sess\u00e3o Magna P\u00fablica, Diploma de Agradecimento, pela relevante contribui\u00e7\u00e3o e participa\u00e7\u00e3o nas comemora\u00e7\u00f5es alusivas ao lan\u00e7amento do centen\u00e1rio da Loja Ma\u00e7\u00f4nica. Usando as redes sociais, C\u00e9sar Veras registrou: \u201c Tivemos a grande satisfa\u00e7\u00e3o de ser agraciado com o Diploma de Agradecimento, por parte da Loja Simb\u00f3lica Deus de Camocim, nas comemora\u00e7\u00f5es alusivas do lan\u00e7amento de seu Centen\u00e1rio \u201c.<br \/>\nA pol\u00edtica de Educa\u00e7\u00e3o de Sobral foi mais uma vez destacada em \u00e2mbito internacional.O site da Organiza\u00e7\u00e3o das Na\u00e7\u00f5es Unidas (ONU), \u00f3rg\u00e3o que congrega mais de 190 pa\u00edses em todo o mundo, publicou entrevista com o prefeito Ivo Gomes.\u00a0 Na entrevista, o prefeito lembrou que o processo de mudan\u00e7a come\u00e7ou 22 anos atr\u00e1s.\u00a0\u201cDesde 1997, a educa\u00e7\u00e3o tem sido nosso principal patrim\u00f4nio. Decidimos que todas as crian\u00e7as do munic\u00edpio teriam acesso \u00e0 educa\u00e7\u00e3o, pois \u00e0 \u00e9poca 30% de crian\u00e7as e adolescentes n\u00e3o tinham acesso ao sistema escolar\u201d,\u00a0disse.<\/p>\n<p>No m\u00eas de novembro de 2019, os vereadores da C\u00e2mara Municipal de Meruoca, em Sess\u00e3o Solene, entregaram no Plen\u00e1rio Osvaldo Soares de Oliveira, o T\u00edtulo de Cidad\u00e3o de Meruoca para v\u00e1rios cidad\u00e3os e cidad\u00e3s. Dentre os agraciados, o Padre F\u00e1bio Soares de Oliveira, pelos relevantes servi\u00e7os prestados aos mun\u00edcipes.\u00a0\u00a0A propositura foi entregue pelo presidente do legislativo, Mardonio Cavalcante.<\/p>\n<p>A secretaria de Educa\u00e7\u00e3o de Massap\u00ea, chamando a aten\u00e7\u00e3o dos universit\u00e1rios cadastrados, e dos que ainda n\u00e3o tem cadastro, para comparecerem \u00e0\u00a0sede da Secretaria de Educa\u00e7\u00e3o, situada na Rua Major Jos\u00e9 Paulino, Centro, pr\u00f3ximo \u00e0 Pra\u00e7a Dermeval Carneiro, e garantirem sua carteira para o uso do transporte universit\u00e1rio.Para os estudantes veteranos, que j\u00e1 possuem o benef\u00edcio, a renova\u00e7\u00e3o requer apenas a declara\u00e7\u00e3o de rematr\u00edcula emitida pela institui\u00e7\u00e3o e uma foto 3&#215;4.\u00a0J\u00e1 para os estudantes novatos, o cadastro ser\u00e1 preciso:Duas fotos 3&#215;4;Xerox do comprovante de resid\u00eancia; Xerox do RG e CPF e Declara\u00e7\u00e3o (matr\u00edcula) da institui\u00e7\u00e3o.<\/p>\n<p>O prefeito de Alc\u00e2ntaras, Joaquim do Quinca, vem acompanhando de perto a pavimenta\u00e7\u00e3o em pedra tosca que est\u00e1 sendo implantada no Distrito de Santa B\u00e1rbara.Usando as m\u00eddias sociais, o prefeito Joaquinzim escreveu: \u201cEstive visitando as obras de pavimenta\u00e7\u00e3o em Pedra Tosca do Distrito de Santa B\u00e1rbara. A obra foi uma parceria com o Governo do Estado que custeou 1.600 m\u00b2 e a prefeitura, com recursos pr\u00f3prios, pavimentou 240 m\u00b2. Mais uma obra que beneficiar\u00e1 os moradores da Santa B\u00e1rbara\u201d.<br \/>\nOs vereadores Cris\u00f3stomo Barroso Ibiapina (Zez\u00e3o ) e SGT. Ailton, devem come\u00e7ar a organizar o PSC em Sobral, Para as elei\u00e7\u00f5es de 2020, principalmente na disputa proporcional.De acordo com informa\u00e7\u00f5es que circulam nas redes sociais, os dois edis estariam dispostos a se filiarem no PSC, assim que a janela se abrir. Informa\u00e7\u00f5es colhidas pelo \u201cPol\u00edtica em Evid\u00eancia\u201d, d\u00e3o conta que o PSC j\u00e1 teria come\u00e7ado a receber as primeiras filia\u00e7\u00f5es.<br \/>\nA prefeita de Camocim, Monica, o vice-prefeito, Chiquinho do Peixe, deputado estadual, S\u00e9rgio Aguiar e o presidente da Liga Desportiva de Camocim, Assis Alves, abriram oficialmente o campeonato Camocinense da Primeira Divis\u00e3o de Futebol, no est\u00e1dio Fernando Tr\u00e9via.A competi\u00e7\u00e3o leva o apoio total da Prefeitura de Camocim, atrav\u00e9s da secretaria de Esporte e juventude, deputado estadual, S\u00e9rgio Aguiar, sendo uma realiza\u00e7\u00e3o da Liga Desportiva de Camocim (LDC).<br \/>\nDica do colunista Marcelo Marques. Leia mais em www.politicaemevidencia.com.br<\/p>\n","protected":false},"excerpt":{"rendered":"<p>Presidente da C\u00e2mara de Sobral, Carlos do Calisto, comandou no plen\u00e1rio 5 de Julho a&#8230;<\/p>\n","protected":false},"author":1,"featured_media":8594,"comment_status":"open","ping_status":"open","sticky":false,"template":"","format":"standard","meta":{"_jetpack_memberships_contains_paid_content":false,"footnotes":"","jetpack_publicize_message":"","jetpack_publicize_feature_enabled":true,"jetpack_social_post_already_shared":true,"jetpack_social_options":{"image_generator_settings":{"template":"highway","default_image_id":0,"font":"","enabled":false},"version":2}},"categories":[11,48],"tags":[],"class_list":["post-10421","post","type-post","status-publish","format-standard","has-post-thumbnail","hentry","category-artigos","category-politica-em-evidencia"],"jetpack_publicize_connections":[],"jetpack_featured_media_url":"https:\/\/correiodasemana.com\/site\/wp-content\/uploads\/2019\/08\/urna_lecr-e1447217261594.jpg","jetpack-related-posts":[{"id":8509,"url":"https:\/\/correiodasemana.com\/site\/politica-em-evidencia-3\/","url_meta":{"origin":10421,"position":0},"title":"Pol\u00edtica em Evid\u00eancia","author":"","date":"Julho 30, 2019","format":false,"excerpt":"O prefeito de Sobral, Ivo Gomes e o Secretaria da Infraestrutura (Seinf), David Bastos, inaugurarama nova Pra\u00e7a Bento Francisco de Sousa, na localidade de Santana, Serra do Ros\u00e1rio (distrito de Jord\u00e3o). A pra\u00e7a recebeu investimento superior a R$ 60 mil, do Tesouro Municipal. Outra pracinha entregue por Ivo e Davi\u2026","rel":"","context":"In &quot;Artigos&quot;","block_context":{"text":"Artigos","link":"https:\/\/correiodasemana.com\/site\/category\/artigos\/"},"img":{"alt_text":"","src":"https:\/\/i0.wp.com\/correiodasemana.com\/site\/wp-content\/uploads\/2019\/07\/23600_2_EL.jpg?resize=350%2C200&ssl=1","width":350,"height":200,"srcset":"https:\/\/i0.wp.com\/correiodasemana.com\/site\/wp-content\/uploads\/2019\/07\/23600_2_EL.jpg?resize=350%2C200&ssl=1 1x, https:\/\/i0.wp.com\/correiodasemana.com\/site\/wp-content\/uploads\/2019\/07\/23600_2_EL.jpg?resize=525%2C300&ssl=1 1.5x, https:\/\/i0.wp.com\/correiodasemana.com\/site\/wp-content\/uploads\/2019\/07\/23600_2_EL.jpg?resize=700%2C400&ssl=1 2x"},"classes":[]},{"id":16547,"url":"https:\/\/correiodasemana.com\/site\/politica-em-evidencia-63\/","url_meta":{"origin":10421,"position":1},"title":"Pol\u00edtica em Evid\u00eancia","author":"","date":"Maio 24, 2021","format":false,"excerpt":"O prefeito de sobral, Ivo Gomes, ao lado da Vice-Prefeita, Christianne Coelho, Vice-Governadora, Izolda Cela e de outras autoridades, como\u00a0da Secret\u00e1ria de Educa\u00e7\u00e3o do Estado Eliana Estrela, do Secret\u00e1rio de Educa\u00e7\u00e3o Herbert Lima, da Diretora On\u00e1ria Leit\u00e3o e do Deputado Le\u00f4nidas Cristino,\u00a0inaugurou\u00a0o Centro de Educa\u00e7\u00e3o Infantil-CEI, Darcy Ribeiro, que vai\u2026","rel":"","context":"In &quot;Pol\u00edtica em Evid\u00eancia&quot;","block_context":{"text":"Pol\u00edtica em Evid\u00eancia","link":"https:\/\/correiodasemana.com\/site\/category\/politica-em-evidencia\/"},"img":{"alt_text":"","src":"","width":0,"height":0},"classes":[]},{"id":17074,"url":"https:\/\/correiodasemana.com\/site\/politica-em-evidencia-71\/","url_meta":{"origin":10421,"position":2},"title":"Pol\u00edtica em Evid\u00eancia","author":"","date":"Julho 27, 2021","format":false,"excerpt":"Prefeito de Sobral\u00a0 Ivo Gomes esteve se reunindo de forma virtual com a Vice-governadora do Cear\u00e1,\u00a0 Isolda Cela, e Socorro Fran\u00e7a, Secret\u00e1ria de Prote\u00e7\u00e3o Social, e os demais participantes do Cear\u00e1 Pac\u00edfico, para acertar os \u00faltimos detalhes sobre um novo Projeto voltado para a juventude em vulnerabilidade social, que vai\u2026","rel":"","context":"In &quot;Artigos&quot;","block_context":{"text":"Artigos","link":"https:\/\/correiodasemana.com\/site\/category\/artigos\/"},"img":{"alt_text":"","src":"","width":0,"height":0},"classes":[]},{"id":18818,"url":"https:\/\/correiodasemana.com\/site\/politica-em-evidencia-95\/","url_meta":{"origin":10421,"position":3},"title":"Pol\u00edtica em Evid\u00eancia","author":"","date":"Fevereiro 7, 2022","format":false,"excerpt":"Prefeito de Sobral, Ivo Gomes, depois de se ausentar de Sobral para se submeter a uma cirurgia em seu olho em Fortaleza, anunciou que v\u00e1rias obras de sua administra\u00e7\u00e3o ser\u00e3o entregues neste primeiro semestre de 2022. Presidente da C\u00e2mara de Sobral, Paulo Albuquerque (Paul\u00e3o), informando a coluna que o prefeito\u2026","rel":"","context":"In &quot;Artigos&quot;","block_context":{"text":"Artigos","link":"https:\/\/correiodasemana.com\/site\/category\/artigos\/"},"img":{"alt_text":"","src":"","width":0,"height":0},"classes":[]},{"id":9896,"url":"https:\/\/correiodasemana.com\/site\/politica-em-evidencia-14\/","url_meta":{"origin":10421,"position":4},"title":"Pol\u00edtica em Evid\u00eancia","author":"","date":"Novembro 18, 2019","format":false,"excerpt":"Prefeito Ivo Gomes entregou ao lado do governador Camilo Santana, na noite do domingo (11\/2) em Sobral, a Urbaniza\u00e7\u00e3o do Parque Paje\u00fa, uma Areninha e uma segunda Pra\u00e7a P\u00fablica. Constru\u00eddo com recursos do Tesouro Estadual e Municipal, o equipamento de 51 mil m\u00b2 recebeu investimento superior a R$ 5 milh\u00f5es.\u2026","rel":"","context":"In &quot;Artigos&quot;","block_context":{"text":"Artigos","link":"https:\/\/correiodasemana.com\/site\/category\/artigos\/"},"img":{"alt_text":"","src":"https:\/\/i0.wp.com\/correiodasemana.com\/site\/wp-content\/uploads\/2019\/08\/urna_lecr-e1447217261594.jpg?resize=350%2C200&ssl=1","width":350,"height":200,"srcset":"https:\/\/i0.wp.com\/correiodasemana.com\/site\/wp-content\/uploads\/2019\/08\/urna_lecr-e1447217261594.jpg?resize=350%2C200&ssl=1 1x, https:\/\/i0.wp.com\/correiodasemana.com\/site\/wp-content\/uploads\/2019\/08\/urna_lecr-e1447217261594.jpg?resize=525%2C300&ssl=1 1.5x, https:\/\/i0.wp.com\/correiodasemana.com\/site\/wp-content\/uploads\/2019\/08\/urna_lecr-e1447217261594.jpg?resize=700%2C400&ssl=1 2x, https:\/\/i0.wp.com\/correiodasemana.com\/site\/wp-content\/uploads\/2019\/08\/urna_lecr-e1447217261594.jpg?resize=1050%2C600&ssl=1 3x, https:\/\/i0.wp.com\/correiodasemana.com\/site\/wp-content\/uploads\/2019\/08\/urna_lecr-e1447217261594.jpg?resize=1400%2C800&ssl=1 4x"},"classes":[]},{"id":17885,"url":"https:\/\/correiodasemana.com\/site\/politica-em-evidencia-83\/","url_meta":{"origin":10421,"position":5},"title":"Pol\u00edtica em Evid\u00eancia","author":"","date":"Outubro 31, 2021","format":false,"excerpt":"O cantor Belchior, completaria no dia 26 de outubro, 75 anos de muita inspira\u00e7\u00e3o, levando ao p\u00fablico\u00a0muita poesia.\u00a0\u00a0Para celebrar a data, a Secretaria da Cultura e Turismo realizou no P\u00e1tio do Theatro S\u00e3o Jo\u00e3o, homenagens ao sobralense Belchior, quando houve muitas apresenta\u00e7\u00f5es musicais de artistas sobralenses realizando tributo ao cantor\u2026","rel":"","context":"In &quot;Artigos&quot;","block_context":{"text":"Artigos","link":"https:\/\/correiodasemana.com\/site\/category\/artigos\/"},"img":{"alt_text":"","src":"","width":0,"height":0},"classes":[]}],"jetpack_sharing_enabled":true,"_links":{"self":[{"href":"https:\/\/correiodasemana.com\/site\/wp-json\/wp\/v2\/posts\/10421","targetHints":{"allow":["GET"]}}],"collection":[{"href":"https:\/\/correiodasemana.com\/site\/wp-json\/wp\/v2\/posts"}],"about":[{"href":"https:\/\/correiodasemana.com\/site\/wp-json\/wp\/v2\/types\/post"}],"author":[{"embeddable":true,"href":"https:\/\/correiodasemana.com\/site\/wp-json\/wp\/v2\/users\/1"}],"replies":[{"embeddable":true,"href":"https:\/\/correiodasemana.com\/site\/wp-json\/wp\/v2\/comments?post=10421"}],"version-history":[{"count":1,"href":"https:\/\/correiodasemana.com\/site\/wp-json\/wp\/v2\/posts\/10421\/revisions"}],"predecessor-version":[{"id":10422,"href":"https:\/\/correiodasemana.com\/site\/wp-json\/wp\/v2\/posts\/10421\/revisions\/10422"}],"wp:featuredmedia":[{"embeddable":true,"href":"https:\/\/correiodasemana.com\/site\/wp-json\/wp\/v2\/media\/8594"}],"wp:attachment":[{"href":"https:\/\/correiodasemana.com\/site\/wp-json\/wp\/v2\/media?parent=10421"}],"wp:term":[{"taxonomy":"category","embeddable":true,"href":"https:\/\/correiodasemana.com\/site\/wp-json\/wp\/v2\/categories?post=10421"},{"taxonomy":"post_tag","embeddable":true,"href":"https:\/\/correiodasemana.com\/site\/wp-json\/wp\/v2\/tags?post=10421"}],"curies":[{"name":"wp","href":"https:\/\/api.w.org\/{rel}","templated":true}]}}