{"id":10423,"date":"2020-01-13T00:55:46","date_gmt":"2020-01-13T00:55:46","guid":{"rendered":"https:\/\/correiodasemana.com\/site\/?p=10423"},"modified":"2020-01-13T00:55:46","modified_gmt":"2020-01-13T00:55:46","slug":"tecnologia-e-saude-mental-jogo-interativo-desenvolvido-por-sobralenses-trara-reflexao-sobre-suicidio-e-uso-de-drogas","status":"publish","type":"post","link":"https:\/\/correiodasemana.com\/site\/tecnologia-e-saude-mental-jogo-interativo-desenvolvido-por-sobralenses-trara-reflexao-sobre-suicidio-e-uso-de-drogas\/","title":{"rendered":"Tecnologia e sa\u00fade mental: Jogo interativo desenvolvido por Sobralenses trar\u00e1 reflex\u00e3o sobre suic\u00eddio e uso de drogas"},"content":{"rendered":"<p>Com o objetivo de avaliar o risco de suic\u00eddio entre as pessoas que realizam uso de drogas e promover educa\u00e7\u00e3o em sa\u00fade mental de maneira sens\u00edvel e leve, um jogo interativo de celular est\u00e1 sendo desenvolvido por pesquisadores do Grupo de Estudo e Pesquisa em Sa\u00fade Mental (GESAM), integrantes da Liga Interdisciplinar em Sa\u00fade Mental (LISAM) e por mestrandas em Sa\u00fade da Fam\u00edlia da Universidade Federal do Cear\u00e1 (UFC \u2013 Campus Sobral). O \u201cSerT\u00e3o Bom\u201d, como \u00e9 chamado, est\u00e1 em desenvolvimento desde novembro de 2018 e ser\u00e1 lan\u00e7ado at\u00e9 julho deste ano.<br \/>\nSegundo dados da Organiza\u00e7\u00e3o Pan-Americana da Sa\u00fade (OPAS), cerca de 800 mil pessoas morrem por suic\u00eddio todos os anos. De acordo o 3\u00b0 Levantamento Nacional sobre o Uso de Drogas pela Popula\u00e7\u00e3o Brasileira, organizado pela Funda\u00e7\u00e3o Oswaldo Cruz, quase cinco milh\u00f5es de pessoas usam subst\u00e2ncia il\u00edcitas por ano no pa\u00eds.<br \/>\nDevido ao crescente uso de tecnologias m\u00f3veis no \u00e2mbito da educa\u00e7\u00e3o em sa\u00fade e do acesso da popula\u00e7\u00e3o \u00e0 internet, o jogo foi pensamento como meio eficaz para ajudar a diminuir o problema. Como enfatiza a enfermeira e mestranda em Sa\u00fade da Fam\u00edlia, Lorenna Saraiva Viana, o grupo encontra-se na fase de constru\u00e7\u00e3o do projeto: \u201cEstamos elaborando as perguntas do question\u00e1rio que ir\u00e1 compor o jogo, e a ajuda vai chegar por meio de perguntas, d\u00favidas, que as pessoas possuem sobre suic\u00eddio, drogas e estrat\u00e9gias de redu\u00e7\u00e3o de danos\u201d.<\/p>\n<p>O Jogo<br \/>\nO \u201cSerT\u00e3o Bom\u201d foi idealizado pela professora Eliany Nazar\u00e9 Oliveira, e ser\u00e1 produto da disserta\u00e7\u00e3o de Lorenna Saraiva. \u00c9 um jogo pensado para ser baixado em plataforma Android, vers\u00e3o offline e ter\u00e1 formato de quis, al\u00e9m de ser direcionado \u00e0 comunidade geral visando discutir o risco do suic\u00eddio e uso de drogas de maneira l\u00fadica e did\u00e1tica. De acordo com Lorenna Saraiva, est\u00e1 sendo desenvolvido na UFC \u2013 Sobral, Campus Mucambinho e no Centro de Ci\u00eancias da Sa\u00fade (CCS). \u201cAp\u00f3s a constru\u00e7\u00e3o, o jogo ser\u00e1 validado por especialistas em sa\u00fade mental e por pessoas da comunidade em geral, passando por um teste piloto para avalia\u00e7\u00e3o do conte\u00fado e usabilidade do jogo\u201d, explica a enfermeira.<br \/>\nLorenna Saraiva acredita na import\u00e2ncia do jogo para difundir mais informa\u00e7\u00f5es sobre os temas no meio da popula\u00e7\u00e3o que pensa em suic\u00eddio e faz ou n\u00e3o uso de drogas: \u201cEnvolve as pessoas por meio de suas d\u00favidas sobre a tem\u00e1tica a fim de termos um banco de perguntas conscientes e, de certa forma ajudar a prevenir tais problemas\u201d, conclui.<\/p>\n","protected":false},"excerpt":{"rendered":"<p>Com o objetivo de avaliar o risco de suic\u00eddio entre as pessoas que realizam uso&#8230;<\/p>\n","protected":false},"author":1,"featured_media":10424,"comment_status":"open","ping_status":"open","sticky":false,"template":"","format":"standard","meta":{"_jetpack_memberships_contains_paid_content":false,"footnotes":"","jetpack_publicize_message":"","jetpack_publicize_feature_enabled":true,"jetpack_social_post_already_shared":true,"jetpack_social_options":{"image_generator_settings":{"template":"highway","default_image_id":0,"font":"","enabled":false},"version":2}},"categories":[1],"tags":[],"class_list":["post-10423","post","type-post","status-publish","format-standard","has-post-thumbnail","hentry","category-atualidade"],"jetpack_publicize_connections":[],"jetpack_featured_media_url":"https:\/\/correiodasemana.com\/site\/wp-content\/uploads\/2020\/01\/Jogo-1.jpg","jetpack-related-posts":[{"id":30719,"url":"https:\/\/correiodasemana.com\/site\/setembro-amarelo\/","url_meta":{"origin":10423,"position":0},"title":"setembro amarelo \u2022","author":"adminredacao","date":"Setembro 16, 2024","format":false,"excerpt":"Minist\u00e9rio da Sa\u00fade amplia cuidados \u00e0 sa\u00fade mental no Cear\u00e1 \u00a0 O SUS conta com diversos servi\u00e7os gratuitos de apoio psicossocial dispon\u00edveis \u00e0 popula\u00e7\u00e3o ODia Mundial de Preven\u00e7\u00e3o ao Suic\u00eddio, lembrado anualmente no dia 10 de setembro, \u00e9 uma iniciativa promovida pela Associa\u00e7\u00e3o Internacional para a Preven\u00e7\u00e3o do Suic\u00eddio (IASP)\u2026","rel":"","context":"In &quot;Atualidade&quot;","block_context":{"text":"Atualidade","link":"https:\/\/correiodasemana.com\/site\/category\/atualidade\/"},"img":{"alt_text":"","src":"https:\/\/i0.wp.com\/correiodasemana.com\/site\/wp-content\/uploads\/2024\/09\/SETEMBRO-AMARELO-BLOG-2.webp?resize=350%2C200&ssl=1","width":350,"height":200,"srcset":"https:\/\/i0.wp.com\/correiodasemana.com\/site\/wp-content\/uploads\/2024\/09\/SETEMBRO-AMARELO-BLOG-2.webp?resize=350%2C200&ssl=1 1x, https:\/\/i0.wp.com\/correiodasemana.com\/site\/wp-content\/uploads\/2024\/09\/SETEMBRO-AMARELO-BLOG-2.webp?resize=525%2C300&ssl=1 1.5x, https:\/\/i0.wp.com\/correiodasemana.com\/site\/wp-content\/uploads\/2024\/09\/SETEMBRO-AMARELO-BLOG-2.webp?resize=700%2C400&ssl=1 2x, https:\/\/i0.wp.com\/correiodasemana.com\/site\/wp-content\/uploads\/2024\/09\/SETEMBRO-AMARELO-BLOG-2.webp?resize=1050%2C600&ssl=1 3x"},"classes":[]},{"id":13455,"url":"https:\/\/correiodasemana.com\/site\/fim-do-preconceito-e-fundamental-para-prevencao-do-suicidio\/","url_meta":{"origin":10423,"position":1},"title":"Fim do preconceito \u00e9 fundamental para preven\u00e7\u00e3o do suic\u00eddio","author":"","date":"Setembro 10, 2020","format":false,"excerpt":"Setembro Amarelo alerta para doen\u00e7as como ansiedade e depress\u00e3o O fim do preconceito com doen\u00e7as mentais, como ansiedade e depress\u00e3o, \u00e9 fundamental para a preven\u00e7\u00e3o ao suic\u00eddio. A afirma\u00e7\u00e3o \u00e9 da coordenadora-geral de Sa\u00fade Mental do Minist\u00e9rio da Sa\u00fade, Dilma Alves Teodoro, e tamb\u00e9m um dos alertas da campanha Setembro\u2026","rel":"","context":"In &quot;Atualidade&quot;","block_context":{"text":"Atualidade","link":"https:\/\/correiodasemana.com\/site\/category\/atualidade\/"},"img":{"alt_text":"","src":"https:\/\/i0.wp.com\/correiodasemana.com\/site\/wp-content\/uploads\/2020\/09\/mcmgo_abr_070820180690.jpg?resize=350%2C200&ssl=1","width":350,"height":200,"srcset":"https:\/\/i0.wp.com\/correiodasemana.com\/site\/wp-content\/uploads\/2020\/09\/mcmgo_abr_070820180690.jpg?resize=350%2C200&ssl=1 1x, https:\/\/i0.wp.com\/correiodasemana.com\/site\/wp-content\/uploads\/2020\/09\/mcmgo_abr_070820180690.jpg?resize=525%2C300&ssl=1 1.5x, https:\/\/i0.wp.com\/correiodasemana.com\/site\/wp-content\/uploads\/2020\/09\/mcmgo_abr_070820180690.jpg?resize=700%2C400&ssl=1 2x, https:\/\/i0.wp.com\/correiodasemana.com\/site\/wp-content\/uploads\/2020\/09\/mcmgo_abr_070820180690.jpg?resize=1050%2C600&ssl=1 3x"},"classes":[]},{"id":9059,"url":"https:\/\/correiodasemana.com\/site\/precisamos-falar-sobre-suicidio\/","url_meta":{"origin":10423,"position":2},"title":"Precisamos falar sobre Suic\u00eddio","author":"","date":"Setembro 8, 2019","format":false,"excerpt":"Por Priscila Duarte Segundo a Organiza\u00e7\u00e3o Mundial da Sa\u00fade (OMS) a cada 40 segundos uma pessoa se suicida no mundo, sendo a segunda principal morte entre jovens com idade entre 15 e 29 anos. No dia 10 de setembro \u00e9 celebrado o dia Mundial da Preven\u00e7\u00e3o contra o suic\u00eddio, por\u2026","rel":"","context":"In &quot;Atualidade&quot;","block_context":{"text":"Atualidade","link":"https:\/\/correiodasemana.com\/site\/category\/atualidade\/"},"img":{"alt_text":"","src":"https:\/\/i0.wp.com\/correiodasemana.com\/site\/wp-content\/uploads\/2019\/09\/P%C3%A1g.-04.png?resize=350%2C200&ssl=1","width":350,"height":200,"srcset":"https:\/\/i0.wp.com\/correiodasemana.com\/site\/wp-content\/uploads\/2019\/09\/P%C3%A1g.-04.png?resize=350%2C200&ssl=1 1x, https:\/\/i0.wp.com\/correiodasemana.com\/site\/wp-content\/uploads\/2019\/09\/P%C3%A1g.-04.png?resize=525%2C300&ssl=1 1.5x, https:\/\/i0.wp.com\/correiodasemana.com\/site\/wp-content\/uploads\/2019\/09\/P%C3%A1g.-04.png?resize=700%2C400&ssl=1 2x"},"classes":[]},{"id":26698,"url":"https:\/\/correiodasemana.com\/site\/estudo-alerta-para-alta-incidencia-de-suicidio-na-adolescencia\/","url_meta":{"origin":10423,"position":3},"title":"Estudo alerta para alta incid\u00eancia de suic\u00eddio na adolesc\u00eancia","author":"adminredacao","date":"Outubro 1, 2023","format":false,"excerpt":"Dados s\u00e3o da Sociedade Brasileira de Pediatria Por Alana Gandra - Rep\u00f3rter da Ag\u00eancia Brasil - Rio de Janeiro Cerca de mil crian\u00e7as e adolescentes, na faixa et\u00e1ria entre 10 e 19 anos de idade, cometem suic\u00eddio no Brasil a cada ano, de acordo com a s\u00e9rie hist\u00f3rica levantada pela\u2026","rel":"","context":"In &quot;Atualidade&quot;","block_context":{"text":"Atualidade","link":"https:\/\/correiodasemana.com\/site\/category\/atualidade\/"},"img":{"alt_text":"","src":"https:\/\/i0.wp.com\/correiodasemana.com\/site\/wp-content\/uploads\/2023\/01\/ministerio-da-saude.jpg?resize=350%2C200&ssl=1","width":350,"height":200,"srcset":"https:\/\/i0.wp.com\/correiodasemana.com\/site\/wp-content\/uploads\/2023\/01\/ministerio-da-saude.jpg?resize=350%2C200&ssl=1 1x, https:\/\/i0.wp.com\/correiodasemana.com\/site\/wp-content\/uploads\/2023\/01\/ministerio-da-saude.jpg?resize=525%2C300&ssl=1 1.5x, https:\/\/i0.wp.com\/correiodasemana.com\/site\/wp-content\/uploads\/2023\/01\/ministerio-da-saude.jpg?resize=700%2C400&ssl=1 2x"},"classes":[]},{"id":33035,"url":"https:\/\/correiodasemana.com\/site\/saude-emocional-da-mulher-um-compromisso-de-cuidado-em-todas-as-fases-da-vida\/","url_meta":{"origin":10423,"position":4},"title":"Sa\u00fade Emocional da Mulher: um compromisso de cuidado em todas as fases da vida!","author":"adminredacao","date":"Mar\u00e7o 8, 2025","format":false,"excerpt":"No Dia Internacional da Mulher, muito se fala sobre conquistas e desafios, mas pouco se discute sobre um aspecto essencial para o bem-estar feminino: a sa\u00fade emocional. Ao longo da vida, a mulher passa por diversas fases de transforma\u00e7\u00e3o que impactam profundamente sua mente e emo\u00e7\u00f5es. Desde a menarca, passando\u2026","rel":"","context":"In &quot;Artigos&quot;","block_context":{"text":"Artigos","link":"https:\/\/correiodasemana.com\/site\/category\/artigos\/"},"img":{"alt_text":"","src":"https:\/\/i0.wp.com\/correiodasemana.com\/site\/wp-content\/uploads\/2025\/03\/Coluna-DRA-MILENA-BOMFIM-ed.png?resize=350%2C200&ssl=1","width":350,"height":200},"classes":[]},{"id":32612,"url":"https:\/\/correiodasemana.com\/site\/90-mil-brasileiros-morrem-por-ano-em-decorrencia-do-alcoolismo\/","url_meta":{"origin":10423,"position":5},"title":"90 mil brasileiros morrem por ano em decorr\u00eancia do alcoolismo\u00a0\u00a0\u00a0","author":"adminredacao","date":"Fevereiro 18, 2025","format":false,"excerpt":"De acordo com a OMS, o consumo excessivo de bebidas alc\u00f3olicas levou \u00e0 morte de 2 milh\u00f5es pessoas; com o objetivo de conscientizar a popula\u00e7\u00e3o sobre os riscos \u00e0 sa\u00fade neste m\u00eas \u00e9 comemorado o Dia Nacional de Combate \u00e0s Drogas e ao Alcoolismo (20\/2)\u00a0\u00a0 Segundo o \u00faltimo\u00a0relat\u00f3rio sobre a\u2026","rel":"","context":"In &quot;Atualidade&quot;","block_context":{"text":"Atualidade","link":"https:\/\/correiodasemana.com\/site\/category\/atualidade\/"},"img":{"alt_text":"","src":"https:\/\/i0.wp.com\/correiodasemana.com\/site\/wp-content\/uploads\/2025\/02\/CACHACA.jpg?resize=350%2C200&ssl=1","width":350,"height":200,"srcset":"https:\/\/i0.wp.com\/correiodasemana.com\/site\/wp-content\/uploads\/2025\/02\/CACHACA.jpg?resize=350%2C200&ssl=1 1x, https:\/\/i0.wp.com\/correiodasemana.com\/site\/wp-content\/uploads\/2025\/02\/CACHACA.jpg?resize=525%2C300&ssl=1 1.5x, https:\/\/i0.wp.com\/correiodasemana.com\/site\/wp-content\/uploads\/2025\/02\/CACHACA.jpg?resize=700%2C400&ssl=1 2x"},"classes":[]}],"jetpack_sharing_enabled":true,"_links":{"self":[{"href":"https:\/\/correiodasemana.com\/site\/wp-json\/wp\/v2\/posts\/10423","targetHints":{"allow":["GET"]}}],"collection":[{"href":"https:\/\/correiodasemana.com\/site\/wp-json\/wp\/v2\/posts"}],"about":[{"href":"https:\/\/correiodasemana.com\/site\/wp-json\/wp\/v2\/types\/post"}],"author":[{"embeddable":true,"href":"https:\/\/correiodasemana.com\/site\/wp-json\/wp\/v2\/users\/1"}],"replies":[{"embeddable":true,"href":"https:\/\/correiodasemana.com\/site\/wp-json\/wp\/v2\/comments?post=10423"}],"version-history":[{"count":1,"href":"https:\/\/correiodasemana.com\/site\/wp-json\/wp\/v2\/posts\/10423\/revisions"}],"predecessor-version":[{"id":10425,"href":"https:\/\/correiodasemana.com\/site\/wp-json\/wp\/v2\/posts\/10423\/revisions\/10425"}],"wp:featuredmedia":[{"embeddable":true,"href":"https:\/\/correiodasemana.com\/site\/wp-json\/wp\/v2\/media\/10424"}],"wp:attachment":[{"href":"https:\/\/correiodasemana.com\/site\/wp-json\/wp\/v2\/media?parent=10423"}],"wp:term":[{"taxonomy":"category","embeddable":true,"href":"https:\/\/correiodasemana.com\/site\/wp-json\/wp\/v2\/categories?post=10423"},{"taxonomy":"post_tag","embeddable":true,"href":"https:\/\/correiodasemana.com\/site\/wp-json\/wp\/v2\/tags?post=10423"}],"curies":[{"name":"wp","href":"https:\/\/api.w.org\/{rel}","templated":true}]}}