{"id":10464,"date":"2020-01-13T01:11:08","date_gmt":"2020-01-13T01:11:08","guid":{"rendered":"https:\/\/correiodasemana.com\/site\/?p=10464"},"modified":"2020-01-13T01:11:09","modified_gmt":"2020-01-13T01:11:09","slug":"em-tempo-26","status":"publish","type":"post","link":"https:\/\/correiodasemana.com\/site\/em-tempo-26\/","title":{"rendered":"Em Tempo"},"content":{"rendered":"<p><strong>Mestrado Acad\u00eamico em Hist\u00f3ria<\/strong><br \/>\nA Universidade Estadual do Cear\u00e1 acaba de ampliar o n\u00famero de cursos dos programas de p\u00f3s-gradua\u00e7\u00e3o. A Coordena\u00e7\u00e3o de Aperfei\u00e7oamento de Pessoal de N\u00edvel Superior (CAPES) divulgou a aprova\u00e7\u00e3o do Mestrado Acad\u00eamico em Hist\u00f3ria, Culturas e Espacialidades.<br \/>\nO mestrado tem como \u00e1rea de concentra\u00e7\u00e3o \u201cHist\u00f3ria, Culturas e Espacialidades\u201d, e as seguintes linhas de pesquisa: \u201cLinguagens, Narrativas e Subjetividades\u201d, \u201cPoder, Institui\u00e7\u00f5es e Mem\u00f3rias\u201d e \u201cEspa\u00e7os, Sociedades e Experi\u00eancias\u201d. O edital de sele\u00e7\u00e3o ser\u00e1 lan\u00e7ado em breve.<\/p>\n<p><strong>Sele\u00e7\u00e3o para professor substituto<\/strong><br \/>\nUniversidade Federal do Cear\u00e1 lan\u00e7ou edital para sele\u00e7\u00e3o de dois professores substitutosno\u00a0Campus de Quixad\u00e1. Uma vaga \u00e9 para o setor de estudo\u00a0Engenharia de Software\u00a0e a outra para o de\u00a0Programa\u00e7\u00e3o. Inscri\u00e7\u00f5es come\u00e7am no dia 13 e prosseguem at\u00e9 17 janeiro.<br \/>\nPara candidatos com mestrado, a taxa de inscri\u00e7\u00e3o \u00e9 de R$ 108,00 e o selecionado ter\u00e1 remunera\u00e7\u00e3o de R$ 4.304,92. Para os que apresentarem diploma de gradua\u00e7\u00e3o, a inscri\u00e7\u00e3o \u00e9 de R$ 78,00 e a remunera\u00e7\u00e3o, de R$ 3.130,85. Mais informa\u00e7\u00f5es no site https:\/\/progep.ufc.br\/<\/p>\n<p><strong>Inaugura\u00e7\u00e3o do novo Alto do Cristo<\/strong><br \/>\nFoto-Divulga\u00e7\u00e3o<br \/>\nO novo Alto do Cristo, cart\u00e3o postal da cidade de Sobral<br \/>\nInaugurado, no dia 26 de dezembro, o novo Alto do Cristo, com investimento superior a R$ 2,5 milh\u00f5es do Governo do Estado e da Prefeitura de Sobral. A cerim\u00f4nia contou com a presen\u00e7a da vice-governadora Izolda Cela e do prefeito Ivo Gomes, dentre outras autoridades.<br \/>\nCom cerca de 20.500 m\u00b2, o espa\u00e7o conta com anfiteatro, estacionamento, playground, academia ao ar livre, \u00e1reas verdes, mirante e escadaria com 98 degraus. A obra inclui tamb\u00e9m a restaura\u00e7\u00e3o do Cristo Redentor e a urbaniza\u00e7\u00e3o das ruas no entorno do monumento.<\/p>\n<p><strong>Boletos para pagamento do IPVA<\/strong><br \/>\nOs boletos para o pagamento do\u00a0Imposto sobre a Propriedade de Ve\u00edculos Automotores (IPVA)\u00a0j\u00e1 est\u00e3o dispon\u00edveis, desde o dia 2 de janeiro, no\u00a0site da Secretaria da Fazenda do Estado do Cear\u00e1 (\u00a0http:\/\/www2.sefaz.ce.gov.br\/ipva\/#\/) ou no aplicativo Meu IPVA.<br \/>\nA rede arrecadadorainclui Banco do Brasil, Caixa Econ\u00f4mica, Banco do Nordeste (BNB), Bradesco, Santander, Ita\u00fa, casas lot\u00e9ricas e farm\u00e1cias Pague Menos. Quem preferir pode pagar o imposto por meio dos cart\u00f5es de cr\u00e9dito vinculados ao Banco do Brasil ou Bradesco.<\/p>\n<p><strong>Lan\u00e7amento do Atlas E\u00f3lico e Solar<\/strong><br \/>\nA Federa\u00e7\u00e3o das Ind\u00fastrias (Fiec), a Ag\u00eancia de Desenvolvimento do Estado(Adece) e o Servi\u00e7o Brasileiro de Apoio \u00e0s Micro e Pequenas Empresas (Sebrae) realizaram, no dia 16 de dezembro de 2019, em Fortaleza, a apresenta\u00e7\u00e3o t\u00e9cnica do\u00a0Atlas E\u00f3lico e Solar do Cear\u00e1.<br \/>\n\u00danico atlas h\u00edbrido do Brasil, o trabalho atende uma demanda da C\u00e2mara Setorial de Energias Renov\u00e1veis da Adecee conta com informa\u00e7\u00f5es direcionadas a profissionais do setor, identificando \u00e1reas com potencial para investir. O projeto teve investimento de R$ 1,4 milh\u00e3o.<\/p>\n<p>Dica da Coluna<br \/>\nLeia o Blog do Edilson (www.blogdoedilson.com.br). Cultura, educa\u00e7\u00e3o, pol\u00edtica e utilidade p\u00fablica.<\/p>\n","protected":false},"excerpt":{"rendered":"<p>Mestrado Acad\u00eamico em Hist\u00f3ria A Universidade Estadual do Cear\u00e1 acaba de ampliar o n\u00famero de&#8230;<\/p>\n","protected":false},"author":1,"featured_media":8788,"comment_status":"open","ping_status":"open","sticky":false,"template":"","format":"standard","meta":{"_jetpack_memberships_contains_paid_content":false,"footnotes":"","jetpack_publicize_message":"","jetpack_publicize_feature_enabled":true,"jetpack_social_post_already_shared":true,"jetpack_social_options":{"image_generator_settings":{"template":"highway","default_image_id":0,"font":"","enabled":false},"version":2}},"categories":[11,36],"tags":[],"class_list":["post-10464","post","type-post","status-publish","format-standard","has-post-thumbnail","hentry","category-artigos","category-em-tempo"],"jetpack_publicize_connections":[],"jetpack_featured_media_url":"https:\/\/correiodasemana.com\/site\/wp-content\/uploads\/2019\/08\/Novo-Alto-do-Cristo-pavimentado-4.jpg","jetpack-related-posts":[{"id":36560,"url":"https:\/\/correiodasemana.com\/site\/em-tempo-304\/","url_meta":{"origin":10464,"position":0},"title":"EM TEMPO \u2022","author":"adminredacao","date":"Dezembro 1, 2025","format":false,"excerpt":"UFC oferta 66 vagas para professor efetivo Universidade Federal do Cear\u00e1 (UFC) lan\u00e7ou edital do concurso para professor efetivo, com 66 vagas em diversos cursos da institui\u00e7\u00e3o. Os sal\u00e1rios iniciais chegam a R$ 13.288,85, no caso das vagas em regime de 40 horas com dedica\u00e7\u00e3o exclusiva, com exig\u00eancia de doutorado.\u2026","rel":"","context":"In &quot;Artigos&quot;","block_context":{"text":"Artigos","link":"https:\/\/correiodasemana.com\/site\/category\/artigos\/"},"img":{"alt_text":"","src":"https:\/\/i0.wp.com\/correiodasemana.com\/site\/wp-content\/uploads\/2025\/12\/IMG_1440-150x150.jpg?resize=350%2C200&ssl=1","width":350,"height":200,"srcset":"https:\/\/i0.wp.com\/correiodasemana.com\/site\/wp-content\/uploads\/2025\/12\/IMG_1440-150x150.jpg?resize=350%2C200&ssl=1 1x, https:\/\/i0.wp.com\/correiodasemana.com\/site\/wp-content\/uploads\/2025\/12\/IMG_1440-150x150.jpg?resize=525%2C300&ssl=1 1.5x"},"classes":[]},{"id":15148,"url":"https:\/\/correiodasemana.com\/site\/em-tempo-62\/","url_meta":{"origin":10464,"position":1},"title":"Em Tempo","author":"","date":"Dezembro 21, 2020","format":false,"excerpt":"Campanha de doa\u00e7\u00e3o de sangue O Centro de Hematologia e Hemoterapia do Cear\u00e1 (Hemoce) iniciou no dia 17 de dezembro campanha de incentivo \u00e0 doa\u00e7\u00e3o de sangue. A iniciativa acontece at\u00e9 31 deste m\u00eas em toda hemorrede e visa sensibilizar a popula\u00e7\u00e3o para a import\u00e2ncia da doa\u00e7\u00e3o regular. Com o\u2026","rel":"","context":"In &quot;Artigos&quot;","block_context":{"text":"Artigos","link":"https:\/\/correiodasemana.com\/site\/category\/artigos\/"},"img":{"alt_text":"","src":"https:\/\/i0.wp.com\/correiodasemana.com\/site\/wp-content\/uploads\/2019\/12\/FOTO-EDILSON-SILVA-2.jpg?resize=350%2C200&ssl=1","width":350,"height":200,"srcset":"https:\/\/i0.wp.com\/correiodasemana.com\/site\/wp-content\/uploads\/2019\/12\/FOTO-EDILSON-SILVA-2.jpg?resize=350%2C200&ssl=1 1x, https:\/\/i0.wp.com\/correiodasemana.com\/site\/wp-content\/uploads\/2019\/12\/FOTO-EDILSON-SILVA-2.jpg?resize=525%2C300&ssl=1 1.5x, https:\/\/i0.wp.com\/correiodasemana.com\/site\/wp-content\/uploads\/2019\/12\/FOTO-EDILSON-SILVA-2.jpg?resize=700%2C400&ssl=1 2x"},"classes":[]},{"id":17896,"url":"https:\/\/correiodasemana.com\/site\/em-tempo-106\/","url_meta":{"origin":10464,"position":2},"title":"Em Tempo","author":"","date":"Outubro 31, 2021","format":false,"excerpt":"Sobral celebra anivers\u00e1rio de Belchior A Prefeitura de Sobral, por meio da Secretaria da Cultura e Turismo (Secult), realizou no patamar do Theatro S\u00e3o Jo\u00e3o, na noite de 26 de outubro, um momento de homenagem ao cantor e compositor Ant\u00f4nio Carlos Belchior, com a celebra\u00e7\u00e3o de seu anivers\u00e1rio de 75\u2026","rel":"","context":"In &quot;Artigos&quot;","block_context":{"text":"Artigos","link":"https:\/\/correiodasemana.com\/site\/category\/artigos\/"},"img":{"alt_text":"","src":"https:\/\/i0.wp.com\/correiodasemana.com\/site\/wp-content\/uploads\/2019\/12\/FOTO-EDILSON-SILVA-2.jpg?resize=350%2C200&ssl=1","width":350,"height":200,"srcset":"https:\/\/i0.wp.com\/correiodasemana.com\/site\/wp-content\/uploads\/2019\/12\/FOTO-EDILSON-SILVA-2.jpg?resize=350%2C200&ssl=1 1x, https:\/\/i0.wp.com\/correiodasemana.com\/site\/wp-content\/uploads\/2019\/12\/FOTO-EDILSON-SILVA-2.jpg?resize=525%2C300&ssl=1 1.5x, https:\/\/i0.wp.com\/correiodasemana.com\/site\/wp-content\/uploads\/2019\/12\/FOTO-EDILSON-SILVA-2.jpg?resize=700%2C400&ssl=1 2x"},"classes":[]},{"id":35946,"url":"https:\/\/correiodasemana.com\/site\/em-tempo-298\/","url_meta":{"origin":10464,"position":3},"title":"EM TEMPO \u2022","author":"adminredacao","date":"Outubro 29, 2025","format":false,"excerpt":"Programa de capacita\u00e7\u00e3o de jornalistas O Sindicato dos Jornalistas do Cear\u00e1 (Sindjorce) recebe inscri\u00e7\u00f5es, at\u00e9 24 de outubro, para Programa Jovem Jornalista. Aulas acorrer\u00e3o de 28 de outubro a 5 de fevereiro de 2026. S\u00e3o 80 vagas:30 presenciais em Fortaleza e 50 para participantes do interior, via plataforma Zoom. O\u2026","rel":"","context":"In &quot;Artigos&quot;","block_context":{"text":"Artigos","link":"https:\/\/correiodasemana.com\/site\/category\/artigos\/"},"img":{"alt_text":"","src":"https:\/\/i0.wp.com\/correiodasemana.com\/site\/wp-content\/uploads\/2025\/10\/Cearenses-finalistas-2025-150x150.jpg?resize=350%2C200&ssl=1","width":350,"height":200,"srcset":"https:\/\/i0.wp.com\/correiodasemana.com\/site\/wp-content\/uploads\/2025\/10\/Cearenses-finalistas-2025-150x150.jpg?resize=350%2C200&ssl=1 1x, https:\/\/i0.wp.com\/correiodasemana.com\/site\/wp-content\/uploads\/2025\/10\/Cearenses-finalistas-2025-150x150.jpg?resize=525%2C300&ssl=1 1.5x, https:\/\/i0.wp.com\/correiodasemana.com\/site\/wp-content\/uploads\/2025\/10\/Cearenses-finalistas-2025-150x150.jpg?resize=700%2C400&ssl=1 2x"},"classes":[]},{"id":27070,"url":"https:\/\/correiodasemana.com\/site\/em-tempo-199\/","url_meta":{"origin":10464,"position":4},"title":"EM TEMPO \u2022","author":"adminredacao","date":"Outubro 30, 2023","format":false,"excerpt":"Inscri\u00e7\u00f5es do Vestibular UVA 2024 A Universidade Estadual Vale do Acara\u00fa (UVA) recebe, at\u00e9 31 de outubro, inscri\u00e7\u00f5es para o Vestibular 2024.1, com oferta de 1.140 vagas em cursos de gradua\u00e7\u00e3o em Sobral (860) e S\u00e3o Benedito (120) e para os cursos que funcionar\u00e3o em Camocim (80) e Acara\u00fa (80).\u2026","rel":"","context":"In &quot;Artigos&quot;","block_context":{"text":"Artigos","link":"https:\/\/correiodasemana.com\/site\/category\/artigos\/"},"img":{"alt_text":"","src":"https:\/\/i0.wp.com\/correiodasemana.com\/site\/wp-content\/uploads\/2023\/10\/Jose-Alcides-3-300x169.jpg?resize=350%2C200&ssl=1","width":350,"height":200},"classes":[]},{"id":32133,"url":"https:\/\/correiodasemana.com\/site\/em-tempo-259\/","url_meta":{"origin":10464,"position":5},"title":"Em Tempo","author":"adminredacao","date":"Janeiro 15, 2025","format":false,"excerpt":"Concurso para professor de L\u00edngua Inglesa A Universidade Federal do Cear\u00e1 (UFC) publicou edital de concurso p\u00fablico para uma vaga de professor da carreira do Magist\u00e9rio do Ensino B\u00e1sico, T\u00e9cnico e Tecnol\u00f3gico. As inscri\u00e7\u00f5es estar\u00e3o abertas de 14 de janeiro a 12 de fevereiro pelo e-mail ccbsecretaria@ufc.br. A vaga est\u00e1\u2026","rel":"","context":"In &quot;Artigos&quot;","block_context":{"text":"Artigos","link":"https:\/\/correiodasemana.com\/site\/category\/artigos\/"},"img":{"alt_text":"","src":"https:\/\/i0.wp.com\/correiodasemana.com\/site\/wp-content\/uploads\/2025\/01\/GERALDO-AZEVEDO-Por-Marcelo-Ribeiro.jpg?resize=350%2C200&ssl=1","width":350,"height":200,"srcset":"https:\/\/i0.wp.com\/correiodasemana.com\/site\/wp-content\/uploads\/2025\/01\/GERALDO-AZEVEDO-Por-Marcelo-Ribeiro.jpg?resize=350%2C200&ssl=1 1x, https:\/\/i0.wp.com\/correiodasemana.com\/site\/wp-content\/uploads\/2025\/01\/GERALDO-AZEVEDO-Por-Marcelo-Ribeiro.jpg?resize=525%2C300&ssl=1 1.5x, https:\/\/i0.wp.com\/correiodasemana.com\/site\/wp-content\/uploads\/2025\/01\/GERALDO-AZEVEDO-Por-Marcelo-Ribeiro.jpg?resize=700%2C400&ssl=1 2x, https:\/\/i0.wp.com\/correiodasemana.com\/site\/wp-content\/uploads\/2025\/01\/GERALDO-AZEVEDO-Por-Marcelo-Ribeiro.jpg?resize=1050%2C600&ssl=1 3x"},"classes":[]}],"jetpack_sharing_enabled":true,"_links":{"self":[{"href":"https:\/\/correiodasemana.com\/site\/wp-json\/wp\/v2\/posts\/10464","targetHints":{"allow":["GET"]}}],"collection":[{"href":"https:\/\/correiodasemana.com\/site\/wp-json\/wp\/v2\/posts"}],"about":[{"href":"https:\/\/correiodasemana.com\/site\/wp-json\/wp\/v2\/types\/post"}],"author":[{"embeddable":true,"href":"https:\/\/correiodasemana.com\/site\/wp-json\/wp\/v2\/users\/1"}],"replies":[{"embeddable":true,"href":"https:\/\/correiodasemana.com\/site\/wp-json\/wp\/v2\/comments?post=10464"}],"version-history":[{"count":1,"href":"https:\/\/correiodasemana.com\/site\/wp-json\/wp\/v2\/posts\/10464\/revisions"}],"predecessor-version":[{"id":10465,"href":"https:\/\/correiodasemana.com\/site\/wp-json\/wp\/v2\/posts\/10464\/revisions\/10465"}],"wp:featuredmedia":[{"embeddable":true,"href":"https:\/\/correiodasemana.com\/site\/wp-json\/wp\/v2\/media\/8788"}],"wp:attachment":[{"href":"https:\/\/correiodasemana.com\/site\/wp-json\/wp\/v2\/media?parent=10464"}],"wp:term":[{"taxonomy":"category","embeddable":true,"href":"https:\/\/correiodasemana.com\/site\/wp-json\/wp\/v2\/categories?post=10464"},{"taxonomy":"post_tag","embeddable":true,"href":"https:\/\/correiodasemana.com\/site\/wp-json\/wp\/v2\/tags?post=10464"}],"curies":[{"name":"wp","href":"https:\/\/api.w.org\/{rel}","templated":true}]}}