{"id":10494,"date":"2020-01-22T03:56:49","date_gmt":"2020-01-22T03:56:49","guid":{"rendered":"https:\/\/correiodasemana.com\/site\/?p=10494"},"modified":"2020-01-22T03:56:49","modified_gmt":"2020-01-22T03:56:49","slug":"o-lixo-e-sua-destinacao","status":"publish","type":"post","link":"https:\/\/correiodasemana.com\/site\/o-lixo-e-sua-destinacao\/","title":{"rendered":"O LIXO E SUA DESTINA\u00c7\u00c3O"},"content":{"rendered":"<p>Os costumes e valores que terminaram por reinarem no s\u00e9culo XX; frente a um novo mil\u00eanio, n\u00e3o ser\u00e1 mais poss\u00edvel fugir a uma ampla discurs\u00e3o acerca dos problemas advindos da errada destina\u00e7\u00e3o do lixo no Brasil.<br \/>\nComo se sabe, o lixo atua silencioso todos os dias como a fome, a sede e as doen\u00e7as. As poucas campanhas que ainda tentam semear uma consci\u00eancia individualista frente \u00e0 realidade de um poluidor perverso de cada habitante do Pa\u00eds, pouco \u00eaxito tem alcan\u00e7ado.<br \/>\nA maioria dos brasileiros ainda vive o costume de apenas afasta os problemas do seu campo de vis\u00e3o: levando o lixo para longe dos olhos, como se l\u00e1, por m\u00e1gica, ele deixa de existir. Os efeitos de anos de massifica\u00e7\u00e3o pelo uso de bens descart\u00e1veis, sempre ligados ao entendimento de progresso, ainda funciona como barreira intranspon\u00edvel para novas ideias. O imp\u00e9rio do consumo foi alicer\u00e7ado em bases firmes.<br \/>\nOs cientistas do mundo todo discutem, hoje, formas para reduzir os agentes poluidores em todos os n\u00edveis, estando no topo da listagem \u00e0 destina\u00e7\u00e3o do lixo produzido.<br \/>\nPela pr\u00f3pria defini\u00e7\u00e3o, o lixo \u00e9 tudo o que n\u00e3o serve mais, subdividindo-se em industrial, agr\u00edcola e urbano. Em qualquer caso, todo material despejados desordenamento em quantidade excessiva num local n\u00e3o pode ser absorvido, gerando polui\u00e7\u00e3o, ser\u00e1 chamado de contamina\u00e7\u00e3o, dado o seu potencial destrutivo.<br \/>\nV\u00e1rios pa\u00edses j\u00e1 relatam de maneira transparentes que, mais da metade dos seus doentes tem a causa da enfermidade diretamente ligada ao tipo de \u00e1gua consumida. Por falta de uma educa\u00e7\u00e3o familiar e social.<br \/>\nE nessa cruzada est\u00e3o os prefeitos das grandes e pequenas cidades brasileiras, que quando crian\u00e7a e adolescentes, j\u00e1 iniciaram as suas op\u00e7\u00f5es de sujeiras, por falta de uma educa\u00e7\u00e3o. E o pior, quando j\u00e1 feitos prefeitos, gargalha bem alto e lan\u00e7a o grito narcisista: eu sou o prefeito e sei que existe o lixo na cidade. Estou satisfeito com ele! A sua satisfa\u00e7\u00e3o s\u00e1dica entre em \u00eaxtase narcisista e a sua libido incestuosa sujeira \u00e9 sua pr\u00f3pria educa\u00e7\u00e3o.<br \/>\nSegundo, os ambientalistas, uma em cada quatro casas no Brasil, n\u00e3o tem coleta de lixo, mais da metade das cidades, o lixo ainda n\u00e3o tem destina\u00e7\u00e3o adequada. Ou seja, t\u00eam como destino os lix\u00f5es, al\u00e9m dos terrenos baldios e rios, que s\u00e3o cobertos de sof\u00e1s, colch\u00f5es e pneus, m\u00f3veis como guarda-roupas e arm\u00e1rios, vasos sanit\u00e1rios, embalagens e caixas de papel\u00e3o, socos pl\u00e1sticos e sacolas, garrafas Pet, resto de comidas, arvores, panfletos, jornais, revistas, carca\u00e7a de celulares e at\u00e9 animais mortos.<br \/>\nAssim o lixo vai invadido muitas cidades brasileiras, cidade com o lixo estampado no rosto de sua popula\u00e7\u00e3o. Enfim, um cen\u00e1rio sujo, deixando um rastro de desalento para os seus moradores. Segundo Marcio Matheus, presidente Nacional das Empresas de Limpeza Urbana, a pior, situa\u00e7\u00e3o \u00e9 a do nordeste.<br \/>\nMas, existem aquelas cidades no nordeste que as suas limpezas p\u00fablicas diferenciam umas das outras. Gra\u00e7as a Deus!<br \/>\nTomemos, por exemplos, duas cidades bastante conhecidas no nordeste e que faz parte do cotidiano da limpeza p\u00fablica brasileira: as cidades de Sobral e a de Massap\u00ea, no Cear\u00e1. S\u00e3o cidades, que t\u00eam pol\u00edticas p\u00fablicas na destina\u00e7\u00e3o dos seus res\u00edduos. Ou seja, conscientiza\u00e7\u00e3o de coleta e a destina\u00e7\u00e3o adequada do lixo, minimizando os impactos ambientais e evitando danos a sa\u00fade p\u00fablica. Isso \u00e9 um exemplo, que deve ser seguido.<br \/>\nAfinal, o presidente Kennedy j\u00e1 dizia que n\u00e3o basta olhar no olho; \u00e9 preciso olhar na mesma dire\u00e7\u00e3o!<br \/>\nA esta altura, os prefeitos malfeitores do lixo de outras cidades brasileiras devem estar perguntando, a seus bot\u00f5es, o que tem essa cita\u00e7\u00e3o a ver com a destina\u00e7\u00e3o do lixo. Mas estamos certos de que os seus bot\u00f5es, se forem conscientizados, hoje, saber\u00e3o responder o que tem a ver, como bons exemplos, das limpezas, das duas cidades citadas.<br \/>\nPortanto a popula\u00e7\u00e3o brasileira deve engajar-se, rapidamente, aos \u00f3rg\u00e3os governamentais, ou n\u00e3o, que tentam educar e conscientizar a popula\u00e7\u00e3o e os prefeitos quanto \u00e0 destina\u00e7\u00e3o correta dos res\u00edduos domiciliares. Os prefeitos devem fiscalizar a ind\u00fastria e os produtores rurais, evitando-se com isso a contamina\u00e7\u00e3o do crescimento desordenado de poluentes, isto inclui uma boa coleta de lixo e um aterro sanit\u00e1rio adequado.<br \/>\nAfinal, \u00e9 fun\u00e7\u00e3o do poder p\u00fablico incluir em suas prioridades a educa\u00e7\u00e3o sobre o lixo e a sua destina\u00e7\u00e3o adequada. Paralelamente, o Estado deve fazer cumprir, com rigor, a lei que obriga todas as cidades brasileiras construir os seus aterros sanit\u00e1rios, adotando nos \u00f3rg\u00e3os os mecanismos eficazes na atividade fiscalizat\u00f3ria e promovendo atrav\u00e9s do Mist\u00e9rio P\u00fablico, as medidas judiciarias adequadas.<br \/>\nDe outro modo, se estar\u00e1 pondo em risco a pr\u00f3pria sobreviv\u00eancia da esp\u00e9cie humana.<br \/>\nJornalista, Historiador e Cr\u00edtico Liter\u00e1rio.<\/p>\n","protected":false},"excerpt":{"rendered":"<p>Os costumes e valores que terminaram por reinarem no s\u00e9culo XX; frente a um novo&#8230;<\/p>\n","protected":false},"author":1,"featured_media":10495,"comment_status":"open","ping_status":"open","sticky":false,"template":"","format":"standard","meta":{"_jetpack_memberships_contains_paid_content":false,"footnotes":"","jetpack_publicize_message":"","jetpack_publicize_feature_enabled":true,"jetpack_social_post_already_shared":true,"jetpack_social_options":{"image_generator_settings":{"template":"highway","default_image_id":0,"font":"","enabled":false},"version":2}},"categories":[11,16],"tags":[],"class_list":["post-10494","post","type-post","status-publish","format-standard","has-post-thumbnail","hentry","category-artigos","category-eudes-de-sousa"],"jetpack_publicize_connections":[],"jetpack_featured_media_url":"https:\/\/correiodasemana.com\/site\/wp-content\/uploads\/2020\/01\/2eb1b9e7-5e8d-45f8-ba25-371bc8ae2e3c.jpg","jetpack-related-posts":[{"id":25298,"url":"https:\/\/correiodasemana.com\/site\/educacao-e-cidadania-3\/","url_meta":{"origin":10494,"position":0},"title":"EDUCA\u00c7\u00c3O E CIDADANIA \u2022","author":"adminredacao","date":"Junho 19, 2023","format":false,"excerpt":"O Lixo e o Meio Ambiente O lixo sempre foi um problema s\u00e9rio para a humanidade por conta da m\u00e1 educa\u00e7\u00e3o do ser humano. Para solucionarmos esse problema ser\u00e1 atrav\u00e9s da coleta seletiva. Com a coleta seletiva o material pode ser reciclado e destinado corretamente ao seu devido lugar. Como\u2026","rel":"","context":"In &quot;Artigos&quot;","block_context":{"text":"Artigos","link":"https:\/\/correiodasemana.com\/site\/category\/artigos\/"},"img":{"alt_text":"","src":"https:\/\/i0.wp.com\/correiodasemana.com\/site\/wp-content\/uploads\/2022\/02\/Salmito-Campos-1-scaled.jpg?resize=350%2C200&ssl=1","width":350,"height":200,"srcset":"https:\/\/i0.wp.com\/correiodasemana.com\/site\/wp-content\/uploads\/2022\/02\/Salmito-Campos-1-scaled.jpg?resize=350%2C200&ssl=1 1x, https:\/\/i0.wp.com\/correiodasemana.com\/site\/wp-content\/uploads\/2022\/02\/Salmito-Campos-1-scaled.jpg?resize=525%2C300&ssl=1 1.5x, https:\/\/i0.wp.com\/correiodasemana.com\/site\/wp-content\/uploads\/2022\/02\/Salmito-Campos-1-scaled.jpg?resize=700%2C400&ssl=1 2x, https:\/\/i0.wp.com\/correiodasemana.com\/site\/wp-content\/uploads\/2022\/02\/Salmito-Campos-1-scaled.jpg?resize=1050%2C600&ssl=1 3x, https:\/\/i0.wp.com\/correiodasemana.com\/site\/wp-content\/uploads\/2022\/02\/Salmito-Campos-1-scaled.jpg?resize=1400%2C800&ssl=1 4x"},"classes":[]},{"id":10415,"url":"https:\/\/correiodasemana.com\/site\/o-mundo-frente-a-crise-ambiental\/","url_meta":{"origin":10494,"position":1},"title":"O MUNDO FRENTE \u00c0 CRISE AMBIENTAL","author":"","date":"Janeiro 13, 2020","format":false,"excerpt":"Constituiu-se uma preocupa\u00e7\u00e3o com a crise ambiental de n\u00edvel mundial. Ou seja, a degrada\u00e7\u00e3o do Meio Ambiente pelo ser humano. Menos por suas causas, mais por seus efeitos, a crescente deteriora\u00e7\u00e3o da qualidade de vida foi tema vivo no debate no \u201cAcordo de Paris\u201d, que teve como objetivo fortalecer a\u2026","rel":"","context":"In &quot;Artigos&quot;","block_context":{"text":"Artigos","link":"https:\/\/correiodasemana.com\/site\/category\/artigos\/"},"img":{"alt_text":"","src":"https:\/\/i0.wp.com\/correiodasemana.com\/site\/wp-content\/uploads\/2020\/01\/definicao-de-crise-ambiental-1.jpg?resize=350%2C200&ssl=1","width":350,"height":200,"srcset":"https:\/\/i0.wp.com\/correiodasemana.com\/site\/wp-content\/uploads\/2020\/01\/definicao-de-crise-ambiental-1.jpg?resize=350%2C200&ssl=1 1x, https:\/\/i0.wp.com\/correiodasemana.com\/site\/wp-content\/uploads\/2020\/01\/definicao-de-crise-ambiental-1.jpg?resize=525%2C300&ssl=1 1.5x"},"classes":[]},{"id":10113,"url":"https:\/\/correiodasemana.com\/site\/pontos-de-lixo-tem-reducao-de-75-em-sobral\/","url_meta":{"origin":10494,"position":2},"title":"Pontos de lixo t\u00eam redu\u00e7\u00e3o de 75% em Sobral","author":"","date":"Dezembro 9, 2019","format":false,"excerpt":"Em um per\u00edodo de dois anos, a Prefeitura Municipal de Sobral por meio da Secretaria de Servi\u00e7os P\u00fablicos (SESEP) reduziu 75% dos pontos de lixo. Em 2017, os n\u00fameros mostravam o equivalente a 380 pontos espalhados pelo munic\u00edpio. Atualmente s\u00e3o 112 pontos de lixos que, segundo o Coordenador de Limpeza,\u2026","rel":"","context":"In &quot;Atualidade&quot;","block_context":{"text":"Atualidade","link":"https:\/\/correiodasemana.com\/site\/category\/atualidade\/"},"img":{"alt_text":"","src":"https:\/\/i0.wp.com\/correiodasemana.com\/site\/wp-content\/uploads\/2019\/12\/TRFJ9-1.jpg?resize=350%2C200&ssl=1","width":350,"height":200,"srcset":"https:\/\/i0.wp.com\/correiodasemana.com\/site\/wp-content\/uploads\/2019\/12\/TRFJ9-1.jpg?resize=350%2C200&ssl=1 1x, https:\/\/i0.wp.com\/correiodasemana.com\/site\/wp-content\/uploads\/2019\/12\/TRFJ9-1.jpg?resize=525%2C300&ssl=1 1.5x, https:\/\/i0.wp.com\/correiodasemana.com\/site\/wp-content\/uploads\/2019\/12\/TRFJ9-1.jpg?resize=700%2C400&ssl=1 2x"},"classes":[]},{"id":12460,"url":"https:\/\/correiodasemana.com\/site\/metade-das-cidades-brasileiras-ainda-despeja-lixo-a-ceu-aberto-e-58-delas-nao-tem-sustentabilidade-financeira-para-tratar-os-residuos-revela-estudo\/","url_meta":{"origin":10494,"position":3},"title":"Metade das cidades brasileiras ainda despeja lixo a c\u00e9u aberto e 58% delas n\u00e3o t\u00eam sustentabilidade financeira para tratar os res\u00edduos, revela estudo","author":"","date":"Agosto 4, 2020","format":false,"excerpt":"Dez anos ap\u00f3s a promulga\u00e7\u00e3o da Pol\u00edtica Nacional de Res\u00edduos S\u00f3lidos, pa\u00eds ainda est\u00e1 longe de atingir as metas estabelecidas na lei H\u00e1 exatos dez anos, entrava em vigor em todo o territ\u00f3rio brasileiro a Pol\u00edtica Nacional de Res\u00edduos S\u00f3lidos, estabelecendo um prazo de quatro anos para os munic\u00edpios providenciarem\u2026","rel":"","context":"In &quot;Atualidade&quot;","block_context":{"text":"Atualidade","link":"https:\/\/correiodasemana.com\/site\/category\/atualidade\/"},"img":{"alt_text":"","src":"https:\/\/i0.wp.com\/correiodasemana.com\/site\/wp-content\/uploads\/2020\/08\/8yQjZ0ImN6InYu02bj5SYuFWblNXYk9WalJncvNGQvF2YhRWZypDO1MjM4cTN5cjOnVGcq5SM2MDNxgjNzIjMGJTJzIjMGJTJ3QjM1YkMlUjMwMTMf1SNx0yXt92YuIHct1SaGJTJGJTJBNTJwRHdopTO.jpg?resize=350%2C200&ssl=1","width":350,"height":200,"srcset":"https:\/\/i0.wp.com\/correiodasemana.com\/site\/wp-content\/uploads\/2020\/08\/8yQjZ0ImN6InYu02bj5SYuFWblNXYk9WalJncvNGQvF2YhRWZypDO1MjM4cTN5cjOnVGcq5SM2MDNxgjNzIjMGJTJzIjMGJTJ3QjM1YkMlUjMwMTMf1SNx0yXt92YuIHct1SaGJTJGJTJBNTJwRHdopTO.jpg?resize=350%2C200&ssl=1 1x, https:\/\/i0.wp.com\/correiodasemana.com\/site\/wp-content\/uploads\/2020\/08\/8yQjZ0ImN6InYu02bj5SYuFWblNXYk9WalJncvNGQvF2YhRWZypDO1MjM4cTN5cjOnVGcq5SM2MDNxgjNzIjMGJTJzIjMGJTJ3QjM1YkMlUjMwMTMf1SNx0yXt92YuIHct1SaGJTJGJTJBNTJwRHdopTO.jpg?resize=525%2C300&ssl=1 1.5x, https:\/\/i0.wp.com\/correiodasemana.com\/site\/wp-content\/uploads\/2020\/08\/8yQjZ0ImN6InYu02bj5SYuFWblNXYk9WalJncvNGQvF2YhRWZypDO1MjM4cTN5cjOnVGcq5SM2MDNxgjNzIjMGJTJzIjMGJTJ3QjM1YkMlUjMwMTMf1SNx0yXt92YuIHct1SaGJTJGJTJBNTJwRHdopTO.jpg?resize=700%2C400&ssl=1 2x, https:\/\/i0.wp.com\/correiodasemana.com\/site\/wp-content\/uploads\/2020\/08\/8yQjZ0ImN6InYu02bj5SYuFWblNXYk9WalJncvNGQvF2YhRWZypDO1MjM4cTN5cjOnVGcq5SM2MDNxgjNzIjMGJTJzIjMGJTJ3QjM1YkMlUjMwMTMf1SNx0yXt92YuIHct1SaGJTJGJTJBNTJwRHdopTO.jpg?resize=1050%2C600&ssl=1 3x"},"classes":[]},{"id":29143,"url":"https:\/\/correiodasemana.com\/site\/o-que-e-a-taxa-de-lixo\/","url_meta":{"origin":10494,"position":4},"title":"O que \u00e9 a taxa de lixo?","author":"adminredacao","date":"Maio 6, 2024","format":false,"excerpt":"A taxa de lixo \u00e9 um tributo municipal obrigat\u00f3rio criado para custear o servi\u00e7o do munic\u00edpio de coleta de lixo. Sua cobran\u00e7a est\u00e1 prevista em lei da esfera federal. Geralmente, o valor \u00e9 cobrado junto com o\u00a0IPTU\u00a0e, assim como esse imposto, sua base de c\u00e1lculo est\u00e1 relacionada \u00e0 \u00e1rea do\u2026","rel":"","context":"In &quot;Atualidade&quot;","block_context":{"text":"Atualidade","link":"https:\/\/correiodasemana.com\/site\/category\/atualidade\/"},"img":{"alt_text":"","src":"https:\/\/i0.wp.com\/correiodasemana.com\/site\/wp-content\/uploads\/2024\/05\/taxa-lixo-fortaleza.webp?resize=350%2C200&ssl=1","width":350,"height":200,"srcset":"https:\/\/i0.wp.com\/correiodasemana.com\/site\/wp-content\/uploads\/2024\/05\/taxa-lixo-fortaleza.webp?resize=350%2C200&ssl=1 1x, https:\/\/i0.wp.com\/correiodasemana.com\/site\/wp-content\/uploads\/2024\/05\/taxa-lixo-fortaleza.webp?resize=525%2C300&ssl=1 1.5x, https:\/\/i0.wp.com\/correiodasemana.com\/site\/wp-content\/uploads\/2024\/05\/taxa-lixo-fortaleza.webp?resize=700%2C400&ssl=1 2x"},"classes":[]},{"id":13077,"url":"https:\/\/correiodasemana.com\/site\/corpo-de-bombeiros-debela-19-incendios-em-vegetacao-num-periodo-de-24-horas-em-sobral-2\/","url_meta":{"origin":10494,"position":5},"title":"Corpo de Bombeiros debela 19 inc\u00eandios em vegeta\u00e7\u00e3o num per\u00edodo de 24 horas em Sobral","author":"","date":"Agosto 24, 2020","format":false,"excerpt":"Foram 17 chamados para inc\u00eandio em vegeta\u00e7\u00e3o e duas ocorr\u00eancias de inc\u00eandio em monturo O Corpo de Bombeiros Militar do Estado do Cear\u00e1 (CBMCE), por meio da 1\u00aa Companhia do 3\u00ba Batalh\u00e3o de Bombeiro Militar (1\u00aa Cia\/3\u00ba BBM), sediado em Sobral, atuou em 19 ocorr\u00eancias de inc\u00eandios num per\u00edodo de\u2026","rel":"","context":"In &quot;Atualidade&quot;","block_context":{"text":"Atualidade","link":"https:\/\/correiodasemana.com\/site\/category\/atualidade\/"},"img":{"alt_text":"","src":"https:\/\/i0.wp.com\/correiodasemana.com\/site\/wp-content\/uploads\/2020\/08\/WhatsApp-Image-2020-08-20-at-13.31.42.jpeg?resize=350%2C200&ssl=1","width":350,"height":200,"srcset":"https:\/\/i0.wp.com\/correiodasemana.com\/site\/wp-content\/uploads\/2020\/08\/WhatsApp-Image-2020-08-20-at-13.31.42.jpeg?resize=350%2C200&ssl=1 1x, https:\/\/i0.wp.com\/correiodasemana.com\/site\/wp-content\/uploads\/2020\/08\/WhatsApp-Image-2020-08-20-at-13.31.42.jpeg?resize=525%2C300&ssl=1 1.5x"},"classes":[]}],"jetpack_sharing_enabled":true,"_links":{"self":[{"href":"https:\/\/correiodasemana.com\/site\/wp-json\/wp\/v2\/posts\/10494","targetHints":{"allow":["GET"]}}],"collection":[{"href":"https:\/\/correiodasemana.com\/site\/wp-json\/wp\/v2\/posts"}],"about":[{"href":"https:\/\/correiodasemana.com\/site\/wp-json\/wp\/v2\/types\/post"}],"author":[{"embeddable":true,"href":"https:\/\/correiodasemana.com\/site\/wp-json\/wp\/v2\/users\/1"}],"replies":[{"embeddable":true,"href":"https:\/\/correiodasemana.com\/site\/wp-json\/wp\/v2\/comments?post=10494"}],"version-history":[{"count":1,"href":"https:\/\/correiodasemana.com\/site\/wp-json\/wp\/v2\/posts\/10494\/revisions"}],"predecessor-version":[{"id":10496,"href":"https:\/\/correiodasemana.com\/site\/wp-json\/wp\/v2\/posts\/10494\/revisions\/10496"}],"wp:featuredmedia":[{"embeddable":true,"href":"https:\/\/correiodasemana.com\/site\/wp-json\/wp\/v2\/media\/10495"}],"wp:attachment":[{"href":"https:\/\/correiodasemana.com\/site\/wp-json\/wp\/v2\/media?parent=10494"}],"wp:term":[{"taxonomy":"category","embeddable":true,"href":"https:\/\/correiodasemana.com\/site\/wp-json\/wp\/v2\/categories?post=10494"},{"taxonomy":"post_tag","embeddable":true,"href":"https:\/\/correiodasemana.com\/site\/wp-json\/wp\/v2\/tags?post=10494"}],"curies":[{"name":"wp","href":"https:\/\/api.w.org\/{rel}","templated":true}]}}