{"id":10516,"date":"2020-01-22T04:04:42","date_gmt":"2020-01-22T04:04:42","guid":{"rendered":"https:\/\/correiodasemana.com\/site\/?p=10516"},"modified":"2020-01-22T04:04:42","modified_gmt":"2020-01-22T04:04:42","slug":"panorama-politico-28","status":"publish","type":"post","link":"https:\/\/correiodasemana.com\/site\/panorama-politico-28\/","title":{"rendered":"Panorama Pol\u00edtico"},"content":{"rendered":"<p><strong>Estudante da Rede P\u00fablica Municipal de Sobral \u00e9 aprovado em primeiro lugar no ITA<\/strong><br \/>\nA Rede P\u00fablica Municipal de Sobral come\u00e7a a dar frutos. Ap\u00f3s ter estudantes aprovados em Medicina, Psicologia e Engenharia, agora, um ex-aluno da Rede Municipal foi aprovado em dois dos vestibulares mais dif\u00edceis do Brasil. Marcos Folone foi aprovado no Instituto Militar de Engenharia (IME) e em primeiro lugar do Brasil no Instituto Tecnol\u00f3gicos de Aeron\u00e1utica (ita). Marcos estudou nas escolas Em\u00edlio Sendim, Jos\u00e9 da Mata, Professor Gerardo Rodrigues e Col\u00e9gio Sobralense de Tempo Integral Maria Dorilene Arruda Arag\u00e3o. O prefeito Ivo Gomes recebeu em seu gabinete, juntamente com o secret\u00e1rio de Educa\u00e7\u00e3o, Herbert Lima, o estudante, Marcos Folone, acompanhado de seus professores, do diretor, Pedro Grandison e dos colegas de turma Jeferson Francisco e Levi Rodrigues, hoje, estudante dos cursos de F\u00edsica da IFCE e Engenharia El\u00e9trica da UFC.<\/p>\n<p><strong>Cid Gomes e Le\u00f4nidas Cristino fecham apoio \u00e0 reelei\u00e7\u00e3o de Fonteles, em Meruoca<\/strong><br \/>\nSegunda-feira, dia 13, o Senador Cid Gomes, acompanhado do deputado federal Le\u00f4nidas Cristino, na Serra da Meruoca, o prefeito de Meruoca, Fonteles, que estava acompanhado do seu vice prefeito, Rubinho da Boa Vista, do presidente da C\u00e2mara Municipal, Mard\u00f4nio Cavalcante, dos vereadores Mauricio Sanford, Genival do Anil e Z\u00e9 Maria, al\u00e9m do chefe de gabinete, Jota Edson. Na oportunidade foi fechado um arco de alian\u00e7as entre os partidos PP, PSB, PDT, PCdoB e PTB, a,m apoio a pr\u00e9-candidatura a reelei\u00e7\u00e3o em dois 2020 do prefeito Fonteles. O Conselho Municipal dos Direitos da Crian\u00e7a e do Adolescente e Gestor municipal empossou os novos conselheiros tutelares de Meruoca, em solenidade onde foram entregues diplomas e certificados de posse. Os cinco novos conselheiros foram eleitos em outubro de 2019, atrav\u00e9s do voto popular, com objetivo de atuarem na luta pela defesa e garantia dos direitos da crian\u00e7a e do adolescentes no quadri\u00eanio 2020\/2014.<\/p>\n<p><strong>Prefeito Jacson Albuquerque garante mobilidade para a comunidade do Sitio Socorro<\/strong><br \/>\nCom a chegada do per\u00edodo invernoso em Massap\u00ea, a comunidade do S\u00edtio Socorro n\u00e3o precisar\u00e1 mais se preocupar com as dificuldades de tr\u00e1fegos de ve\u00edculos e pedestres naquela regi\u00e3o, isso porque, a constru\u00e7\u00e3o da nova passagem-molhada j\u00e1 est\u00e1 garantindo a mobilidade daquela popula\u00e7\u00e3o. O prefeito Jacson Albuquerque, est\u00e1 empenhado de garantir obras de recursos para as comunidades mais long\u00ednquas do munic\u00edpio como \u00e9 o caso das pavimenta\u00e7\u00f5es e passagens-molhadas com o intuito de garantir uma melhor qualidade de vida aos mun\u00edcipes desta regi\u00e3o. Tudo isso \u00e9 um compromisso da gest\u00e3o de Jacson Albuquerque. O prefeito Jacson Albuquerque, em demonstra\u00e7\u00e3o de respeito \u00e0 popula\u00e7\u00e3o massapeense tem mantido em dia o pagamento do funcionalismos e fornecedores da prefeitura.<\/p>\n<p><strong>Vereador Joaquim Feij\u00e3o continua trabalhando fortemente em favor da popula\u00e7\u00e3o<\/strong><br \/>\nA primeira reuni\u00e3o, ou melhor, as duas primeiras, o vereador Joaquim esteve reunido com o chefe de gabinete, David Duarte, o assessor especial Alexandre Cunha e o l\u00edder do governo municipal Vereador Itamar Ribeiro. Na pauta a reforma e amplia\u00e7\u00e3o do posto de sa\u00fade do Bonfim; Reforma no distrito de Caracar\u00e1; Constru\u00e7\u00e3o de um anexo do posto de sa\u00fade na localidade da V\u00e1rzea da Pedra; Reforma do Anexo da escola na localidade da Emasa, dentre outros. Em segunda o vereador Joaquim Feij\u00e3o se dirigiu ao SAAE, onde foi atendendo pelo diretor Edmundo Rodrigues Junior, para refor\u00e7ar o pedido tamb\u00e9m tratado com o chefe de gabinete, da constru\u00e7\u00e3o de uma rede h\u00eddrica que levar\u00e1 \u00e1gua do s Patros ao distrito de Caracar\u00e1 e a localidade de Sabonete. Finalizou o vereador Joaquim que o projeto est\u00e1 pronto para sua execu\u00e7\u00e3o.<\/p>\n","protected":false},"excerpt":{"rendered":"<p>Estudante da Rede P\u00fablica Municipal de Sobral \u00e9 aprovado em primeiro lugar no ITA A&#8230;<\/p>\n","protected":false},"author":1,"featured_media":9285,"comment_status":"open","ping_status":"open","sticky":false,"template":"","format":"standard","meta":{"_jetpack_memberships_contains_paid_content":false,"footnotes":"","jetpack_publicize_message":"","jetpack_publicize_feature_enabled":true,"jetpack_social_post_already_shared":true,"jetpack_social_options":{"image_generator_settings":{"template":"highway","default_image_id":0,"font":"","enabled":false},"version":2}},"categories":[11,46],"tags":[],"class_list":["post-10516","post","type-post","status-publish","format-standard","has-post-thumbnail","hentry","category-artigos","category-panorama-politico"],"jetpack_publicize_connections":[],"jetpack_featured_media_url":"https:\/\/correiodasemana.com\/site\/wp-content\/uploads\/2019\/09\/camara-de-sobral.jpeg","jetpack-related-posts":[{"id":22265,"url":"https:\/\/correiodasemana.com\/site\/aos-14-anos-estudante-do-ceara-e-o-mais-jovem-aprovado-na-historia-do-ita\/","url_meta":{"origin":10516,"position":0},"title":"Aos 14 anos, estudante do Cear\u00e1 \u00e9 o mais jovem aprovado na hist\u00f3ria do ITA","author":"","date":"Dezembro 15, 2022","format":false,"excerpt":"O estudante de uma escola de Fortaleza, Caio Temponi, 14 anos, conquistou nesta quarta-feira, 14, o t\u00edtulo de pessoa mais jovem aprovada na hist\u00f3ria do Instituto Brasileiro de Aeron\u00e1utica (ITA), que tem uma das mais dif\u00edceis e concorridas provas do Pa\u00eds. O aluno inclusive recebeu homenagens do professor Anderson Correia,\u2026","rel":"","context":"In &quot;Atualidade&quot;","block_context":{"text":"Atualidade","link":"https:\/\/correiodasemana.com\/site\/category\/atualidade\/"},"img":{"alt_text":"","src":"https:\/\/i0.wp.com\/correiodasemana.com\/site\/wp-content\/uploads\/2022\/12\/1_whatsapp_image_2022_12_14_at_6_01_26_pm-20541062.jpeg?resize=350%2C200&ssl=1","width":350,"height":200,"srcset":"https:\/\/i0.wp.com\/correiodasemana.com\/site\/wp-content\/uploads\/2022\/12\/1_whatsapp_image_2022_12_14_at_6_01_26_pm-20541062.jpeg?resize=350%2C200&ssl=1 1x, https:\/\/i0.wp.com\/correiodasemana.com\/site\/wp-content\/uploads\/2022\/12\/1_whatsapp_image_2022_12_14_at_6_01_26_pm-20541062.jpeg?resize=525%2C300&ssl=1 1.5x, https:\/\/i0.wp.com\/correiodasemana.com\/site\/wp-content\/uploads\/2022\/12\/1_whatsapp_image_2022_12_14_at_6_01_26_pm-20541062.jpeg?resize=700%2C400&ssl=1 2x"},"classes":[]},{"id":28002,"url":"https:\/\/correiodasemana.com\/site\/alunos-do-farias-brito-embarcam-para-o-ita\/","url_meta":{"origin":10516,"position":1},"title":"Alunos do Farias Brito embarcam para o ITA","author":"adminredacao","date":"Janeiro 8, 2024","format":false,"excerpt":"Na sexta-feira (05), 33 alunos da Organiza\u00e7\u00e3o Educacional Farias Brito, aprovados em 2023 no Instituto Tecnol\u00f3gico de Aeron\u00e1utica (ITA), embarcaram rumo \u00e0 sede em S\u00e3o Jos\u00e9 dos Campos (SP) para efetuarem suas matr\u00edculas. A equipe pedag\u00f3gica acompanha essa jornada. O Farias Brito organizar\u00e1 um encontro especial no local, reunindo alunos,\u2026","rel":"","context":"In &quot;Atualidade&quot;","block_context":{"text":"Atualidade","link":"https:\/\/correiodasemana.com\/site\/category\/atualidade\/"},"img":{"alt_text":"","src":"https:\/\/i0.wp.com\/correiodasemana.com\/site\/wp-content\/uploads\/2024\/01\/dfff.jpg?resize=350%2C200&ssl=1","width":350,"height":200,"srcset":"https:\/\/i0.wp.com\/correiodasemana.com\/site\/wp-content\/uploads\/2024\/01\/dfff.jpg?resize=350%2C200&ssl=1 1x, https:\/\/i0.wp.com\/correiodasemana.com\/site\/wp-content\/uploads\/2024\/01\/dfff.jpg?resize=525%2C300&ssl=1 1.5x"},"classes":[]},{"id":10532,"url":"https:\/\/correiodasemana.com\/site\/em-tempo-27\/","url_meta":{"origin":10516,"position":2},"title":"Em Tempo","author":"","date":"Janeiro 22, 2020","format":false,"excerpt":"UFC oferta 6.288 vagas no Sisu A Universidade Federal do Cear\u00e1 (UFC) ofertar\u00e1\u00a06.288 vagas em 110 cursos de gradua\u00e7\u00e3o presencial\u00a0em seus campi de Fortaleza, Sobral, Quixad\u00e1, Russas e Crate\u00fas, por meio do Sistema de Sele\u00e7\u00e3o Unificada (Sisu).\u00a0As inscri\u00e7\u00f5es ocorrer\u00e3o de 21 a 24 de janeiro. O resultado da chamada ser\u00e1\u2026","rel":"","context":"In &quot;Artigos&quot;","block_context":{"text":"Artigos","link":"https:\/\/correiodasemana.com\/site\/category\/artigos\/"},"img":{"alt_text":"","src":"https:\/\/i0.wp.com\/correiodasemana.com\/site\/wp-content\/uploads\/2020\/01\/image-1024x576-1.jpeg?resize=350%2C200&ssl=1","width":350,"height":200,"srcset":"https:\/\/i0.wp.com\/correiodasemana.com\/site\/wp-content\/uploads\/2020\/01\/image-1024x576-1.jpeg?resize=350%2C200&ssl=1 1x, https:\/\/i0.wp.com\/correiodasemana.com\/site\/wp-content\/uploads\/2020\/01\/image-1024x576-1.jpeg?resize=525%2C300&ssl=1 1.5x, https:\/\/i0.wp.com\/correiodasemana.com\/site\/wp-content\/uploads\/2020\/01\/image-1024x576-1.jpeg?resize=700%2C400&ssl=1 2x"},"classes":[]},{"id":18672,"url":"https:\/\/correiodasemana.com\/site\/em-tempo-117\/","url_meta":{"origin":10516,"position":3},"title":"Em Tempo","author":"","date":"Janeiro 24, 2022","format":false,"excerpt":"Destaque no Vestibular ITA 2022 O Cear\u00e1 retoma o primeiro lugar entre os estados brasileiros com o maior n\u00famero de alunos aprovados no Instituto Tecnol\u00f3gico de Aeron\u00e1utica (ITA). Depois de ficar em segundo lugar nos \u00faltimos tr\u00eas anos, os estudantes de escolas cearenses acumularam 61 aprova\u00e7\u00f5es na segunda fase do\u2026","rel":"","context":"In &quot;Artigos&quot;","block_context":{"text":"Artigos","link":"https:\/\/correiodasemana.com\/site\/category\/artigos\/"},"img":{"alt_text":"","src":"https:\/\/i0.wp.com\/correiodasemana.com\/site\/wp-content\/uploads\/2022\/01\/Elis-Regina-na-capa-do-disco-Em-Pleno-Ver-o-1970-300x169.jpg?resize=350%2C200&ssl=1","width":350,"height":200},"classes":[]},{"id":32389,"url":"https:\/\/correiodasemana.com\/site\/prefeitura-de-sobral-da-posse-a-277-novos-professores-aprovados-em-concurso-publico\/","url_meta":{"origin":10516,"position":4},"title":"Prefeitura de Sobral d\u00e1 posse a 277 novos professores aprovados em concurso p\u00fablico","author":"adminredacao","date":"Fevereiro 4, 2025","format":false,"excerpt":"A Prefeitura de Sobral, por meio da Secretaria Municipal da Educa\u00e7\u00e3o, realizou nesta ter\u00e7a-feira (28\/01) a posse de 227 novos professores aprovados no concurso p\u00fablico n\u00ba 01\/2023. A solenidade aconteceu no Centro de Conven\u00e7\u00f5es de Sobral, onde os profissionais assinaram o termo de posse e foram oficialmente integrados ao quadro\u2026","rel":"","context":"In &quot;Atualidade&quot;","block_context":{"text":"Atualidade","link":"https:\/\/correiodasemana.com\/site\/category\/atualidade\/"},"img":{"alt_text":"","src":"https:\/\/i0.wp.com\/correiodasemana.com\/site\/wp-content\/uploads\/2025\/02\/475699216_18376326610117998_2942649156099951002_n.jpg?resize=350%2C200&ssl=1","width":350,"height":200,"srcset":"https:\/\/i0.wp.com\/correiodasemana.com\/site\/wp-content\/uploads\/2025\/02\/475699216_18376326610117998_2942649156099951002_n.jpg?resize=350%2C200&ssl=1 1x, https:\/\/i0.wp.com\/correiodasemana.com\/site\/wp-content\/uploads\/2025\/02\/475699216_18376326610117998_2942649156099951002_n.jpg?resize=525%2C300&ssl=1 1.5x, https:\/\/i0.wp.com\/correiodasemana.com\/site\/wp-content\/uploads\/2025\/02\/475699216_18376326610117998_2942649156099951002_n.jpg?resize=700%2C400&ssl=1 2x, https:\/\/i0.wp.com\/correiodasemana.com\/site\/wp-content\/uploads\/2025\/02\/475699216_18376326610117998_2942649156099951002_n.jpg?resize=1050%2C600&ssl=1 3x, https:\/\/i0.wp.com\/correiodasemana.com\/site\/wp-content\/uploads\/2025\/02\/475699216_18376326610117998_2942649156099951002_n.jpg?resize=1400%2C800&ssl=1 4x"},"classes":[]},{"id":10776,"url":"https:\/\/correiodasemana.com\/site\/estudante-natural-de-comunidade-rural-de-meruoca-e-aprovada-em-1o-lugar-no-curso-de-engenharia-da-computacao-na-ufc\/","url_meta":{"origin":10516,"position":5},"title":"Estudante natural de comunidade rural de Meruoca \u00e9 aprovada em 1\u00ba lugar no curso de Engenharia da Computa\u00e7\u00e3o na UFC","author":"","date":"Fevereiro 10, 2020","format":false,"excerpt":"Por Marciley Salles Jovem de f\u00e9, esfor\u00e7ada e inteligente, estas s\u00e3o algumas caracter\u00edsticas de Leidiane Pereira de Souza, aprovada em primeiro lugar no Curso de Engenharia da Computa\u00e7\u00e3o na UFC pelo Enem 2019. Filha da dona de casa Expedita Pereira e do pedreiro Felizardo de Souza, natural do S\u00edtio S\u00e3o\u2026","rel":"","context":"In &quot;Atualidade&quot;","block_context":{"text":"Atualidade","link":"https:\/\/correiodasemana.com\/site\/category\/atualidade\/"},"img":{"alt_text":"","src":"https:\/\/i0.wp.com\/correiodasemana.com\/site\/wp-content\/uploads\/2020\/02\/83268101_818954978621313_5331394079060131840_n.jpg?resize=350%2C200&ssl=1","width":350,"height":200,"srcset":"https:\/\/i0.wp.com\/correiodasemana.com\/site\/wp-content\/uploads\/2020\/02\/83268101_818954978621313_5331394079060131840_n.jpg?resize=350%2C200&ssl=1 1x, https:\/\/i0.wp.com\/correiodasemana.com\/site\/wp-content\/uploads\/2020\/02\/83268101_818954978621313_5331394079060131840_n.jpg?resize=525%2C300&ssl=1 1.5x, https:\/\/i0.wp.com\/correiodasemana.com\/site\/wp-content\/uploads\/2020\/02\/83268101_818954978621313_5331394079060131840_n.jpg?resize=700%2C400&ssl=1 2x"},"classes":[]}],"jetpack_sharing_enabled":true,"_links":{"self":[{"href":"https:\/\/correiodasemana.com\/site\/wp-json\/wp\/v2\/posts\/10516","targetHints":{"allow":["GET"]}}],"collection":[{"href":"https:\/\/correiodasemana.com\/site\/wp-json\/wp\/v2\/posts"}],"about":[{"href":"https:\/\/correiodasemana.com\/site\/wp-json\/wp\/v2\/types\/post"}],"author":[{"embeddable":true,"href":"https:\/\/correiodasemana.com\/site\/wp-json\/wp\/v2\/users\/1"}],"replies":[{"embeddable":true,"href":"https:\/\/correiodasemana.com\/site\/wp-json\/wp\/v2\/comments?post=10516"}],"version-history":[{"count":1,"href":"https:\/\/correiodasemana.com\/site\/wp-json\/wp\/v2\/posts\/10516\/revisions"}],"predecessor-version":[{"id":10517,"href":"https:\/\/correiodasemana.com\/site\/wp-json\/wp\/v2\/posts\/10516\/revisions\/10517"}],"wp:featuredmedia":[{"embeddable":true,"href":"https:\/\/correiodasemana.com\/site\/wp-json\/wp\/v2\/media\/9285"}],"wp:attachment":[{"href":"https:\/\/correiodasemana.com\/site\/wp-json\/wp\/v2\/media?parent=10516"}],"wp:term":[{"taxonomy":"category","embeddable":true,"href":"https:\/\/correiodasemana.com\/site\/wp-json\/wp\/v2\/categories?post=10516"},{"taxonomy":"post_tag","embeddable":true,"href":"https:\/\/correiodasemana.com\/site\/wp-json\/wp\/v2\/tags?post=10516"}],"curies":[{"name":"wp","href":"https:\/\/api.w.org\/{rel}","templated":true}]}}