{"id":10518,"date":"2020-01-22T04:05:52","date_gmt":"2020-01-22T04:05:52","guid":{"rendered":"https:\/\/correiodasemana.com\/site\/?p=10518"},"modified":"2020-01-22T04:05:52","modified_gmt":"2020-01-22T04:05:52","slug":"complexo-santa-casa-de-misericordia-de-sobral-lanca-projeto-gestao-por-competencias-visando-melhoria-dos-processos-internos-do-hospital","status":"publish","type":"post","link":"https:\/\/correiodasemana.com\/site\/complexo-santa-casa-de-misericordia-de-sobral-lanca-projeto-gestao-por-competencias-visando-melhoria-dos-processos-internos-do-hospital\/","title":{"rendered":"Complexo Santa Casa de Miseric\u00f3rdia de Sobral lan\u00e7a projeto Gest\u00e3o por Compet\u00eancias visando melhoria dos processos internos do hospital"},"content":{"rendered":"<p>Assessoria de Comunica\u00e7\u00e3o do Complexo Santa Casa de Miseric\u00f3rdia de Sobral<br \/>\nO Complexo Santa Casa de Miseric\u00f3rdia de Sobral (SCMS) lan\u00e7ou, na ter\u00e7a-feira (14\/01), o projeto Gest\u00e3o por Compet\u00eancias. O objetivo da a\u00e7\u00e3o \u00e9 possibilitar ao hospital uma melhor gest\u00e3o de seus Recursos Humanos, bem como possibilitar o desenvolvimento de pessoas. A nova ferramenta fornecer\u00e1 aos gestores uma forma pr\u00e1tica de gerir e desenvolver a produ\u00e7\u00e3o de seus colaboradores continuamente e de forma homog\u00eanea, no intuito de estabelecer uma cultura organizacional e melhorar ainda mais a assist\u00eancia hospitalar.<br \/>\nA ocasi\u00e3o contou com a presen\u00e7a do provedor do Hospital e bispo diocesano de Sobral, Dom Vasconcelos; o diretor-geral da SCMS, Klebson Carvalho; o diretor t\u00e9cnico, Dr. S\u00e1vio Arcanjo; o diretor t\u00e9cnico do Hospital do Cora\u00e7\u00e3o, Dr. David Carneiro Neto; o diretor administrativo do Visconde Hotel, Pe. Bosco Linhares; a diretora do Abrigo Sagrado Cora\u00e7\u00e3o de Jesus, Maria Eliane de Oliveira; o diretor do Departamento de Ensino, Pesquisa e Extens\u00e3o (DEPE), Prof. Vicente Pinto; e a consultora da Fator RH, Elisabeth Alves.<br \/>\n\u201cVamos trabalhar com foco no resultado e com meritocracia para assim termos a capacidade de medir os resultados dos nossos funcion\u00e1rios, fazendo isto com crit\u00e9rios e clareza\u201d, disse o diretor-geral da SCMS, Klebson Carvalho.<\/p>\n","protected":false},"excerpt":{"rendered":"<p>Assessoria de Comunica\u00e7\u00e3o do Complexo Santa Casa de Miseric\u00f3rdia de Sobral O Complexo Santa Casa&#8230;<\/p>\n","protected":false},"author":1,"featured_media":10519,"comment_status":"open","ping_status":"open","sticky":false,"template":"","format":"standard","meta":{"_jetpack_memberships_contains_paid_content":false,"footnotes":"","jetpack_publicize_message":"","jetpack_publicize_feature_enabled":true,"jetpack_social_post_already_shared":true,"jetpack_social_options":{"image_generator_settings":{"template":"highway","default_image_id":0,"font":"","enabled":false},"version":2}},"categories":[3,52],"tags":[],"class_list":["post-10518","post","type-post","status-publish","format-standard","has-post-thumbnail","hentry","category-santa-casa","category-saude"],"jetpack_publicize_connections":[],"jetpack_featured_media_url":"https:\/\/correiodasemana.com\/site\/wp-content\/uploads\/2020\/01\/IMG_9397-scaled.jpg","jetpack-related-posts":[{"id":15406,"url":"https:\/\/correiodasemana.com\/site\/feedback-de-orientacao-e-tema-de-treinamento-do-projeto-gestao-por-competencias-no-complexo-santa-casa-de-misericordia-de-sobral\/","url_meta":{"origin":10518,"position":0},"title":"Feedback de Orienta\u00e7\u00e3o \u00e9 tema de treinamento do Projeto Gest\u00e3o por Compet\u00eancias no Complexo Santa Casa de Miseric\u00f3rdia de Sobral","author":"","date":"Janeiro 18, 2021","format":false,"excerpt":"Projeto visa possibilitar \u00e0 institui\u00e7\u00e3o uma melhor gest\u00e3o de seus Recursos Humanos, bem como o desenvolvimento de profissionais nos diversos servi\u00e7os. Ascom Complexo SCMS Com o intuito de dar continuidade ao Projeto Gest\u00e3o por Compet\u00eancias no Complexo Santa Casa de Miseric\u00f3rdia de Sobral, coordenadores de diversos servi\u00e7os do Hospital Santa\u2026","rel":"","context":"In &quot;Atualidade&quot;","block_context":{"text":"Atualidade","link":"https:\/\/correiodasemana.com\/site\/category\/atualidade\/"},"img":{"alt_text":"","src":"https:\/\/i0.wp.com\/correiodasemana.com\/site\/wp-content\/uploads\/2021\/01\/Foto-1-scaled.jpg?resize=350%2C200&ssl=1","width":350,"height":200,"srcset":"https:\/\/i0.wp.com\/correiodasemana.com\/site\/wp-content\/uploads\/2021\/01\/Foto-1-scaled.jpg?resize=350%2C200&ssl=1 1x, https:\/\/i0.wp.com\/correiodasemana.com\/site\/wp-content\/uploads\/2021\/01\/Foto-1-scaled.jpg?resize=525%2C300&ssl=1 1.5x, https:\/\/i0.wp.com\/correiodasemana.com\/site\/wp-content\/uploads\/2021\/01\/Foto-1-scaled.jpg?resize=700%2C400&ssl=1 2x, https:\/\/i0.wp.com\/correiodasemana.com\/site\/wp-content\/uploads\/2021\/01\/Foto-1-scaled.jpg?resize=1050%2C600&ssl=1 3x, https:\/\/i0.wp.com\/correiodasemana.com\/site\/wp-content\/uploads\/2021\/01\/Foto-1-scaled.jpg?resize=1400%2C800&ssl=1 4x"},"classes":[]},{"id":9955,"url":"https:\/\/correiodasemana.com\/site\/santa-casa-de-misericordia-de-sobral-implanta-novo-modelo-de-gestao-por-competencia-e-envolve-funcionarios-em-capacitacoes\/","url_meta":{"origin":10518,"position":1},"title":"Santa Casa de Miseric\u00f3rdia de Sobral implanta novo modelo de gest\u00e3o por compet\u00eancia e envolve funcion\u00e1rios em capacita\u00e7\u00f5es","author":"","date":"Novembro 27, 2019","format":false,"excerpt":"Assessoria de Comunica\u00e7\u00e3o da Santa Casa de Miseric\u00f3rdia de Sobral A Santa Casa de Miseric\u00f3rdia de Sobral (SCMS) deu in\u00edcio a implanta\u00e7\u00e3o do novo modelo de gest\u00e3o por compet\u00eancia. Por isso, de 18 a 20 de novembro, a Fator RH por meio do Departamento de Ensino, Pesquisa e Extens\u00e3o (DEPE),\u2026","rel":"","context":"In &quot;Atualidade&quot;","block_context":{"text":"Atualidade","link":"https:\/\/correiodasemana.com\/site\/category\/atualidade\/"},"img":{"alt_text":"","src":"https:\/\/i0.wp.com\/correiodasemana.com\/site\/wp-content\/uploads\/2019\/11\/SCMS.jpg?resize=350%2C200&ssl=1","width":350,"height":200,"srcset":"https:\/\/i0.wp.com\/correiodasemana.com\/site\/wp-content\/uploads\/2019\/11\/SCMS.jpg?resize=350%2C200&ssl=1 1x, https:\/\/i0.wp.com\/correiodasemana.com\/site\/wp-content\/uploads\/2019\/11\/SCMS.jpg?resize=525%2C300&ssl=1 1.5x, https:\/\/i0.wp.com\/correiodasemana.com\/site\/wp-content\/uploads\/2019\/11\/SCMS.jpg?resize=700%2C400&ssl=1 2x, https:\/\/i0.wp.com\/correiodasemana.com\/site\/wp-content\/uploads\/2019\/11\/SCMS.jpg?resize=1050%2C600&ssl=1 3x, https:\/\/i0.wp.com\/correiodasemana.com\/site\/wp-content\/uploads\/2019\/11\/SCMS.jpg?resize=1400%2C800&ssl=1 4x"},"classes":[]},{"id":19846,"url":"https:\/\/correiodasemana.com\/site\/complexo-santa-casa-de-sobral-inicia-primeiro-ciclo-de-avaliacao-de-desempenho-do-programa-gestao-por-competencias\/","url_meta":{"origin":10518,"position":2},"title":"Complexo Santa Casa de Sobral inicia primeiro ciclo de avalia\u00e7\u00e3o de desempenho do Programa Gest\u00e3o por Compet\u00eancias","author":"","date":"Maio 26, 2022","format":false,"excerpt":"Ascom Complexo SCMS O Complexo Santa Casa de Miseric\u00f3rdia de Sobral, por meio do Setor de Recursos Humanos, realizou na sexta-feira (13\/05) a cerim\u00f4nia de abertura do 1\u00ba Ciclo de Avalia\u00e7\u00f5es de Desempenho no ano de 2022 do Programa Gest\u00e3o por Compet\u00eancias, que\u00a0fornece aos gestores uma forma pr\u00e1tica de gerir\u2026","rel":"","context":"In &quot;Atualidade&quot;","block_context":{"text":"Atualidade","link":"https:\/\/correiodasemana.com\/site\/category\/atualidade\/"},"img":{"alt_text":"","src":"https:\/\/i0.wp.com\/correiodasemana.com\/site\/wp-content\/uploads\/2022\/05\/sta-casa-3.jpg?resize=350%2C200&ssl=1","width":350,"height":200},"classes":[]},{"id":9709,"url":"https:\/\/correiodasemana.com\/site\/lancamento-de-anuario-2018-da-santa-casa-de-misericordia-de-sobral-reune-comerciantes-e-imprensa-na-cdl\/","url_meta":{"origin":10518,"position":3},"title":"Lan\u00e7amento de Anu\u00e1rio 2018 da Santa Casa de Miseric\u00f3rdia de Sobral re\u00fane comerciantes e imprensa na CDL","author":"","date":"Novembro 4, 2019","format":false,"excerpt":"Visando a transpar\u00eancia, uma das caracter\u00edsticas dos princ\u00edpios fundamentais da nova gest\u00e3o, a Santa Casa de Miseric\u00f3rdia de Sobral (SCMS) lan\u00e7ou, nesta quinta-feira (31\/10), a revista Anu\u00e1rio 2018. O evento foi realizado na C\u00e2mara dos Dirigentes Lojistas (CDL) de Sobral. Esta edi\u00e7\u00e3o apresenta as a\u00e7\u00f5es relacionadas \u00e0 assist\u00eancia prestada pelo\u2026","rel":"","context":"In &quot;Santa Casa&quot;","block_context":{"text":"Santa Casa","link":"https:\/\/correiodasemana.com\/site\/category\/santa-casa\/"},"img":{"alt_text":"","src":"https:\/\/i0.wp.com\/correiodasemana.com\/site\/wp-content\/uploads\/2019\/11\/1-1.jpg?resize=350%2C200&ssl=1","width":350,"height":200,"srcset":"https:\/\/i0.wp.com\/correiodasemana.com\/site\/wp-content\/uploads\/2019\/11\/1-1.jpg?resize=350%2C200&ssl=1 1x, https:\/\/i0.wp.com\/correiodasemana.com\/site\/wp-content\/uploads\/2019\/11\/1-1.jpg?resize=525%2C300&ssl=1 1.5x, https:\/\/i0.wp.com\/correiodasemana.com\/site\/wp-content\/uploads\/2019\/11\/1-1.jpg?resize=700%2C400&ssl=1 2x, https:\/\/i0.wp.com\/correiodasemana.com\/site\/wp-content\/uploads\/2019\/11\/1-1.jpg?resize=1050%2C600&ssl=1 3x, https:\/\/i0.wp.com\/correiodasemana.com\/site\/wp-content\/uploads\/2019\/11\/1-1.jpg?resize=1400%2C800&ssl=1 4x"},"classes":[]},{"id":11209,"url":"https:\/\/correiodasemana.com\/site\/complexo-santa-casa-de-misericordia-de-sobral-promove-lancamento-de-projeto-que-beneficia-funcionarios-com-bolsas-de-estudo\/","url_meta":{"origin":10518,"position":4},"title":"Complexo Santa Casa de Miseric\u00f3rdia de Sobral promove lan\u00e7amento de projeto que beneficia funcion\u00e1rios com bolsas de estudo","author":"","date":"Mar\u00e7o 18, 2020","format":false,"excerpt":"Com o objetivo beneficiar funcion\u00e1rios e seus filhos que possuam potencial acad\u00eamico, oportunizando um ensino de qualidade, com bolsas de estudos em Escolas particulares e Institui\u00e7\u00f5es de Ensino Superior privadas, o Complexo Santa Casa de Miseric\u00f3rdia de Sobral (SCMS) lan\u00e7ou, nesta quinta-feira (12\/03), o Projeto Filhos da Miseric\u00f3rdia. Ser\u00e3o beneficiados\u2026","rel":"","context":"In &quot;Atualidade&quot;","block_context":{"text":"Atualidade","link":"https:\/\/correiodasemana.com\/site\/category\/atualidade\/"},"img":{"alt_text":"","src":"https:\/\/i0.wp.com\/correiodasemana.com\/site\/wp-content\/uploads\/2020\/03\/Foto-1-1-scaled-e1584506858418.jpg?resize=350%2C200&ssl=1","width":350,"height":200,"srcset":"https:\/\/i0.wp.com\/correiodasemana.com\/site\/wp-content\/uploads\/2020\/03\/Foto-1-1-scaled-e1584506858418.jpg?resize=350%2C200&ssl=1 1x, https:\/\/i0.wp.com\/correiodasemana.com\/site\/wp-content\/uploads\/2020\/03\/Foto-1-1-scaled-e1584506858418.jpg?resize=525%2C300&ssl=1 1.5x, https:\/\/i0.wp.com\/correiodasemana.com\/site\/wp-content\/uploads\/2020\/03\/Foto-1-1-scaled-e1584506858418.jpg?resize=700%2C400&ssl=1 2x, https:\/\/i0.wp.com\/correiodasemana.com\/site\/wp-content\/uploads\/2020\/03\/Foto-1-1-scaled-e1584506858418.jpg?resize=1050%2C600&ssl=1 3x"},"classes":[]},{"id":11478,"url":"https:\/\/correiodasemana.com\/site\/santa-casa-de-misericordia-de-sobral-95-anos-de-historia-cuidado-e-amor\/","url_meta":{"origin":10518,"position":5},"title":"Santa Casa de Miseric\u00f3rdia de Sobral: 95 anos de hist\u00f3ria, cuidado e amor","author":"","date":"Maio 30, 2020","format":false,"excerpt":"\u201cA conviv\u00eancia quase di\u00e1ria com os doentes, que por dever do meu minist\u00e9rio sacerdotal devia visitar e socorrer, fez-me conhecer de perto a extrema pen\u00faria e o doloroso desconforto desses pobrezinhos quando a enfermidade lhes batia \u00e0 porta. E pensava muitas vezes \u00a0que Sobral j\u00e1 exigia um hospital \u201d, escreveu\u2026","rel":"","context":"In &quot;Santa Casa&quot;","block_context":{"text":"Santa Casa","link":"https:\/\/correiodasemana.com\/site\/category\/santa-casa\/"},"img":{"alt_text":"","src":"https:\/\/i0.wp.com\/correiodasemana.com\/site\/wp-content\/uploads\/2020\/05\/Dr.-Henrique-Gurgel-e-residentes-1.jpg?resize=350%2C200&ssl=1","width":350,"height":200,"srcset":"https:\/\/i0.wp.com\/correiodasemana.com\/site\/wp-content\/uploads\/2020\/05\/Dr.-Henrique-Gurgel-e-residentes-1.jpg?resize=350%2C200&ssl=1 1x, https:\/\/i0.wp.com\/correiodasemana.com\/site\/wp-content\/uploads\/2020\/05\/Dr.-Henrique-Gurgel-e-residentes-1.jpg?resize=525%2C300&ssl=1 1.5x"},"classes":[]}],"jetpack_sharing_enabled":true,"_links":{"self":[{"href":"https:\/\/correiodasemana.com\/site\/wp-json\/wp\/v2\/posts\/10518","targetHints":{"allow":["GET"]}}],"collection":[{"href":"https:\/\/correiodasemana.com\/site\/wp-json\/wp\/v2\/posts"}],"about":[{"href":"https:\/\/correiodasemana.com\/site\/wp-json\/wp\/v2\/types\/post"}],"author":[{"embeddable":true,"href":"https:\/\/correiodasemana.com\/site\/wp-json\/wp\/v2\/users\/1"}],"replies":[{"embeddable":true,"href":"https:\/\/correiodasemana.com\/site\/wp-json\/wp\/v2\/comments?post=10518"}],"version-history":[{"count":1,"href":"https:\/\/correiodasemana.com\/site\/wp-json\/wp\/v2\/posts\/10518\/revisions"}],"predecessor-version":[{"id":10520,"href":"https:\/\/correiodasemana.com\/site\/wp-json\/wp\/v2\/posts\/10518\/revisions\/10520"}],"wp:featuredmedia":[{"embeddable":true,"href":"https:\/\/correiodasemana.com\/site\/wp-json\/wp\/v2\/media\/10519"}],"wp:attachment":[{"href":"https:\/\/correiodasemana.com\/site\/wp-json\/wp\/v2\/media?parent=10518"}],"wp:term":[{"taxonomy":"category","embeddable":true,"href":"https:\/\/correiodasemana.com\/site\/wp-json\/wp\/v2\/categories?post=10518"},{"taxonomy":"post_tag","embeddable":true,"href":"https:\/\/correiodasemana.com\/site\/wp-json\/wp\/v2\/tags?post=10518"}],"curies":[{"name":"wp","href":"https:\/\/api.w.org\/{rel}","templated":true}]}}