{"id":10524,"date":"2020-01-22T04:07:22","date_gmt":"2020-01-22T04:07:22","guid":{"rendered":"https:\/\/correiodasemana.com\/site\/?p=10524"},"modified":"2020-01-22T04:07:22","modified_gmt":"2020-01-22T04:07:22","slug":"politica-em-evidencia-19","status":"publish","type":"post","link":"https:\/\/correiodasemana.com\/site\/politica-em-evidencia-19\/","title":{"rendered":"Pol\u00edtica em Evid\u00eancia"},"content":{"rendered":"<p>O prefeito Ivo Gomes esteve inaugurando na \u00faltima ter\u00e7a-feira (14), o saneamento e Areninha Esportivano Bairro da Areinha em Aracatia\u00e7u, depois de passar por grande reforma, e melhorando a vida dos moradores. Durante muito tempo aquela comunidade vivia no meio da lama, e sem a m\u00ednima condi\u00e7\u00e3o de higiene. Prefeito Ivo Gomes se comprometeu com os moradores do Bairro Areinha, em dar uma geral, dando dignidade aos seus moradores. Demorou um pouco, mais finalmente aqueles que moram na Areinha est\u00e3o felizes por estarem agora vivendo com dignidade. Quem tamb\u00e9m estava muito feliz ao evento inaugural era o vereador Paulo Vasconcelos que batalhou muito para que a obra beneficiasse aquele povo, como tamb\u00e9m, o edil Cumpandy Bony.<br \/>\nO deputado estadual, Mois\u00e9s Braz (PT), participou da posse do presidente municipal do PT em sobral, Paulo Flor, e de outros presidentes dos munic\u00edpios, como:\u00a0Massap\u00ea, Granja, Groa\u00edras Alc\u00e2ntaras, Forquilha, Marco,\u00a0Meruoca, Morrinhos, Mora\u00fajo, Pires Ferreira, Reriutaba e Varjota.A solenidade de posse dos presidentes municipais, aconteceu no plen\u00e1rio do legislativo sobralense, e contou com as presen\u00e7as de do deputado federal, Jos\u00e9 Guimar\u00e3es, vice-prefeita de Sobral, Christianne Coelho, Helder Nogueira, Sonia Braga e Iavanilde Pereira, que s\u00e3o membros do Diret\u00f3rio Nacional do PT.<\/p>\n<p>Presidente da C\u00e2mara de Meruoca, Mardonio Cavalcante, ao lado do prefeito Fonteles, secret\u00e1ria de Inclus\u00e3o e Promo\u00e7\u00e3o Social, Socorro, vereadores e outras autoridades, prestigiou no Audit\u00f3rio do Centro de Feiras e Eventos, a posse dos novos Conselheiros Tutelares.Usando as m\u00eddias sociais, o presidente desejou um excelente trabalho aos novos conselheiros.\u00a0\u201cDesejo a todos um excelente trabalho, tendo como princ\u00edpio norteador o ECA, em prol da defesa dos direitos das nossas crian\u00e7as e adolescentes\u201d.\u00a0Concluiu Mardonio.<\/p>\n<p>O deputado federal, Le\u00f4nidas Cristino (PDT) esteve presente \u00e0 reuni\u00e3o com o Senador Cid Gomes, em sua resid\u00eancia no Distrito de Palestina do Norte em Meruoca, quando tratou da reelei\u00e7\u00e3o do prefeito Fonteles no munic\u00edpio.Usando as m\u00eddias sociais, Le\u00f4nidas registrou este momento.\u201cDiscutindo o processo eleitoral de 2020 em Meruoca com o Senador Cid Gomes, o prefeito Fonteles, o vice Rubinho, o presidente da C\u00e2mara, Mardonio e os vereadores Maur\u00edcio Sanford, Genival do Anil, e Z\u00e9 Maria\u201d.<\/p>\n<p>O prefeito Joaquim do Quinca participou da posse dos cinco novos conselheiros tutelares, que ter\u00e3o mandato de quatro anos. O evento aconteceu no plen\u00e1rio do legislativo alcantarense.Usando as m\u00eddias sociais, o prefeito Joaquinzim parabenizou os Conselheiros, desejando bom trabalho na defesa das crian\u00e7as e adolescentes do munic\u00edpio.<br \/>\nO Senador da Rep\u00fablica licenciado do PDT, Cid Gomes, recebeu em sua resid\u00eancia no Distrito de Palestina do Norte em Meruoca, o prefeito Fonteles, deputado federal, Le\u00f4nidas Cristino, presidente do PDT, Rubens Lima, presidente do PSB, J. \u00c9dson e vereadores da base pol\u00edtica do prefeito na C\u00e2mara Municipal, Mard\u00f4nio Cavalcante, Z\u00e9 Maria, Maur\u00edcio Sanford e Genival do Anil, para tratar sobre elei\u00e7\u00f5es 2020.Ficou acertado com Cid e Le\u00f4nidas, que Fonteles vai se\u00a0\u00a0candidatar pelo PSB (40), contando com os apoios das legendas PDT, que tem como presidente Rubinho da Boa Vista, e PTB que tem como presidente Yure Fonteles.<br \/>\nCom o plen\u00e1rio da C\u00e2mara Municipal lotado, com as presen\u00e7as de secret\u00e1rios municipais, vereadores, conselheiros, familiares, imprensa e amigos, o prefeito Jacques Albuquerque e a presidente do Conselho Municipal, dos Diretos da Crian\u00e7a e Adolescentes, Geov\u00e2nia Morais, empossam os novos Conselheiros Tutelares para mandato de quatro anos. O prefeito Jacques em sua fala, se comprometeu em apoiar os conselheiros em seu trabalho de servir as crian\u00e7as e adolescentes do munic\u00edpio massapeense.<br \/>\nCom ra\u00edzes familiares no distrito de S\u00e3o Francisco, Z\u00e9 Le\u00f4ncio depois de anos residindo fora do Cear\u00e1, resolveu se aquietar e pensar uma nova forma de fazer pol\u00edtica no seu distrito de cora\u00e7\u00e3o. Depois de mudar seu domic\u00edlio eleitoral para Meruoca, Z\u00e9 Le\u00f4ncio se filiou no PDT, e tem andado pela regi\u00e3o de S\u00e3o Francisco, conversando e abrindo a mente dos moradores, para que nas elei\u00e7\u00f5es que se aproximam, as pessoas escolham pelo menos dois ou tr\u00eas candidatos a vereador, mais que residam no distrito, e depois de eleitos possam ser a voz dos moradores, apresentando e buscando melhorias para S\u00e3o Francisco.<br \/>\nA Prefeitura de Sobral atrav\u00e9s da Secretaria da Educa\u00e7\u00e3o, antecipou na o repasse do abono salarial aos profissionais do magist\u00e9rio (efetivos, tempor\u00e1rios, diretores, vices, e coordenadores pedag\u00f3gicos), resultante da divis\u00e3o das \u201csobras\u201d dos recursos do Fundo de Manuten\u00e7\u00e3o e Desenvolvimento da Educa\u00e7\u00e3o B\u00e1sica e de Valoriza\u00e7\u00e3o dos Profissionais da Educa\u00e7\u00e3o (Fundeb) 2019.\u00a0Os 1.480 profissionais da educa\u00e7\u00e3o receberam em m\u00e9dia, R$ 1.440,19.<\/p>\n<p>Dica do colunista Marcelo Marques. Leia mais em www.politicaemevidencia.com.br<\/p>\n","protected":false},"excerpt":{"rendered":"<p>O prefeito Ivo Gomes esteve inaugurando na \u00faltima ter\u00e7a-feira (14), o saneamento e Areninha Esportivano&#8230;<\/p>\n","protected":false},"author":1,"featured_media":8594,"comment_status":"open","ping_status":"open","sticky":false,"template":"","format":"standard","meta":{"_jetpack_memberships_contains_paid_content":false,"footnotes":"","jetpack_publicize_message":"","jetpack_publicize_feature_enabled":true,"jetpack_social_post_already_shared":true,"jetpack_social_options":{"image_generator_settings":{"template":"highway","default_image_id":0,"font":"","enabled":false},"version":2}},"categories":[11,48],"tags":[],"class_list":["post-10524","post","type-post","status-publish","format-standard","has-post-thumbnail","hentry","category-artigos","category-politica-em-evidencia"],"jetpack_publicize_connections":[],"jetpack_featured_media_url":"https:\/\/correiodasemana.com\/site\/wp-content\/uploads\/2019\/08\/urna_lecr-e1447217261594.jpg","jetpack-related-posts":[{"id":8593,"url":"https:\/\/correiodasemana.com\/site\/politica-em-evidencia-4\/","url_meta":{"origin":10524,"position":0},"title":"Pol\u00edtica em Evid\u00eancia","author":"","date":"Agosto 6, 2019","format":false,"excerpt":"O prefeito de Sobral, Ivo Gomes, esteve inaugurando a Escola Francisco das Chagas Costa, no distrito de Rafael Arruda. Com essa inaugura\u00e7\u00e3o, Ivo entrega a s\u00e9tima Escola de Ensino de Tempo Integral, que vai receber alunos do 6\u00b0 ao 9\u00b0 ano. Ivo Gomes aproveitou o memento, e inaugurou a Quadra\u2026","rel":"","context":"In &quot;Artigos&quot;","block_context":{"text":"Artigos","link":"https:\/\/correiodasemana.com\/site\/category\/artigos\/"},"img":{"alt_text":"","src":"https:\/\/i0.wp.com\/correiodasemana.com\/site\/wp-content\/uploads\/2019\/08\/urna_lecr-e1447217261594.jpg?resize=350%2C200&ssl=1","width":350,"height":200,"srcset":"https:\/\/i0.wp.com\/correiodasemana.com\/site\/wp-content\/uploads\/2019\/08\/urna_lecr-e1447217261594.jpg?resize=350%2C200&ssl=1 1x, https:\/\/i0.wp.com\/correiodasemana.com\/site\/wp-content\/uploads\/2019\/08\/urna_lecr-e1447217261594.jpg?resize=525%2C300&ssl=1 1.5x, https:\/\/i0.wp.com\/correiodasemana.com\/site\/wp-content\/uploads\/2019\/08\/urna_lecr-e1447217261594.jpg?resize=700%2C400&ssl=1 2x, https:\/\/i0.wp.com\/correiodasemana.com\/site\/wp-content\/uploads\/2019\/08\/urna_lecr-e1447217261594.jpg?resize=1050%2C600&ssl=1 3x, https:\/\/i0.wp.com\/correiodasemana.com\/site\/wp-content\/uploads\/2019\/08\/urna_lecr-e1447217261594.jpg?resize=1400%2C800&ssl=1 4x"},"classes":[]},{"id":18240,"url":"https:\/\/correiodasemana.com\/site\/politica-em-evidencia-88\/","url_meta":{"origin":10524,"position":1},"title":"Pol\u00edtica em Evid\u00eancia","author":"","date":"Dezembro 6, 2021","format":false,"excerpt":"O prefeito de Sobral,\u00a0 Ivo Gomes,\u00a0 recebeu o respeitado treinador de basquete, Pedro Bial,\u00a0que treina o time de basquete do Fortaleza. Nesse encontro o t\u00e9cnico fechou parceria com a administra\u00e7\u00e3o municipal,\u00a0 para montar escolinha de basquete profissional\u00a0 para v\u00e1rias idades, com foco em pol\u00edticas do esporte e social. Pedro Bial\u2026","rel":"","context":"In &quot;Artigos&quot;","block_context":{"text":"Artigos","link":"https:\/\/correiodasemana.com\/site\/category\/artigos\/"},"img":{"alt_text":"","src":"","width":0,"height":0},"classes":[]},{"id":18442,"url":"https:\/\/correiodasemana.com\/site\/politica-em-evidencia-91\/","url_meta":{"origin":10524,"position":2},"title":"Pol\u00edtica em Evid\u00eancia","author":"","date":"Dezembro 27, 2021","format":false,"excerpt":"Prefeito Ivo Gomes esteve entregando a popula\u00e7\u00e3o do Bairro do Junco, a quadra esportiva, Jo\u00e3o Coelho, sendo esse mais um espa\u00e7o para a pr\u00e1tica esportiva para os jovens residentes no Bairro. O gestor municipal tamb\u00e9m deu um trato aos arredores da quadra esportiva, sendo mais uma \u00e1rea de lazer para\u2026","rel":"","context":"In &quot;Artigos&quot;","block_context":{"text":"Artigos","link":"https:\/\/correiodasemana.com\/site\/category\/artigos\/"},"img":{"alt_text":"","src":"","width":0,"height":0},"classes":[]},{"id":15139,"url":"https:\/\/correiodasemana.com\/site\/politica-em-evidencia-49\/","url_meta":{"origin":10524,"position":3},"title":"Pol\u00edtica em Evid\u00eancia","author":"","date":"Dezembro 21, 2020","format":false,"excerpt":"O deputado federal, Le\u00f4nidas Cristino (PDT), felicitou o aniversariante do \u00faltimo domingo (13),\u00a0o Prefeito reeleito de sobral, Ivo Gomes (PDT). Usando as redes sociais, Le\u00f4nidas Cristino deixou na oportunidade a seguinte mensagem de felicita\u00e7\u00e3o.\u00a0\u201cHoje \u00e9 o anivers\u00e1rio do Ivo Gomes. Nesses tempos conturbados da vida nacional, \u00e9 sempre alentador felicitar\u2026","rel":"","context":"In &quot;Artigos&quot;","block_context":{"text":"Artigos","link":"https:\/\/correiodasemana.com\/site\/category\/artigos\/"},"img":{"alt_text":"","src":"","width":0,"height":0},"classes":[]},{"id":17428,"url":"https:\/\/correiodasemana.com\/site\/politica-em-evidencia-75\/","url_meta":{"origin":10524,"position":4},"title":"Pol\u00edtica em Evid\u00eancia","author":"","date":"Setembro 6, 2021","format":false,"excerpt":"A Prefeitura de Sobral divulgou edital para contrata\u00e7\u00e3o tempor\u00e1ria de profissionais\u00a0para as secretarias da Infraestrutura (Seinfra) e do Tr\u00e2nsito e Transportes (Setran). ser\u00e3o 16 vagas para diferentes \u00e1reas (Edital n\u00ba 003 \/2021). As inscri\u00e7\u00f5es come\u00e7aram na segunda-feira (30\/08), e vai prosseguir at\u00e9 o dia 12 de setembro, de forma virtual,\u2026","rel":"","context":"In &quot;Artigos&quot;","block_context":{"text":"Artigos","link":"https:\/\/correiodasemana.com\/site\/category\/artigos\/"},"img":{"alt_text":"","src":"","width":0,"height":0},"classes":[]},{"id":13386,"url":"https:\/\/correiodasemana.com\/site\/politica-em-evidencia-36\/","url_meta":{"origin":10524,"position":5},"title":"Pol\u00edtica em Evid\u00eancia","author":"","date":"Setembro 7, 2020","format":false,"excerpt":"O deputado federal, Le\u00f4nidas Cristino, presidente do Diret\u00f3rio Municipal do PDT de sobral, vai coordenar a campanha a reelei\u00e7\u00e3o do prefeito Ivo Gomes (PDT) e da vice-prefeita Christianne Coelho (PT). De acordo com informa\u00e7\u00f5es divulgadas nas p\u00e1ginas do jornal O Povo, Le\u00f4nidas teria recebido o convite do prefeito Ivo Gomes,\u2026","rel":"","context":"In &quot;Artigos&quot;","block_context":{"text":"Artigos","link":"https:\/\/correiodasemana.com\/site\/category\/artigos\/"},"img":{"alt_text":"","src":"","width":0,"height":0},"classes":[]}],"jetpack_sharing_enabled":true,"_links":{"self":[{"href":"https:\/\/correiodasemana.com\/site\/wp-json\/wp\/v2\/posts\/10524","targetHints":{"allow":["GET"]}}],"collection":[{"href":"https:\/\/correiodasemana.com\/site\/wp-json\/wp\/v2\/posts"}],"about":[{"href":"https:\/\/correiodasemana.com\/site\/wp-json\/wp\/v2\/types\/post"}],"author":[{"embeddable":true,"href":"https:\/\/correiodasemana.com\/site\/wp-json\/wp\/v2\/users\/1"}],"replies":[{"embeddable":true,"href":"https:\/\/correiodasemana.com\/site\/wp-json\/wp\/v2\/comments?post=10524"}],"version-history":[{"count":1,"href":"https:\/\/correiodasemana.com\/site\/wp-json\/wp\/v2\/posts\/10524\/revisions"}],"predecessor-version":[{"id":10525,"href":"https:\/\/correiodasemana.com\/site\/wp-json\/wp\/v2\/posts\/10524\/revisions\/10525"}],"wp:featuredmedia":[{"embeddable":true,"href":"https:\/\/correiodasemana.com\/site\/wp-json\/wp\/v2\/media\/8594"}],"wp:attachment":[{"href":"https:\/\/correiodasemana.com\/site\/wp-json\/wp\/v2\/media?parent=10524"}],"wp:term":[{"taxonomy":"category","embeddable":true,"href":"https:\/\/correiodasemana.com\/site\/wp-json\/wp\/v2\/categories?post=10524"},{"taxonomy":"post_tag","embeddable":true,"href":"https:\/\/correiodasemana.com\/site\/wp-json\/wp\/v2\/tags?post=10524"}],"curies":[{"name":"wp","href":"https:\/\/api.w.org\/{rel}","templated":true}]}}