{"id":10526,"date":"2020-01-22T04:08:29","date_gmt":"2020-01-22T04:08:29","guid":{"rendered":"https:\/\/correiodasemana.com\/site\/?p=10526"},"modified":"2020-01-22T04:08:29","modified_gmt":"2020-01-22T04:08:29","slug":"passarela-do-vlt-de-sobral-esta-em-fase-de-conclusao","status":"publish","type":"post","link":"https:\/\/correiodasemana.com\/site\/passarela-do-vlt-de-sobral-esta-em-fase-de-conclusao\/","title":{"rendered":"Passarela do VLT de Sobral est\u00e1 em fase de conclus\u00e3o"},"content":{"rendered":"<p>A obra de constru\u00e7\u00e3o da passarela localizada pr\u00f3xima \u00e0 esta\u00e7\u00e3o Dom Jos\u00e9, do VLT de Sobral, deve ser entregue \u00e0 popula\u00e7\u00e3o em fevereiro. Executado pelo Detran-CE, em parceria com a Cia Cearense de Transportes Metropolitanos, \u00f3rg\u00e3os vinculados \u00e0 Secretaria da Infraestrutura do Cear\u00e1, o novo equipamento est\u00e1 em fase final de conclus\u00e3o. Esta semana, a empresa respons\u00e1vel pela obra est\u00e1 fixando as pe\u00e7as do \u201cguarda-corpo\u201d e corrim\u00e3o de todo o v\u00e3o de travessia e, posteriormente, far\u00e1 o mesmo servi\u00e7o nas rampas de acesso.<br \/>\nO equipamento ser\u00e1 bastante \u00fatil para os moradores de Sobral, em especial, aos que residem tanto do lado do bairro Alto do Cristo quanto do lado da antiga esta\u00e7\u00e3o ferrovi\u00e1ria, j\u00e1 que ampliar\u00e1 e facilitar\u00e1 o acesso ao VLT. Al\u00e9m disso, a passagem de pedestres dessas localidades em dire\u00e7\u00e3o ao Centro e vice-versa tamb\u00e9m ser\u00e1 mais r\u00e1pida e segura.<br \/>\n\u201cQuando tivemos que mudar a Esta\u00e7\u00e3o Dom Jos\u00e9 do VLT, de um lado para o outro dos trilhos, para eliminar o conflito com o p\u00e1tio de manobras e estacionamento dos trens de carga da FTL, constatamos a oportunidade de disponibilizar acesso \u00e0 esta\u00e7\u00e3o para os moradores de ambos os bairros, Alto do Cristo e Centro, atrav\u00e9s de uma passarela. Estamos concretizando esse objetivo agora, o que vem em boa hora, com a inaugura\u00e7\u00e3o, pela Prefeitura, da bel\u00edssima urbaniza\u00e7\u00e3o do Alto do Cristo. Sobral est\u00e1 de parab\u00e9ns!\u201d, disse o Secret\u00e1rio da Infraestrutura do Cear\u00e1, Lucio Gomes.<br \/>\nO superintendente do Detran, Igor Ponte, tamb\u00e9m comemora o avan\u00e7o dos trabalhos. \u201cEstamos entregando grandes obras em Sobral que trar\u00e3o mais mobilidade e seguran\u00e7a vi\u00e1ria para os cidad\u00e3os. Al\u00e9m da passarela, a terceira maior entre as j\u00e1 entregues pelo Detran no Cear\u00e1, tamb\u00e9m estamos finalizando toda a sinaliza\u00e7\u00e3o vertical e horizontal da\u00a0segunda\u00a0etapa da Perimetral de Sobral, em parceria com a Seinfra, SCidades e SOP\u201d, afirmou o superintendente.<br \/>\n(Com informa\u00e7\u00f5es da Jornalista Camila Rocha)<\/p>\n","protected":false},"excerpt":{"rendered":"<p>A obra de constru\u00e7\u00e3o da passarela localizada pr\u00f3xima \u00e0 esta\u00e7\u00e3o Dom Jos\u00e9, do VLT de&#8230;<\/p>\n","protected":false},"author":1,"featured_media":10527,"comment_status":"open","ping_status":"open","sticky":false,"template":"","format":"standard","meta":{"_jetpack_memberships_contains_paid_content":false,"footnotes":"","jetpack_publicize_message":"","jetpack_publicize_feature_enabled":true,"jetpack_social_post_already_shared":true,"jetpack_social_options":{"image_generator_settings":{"template":"highway","default_image_id":0,"font":"","enabled":false},"version":2}},"categories":[1],"tags":[],"class_list":["post-10526","post","type-post","status-publish","format-standard","has-post-thumbnail","hentry","category-atualidade"],"jetpack_publicize_connections":[],"jetpack_featured_media_url":"https:\/\/correiodasemana.com\/site\/wp-content\/uploads\/2020\/01\/WhatsApp-Image-2020-01-09-at-15.36.211.jpeg","jetpack-related-posts":[{"id":10709,"url":"https:\/\/correiodasemana.com\/site\/em-tempo-29\/","url_meta":{"origin":10526,"position":0},"title":"Em Tempo","author":"","date":"Fevereiro 3, 2020","format":false,"excerpt":"II Festival de M\u00fasica da Assembleia Est\u00e3o abertas, at\u00e9 20 de fevereiro, inscri\u00e7\u00f5es para o II Festival de M\u00fasica da Assembleia Legislativa do Cear\u00e1. As m\u00fasicas selecionadas ser\u00e3o divulgadas no dia 4 de mar\u00e7o. Haver\u00e1 uma etapa de arranjos e ensaios. As apresenta\u00e7\u00f5es acontecer\u00e3o no per\u00edodo de 26 a 28\u2026","rel":"","context":"In &quot;Artigos&quot;","block_context":{"text":"Artigos","link":"https:\/\/correiodasemana.com\/site\/category\/artigos\/"},"img":{"alt_text":"","src":"https:\/\/i0.wp.com\/correiodasemana.com\/site\/wp-content\/uploads\/2020\/02\/WhatsApp-Image-2020-01-14-at-11.14.58-1024x576-1.jpeg?resize=350%2C200&ssl=1","width":350,"height":200,"srcset":"https:\/\/i0.wp.com\/correiodasemana.com\/site\/wp-content\/uploads\/2020\/02\/WhatsApp-Image-2020-01-14-at-11.14.58-1024x576-1.jpeg?resize=350%2C200&ssl=1 1x, https:\/\/i0.wp.com\/correiodasemana.com\/site\/wp-content\/uploads\/2020\/02\/WhatsApp-Image-2020-01-14-at-11.14.58-1024x576-1.jpeg?resize=525%2C300&ssl=1 1.5x, https:\/\/i0.wp.com\/correiodasemana.com\/site\/wp-content\/uploads\/2020\/02\/WhatsApp-Image-2020-01-14-at-11.14.58-1024x576-1.jpeg?resize=700%2C400&ssl=1 2x"},"classes":[]},{"id":9926,"url":"https:\/\/correiodasemana.com\/site\/realocacao-da-estacao-do-vlt-compoe-as-obras-de-requalificacao-e-urbanizacao-da-avenida-boulevard-e-dr-guarany\/","url_meta":{"origin":10526,"position":1},"title":"Realoca\u00e7\u00e3o da esta\u00e7\u00e3o do VLT comp\u00f5e as obras de requalifica\u00e7\u00e3o e urbaniza\u00e7\u00e3o da Avenida Boulevard e Dr. Guarany","author":"","date":"Novembro 27, 2019","format":false,"excerpt":"Com 70% das obras finalizadas, a requalifica\u00e7\u00e3o e urbaniza\u00e7\u00e3o das Avenidas Boulevard do Arco e Dr. Guarany Mont\u2019Alverne chegam a um novo est\u00e1gio: a realoca\u00e7\u00e3o da esta\u00e7\u00e3o do VLT, que ser\u00e1 deslocada cerca de 40 metros (no sentido bairro Sinh\u00e1 Sab\u00f3ia) e dar\u00e1 espa\u00e7o para um cruzamento. A obra tem\u2026","rel":"","context":"In &quot;Atualidade&quot;","block_context":{"text":"Atualidade","link":"https:\/\/correiodasemana.com\/site\/category\/atualidade\/"},"img":{"alt_text":"","src":"https:\/\/i0.wp.com\/correiodasemana.com\/site\/wp-content\/uploads\/2019\/11\/vlt-arco-de-sobral.jpg?resize=350%2C200&ssl=1","width":350,"height":200,"srcset":"https:\/\/i0.wp.com\/correiodasemana.com\/site\/wp-content\/uploads\/2019\/11\/vlt-arco-de-sobral.jpg?resize=350%2C200&ssl=1 1x, https:\/\/i0.wp.com\/correiodasemana.com\/site\/wp-content\/uploads\/2019\/11\/vlt-arco-de-sobral.jpg?resize=525%2C300&ssl=1 1.5x, https:\/\/i0.wp.com\/correiodasemana.com\/site\/wp-content\/uploads\/2019\/11\/vlt-arco-de-sobral.jpg?resize=700%2C400&ssl=1 2x, https:\/\/i0.wp.com\/correiodasemana.com\/site\/wp-content\/uploads\/2019\/11\/vlt-arco-de-sobral.jpg?resize=1050%2C600&ssl=1 3x"},"classes":[]},{"id":12636,"url":"https:\/\/correiodasemana.com\/site\/vlt-e-terminal-rodoviario-estao-na-ii-fase-de-retomada-das-atividades\/","url_meta":{"origin":10526,"position":2},"title":"VLT e Terminal Rodovi\u00e1rio est\u00e3o na II fase de retomada das atividades","author":"","date":"Agosto 10, 2020","format":false,"excerpt":"(O VLT volta a circular na mesma data em que ser\u00e1 permitida a opera\u00e7\u00e3o do servi\u00e7o de transporte rodovi\u00e1rio intermunicipal e interestadual de passageiros, atrav\u00e9s da rodovi\u00e1ria) Na noite desta segunda-feira (03) o prefeito Ivo Gomes anunciou a prorroga\u00e7\u00e3o do isolamento social em Sobral at\u00e9 17 de agosto. Durante a\u2026","rel":"","context":"In &quot;Atualidade&quot;","block_context":{"text":"Atualidade","link":"https:\/\/correiodasemana.com\/site\/category\/atualidade\/"},"img":{"alt_text":"","src":"https:\/\/i0.wp.com\/correiodasemana.com\/site\/wp-content\/uploads\/2020\/08\/IMG-20200804-WA0025-600x800-2.jpg?resize=350%2C200&ssl=1","width":350,"height":200,"srcset":"https:\/\/i0.wp.com\/correiodasemana.com\/site\/wp-content\/uploads\/2020\/08\/IMG-20200804-WA0025-600x800-2.jpg?resize=350%2C200&ssl=1 1x, https:\/\/i0.wp.com\/correiodasemana.com\/site\/wp-content\/uploads\/2020\/08\/IMG-20200804-WA0025-600x800-2.jpg?resize=525%2C300&ssl=1 1.5x"},"classes":[]},{"id":20508,"url":"https:\/\/correiodasemana.com\/site\/o-carro-adiante-dos-bois\/","url_meta":{"origin":10526,"position":3},"title":"O Carro adiante dos Bois","author":"","date":"Julho 24, 2022","format":false,"excerpt":"Quem me leu a semana passada vai lembrar que lhes prometi falar sobre a hist\u00f3ria do carro adiante dos bois em Sobral... ai eu me lembrei que nos de 2012 , antes do VLT , tinha postado um coment\u00e1rio longo sobre o assunto num blog eu mantinha na internet chamado\u2026","rel":"","context":"In &quot;Artigos&quot;","block_context":{"text":"Artigos","link":"https:\/\/correiodasemana.com\/site\/category\/artigos\/"},"img":{"alt_text":"","src":"https:\/\/i0.wp.com\/correiodasemana.com\/site\/wp-content\/uploads\/2022\/07\/dr_azevedo-web.jpg?resize=350%2C200&ssl=1","width":350,"height":200},"classes":[]},{"id":12477,"url":"https:\/\/correiodasemana.com\/site\/vlt-de-sobral-volta-a-operar-nesta-quarta-feira-5-8-com-protocolo-de-biosseguranca\/","url_meta":{"origin":10526,"position":4},"title":"VLT de Sobral volta a operar nesta quarta-feira (5\/8) com protocolo de biosseguran\u00e7a","author":"","date":"Agosto 4, 2020","format":false,"excerpt":"Por Pedro Alves - Ascom Metrofor O VLT de Sobral, na Regi\u00e3o Norte do Cear\u00e1, volta a operar a partir desta quarta-feira (5\/8), em seus hor\u00e1rios regulares (de 5h30 \u00e0s 23h), seguindo protocolo de biosseguran\u00e7a para prote\u00e7\u00e3o de funcion\u00e1rios e passageiros. Entre as mudan\u00e7as, ser\u00e3o obrigat\u00f3rios o uso de m\u00e1scaras\u2026","rel":"","context":"In &quot;Atualidade&quot;","block_context":{"text":"Atualidade","link":"https:\/\/correiodasemana.com\/site\/category\/atualidade\/"},"img":{"alt_text":"","src":"https:\/\/i0.wp.com\/correiodasemana.com\/site\/wp-content\/uploads\/2020\/08\/IMG-20200803-WA0140.jpg?resize=350%2C200&ssl=1","width":350,"height":200,"srcset":"https:\/\/i0.wp.com\/correiodasemana.com\/site\/wp-content\/uploads\/2020\/08\/IMG-20200803-WA0140.jpg?resize=350%2C200&ssl=1 1x, https:\/\/i0.wp.com\/correiodasemana.com\/site\/wp-content\/uploads\/2020\/08\/IMG-20200803-WA0140.jpg?resize=525%2C300&ssl=1 1.5x, https:\/\/i0.wp.com\/correiodasemana.com\/site\/wp-content\/uploads\/2020\/08\/IMG-20200803-WA0140.jpg?resize=700%2C400&ssl=1 2x, https:\/\/i0.wp.com\/correiodasemana.com\/site\/wp-content\/uploads\/2020\/08\/IMG-20200803-WA0140.jpg?resize=1050%2C600&ssl=1 3x"},"classes":[]},{"id":9466,"url":"https:\/\/correiodasemana.com\/site\/em-tempo-15\/","url_meta":{"origin":10526,"position":5},"title":"Em Tempo","author":"","date":"Outubro 14, 2019","format":false,"excerpt":"Sele\u00e7\u00e3o para o VLT tem 22 vagas Come\u00e7am no dia 14 de outubro as inscri\u00e7\u00f5es para sele\u00e7\u00e3o p\u00fablica do VLT de Sobral, que contratar\u00e1 22 pessoas para vagas de condutores, agentes de esta\u00e7\u00e3o, manobradores de trem e assistentes controladores de movimento para o per\u00edodo de ano, prorrog\u00e1vel por mais um\u2026","rel":"","context":"In &quot;Artigos&quot;","block_context":{"text":"Artigos","link":"https:\/\/correiodasemana.com\/site\/category\/artigos\/"},"img":{"alt_text":"","src":"https:\/\/i0.wp.com\/correiodasemana.com\/site\/wp-content\/uploads\/2019\/10\/0440c8e8-33c6-47c3-afae-edde533b3c6e.jpg?resize=350%2C200&ssl=1","width":350,"height":200,"srcset":"https:\/\/i0.wp.com\/correiodasemana.com\/site\/wp-content\/uploads\/2019\/10\/0440c8e8-33c6-47c3-afae-edde533b3c6e.jpg?resize=350%2C200&ssl=1 1x, https:\/\/i0.wp.com\/correiodasemana.com\/site\/wp-content\/uploads\/2019\/10\/0440c8e8-33c6-47c3-afae-edde533b3c6e.jpg?resize=525%2C300&ssl=1 1.5x, https:\/\/i0.wp.com\/correiodasemana.com\/site\/wp-content\/uploads\/2019\/10\/0440c8e8-33c6-47c3-afae-edde533b3c6e.jpg?resize=700%2C400&ssl=1 2x"},"classes":[]}],"jetpack_sharing_enabled":true,"_links":{"self":[{"href":"https:\/\/correiodasemana.com\/site\/wp-json\/wp\/v2\/posts\/10526","targetHints":{"allow":["GET"]}}],"collection":[{"href":"https:\/\/correiodasemana.com\/site\/wp-json\/wp\/v2\/posts"}],"about":[{"href":"https:\/\/correiodasemana.com\/site\/wp-json\/wp\/v2\/types\/post"}],"author":[{"embeddable":true,"href":"https:\/\/correiodasemana.com\/site\/wp-json\/wp\/v2\/users\/1"}],"replies":[{"embeddable":true,"href":"https:\/\/correiodasemana.com\/site\/wp-json\/wp\/v2\/comments?post=10526"}],"version-history":[{"count":1,"href":"https:\/\/correiodasemana.com\/site\/wp-json\/wp\/v2\/posts\/10526\/revisions"}],"predecessor-version":[{"id":10528,"href":"https:\/\/correiodasemana.com\/site\/wp-json\/wp\/v2\/posts\/10526\/revisions\/10528"}],"wp:featuredmedia":[{"embeddable":true,"href":"https:\/\/correiodasemana.com\/site\/wp-json\/wp\/v2\/media\/10527"}],"wp:attachment":[{"href":"https:\/\/correiodasemana.com\/site\/wp-json\/wp\/v2\/media?parent=10526"}],"wp:term":[{"taxonomy":"category","embeddable":true,"href":"https:\/\/correiodasemana.com\/site\/wp-json\/wp\/v2\/categories?post=10526"},{"taxonomy":"post_tag","embeddable":true,"href":"https:\/\/correiodasemana.com\/site\/wp-json\/wp\/v2\/tags?post=10526"}],"curies":[{"name":"wp","href":"https:\/\/api.w.org\/{rel}","templated":true}]}}