{"id":10529,"date":"2020-01-22T04:11:02","date_gmt":"2020-01-22T04:11:02","guid":{"rendered":"https:\/\/correiodasemana.com\/site\/?p=10529"},"modified":"2020-01-22T04:11:02","modified_gmt":"2020-01-22T04:11:02","slug":"cardiologista-alerta-que-a-hipertensao-pode-ser-uma-doenca-silenciosa","status":"publish","type":"post","link":"https:\/\/correiodasemana.com\/site\/cardiologista-alerta-que-a-hipertensao-pode-ser-uma-doenca-silenciosa\/","title":{"rendered":"Cardiologista alerta que a hipertens\u00e3o pode ser uma doen\u00e7a silenciosa"},"content":{"rendered":"<p>Segundo os dados do Minist\u00e9rio da Sa\u00fade, a hipertens\u00e3o, doen\u00e7a popularmente conhecida como \u201cpress\u00e3o alta\u201d, afeta um a cada quatro adultos do Brasil. O Correio da Semana entrevista o Cardiologista Mauricio Medeiros, que atende no Hospital do Cora\u00e7\u00e3o em Sobral, tratando pacientes que controlam e daqueles que, infelizmente, n\u00e3o controlam a press\u00e3o arterial, desenvolvendo s\u00e9rias doen\u00e7as, por exemplo, insufici\u00eancia renal, AVC, baixa vis\u00e3o entre outras.<\/p>\n<p><strong>Correio da Semana -Dr. o que \u00e9 hipertens\u00e3o arterial?<\/strong><br \/>\n<strong>Dr. Mauricio &#8211;<\/strong> Vamos falar sobre o que \u00e9 press\u00e3o arterial. N\u00f3s temos o cora\u00e7\u00e3o, \u00f3rg\u00e3o respons\u00e1vel por bombear o sangue, certo? Atrav\u00e9s dos vasos sangu\u00edneos esse sangue vai circular por todo o corpo. O nosso corpo \u00e9 preparado para manter uma press\u00e3o dentro dos vasos em um n\u00edvel considerado normal. a press\u00e3o deve se elevar, eventualmente em situa\u00e7\u00f5es que o nosso corpo precise disso. Por exemplo, a gente est\u00e1 se exercitando e esse sangue precisa circular com mais velocidade, distribuir mais oxig\u00eanio, ent\u00e3o a press\u00e3o se eleva um pouco naquela situa\u00e7\u00e3o espec\u00edfica. Logo depois a press\u00e3o baixa.<br \/>\nA hipertens\u00e3o arterial \u00e9 quando essa press\u00e3o arterial est\u00e1 mais elevada que o normal, sem necessidade. Ent\u00e3o n\u00f3s estamos em repouso e a press\u00e3o continua elevada, mesmo com o repouso ela n\u00e3o baixa, n\u00edveis considerados acima do normal.<\/p>\n<p><strong>Correio &#8211; A press\u00e3o alta \u00e9 frequente?<\/strong><br \/>\n<strong>Dr. Mauricio &#8211;<\/strong> Muito mais frequente do que a gente pensa. Estudos mostram que na popula\u00e7\u00e3o adulta acima de 18 anos de idade, a gente tem uma preval\u00eancia no Brasil todo de 25%, ou seja, uma a cada quatro pessoas adultas t\u00eam hipertens\u00e3o arterial. E o pior, muitos n\u00e3o sabem que s\u00e3o hipertensos, esse \u00e9 o maior problema de todos.<\/p>\n<p><strong>Correio &#8211; Quais os sintomas da hipertens\u00e3o?<\/strong><br \/>\n<strong>Dr. Mauricio &#8211;<\/strong> Muitas vezes a hipertens\u00e3o arterial \u00e9 silenciosa, n\u00e3o d\u00e1 sintoma algum. O paciente pode ter anos e at\u00e9 d\u00e9cadas de hipertens\u00e3o arterial sem ter sintomas. Por\u00e9m, mesmo sem haver sintomas, os \u00f3rg\u00e3os est\u00e3o sofrendo, expostos a uma press\u00e3o mais alta do que eles deveriam estar, ent\u00e3o vai acontecendo lenta e progressivamente as altera\u00e7\u00f5es em v\u00e1rios \u00f3rg\u00e3os (cora\u00e7\u00e3o, rins, olho, c\u00e9rebro).<br \/>\nO sintoma depende do \u00f3rg\u00e3o que ir\u00e1 atingir. No cora\u00e7\u00e3o a gente pode ter sintomas de doen\u00e7as card\u00edacas, falta de ar, dor no peito, palpita\u00e7\u00f5es, incha\u00e7os. Se atacar o olho, podemos ter baixa da vis\u00e3o, hemorragias no olho. Quando acomete os rins podemos ter uma diminui\u00e7\u00e3o do funcionamento do rim, insufici\u00eancia renal, h\u00e1 casos extremos que o paciente precisa fazer hemodi\u00e1lise. Quando atinge o c\u00e9rebro o paciente pode ter AVC. Uma press\u00e3o que ainda n\u00e3o seja muito grave pode causar sintomas discretos, uma tontura, uma cefal\u00e9ia. Mas vale lembrar que n\u00e3o podemos esperar os sintomas para procurar um m\u00e9dico.<\/p>\n<p><strong>Correio &#8211; Como diagnosticar a press\u00e3o alta?<\/strong><br \/>\n<strong>Dr. Mauricio &#8211;<\/strong> Voc\u00ea vai diagnosticar a hipertens\u00e3o arterial atrav\u00e9s da medida da press\u00e3o arterial. N\u00f3s temos aparelhos calibrados e a press\u00e3o pode ser medida em consult\u00f3rio m\u00e9dico ou com profissional da sa\u00fade que esteja habilitado para medir a press\u00e3o arterial em postos de sa\u00fade, farm\u00e1cias, e alguns aparelhos confi\u00e1veis podem ser utilizados em casa.<br \/>\nE temos outros dispositivos para medir a press\u00e3o arterial, por exemplo, o mapa. No mapa, o paciente fica 24 horas com um aparelho de press\u00e3o ligado a ele para medir a press\u00e3o a cada 15 minutos, inclusive dormindo. Dali n\u00f3s vamos tirar uma m\u00e9dia e ver como se comportou essa press\u00e3o ao longo das 24 horas para ter um diagn\u00f3stico.<\/p>\n<p><strong>Correio &#8211; O mapa \u00e9 para todos os pacientes ou para casos espec\u00edficos?<\/strong><br \/>\n<strong>Dr. Mauricio &#8211;<\/strong> Como eu costumo dizer para os meus alunos, mapa \u00e9 para tirar d\u00favidas, n\u00e3o \u00e9 para confirmar certezas, certo? Ent\u00e3o se o paciente est\u00e1 sempre com a press\u00e3o alta ele n\u00e3o precisa de mapa para saber que tem press\u00e3o alta. O mapa \u00e9 indicado quando a gente tem d\u00favidas.<\/p>\n<p><strong>Correio &#8211; Como o paciente trata a hipertens\u00e3o? <\/strong><br \/>\n<strong>Dr. Mauricio &#8211;<\/strong> O tratamento da hipertens\u00e3o envolve o tratamento n\u00e3o medicamentoso e o tratamento medicamentoso. O tratamento n\u00e3o medicamentoso que \u00e9 important\u00edssimo, muitas vezes os pacientes negligenciam, mas \u00e9 extremamente importante.<br \/>\nO tratamento n\u00e3o medicamentoso envolve mudan\u00e7as no estilo de vida, tem que se alimentar bem, praticar atividade f\u00edsica, cessar o tabagismo se caso ele fume, se alimentar bem, diminuir a ingesta de sal, evitar o consumo de alimentos industrializados e diminuir o estresse.<br \/>\nAl\u00e9m disso, t\u00e3o importante quanto, \u00e9 o tratamento medicamentoso. Ent\u00e3o, hoje em dia quase todos os pacientes hipertensos acaba tendo que tomar rem\u00e9dio em algum momento de sua vida.<\/p>\n<p><strong>Correio &#8211; Existe paciente que n\u00e3o precisa de medicamentos? <\/strong><br \/>\n<strong>Dr. Mauricio &#8211;<\/strong> Poucos os pacientes a gente trata sem medica\u00e7\u00e3o. No passado a gente insistia mais nessa mudan\u00e7a de estilo de vida, mas com o tempo o paciente voltava j\u00e1 com um problema. Ent\u00e3o, hoje em dia a gente \u00e9 mais agressivo com o tratamento. A gente passa um rem\u00e9dio e se o paciente provar que talvez consiga ficar sem, dai eu tiro o rem\u00e9dio. Mudan\u00e7a no estilo de vida somente para aquele paciente jovem, sem muito fator de risco, com a press\u00e3o arterial s\u00f3 um pouco alta.<\/p>\n<p><strong>Correio &#8211; A hipertens\u00e3o segue o paciente por toda vida?<\/strong><br \/>\n<strong>Dr. Mauricio &#8211;<\/strong> Por toda vida. Uma vez considerado hipertenso, esse paciente vai ser sempre hipertenso. S\u00f3 tem uma exce\u00e7\u00e3o que prevalece em 5% dos hipertensos, quando o paciente tem uma doen\u00e7a que faz com que a sua press\u00e3o suba, e a\u00ed a gente pode, talvez, curar essa doen\u00e7a, e o paciente pode deixar de ser hipertenso. Vamos dar um exemplo, se o paciente tem um tumor que produz uma subst\u00e2ncia que aumenta a press\u00e3o, se eu fizer uma cirurgia e tirar esse tumor, esse paciente pode ficar normal.<br \/>\nOutro exemplo \u00e9 um paciente que tem problema de tireoide, o problema de tireoide dele \u00e9 o que est\u00e1 fazendo a press\u00e3o subir, eu trato a tireoide dele e a press\u00e3o dele vai naturalmente baixar, a\u00ed pode ser que ele fique sem rem\u00e9dio. Mas 95% dos pacientes tem hipertens\u00e3o prim\u00e1ria, que \u00e9 hipertens\u00e3o relacionada com sua gen\u00e9tica e com seu estilo de vida.<\/p>\n<p><strong>Correio &#8211; Como podemos prevenir? <\/strong><br \/>\n<strong>Dr. Maur\u00edcio &#8211;<\/strong> A chave da preven\u00e7\u00e3o \u00e9 procurar um m\u00e9dico cedo, diagnosticar cedo e ter um estilo de vida saud\u00e1vel. Quem n\u00e3o \u00e9 hipertenso, pelo menos uma vez por ano me\u00e7a sua press\u00e3o, mesmo sem sentir nada. Que quando a gente diagnosticar precocemente n\u00f3s podemos evitar as complica\u00e7\u00f5es.<\/p>\n","protected":false},"excerpt":{"rendered":"<p>Segundo os dados do Minist\u00e9rio da Sa\u00fade, a hipertens\u00e3o, doen\u00e7a popularmente conhecida como \u201cpress\u00e3o alta\u201d,&#8230;<\/p>\n","protected":false},"author":1,"featured_media":10530,"comment_status":"open","ping_status":"open","sticky":false,"template":"","format":"standard","meta":{"_jetpack_memberships_contains_paid_content":false,"footnotes":"","jetpack_publicize_message":"","jetpack_publicize_feature_enabled":true,"jetpack_social_post_already_shared":true,"jetpack_social_options":{"image_generator_settings":{"template":"highway","default_image_id":0,"font":"","enabled":false},"version":2}},"categories":[1],"tags":[],"class_list":["post-10529","post","type-post","status-publish","format-standard","has-post-thumbnail","hentry","category-atualidade"],"jetpack_publicize_connections":[],"jetpack_featured_media_url":"https:\/\/correiodasemana.com\/site\/wp-content\/uploads\/2020\/01\/Dr.-Mauricio-1.jpg","jetpack-related-posts":[{"id":31850,"url":"https:\/\/correiodasemana.com\/site\/pimenta-faz-mal-a-pressao-arterial\/","url_meta":{"origin":10529,"position":0},"title":"Pimenta faz mal \u00e0 press\u00e3o arterial?","author":"adminredacao","date":"Dezembro 24, 2024","format":false,"excerpt":"N\u00e3o, pelo contr\u00e1rio, as pimentas s\u00e3o aliadas no tratamento contra a hipertens\u00e3o. Elas podem ajudar a reduzir a press\u00e3o arterial e a subst\u00e2ncia que torna a pimenta picante \u00e9 respons\u00e1vel por aumentar a produ\u00e7\u00e3o de uma mol\u00e9cula (\u00f3xido n\u00edtrico) que protege os vasos sangu\u00edneos contra inflama\u00e7\u00e3o. As pimentas tamb\u00e9m cont\u00eam\u2026","rel":"","context":"In &quot;Artigos&quot;","block_context":{"text":"Artigos","link":"https:\/\/correiodasemana.com\/site\/category\/artigos\/"},"img":{"alt_text":"","src":"https:\/\/i0.wp.com\/correiodasemana.com\/site\/wp-content\/uploads\/2021\/08\/Salmito-Campos.jpg?resize=350%2C200&ssl=1","width":350,"height":200,"srcset":"https:\/\/i0.wp.com\/correiodasemana.com\/site\/wp-content\/uploads\/2021\/08\/Salmito-Campos.jpg?resize=350%2C200&ssl=1 1x, https:\/\/i0.wp.com\/correiodasemana.com\/site\/wp-content\/uploads\/2021\/08\/Salmito-Campos.jpg?resize=525%2C300&ssl=1 1.5x, https:\/\/i0.wp.com\/correiodasemana.com\/site\/wp-content\/uploads\/2021\/08\/Salmito-Campos.jpg?resize=700%2C400&ssl=1 2x, https:\/\/i0.wp.com\/correiodasemana.com\/site\/wp-content\/uploads\/2021\/08\/Salmito-Campos.jpg?resize=1050%2C600&ssl=1 3x, https:\/\/i0.wp.com\/correiodasemana.com\/site\/wp-content\/uploads\/2021\/08\/Salmito-Campos.jpg?resize=1400%2C800&ssl=1 4x"},"classes":[]},{"id":17571,"url":"https:\/\/correiodasemana.com\/site\/setembro-vermelho-chama-a-atencao-para-doencas-do-coracao-medico-especialista-alerta-para-fatores-de-risco-e-prevencao\/","url_meta":{"origin":10529,"position":1},"title":"\u201cSetembro Vermelho\u201d chama a aten\u00e7\u00e3o para doen\u00e7as do cora\u00e7\u00e3o; M\u00e9dico especialista alerta para fatores de risco e preven\u00e7\u00e3o","author":"","date":"Setembro 26, 2021","format":false,"excerpt":"Neste ano, at\u00e9 o dia 20 de setembro, mais de 290 mil pessoas morreram por problemas card\u00edacos no Brasil\u00a0\u00a0 O Setembro Vermelho \u00e9 celebrado em homenagem ao Dia Mundial do Cora\u00e7\u00e3o, que tem sua data oficial comemorada no dia 29 de setembro. A data tem por objetivo promover a conscientiza\u00e7\u00e3o\u2026","rel":"","context":"In &quot;Atualidade&quot;","block_context":{"text":"Atualidade","link":"https:\/\/correiodasemana.com\/site\/category\/atualidade\/"},"img":{"alt_text":"","src":"https:\/\/correiodasemana.com\/site\/wp-content\/uploads\/2021\/09\/foto.bmp","width":350,"height":200,"srcset":"https:\/\/correiodasemana.com\/site\/wp-content\/uploads\/2021\/09\/foto.bmp 1x, https:\/\/correiodasemana.com\/site\/wp-content\/uploads\/2021\/09\/foto.bmp 1.5x"},"classes":[]},{"id":33479,"url":"https:\/\/correiodasemana.com\/site\/atenolol-esta-entre-os-10-medicamentos-mais-vendidos-no-brasil\/","url_meta":{"origin":10529,"position":2},"title":"Atenolol est\u00e1 entre os 10 medicamentos mais vendidos no Brasil","author":"adminredacao","date":"Abril 23, 2025","format":false,"excerpt":"Uso cont\u00ednuo e efic\u00e1cia no controle da hipertens\u00e3o impulsionam vendas do betabloqueador Um dos medicamentos gen\u00e9ricos mais prescritos no combate \u00e0 hipertens\u00e3o arterial, o atenolol figura atualmente como o oitavo medicamento mais vendido no Brasil. Utilizado principalmente no tratamento de doen\u00e7as cardiovasculares como hipertens\u00e3o, angina (dor no peito) e arritmias,\u2026","rel":"","context":"In &quot;Atualidade&quot;","block_context":{"text":"Atualidade","link":"https:\/\/correiodasemana.com\/site\/category\/atualidade\/"},"img":{"alt_text":"","src":"https:\/\/i0.wp.com\/correiodasemana.com\/site\/wp-content\/uploads\/2025\/04\/handler.png?resize=350%2C200&ssl=1","width":350,"height":200,"srcset":"https:\/\/i0.wp.com\/correiodasemana.com\/site\/wp-content\/uploads\/2025\/04\/handler.png?resize=350%2C200&ssl=1 1x, https:\/\/i0.wp.com\/correiodasemana.com\/site\/wp-content\/uploads\/2025\/04\/handler.png?resize=525%2C300&ssl=1 1.5x, https:\/\/i0.wp.com\/correiodasemana.com\/site\/wp-content\/uploads\/2025\/04\/handler.png?resize=700%2C400&ssl=1 2x, https:\/\/i0.wp.com\/correiodasemana.com\/site\/wp-content\/uploads\/2025\/04\/handler.png?resize=1050%2C600&ssl=1 3x, https:\/\/i0.wp.com\/correiodasemana.com\/site\/wp-content\/uploads\/2025\/04\/handler.png?resize=1400%2C800&ssl=1 4x"},"classes":[]},{"id":29159,"url":"https:\/\/correiodasemana.com\/site\/hipertensao-gestacional-conheca-os-riscos-para-a-saude-das-mulheres-e-bebes\/","url_meta":{"origin":10529,"position":3},"title":"Hipertens\u00e3o gestacional: conhe\u00e7a os riscos para a sa\u00fade das mulheres e beb\u00eas","author":"adminredacao","date":"Maio 6, 2024","format":false,"excerpt":"No decorrer da gesta\u00e7\u00e3o, algumas comorbidades e complica\u00e7\u00f5es podem comprometer o estado de sa\u00fade da gr\u00e1vida e do beb\u00ea. \u00c9 o caso da hipertens\u00e3o gestacional, que pode estar associada \u00e0 pr\u00e9-ecl\u00e2mpsia, ecl\u00e2mpsia e outras complica\u00e7\u00f5es graves, at\u00e9 mesmo fatais para m\u00e3e ou para o beb\u00ea. O Hospital Regional Norte (HRN),\u2026","rel":"","context":"In &quot;Atualidade&quot;","block_context":{"text":"Atualidade","link":"https:\/\/correiodasemana.com\/site\/category\/atualidade\/"},"img":{"alt_text":"","src":"https:\/\/i0.wp.com\/correiodasemana.com\/site\/wp-content\/uploads\/2024\/05\/Mae-hipertensao-1-scaled.jpg?resize=350%2C200&ssl=1","width":350,"height":200,"srcset":"https:\/\/i0.wp.com\/correiodasemana.com\/site\/wp-content\/uploads\/2024\/05\/Mae-hipertensao-1-scaled.jpg?resize=350%2C200&ssl=1 1x, https:\/\/i0.wp.com\/correiodasemana.com\/site\/wp-content\/uploads\/2024\/05\/Mae-hipertensao-1-scaled.jpg?resize=525%2C300&ssl=1 1.5x, https:\/\/i0.wp.com\/correiodasemana.com\/site\/wp-content\/uploads\/2024\/05\/Mae-hipertensao-1-scaled.jpg?resize=700%2C400&ssl=1 2x, https:\/\/i0.wp.com\/correiodasemana.com\/site\/wp-content\/uploads\/2024\/05\/Mae-hipertensao-1-scaled.jpg?resize=1050%2C600&ssl=1 3x, https:\/\/i0.wp.com\/correiodasemana.com\/site\/wp-content\/uploads\/2024\/05\/Mae-hipertensao-1-scaled.jpg?resize=1400%2C800&ssl=1 4x"},"classes":[]},{"id":8655,"url":"https:\/\/correiodasemana.com\/site\/abrigo-sagrado-coracao-de-jesus-promove-acao-no-dia-nacional-da-saude\/","url_meta":{"origin":10529,"position":4},"title":"Abrigo Sagrado Cora\u00e7\u00e3o de Jesus promove a\u00e7\u00e3o no Dia Nacional da Sa\u00fade","author":"","date":"Agosto 17, 2019","format":false,"excerpt":"\u00a0 Atividade ocorreu no estacionamento da C\u00faria Diocesana e contou com a presen\u00e7a de profissionais da sa\u00fade e, beneficiou funcion\u00e1rios da diocese Com o objetivo de enfatizar o dia dedicado \u00e0 sa\u00fade no Brasil, funcion\u00e1rios do Abrigo Sagrado Cora\u00e7\u00e3o de Jesus realizaram na manh\u00e3 da segunda-feira (5) no estacionamento da\u2026","rel":"","context":"In &quot;Atualidade&quot;","block_context":{"text":"Atualidade","link":"https:\/\/correiodasemana.com\/site\/category\/atualidade\/"},"img":{"alt_text":"","src":"https:\/\/i0.wp.com\/correiodasemana.com\/site\/wp-content\/uploads\/2019\/08\/Grande.jpg?resize=350%2C200&ssl=1","width":350,"height":200,"srcset":"https:\/\/i0.wp.com\/correiodasemana.com\/site\/wp-content\/uploads\/2019\/08\/Grande.jpg?resize=350%2C200&ssl=1 1x, https:\/\/i0.wp.com\/correiodasemana.com\/site\/wp-content\/uploads\/2019\/08\/Grande.jpg?resize=525%2C300&ssl=1 1.5x, https:\/\/i0.wp.com\/correiodasemana.com\/site\/wp-content\/uploads\/2019\/08\/Grande.jpg?resize=700%2C400&ssl=1 2x"},"classes":[]},{"id":35714,"url":"https:\/\/correiodasemana.com\/site\/pressao-12-por-8-nao-e-mais-normal-brasil-passa-a-seguir-nova-regra\/","url_meta":{"origin":10529,"position":5},"title":"Press\u00e3o 12 por 8 n\u00e3o \u00e9 mais normal? Brasil passa a seguir nova regra","author":"adminredacao","date":"Setembro 29, 2025","format":false,"excerpt":"A press\u00e3o considerada \u201cperfeita\u201d pelos brasileiros, o famoso 12 por 8, acaba de ganhar uma nova classifica\u00e7\u00e3o. De acordo com a mais recente diretriz endossada pela Sociedade Brasileira de Cardiologia (SBC), pela Sociedade Brasileira de Nefrologia (SBN) e pela Sociedade Brasileira de Hipertens\u00e3o (SBH), valores entre 12 por 8 e\u2026","rel":"","context":"In &quot;Atualidade&quot;","block_context":{"text":"Atualidade","link":"https:\/\/correiodasemana.com\/site\/category\/atualidade\/"},"img":{"alt_text":"","src":"https:\/\/i0.wp.com\/correiodasemana.com\/site\/wp-content\/uploads\/2025\/09\/Pressao-alta-12-por-8.jpeg?resize=350%2C200&ssl=1","width":350,"height":200,"srcset":"https:\/\/i0.wp.com\/correiodasemana.com\/site\/wp-content\/uploads\/2025\/09\/Pressao-alta-12-por-8.jpeg?resize=350%2C200&ssl=1 1x, https:\/\/i0.wp.com\/correiodasemana.com\/site\/wp-content\/uploads\/2025\/09\/Pressao-alta-12-por-8.jpeg?resize=525%2C300&ssl=1 1.5x, https:\/\/i0.wp.com\/correiodasemana.com\/site\/wp-content\/uploads\/2025\/09\/Pressao-alta-12-por-8.jpeg?resize=700%2C400&ssl=1 2x, https:\/\/i0.wp.com\/correiodasemana.com\/site\/wp-content\/uploads\/2025\/09\/Pressao-alta-12-por-8.jpeg?resize=1050%2C600&ssl=1 3x"},"classes":[]}],"jetpack_sharing_enabled":true,"_links":{"self":[{"href":"https:\/\/correiodasemana.com\/site\/wp-json\/wp\/v2\/posts\/10529","targetHints":{"allow":["GET"]}}],"collection":[{"href":"https:\/\/correiodasemana.com\/site\/wp-json\/wp\/v2\/posts"}],"about":[{"href":"https:\/\/correiodasemana.com\/site\/wp-json\/wp\/v2\/types\/post"}],"author":[{"embeddable":true,"href":"https:\/\/correiodasemana.com\/site\/wp-json\/wp\/v2\/users\/1"}],"replies":[{"embeddable":true,"href":"https:\/\/correiodasemana.com\/site\/wp-json\/wp\/v2\/comments?post=10529"}],"version-history":[{"count":1,"href":"https:\/\/correiodasemana.com\/site\/wp-json\/wp\/v2\/posts\/10529\/revisions"}],"predecessor-version":[{"id":10531,"href":"https:\/\/correiodasemana.com\/site\/wp-json\/wp\/v2\/posts\/10529\/revisions\/10531"}],"wp:featuredmedia":[{"embeddable":true,"href":"https:\/\/correiodasemana.com\/site\/wp-json\/wp\/v2\/media\/10530"}],"wp:attachment":[{"href":"https:\/\/correiodasemana.com\/site\/wp-json\/wp\/v2\/media?parent=10529"}],"wp:term":[{"taxonomy":"category","embeddable":true,"href":"https:\/\/correiodasemana.com\/site\/wp-json\/wp\/v2\/categories?post=10529"},{"taxonomy":"post_tag","embeddable":true,"href":"https:\/\/correiodasemana.com\/site\/wp-json\/wp\/v2\/tags?post=10529"}],"curies":[{"name":"wp","href":"https:\/\/api.w.org\/{rel}","templated":true}]}}