{"id":10535,"date":"2020-01-22T04:13:24","date_gmt":"2020-01-22T04:13:24","guid":{"rendered":"https:\/\/correiodasemana.com\/site\/?p=10535"},"modified":"2020-01-22T04:13:24","modified_gmt":"2020-01-22T04:13:24","slug":"a-sagrada-face-de-jesus-revelada-no-santo-sudario","status":"publish","type":"post","link":"https:\/\/correiodasemana.com\/site\/a-sagrada-face-de-jesus-revelada-no-santo-sudario\/","title":{"rendered":"A Sagrada Face\u00a0de\u00a0Jesus\u00a0revelada no Santo Sud\u00e1rio"},"content":{"rendered":"<p>A coluna de hoje n\u00e3o foi escrita por mim, Jos\u00e9 Lu\u00eds Lira. \u00c9 uma s\u00edntese de um belo artigo de 12 p\u00e1ginas, escrito pela Dama da Ordem do Santo Sepulcro de Jerusal\u00e9m,\u00a0Rita de S\u00e1 Freire, minha madrinha na Ordem, escritora e administradora do Apostolado \u201cNos Passos de Maria\u201d. Vale a pena conferir e registro agradecimentos \u00e0 autora:<br \/>\nO homem sempre procurou contemplar o rosto de Deus. Jesus nos disse:\u00a0\u201cQuem me v\u00ea, v\u00ea o Pai\u201d\u00a0(Jo 14, 9). Dessa forma, a contempla\u00e7\u00e3o da Sagrada Face de Cristo \u00e9 a pr\u00f3pria contempla\u00e7\u00e3o de Deus. Ver a Face do Senhor \u00e9, de alguma forma, ter um encontro, \u00e9 conhecer a Pessoa de Cristo. E assim, sua Face vem inspirando os crist\u00e3os a um maior conhecimento e amor ao Senhor, desde os primeiros s\u00e9culos.<br \/>\nO culto \u00e0 Sagrada Face tem por finalidade render \u00e0 Face Ador\u00e1vel de Jesus, desfigurada na sua Paix\u00e3o, homenagens particulares de respeito e de amor; reparar as blasf\u00eamias e as viola\u00e7\u00f5es dos dias santos, que O ultrajam de novo; al\u00e9m de obter de Deus a convers\u00e3o de todos n\u00f3s, pecadores. Nesse sentido, as ora\u00e7\u00f5es devocionais \u00e0 Sagrada Face de Jesus s\u00e3o um modo muito especial de honrar Nosso Senhor e de reparar todas as blasf\u00eamias que Ele tem sofrido ao longo dos s\u00e9culos, desde a Sua Paix\u00e3o no Calv\u00e1rio. Trata-se de uma salutar devo\u00e7\u00e3o, que se diria, institu\u00edda pelo pr\u00f3prio Salvador no dia de sua Ressurrei\u00e7\u00e3o, imprimindo, milagrosamente, Sua Sagrada Face no Santo Sud\u00e1rio. Uma venera\u00e7\u00e3o piedosa sempre conhecida e praticada na Igreja como incentivo poderoso \u00e0 Repara\u00e7\u00e3o. Cabe ressaltar, que a vida de Jesus foi extraordin\u00e1ria e humana tamb\u00e9m. Devemos nos lembrar que Jesus Cristo assumiu a natureza humana sem deixar de ser Deus: \u00e9 verdadeiro Deus e verdadeiro homem. Por essa raz\u00e3o, temos que ser adoradores e reparadores da Sagrada Face do Senhor, que Ressuscitado, ainda sofre por nossos pecados e de toda a humanidade.<br \/>\nOs verdadeiros valores crist\u00e3os e morais est\u00e3o sendo substitu\u00eddos por ideologias anticrist\u00e3s e com isso, avan\u00e7am os pecados do aborto, da impureza, da irrever\u00eancia e da falta de respeito para com Jesus. Com isso, Nosso Senhor \u00e9 escarnecido novamente. Reparamos e honramos a quem amamos. Ent\u00e3o, lembremo-nos do amor de DEUS por n\u00f3s.\u00a0Jesus Cristo, em seu extremo amor pela humanidade, depois de consumada a Reden\u00e7\u00e3o do g\u00eanero humano, quis deixar-nos a sua imagem gravada, milagrosamente, no Santo Sud\u00e1rio, dando-nos a gra\u00e7a, a n\u00f3s, seus remidos, de nos inebriarmos nos Seus tra\u00e7os r\u00e9gios, para ler neles a Sua Paix\u00e3o e o Seu amor por n\u00f3s. Seguramente, na vida de Jesus, houve, incont\u00e1veis feitos gloriosos&#8230; Entretanto, nas palavras de S\u00e3o Bernardo, a cor rubra da Paix\u00e3o seria a mais apropriada para representar o amor e por essa raz\u00e3o, deixou de lado todos os demais fatos gloriosos da sua vida, e quis se representar, perante n\u00f3s, como o Homem das dores, a fim de que nos fosse tanto mais am\u00e1vel, quanto mais desfigurado.<br \/>\nNa devo\u00e7\u00e3o \u00e0 Sagrada Face contemplamos o rosto sofredor de Jesus, ensanguentado e esbofeteado durante a sua Paix\u00e3o. \u00c9 a Face de Cristo no Horto das Oliveiras, na flagela\u00e7\u00e3o, na coroa\u00e7\u00e3o de espinhos, e no caminho do Calv\u00e1rio, carregando a cruz \u00e0s costas.<br \/>\nContemplar a Face de Cristo Crucificado nos une com todas as Suas tristezas, amor e total abandono!<\/p>\n","protected":false},"excerpt":{"rendered":"<p>A coluna de hoje n\u00e3o foi escrita por mim, Jos\u00e9 Lu\u00eds Lira. \u00c9 uma s\u00edntese&#8230;<\/p>\n","protected":false},"author":1,"featured_media":8256,"comment_status":"open","ping_status":"open","sticky":false,"template":"","format":"standard","meta":{"_jetpack_memberships_contains_paid_content":false,"footnotes":"","jetpack_publicize_message":"","jetpack_publicize_feature_enabled":true,"jetpack_social_post_already_shared":true,"jetpack_social_options":{"image_generator_settings":{"template":"highway","default_image_id":0,"font":"","enabled":false},"version":2}},"categories":[11,41],"tags":[],"class_list":["post-10535","post","type-post","status-publish","format-standard","has-post-thumbnail","hentry","category-artigos","category-jose-luis-lira"],"jetpack_publicize_connections":[],"jetpack_featured_media_url":"https:\/\/correiodasemana.com\/site\/wp-content\/uploads\/2019\/07\/Jose\u0301-1.jpg","jetpack-related-posts":[{"id":16432,"url":"https:\/\/correiodasemana.com\/site\/para-celebrar-e-viver\/","url_meta":{"origin":10535,"position":0},"title":"PARA CELEBRAR E VIVER!","author":"","date":"Maio 10, 2021","format":false,"excerpt":"Neste dia 8 rememoramos o primeiro ano da partida de Matusahila para o c\u00e9u. Muitos a chamavam pelo seu nome liter\u00e1rio, abreviando os sobrenomes e chamando-a apenas Matusahila Santiago. Na intimidade a cham\u00e1vamos de Sahila \u2013 Zaila. Esses dias me dediquei a organizar um livro com os escritos dela. Talvez\u2026","rel":"","context":"In &quot;Artigos&quot;","block_context":{"text":"Artigos","link":"https:\/\/correiodasemana.com\/site\/category\/artigos\/"},"img":{"alt_text":"","src":"https:\/\/i0.wp.com\/correiodasemana.com\/site\/wp-content\/uploads\/2018\/02\/Jose%CC%81-1.jpg?resize=350%2C200&ssl=1","width":350,"height":200,"srcset":"https:\/\/i0.wp.com\/correiodasemana.com\/site\/wp-content\/uploads\/2018\/02\/Jose%CC%81-1.jpg?resize=350%2C200&ssl=1 1x, https:\/\/i0.wp.com\/correiodasemana.com\/site\/wp-content\/uploads\/2018\/02\/Jose%CC%81-1.jpg?resize=525%2C300&ssl=1 1.5x, https:\/\/i0.wp.com\/correiodasemana.com\/site\/wp-content\/uploads\/2018\/02\/Jose%CC%81-1.jpg?resize=700%2C400&ssl=1 2x"},"classes":[]},{"id":11058,"url":"https:\/\/correiodasemana.com\/site\/mons-sadoc-de-araujo-sacerdos-in-aeternum\/","url_meta":{"origin":10535,"position":1},"title":"MONS. SADOC DE ARA\u00daJO \u2013\u00a0SACERDOS IN AETERNUM","author":"","date":"Mar\u00e7o 2, 2020","format":false,"excerpt":"Escrevo esta coluna na ter\u00e7a-feira de carnaval. Para a Igreja Cat\u00f3lica, festa m\u00f3vel da Sagrada Face de Jesus. Que todos tenhamos a gra\u00e7a de um dia contemplar a face de Nosso Senhor Jesus Cristo. A data, 25\/02, remete \u00e0s comemora\u00e7\u00f5es da ordena\u00e7\u00e3o sacerdotal do Pe. Sadoc \u2013 Francisco Sadoc de\u2026","rel":"","context":"In &quot;Artigos&quot;","block_context":{"text":"Artigos","link":"https:\/\/correiodasemana.com\/site\/category\/artigos\/"},"img":{"alt_text":"","src":"https:\/\/i0.wp.com\/correiodasemana.com\/site\/wp-content\/uploads\/2019\/07\/Jose%CC%81-1.jpg?resize=350%2C200&ssl=1","width":350,"height":200,"srcset":"https:\/\/i0.wp.com\/correiodasemana.com\/site\/wp-content\/uploads\/2019\/07\/Jose%CC%81-1.jpg?resize=350%2C200&ssl=1 1x, https:\/\/i0.wp.com\/correiodasemana.com\/site\/wp-content\/uploads\/2019\/07\/Jose%CC%81-1.jpg?resize=525%2C300&ssl=1 1.5x, https:\/\/i0.wp.com\/correiodasemana.com\/site\/wp-content\/uploads\/2019\/07\/Jose%CC%81-1.jpg?resize=700%2C400&ssl=1 2x"},"classes":[]},{"id":11758,"url":"https:\/\/correiodasemana.com\/site\/o-testamento-de-uma-santa-e-sua-reconstrucao-facial\/","url_meta":{"origin":10535,"position":2},"title":"O TESTAMENTO DE UMA SANTA E SUA RECONSTRU\u00c7\u00c3O FACIAL","author":"","date":"Julho 12, 2020","format":false,"excerpt":"\u201cTestamento de Santa Paulina Sede bem humildes. \u00c9 nosso Senhor quem faz tudo. N\u00f3s somos seus simples instrumentos. Confiai sempre e muito na Divina Provid\u00eancia. Nunca, jamais desanimeis, embora venham ventos contr\u00e1rios. Novamente vos digo: Confiai em Deus e em Maria Imaculada. Permanecei firmes e adiante! Recomendo-vos muito e muito\u2026","rel":"","context":"In &quot;Artigos&quot;","block_context":{"text":"Artigos","link":"https:\/\/correiodasemana.com\/site\/category\/artigos\/"},"img":{"alt_text":"","src":"https:\/\/i0.wp.com\/correiodasemana.com\/site\/wp-content\/uploads\/2019\/07\/Jose%CC%81-1.jpg?resize=350%2C200&ssl=1","width":350,"height":200,"srcset":"https:\/\/i0.wp.com\/correiodasemana.com\/site\/wp-content\/uploads\/2019\/07\/Jose%CC%81-1.jpg?resize=350%2C200&ssl=1 1x, https:\/\/i0.wp.com\/correiodasemana.com\/site\/wp-content\/uploads\/2019\/07\/Jose%CC%81-1.jpg?resize=525%2C300&ssl=1 1.5x, https:\/\/i0.wp.com\/correiodasemana.com\/site\/wp-content\/uploads\/2019\/07\/Jose%CC%81-1.jpg?resize=700%2C400&ssl=1 2x"},"classes":[]},{"id":32498,"url":"https:\/\/correiodasemana.com\/site\/800-anos-depois-do-nascimento-o-rosto-de-santo-tomas-de-aquino\/","url_meta":{"origin":10535,"position":3},"title":"800 anos depois do nascimento:  O rosto de Santo Tom\u00e1s de Aquino","author":"adminredacao","date":"Fevereiro 10, 2025","format":false,"excerpt":"Desde crian\u00e7a admirei os santos. Acima deles sempre teve a Trindade, Maria, Jos\u00e9, os ap\u00f3stolos, os anjos e arcanjos. N\u00e3o d\u00e1 para come\u00e7ar este elenco sem S\u00e3o Francisco, Santa Teresinha, Santo Antonio e da\u00ed por diante. Quanto mais vivi, mais santos fui descobrindo e amando. De alguns s\u00f3 o nome\u2026","rel":"","context":"In &quot;Atualidade&quot;","block_context":{"text":"Atualidade","link":"https:\/\/correiodasemana.com\/site\/category\/atualidade\/"},"img":{"alt_text":"","src":"https:\/\/i0.wp.com\/correiodasemana.com\/site\/wp-content\/uploads\/2025\/02\/WhatsApp-Image-2025-02-08-at-10.35.27-2.jpeg?resize=350%2C200&ssl=1","width":350,"height":200,"srcset":"https:\/\/i0.wp.com\/correiodasemana.com\/site\/wp-content\/uploads\/2025\/02\/WhatsApp-Image-2025-02-08-at-10.35.27-2.jpeg?resize=350%2C200&ssl=1 1x, https:\/\/i0.wp.com\/correiodasemana.com\/site\/wp-content\/uploads\/2025\/02\/WhatsApp-Image-2025-02-08-at-10.35.27-2.jpeg?resize=525%2C300&ssl=1 1.5x, https:\/\/i0.wp.com\/correiodasemana.com\/site\/wp-content\/uploads\/2025\/02\/WhatsApp-Image-2025-02-08-at-10.35.27-2.jpeg?resize=700%2C400&ssl=1 2x, https:\/\/i0.wp.com\/correiodasemana.com\/site\/wp-content\/uploads\/2025\/02\/WhatsApp-Image-2025-02-08-at-10.35.27-2.jpeg?resize=1050%2C600&ssl=1 3x"},"classes":[]},{"id":23808,"url":"https:\/\/correiodasemana.com\/site\/comunidade-catolica-coracao-de-maria\/","url_meta":{"origin":10535,"position":4},"title":"COMUNIDADE CAT\u00d3LICA CORA\u00c7\u00c3O DE MARIA \u2022","author":"adminredacao","date":"Abril 5, 2023","format":false,"excerpt":"Como Reparar? Recordando a voc\u00ea caro leitor, que continuamos aprofundando a Devo\u00e7\u00e3o \u00e0 Sagrada Face, tendo essa via, como pilar da Repara\u00e7\u00e3o no nosso carisma. Em 1938, Jesus apareceu a Ir. Maria Pierina de Micheli e ainda suando sangue, disse com grande tristeza: \u201cV\u00ea como sofro! E por poucos sou\u2026","rel":"","context":"In &quot;Artigos&quot;","block_context":{"text":"Artigos","link":"https:\/\/correiodasemana.com\/site\/category\/artigos\/"},"img":{"alt_text":"","src":"https:\/\/i0.wp.com\/correiodasemana.com\/site\/wp-content\/uploads\/2023\/02\/coracao-de-maria.jpg?resize=350%2C200&ssl=1","width":350,"height":200,"srcset":"https:\/\/i0.wp.com\/correiodasemana.com\/site\/wp-content\/uploads\/2023\/02\/coracao-de-maria.jpg?resize=350%2C200&ssl=1 1x, https:\/\/i0.wp.com\/correiodasemana.com\/site\/wp-content\/uploads\/2023\/02\/coracao-de-maria.jpg?resize=525%2C300&ssl=1 1.5x"},"classes":[]},{"id":15901,"url":"https:\/\/correiodasemana.com\/site\/quaresma-com-sao-jose-iii\/","url_meta":{"origin":10535,"position":5},"title":"Quaresma com S\u00e3o Jos\u00e9 &#8211; III","author":"","date":"Mar\u00e7o 7, 2021","format":false,"excerpt":"Quaresma com S\u00e3o Jos\u00e9! A cada semana da Quaresma, o Pe. Rafhael Silva Maciel prop\u00f5e uma pequena catequese, que este ano ter\u00e1 como linha guia o Ano de S. Jos\u00e9, proclamado pelo Papa Francisco. Esta semana o tema \u00e9: S\u00e3o Jos\u00e9 e a criatividade da caridade. Pe. Rafhael \u00e9 Mission\u00e1rio\u2026","rel":"","context":"In &quot;A voz do Pastor&quot;","block_context":{"text":"A voz do Pastor","link":"https:\/\/correiodasemana.com\/site\/category\/a-voz-do-pastor\/"},"img":{"alt_text":"","src":"https:\/\/i0.wp.com\/correiodasemana.com\/site\/wp-content\/uploads\/2019\/07\/Dom-Vasconcelos-posses.jpg?resize=350%2C200&ssl=1","width":350,"height":200,"srcset":"https:\/\/i0.wp.com\/correiodasemana.com\/site\/wp-content\/uploads\/2019\/07\/Dom-Vasconcelos-posses.jpg?resize=350%2C200&ssl=1 1x, https:\/\/i0.wp.com\/correiodasemana.com\/site\/wp-content\/uploads\/2019\/07\/Dom-Vasconcelos-posses.jpg?resize=525%2C300&ssl=1 1.5x, https:\/\/i0.wp.com\/correiodasemana.com\/site\/wp-content\/uploads\/2019\/07\/Dom-Vasconcelos-posses.jpg?resize=700%2C400&ssl=1 2x"},"classes":[]}],"jetpack_sharing_enabled":true,"_links":{"self":[{"href":"https:\/\/correiodasemana.com\/site\/wp-json\/wp\/v2\/posts\/10535","targetHints":{"allow":["GET"]}}],"collection":[{"href":"https:\/\/correiodasemana.com\/site\/wp-json\/wp\/v2\/posts"}],"about":[{"href":"https:\/\/correiodasemana.com\/site\/wp-json\/wp\/v2\/types\/post"}],"author":[{"embeddable":true,"href":"https:\/\/correiodasemana.com\/site\/wp-json\/wp\/v2\/users\/1"}],"replies":[{"embeddable":true,"href":"https:\/\/correiodasemana.com\/site\/wp-json\/wp\/v2\/comments?post=10535"}],"version-history":[{"count":1,"href":"https:\/\/correiodasemana.com\/site\/wp-json\/wp\/v2\/posts\/10535\/revisions"}],"predecessor-version":[{"id":10536,"href":"https:\/\/correiodasemana.com\/site\/wp-json\/wp\/v2\/posts\/10535\/revisions\/10536"}],"wp:featuredmedia":[{"embeddable":true,"href":"https:\/\/correiodasemana.com\/site\/wp-json\/wp\/v2\/media\/8256"}],"wp:attachment":[{"href":"https:\/\/correiodasemana.com\/site\/wp-json\/wp\/v2\/media?parent=10535"}],"wp:term":[{"taxonomy":"category","embeddable":true,"href":"https:\/\/correiodasemana.com\/site\/wp-json\/wp\/v2\/categories?post=10535"},{"taxonomy":"post_tag","embeddable":true,"href":"https:\/\/correiodasemana.com\/site\/wp-json\/wp\/v2\/tags?post=10535"}],"curies":[{"name":"wp","href":"https:\/\/api.w.org\/{rel}","templated":true}]}}