{"id":10587,"date":"2020-01-27T04:13:10","date_gmt":"2020-01-27T04:13:10","guid":{"rendered":"https:\/\/correiodasemana.com\/site\/?p=10587"},"modified":"2020-01-27T04:13:10","modified_gmt":"2020-01-27T04:13:10","slug":"as-barragens-e-o-papel-do-estado","status":"publish","type":"post","link":"https:\/\/correiodasemana.com\/site\/as-barragens-e-o-papel-do-estado\/","title":{"rendered":"AS BARRAGENS E O PAPEL DO ESTADO"},"content":{"rendered":"<p>De acordo com os notici\u00e1rios dos jornais, quando os ponteiros dos rel\u00f3gios chegaram \u00e0s 13h37min, no come\u00e7o da tarde do dia 25 de Janeiro de 2019, muitas pessoas almo\u00e7avam no refeit\u00f3rio da Mineradora Vale Rio Doce. Mas n\u00e3o sabia do caos que iria reinar em poucos segundos, em Brumadinho. N\u00e3o tinha mais atalhos, muitas pessoas come\u00e7aram morrem afogadas no rio de lama, causada pela barragem de dejetos.<br \/>\nSer\u00e1 que essa cena ir\u00e1 prevalecer em outras barragens? Ser\u00e1 que os governos conseguiram resolver a tempo o que j\u00e1 est\u00e1 sendo chamado de crise nacional! Ou a causa reinar\u00e1 em todas as barragens, sem a presen\u00e7a do papel do Estado?<br \/>\nA falta da presen\u00e7a do papel do Estado, a respeito de um assunto de t\u00e3o grande significado humano, pol\u00edtico e social, sobre a crise das barragens brasileiras, poder\u00e1 levar o Brasil a uma situa\u00e7\u00e3o insuport\u00e1vel pelos nefandos efeitos de atingir o Meio Ambiente, especialmente a popula\u00e7\u00e3o ribeirinha.<br \/>\nO tema proposto, aqui, nos leva a um assunto velho como se d\u00e1 o papel do Estado, em situa\u00e7\u00e3o de risco presente numa popula\u00e7\u00e3o ribeirinha: \u00e9 necess\u00e1rio e indispens\u00e1vel que o Estado tenha a consci\u00eancia da import\u00e2ncia e seriedade com o dever de encarar os riscos das barragens. Muitas delas, privadas, sem as regulariza\u00e7\u00f5es, para sua constru\u00e7\u00e3o.<br \/>\nComo se sabe, as constru\u00e7\u00f5es de grandes barragens e consequentes de forma\u00e7\u00f5es de reservat\u00f3rios que acarretam profundos problemas no meio ambiente com efeitos negativos de repercuss\u00f5es ecol\u00f3gicas de barramentos de rios. Isto sem falar da flora, fauna e de mortes humanas.<br \/>\nCom as constru\u00e7\u00f5es de muitas barragens privadas d\u00e1-se o seccionamento do curso dos rios, cujas correntes passam se acumular, formando uma massa parada. Nas \u00e1reas de represas, incluindo o deslocamento da popula\u00e7\u00e3o estabelecida nas terras inundadas, que passa a viver em torno das represas, exercendo press\u00e3o sobre os recursos naturais.<br \/>\nEm escala muito menor, sabemos que, os benef\u00edcios efetivos de grandes e pequenas barragens est\u00e3o relacionados \u00e0 produ\u00e7\u00e3o de energia el\u00e9trica, estocagem de \u00e1gua, cria\u00e7\u00e3o de \u00e1reas pra recrea\u00e7\u00e3o, melhoria do potencial pesqueiro e economia de recursos naturais. Ocasionalmente, os benef\u00edcios dizem respeito \u00e0 forma\u00e7\u00e3o de belos cen\u00e1rios naturais, melhores possibilidades para navega\u00e7\u00f5es de submerg\u00eancias, de uma regi\u00e3o pobre e aumentando a produ\u00e7\u00e3o do pescado. \u00c9 uma a\u00e7\u00e3o efetiva.<br \/>\nComo outro exemplo, a\u00e7udes melhores aproveitados no Nordeste; as adutoras saem das barragens, adentrando pelas catingas para atender as reais necessidades de uma grande regi\u00e3o, mitigando a sede das popula\u00e7\u00f5es sequiosas do nordeste levando \u00e1gua as cidades, povoados lugarejos, vilas, porta a porta. Assim, os a\u00e7udes podem cumprir suas verdadeiras miss\u00f5es junto \u00e0 necessidade da sociedade.<br \/>\nMas, n\u00e3o se trata aqui, s\u00f3 de propalar um bem comum, nem a beleza de nossas matas e nem dos cantos maviosos de nossas aves. Infelizmente, queremos tratar dos problemas dos riscos das barragens que vem se gravando, por falta de princ\u00edpios morais e de uma conduta na vida p\u00fablica e privada no Brasil.<br \/>\nSalve as barragens, que est\u00e3o em perigos! N\u00e3o pode se negar despeito \u00e0 lei ambiental como parte do cotidiano de todos os recantos do pa\u00eds. Mas o problema est\u00e1 grave, a situa\u00e7\u00e3o \u00e9 angustiante das barragens. Segundo Ag\u00eancia Nacional das \u00c1guas, os riscos muitas de se romperem v\u00eam crescendo, por falta de documento que comprove a estabilidade das estruturas, a maioria delas, est\u00e1 no Nordeste, com os problemas de eros\u00e3o, comprometendo suas estruturas.<br \/>\n\u00c9 verdade. Na guisa da informa\u00e7\u00e3o, os especialistas urgem dizerem que, muitos a\u00e7udes nordestinos est\u00e3o nas zonas de riscos de rompimentos. Entre eles, o a\u00e7ude Caldeir\u00e3o no Estado Piau\u00ed; os Afligidos, Araci, Cip\u00f3, Quati no Estado da Bahia; Jucazinho, Dusa Unas no Estado de Pernambuco; barragem de Patos, Chap\u00e9u D\u2019uvas, Gargalheiras, Calabou\u00e7o no Estado do Rio Grande Norte; Gulandim, Prado, S\u00e3o Francisco no Estado de Alagoas; Granjeiro, de Ubajara, Jaburu, Lima Campos, Pompeu Sobrinho, Aryres de Sousa e outros no Estado do Cear\u00e1. Segundo o ambientalista Lucio Marcelo, as Barragens Pericum\u00e3, barragem do Bacanga no Maranh\u00e3o, apontam uma situa\u00e7\u00e3o preocupante. Enfim, Isso sem falar da lista enorme de outras barragens espelhadas pelo nordeste e em outras regi\u00f5es do pa\u00eds.<br \/>\nAgente tem que tomar muito cuidado porque os governos, ainda n\u00e3o pensam, em procurar tirar as barragens dos riscos, n\u00e3o enxergam a crise da respeitabilidade, que impera nas comunidades ribeirinhas nos dias de hoje, principalmente a crise de respeito \u00e0 natureza.<br \/>\nDiante desse cen\u00e1rio nacional, t\u00e3o grave! Os conturbados argumentos, das autoridades, que desprezam os perigos das barragens p\u00fablicas e privadas, hoje, s\u00e3o os mesmos, quando aconteceram as trag\u00e9dias das barragens, em Marina e Brumadinho.<br \/>\nO que significa essa aus\u00eancia do Estado dentro dos modelos pol\u00edtico e judici\u00e1rio \u00e9 a impunidade das exploradoras das riquezas minerais, at\u00e9 ent\u00e3o intoc\u00e1veis. Aliado a isto, est\u00e3o \u00e0s press\u00f5es crescentes de grupos estrangeiros, press\u00f5es pol\u00edticas diplom\u00e1ticos, econ\u00f4micas e financeiras, que aos poucos se verem cercadas de privil\u00e9gios, em nome de um modelo de desenvolvimento econ\u00f4mico, dando as costas \u00e0 natureza.<br \/>\nE o pior, nesta ponte da exclus\u00e3o da natureza, temos ainda, que contar, com a declara\u00e7\u00e3o do Ministro de Economia Paulo Guedes, em declarar: \u201cque o maior inimigo do Meio Ambiente \u00e9 a pobreza\u201d. Isso \u00e9 rid\u00edculo, porque o pobre \u00e9 a pr\u00f3pria vitima desse calculo econ\u00f4mico, que vira as costas ao Meio Ambiente. Um exemplo s\u00e3o os desmatamentos da Amaz\u00f4nia, pela explora\u00e7\u00e3o socioecon\u00f4mica, \u00e9 um fato que no F\u00f3rum Econ\u00f4mico Mundial, o Ministro do liberalismo latifundi\u00e1rio teve vergonha de dizer isto.<br \/>\nTem mais: a vis\u00e3o neoliberal do rico Ministro, que \u00e9 controlada pelo sistema financeiro dos EUA. O que significa tamb\u00e9m que ele pensa o pa\u00eds a partir da difus\u00e3o de filmes americanos em todo o mundo. Significa, no fundo, manter a classe pobre alheia \u00e0s reais causas do seu infort\u00fanio. Imagine o pre\u00e7o que as futuras gera\u00e7\u00f5es pagar\u00e3o, por esse argumento de m\u00e1 f\u00e9? Isso \u00e9 inadmiss\u00edvel, onde o papel do Estado brasileiro \u00e9 fundamental, para promover a regulamenta\u00e7\u00e3o e garantia seu controle eficiente e eficaz, com a compet\u00eancia necess\u00e1ria, para uma a\u00e7\u00e3o ecol\u00f3gica, de modo a contemplar os pobres, oferecendo-lhes condi\u00e7\u00f5es dignas de vida, no equil\u00edbrio da sobreviv\u00eancia natural.<br \/>\nPor fim, segundo a ONU, \u00e9 um problema que viola os direitos humanos. Por isso, o Estado brasileiro tem o dever e pode encontrar solu\u00e7\u00e3o nos problemas de riscos das barragens. Porque os preju\u00edzos podem representar problemas socioecon\u00f4micos para a sociedade, al\u00e9m atingir o Meio Ambiente por consequ\u00eancia, tragicamente a vida humana.<br \/>\nJornalista, Historiador<br \/>\ne Cr\u00edtico Liter\u00e1rio.<\/p>\n","protected":false},"excerpt":{"rendered":"<p>De acordo com os notici\u00e1rios dos jornais, quando os ponteiros dos rel\u00f3gios chegaram \u00e0s 13h37min,&#8230;<\/p>\n","protected":false},"author":1,"featured_media":7641,"comment_status":"open","ping_status":"open","sticky":false,"template":"","format":"standard","meta":{"_jetpack_memberships_contains_paid_content":false,"footnotes":"","jetpack_publicize_message":"","jetpack_publicize_feature_enabled":true,"jetpack_social_post_already_shared":true,"jetpack_social_options":{"image_generator_settings":{"template":"highway","default_image_id":0,"font":"","enabled":false},"version":2}},"categories":[11,16],"tags":[],"class_list":["post-10587","post","type-post","status-publish","format-standard","has-post-thumbnail","hentry","category-artigos","category-eudes-de-sousa"],"jetpack_publicize_connections":[],"jetpack_featured_media_url":"https:\/\/correiodasemana.com\/site\/wp-content\/uploads\/2018\/01\/chuvas.jpg","jetpack-related-posts":[{"id":23814,"url":"https:\/\/correiodasemana.com\/site\/ceara-chega-a-56-acudes-sangrando\/","url_meta":{"origin":10587,"position":0},"title":"Cear\u00e1 chega a 56 a\u00e7udes sangrando","author":"","date":"Abril 5, 2023","format":false,"excerpt":"56 dos 157 a\u00e7udes monitorados pela Companhia de Gest\u00e3o dos Recursos H\u00eddricos (Cogerh), est\u00e3o sangrando no Cear\u00e1. O \u00f3rg\u00e3o informou tamb\u00e9m que h\u00e1 66 barragens com volume acima de 90% e ainda come\u00e7o do terceiro e pen\u00faltimo m\u00eas da quadra chuvosa. A maioria desses 66 reservat\u00f3rios j\u00e1 chegou ao seu\u2026","rel":"","context":"In &quot;Atualidade&quot;","block_context":{"text":"Atualidade","link":"https:\/\/correiodasemana.com\/site\/category\/atualidade\/"},"img":{"alt_text":"","src":"https:\/\/i0.wp.com\/correiodasemana.com\/site\/wp-content\/uploads\/2023\/04\/sangria-1536x1152-1.jpg?resize=350%2C200&ssl=1","width":350,"height":200,"srcset":"https:\/\/i0.wp.com\/correiodasemana.com\/site\/wp-content\/uploads\/2023\/04\/sangria-1536x1152-1.jpg?resize=350%2C200&ssl=1 1x, https:\/\/i0.wp.com\/correiodasemana.com\/site\/wp-content\/uploads\/2023\/04\/sangria-1536x1152-1.jpg?resize=525%2C300&ssl=1 1.5x, https:\/\/i0.wp.com\/correiodasemana.com\/site\/wp-content\/uploads\/2023\/04\/sangria-1536x1152-1.jpg?resize=700%2C400&ssl=1 2x, https:\/\/i0.wp.com\/correiodasemana.com\/site\/wp-content\/uploads\/2023\/04\/sangria-1536x1152-1.jpg?resize=1050%2C600&ssl=1 3x, https:\/\/i0.wp.com\/correiodasemana.com\/site\/wp-content\/uploads\/2023\/04\/sangria-1536x1152-1.jpg?resize=1400%2C800&ssl=1 4x"},"classes":[]},{"id":10720,"url":"https:\/\/correiodasemana.com\/site\/um-ano-depois-nao-esquecamos-brumadinho\/","url_meta":{"origin":10587,"position":1},"title":"Um ano depois, n\u00e3o esque\u00e7amos Brumadinho!","author":"","date":"Fevereiro 3, 2020","format":false,"excerpt":"\u201cEu vim para que todos tenham vida, e a tenham em abund\u00e2ncia\u201d (Jo 10,10). Essas palavras ecoaram na voz de Jesus anunciando a vida digna que todo ser humano precisa ter. Mas como falar de vida, em seu mais amplo significado, quando contemplamos tantos desastres, como o de Brumadinho, h\u00e1\u2026","rel":"","context":"In &quot;Artigos&quot;","block_context":{"text":"Artigos","link":"https:\/\/correiodasemana.com\/site\/category\/artigos\/"},"img":{"alt_text":"","src":"https:\/\/i0.wp.com\/correiodasemana.com\/site\/wp-content\/uploads\/2019\/07\/editorial-cs.jpg?resize=350%2C200&ssl=1","width":350,"height":200,"srcset":"https:\/\/i0.wp.com\/correiodasemana.com\/site\/wp-content\/uploads\/2019\/07\/editorial-cs.jpg?resize=350%2C200&ssl=1 1x, https:\/\/i0.wp.com\/correiodasemana.com\/site\/wp-content\/uploads\/2019\/07\/editorial-cs.jpg?resize=525%2C300&ssl=1 1.5x"},"classes":[]},{"id":15170,"url":"https:\/\/correiodasemana.com\/site\/desenvolvimento-regional-conclui-62-mil-obras-em-2020-diz-ministro\/","url_meta":{"origin":10587,"position":2},"title":"Desenvolvimento Regional conclui 6,2 mil obras em 2020, diz ministro","author":"","date":"Dezembro 22, 2020","format":false,"excerpt":"Ao todo, foram entregues 410 mil unidades habitacionais Ao fazer hoje (22) um balan\u00e7o das a\u00e7\u00f5es executadas ao longo deste ano, o ministro do Desenvolvimento Regional, Rog\u00e9rio Marinho, disse que foram conclu\u00eddas 6,2 mil obras de pequeno, m\u00e9dio e grande portes nas \u00e1reas de habita\u00e7\u00e3o, saneamento, mobilidade, desenvolvimento regional e\u2026","rel":"","context":"In &quot;Atualidade&quot;","block_context":{"text":"Atualidade","link":"https:\/\/correiodasemana.com\/site\/category\/atualidade\/"},"img":{"alt_text":"","src":"https:\/\/i0.wp.com\/correiodasemana.com\/site\/wp-content\/uploads\/2020\/12\/15_07_2020_cerimonia_saneamento-4.jpg?resize=350%2C200&ssl=1","width":350,"height":200,"srcset":"https:\/\/i0.wp.com\/correiodasemana.com\/site\/wp-content\/uploads\/2020\/12\/15_07_2020_cerimonia_saneamento-4.jpg?resize=350%2C200&ssl=1 1x, https:\/\/i0.wp.com\/correiodasemana.com\/site\/wp-content\/uploads\/2020\/12\/15_07_2020_cerimonia_saneamento-4.jpg?resize=525%2C300&ssl=1 1.5x, https:\/\/i0.wp.com\/correiodasemana.com\/site\/wp-content\/uploads\/2020\/12\/15_07_2020_cerimonia_saneamento-4.jpg?resize=700%2C400&ssl=1 2x, https:\/\/i0.wp.com\/correiodasemana.com\/site\/wp-content\/uploads\/2020\/12\/15_07_2020_cerimonia_saneamento-4.jpg?resize=1050%2C600&ssl=1 3x"},"classes":[]},{"id":14110,"url":"https:\/\/correiodasemana.com\/site\/de-onde-vem-o-dinheiro-da-prefeitura\/","url_meta":{"origin":10587,"position":3},"title":"De onde vem o dinheiro da prefeitura","author":"","date":"Outubro 19, 2020","format":false,"excerpt":"Os munic\u00edpios disp\u00f5em de diversas fontes de receitas, com as quais pagam os seus custos, os sal\u00e1rios do prefeito, dos vereadores e dos funcion\u00e1rios, investem em a\u00e7\u00f5es sociais (sa\u00fade, educa\u00e7\u00e3o, assist\u00eancia social etc.) e ainda fazem obras (asfalto, constru\u00e7\u00e3o de escolas, entre outras). Em primeiro lugar, v\u00eam as receitas de\u2026","rel":"","context":"In &quot;Atualidade&quot;","block_context":{"text":"Atualidade","link":"https:\/\/correiodasemana.com\/site\/category\/atualidade\/"},"img":{"alt_text":"","src":"https:\/\/i0.wp.com\/correiodasemana.com\/site\/wp-content\/uploads\/2020\/10\/imagem_materia.jpg?resize=350%2C200&ssl=1","width":350,"height":200},"classes":[]},{"id":14231,"url":"https:\/\/correiodasemana.com\/site\/de-onde-vem-o-dinheiro-da-prefeitura-2\/","url_meta":{"origin":10587,"position":4},"title":"De onde vem o dinheiro da prefeitura","author":"","date":"Outubro 25, 2020","format":false,"excerpt":"Os munic\u00edpios disp\u00f5em de diversas fontes de receitas, com as quais pagam os seus custos, os sal\u00e1rios do prefeito, dos vereadores e dos funcion\u00e1rios, investem em a\u00e7\u00f5es sociais (sa\u00fade, educa\u00e7\u00e3o, assist\u00eancia social etc.) e ainda fazem obras (asfalto, constru\u00e7\u00e3o de escolas, entre outras). Em primeiro lugar, v\u00eam as receitas de\u2026","rel":"","context":"In &quot;Atualidade&quot;","block_context":{"text":"Atualidade","link":"https:\/\/correiodasemana.com\/site\/category\/atualidade\/"},"img":{"alt_text":"","src":"https:\/\/i0.wp.com\/correiodasemana.com\/site\/wp-content\/uploads\/2020\/09\/Dinheiro.jpg?resize=350%2C200&ssl=1","width":350,"height":200,"srcset":"https:\/\/i0.wp.com\/correiodasemana.com\/site\/wp-content\/uploads\/2020\/09\/Dinheiro.jpg?resize=350%2C200&ssl=1 1x, https:\/\/i0.wp.com\/correiodasemana.com\/site\/wp-content\/uploads\/2020\/09\/Dinheiro.jpg?resize=525%2C300&ssl=1 1.5x, https:\/\/i0.wp.com\/correiodasemana.com\/site\/wp-content\/uploads\/2020\/09\/Dinheiro.jpg?resize=700%2C400&ssl=1 2x, https:\/\/i0.wp.com\/correiodasemana.com\/site\/wp-content\/uploads\/2020\/09\/Dinheiro.jpg?resize=1050%2C600&ssl=1 3x, https:\/\/i0.wp.com\/correiodasemana.com\/site\/wp-content\/uploads\/2020\/09\/Dinheiro.jpg?resize=1400%2C800&ssl=1 4x"},"classes":[]},{"id":11060,"url":"https:\/\/correiodasemana.com\/site\/consumidores-com-contas-em-atraso-podem-recorrer-ao-feirao-limpa-nome\/","url_meta":{"origin":10587,"position":5},"title":"Consumidores com contas em atraso podem recorrer ao Feir\u00e3o Limpa Nome","author":"","date":"Mar\u00e7o 2, 2020","format":false,"excerpt":"Come\u00e7ou na quinta-feira (27) o Feir\u00e3o Limpa Nome do Serasa. A iniciativa que termina no dia 31 de mar\u00e7o \u00e9 uma oportunidade para ajudar consumidores com contas atrasadas a negociar e quitar suas d\u00edvidas. De acordo com o Serasa, os descontos podem chegar a at\u00e9 98%. Participam do Feir\u00e3o mais\u2026","rel":"","context":"In &quot;Atualidade&quot;","block_context":{"text":"Atualidade","link":"https:\/\/correiodasemana.com\/site\/category\/atualidade\/"},"img":{"alt_text":"","src":"https:\/\/i0.wp.com\/correiodasemana.com\/site\/wp-content\/uploads\/2020\/03\/banner.jpg?resize=350%2C200&ssl=1","width":350,"height":200,"srcset":"https:\/\/i0.wp.com\/correiodasemana.com\/site\/wp-content\/uploads\/2020\/03\/banner.jpg?resize=350%2C200&ssl=1 1x, https:\/\/i0.wp.com\/correiodasemana.com\/site\/wp-content\/uploads\/2020\/03\/banner.jpg?resize=525%2C300&ssl=1 1.5x, https:\/\/i0.wp.com\/correiodasemana.com\/site\/wp-content\/uploads\/2020\/03\/banner.jpg?resize=700%2C400&ssl=1 2x, https:\/\/i0.wp.com\/correiodasemana.com\/site\/wp-content\/uploads\/2020\/03\/banner.jpg?resize=1050%2C600&ssl=1 3x"},"classes":[]}],"jetpack_sharing_enabled":true,"_links":{"self":[{"href":"https:\/\/correiodasemana.com\/site\/wp-json\/wp\/v2\/posts\/10587","targetHints":{"allow":["GET"]}}],"collection":[{"href":"https:\/\/correiodasemana.com\/site\/wp-json\/wp\/v2\/posts"}],"about":[{"href":"https:\/\/correiodasemana.com\/site\/wp-json\/wp\/v2\/types\/post"}],"author":[{"embeddable":true,"href":"https:\/\/correiodasemana.com\/site\/wp-json\/wp\/v2\/users\/1"}],"replies":[{"embeddable":true,"href":"https:\/\/correiodasemana.com\/site\/wp-json\/wp\/v2\/comments?post=10587"}],"version-history":[{"count":1,"href":"https:\/\/correiodasemana.com\/site\/wp-json\/wp\/v2\/posts\/10587\/revisions"}],"predecessor-version":[{"id":10588,"href":"https:\/\/correiodasemana.com\/site\/wp-json\/wp\/v2\/posts\/10587\/revisions\/10588"}],"wp:featuredmedia":[{"embeddable":true,"href":"https:\/\/correiodasemana.com\/site\/wp-json\/wp\/v2\/media\/7641"}],"wp:attachment":[{"href":"https:\/\/correiodasemana.com\/site\/wp-json\/wp\/v2\/media?parent=10587"}],"wp:term":[{"taxonomy":"category","embeddable":true,"href":"https:\/\/correiodasemana.com\/site\/wp-json\/wp\/v2\/categories?post=10587"},{"taxonomy":"post_tag","embeddable":true,"href":"https:\/\/correiodasemana.com\/site\/wp-json\/wp\/v2\/tags?post=10587"}],"curies":[{"name":"wp","href":"https:\/\/api.w.org\/{rel}","templated":true}]}}