{"id":10608,"date":"2020-01-27T04:24:34","date_gmt":"2020-01-27T04:24:34","guid":{"rendered":"https:\/\/correiodasemana.com\/site\/?p=10608"},"modified":"2020-01-27T04:24:34","modified_gmt":"2020-01-27T04:24:34","slug":"sobralenses-podem-despertar-novos-olhares-para-a-monalisa-e-o-regionalismo","status":"publish","type":"post","link":"https:\/\/correiodasemana.com\/site\/sobralenses-podem-despertar-novos-olhares-para-a-monalisa-e-o-regionalismo\/","title":{"rendered":"Sobralenses podem despertar Novos Olhares para a Monalisa e o Regionalismo"},"content":{"rendered":"<p>O sorriso enigm\u00e1tico da Gioconda de Da Vinci ganha novas vers\u00f5es em exposi\u00e7\u00e3o na Casa de Cultura de Sobral.<\/p>\n<p>Domingos de Barros Jr<br \/>\nJornalista<\/p>\n<p>A exposi\u00e7\u00e3o\u00a0Novos olhares para a Monalisa e o Regionalismo\u00a0est\u00e1\u00a0aberta ao p\u00fablico no\u00a0primeiro\u00a0andar da Casa da\u00a0Cultura de Sobral, desde\u00a0o dia\u00a013 de janeiro.\u00a0O\u00a0evento se estender\u00e1\u00a0\u00e0\u00a0visita\u00e7\u00e3o gratuita at\u00e9 o dia\u00a06 de abril. A Casa de Cultura \u00e9 aberta\u00a0ao p\u00fablico\u00a0de 8h \u00e0s 12h e das 13h \u00e1s 21h, de ter\u00e7as a sextas-feiras\u00a0e aos\u00a0s\u00e1bados\u00a0das 17h\u00a0\u00e0s\u00a021h.<br \/>\nEntre sorriso t\u00edmido e olhar enigm\u00e1tico que consagrou a obra de Leonardo Da Vinci, vemos diversas faces de Monalisa, que dentro desta exposi\u00e7\u00e3o tem releituras com novas fei\u00e7\u00f5es: regionalizadas, ind\u00edgenas, nordestinas e negras, estas tamb\u00e9m contracenando com figuras da cultura regional e elementos t\u00edpicos como o canga\u00e7o e a religiosidade crist\u00e3 do sertanejo.<br \/>\nA exposi\u00e7\u00e3o faz parte do acervo da colecionadora e curadora Veridiana Brasileiro que conta com mais de 450 releituras da Monalisa, das quais cerca de 130 est\u00e3o expostas na Casa da Cultura de Sobral, sendo outra parte das obras expostas no\u00a0Museu da Ind\u00fastria\u00a0no centro de Fortaleza.<br \/>\nConstitu\u00edda de variados artistas e t\u00e9cnicas, as obras s\u00e3o dispostas em diversos processos de pintura, desenho e demais formas de artes visuais, indo desde acr\u00edlica sobre tela at\u00e9 aquarelas feitas em caf\u00e9. A Gioconda \u00e9 retratada em paisagens e circunst\u00e2ncias t\u00edpicas do nordeste, ganhando negritude, visitando praias e festas populares, rodeada de paisagens e elementos caracter\u00edsticos como o cuscuz em obras que seguem o l\u00fadico e o imagin\u00e1rio popular, passando por alus\u00f5es ao regional como a teoria da relatividade comprovada em Sobral.<br \/>\nPara a visitante Yara Feitosa, estudante de Mecatr\u00f4nica: \u201cA exposi\u00e7\u00e3o traz uma experi\u00eancia que junta algo que n\u00e3o \u00e9 t\u00e3o presente no regional, o renascentismo no caso, sendo posto com outros olhos mais pr\u00f3ximos da nossa realidade\u201d.<br \/>\nO acervo segue se nutrindo de quadros de artistas regionais,\u00a0que segue\u00a0ganhando mais obras por onde passa.\u00a0Em\u00a0Sobral, a aquisi\u00e7\u00e3o foi uma obra do artista pl\u00e1stico\u00a0Ed Ferrera,\u00a0que est\u00e1 com\u00a0a\u00a0mostra individual\u00a0\u201cMeninas do Rio\u201d em cartaz no\u00a0Museu de Arte da UFC\u00a0(MAUC)\u00a0em\u00a0Fortaleza at\u00e9\u00a0o dia 14 de\u00a0fevereiro.<br \/>\nNovos\u00a0Olhares para a Monalisa e o Regionalismo\u00a0tem a\u00a0curadoria de\u00a0Andr\u00e9a\u00a0Dall\u2019Olio, artista\u00a0pl\u00e1stica, arquiteta e curadora.\u00a0Andr\u00e9a compartilha o espa\u00e7o sendo expositora no primeiro piso da casa de cultura,\u00a0com suas obras que se utilizam de materiais palp\u00e1veis aos olhos e uma t\u00e9cnica que salta das telas e retrata transitoriedade e ra\u00edzes na imigra\u00e7\u00e3o, a exposi\u00e7\u00e3o de Dall\u2019Olio conta com a curadoria de\u00a0Veridiana Brasileiro.<br \/>\nO acesso \u00e9 gratuito\u00a0e livre para todas as idades. As duas exposi\u00e7\u00f5es t\u00eam o mesmo per\u00edodo de dura\u00e7\u00e3o se encerrando no dia 6 de abril.<br \/>\nVoc\u00ea pode conferir mais no instagram: @novos_olhares_para_monalisa | @andreiadallolio | @veribrasileiro | @edferreiraoficial | @casadaculturasobral<\/p>\n","protected":false},"excerpt":{"rendered":"<p>O sorriso enigm\u00e1tico da Gioconda de Da Vinci ganha novas vers\u00f5es em exposi\u00e7\u00e3o na Casa&#8230;<\/p>\n","protected":false},"author":1,"featured_media":10609,"comment_status":"open","ping_status":"open","sticky":false,"template":"","format":"standard","meta":{"_jetpack_memberships_contains_paid_content":false,"footnotes":"","jetpack_publicize_message":"","jetpack_publicize_feature_enabled":true,"jetpack_social_post_already_shared":true,"jetpack_social_options":{"image_generator_settings":{"template":"highway","default_image_id":0,"font":"","enabled":false},"version":2}},"categories":[1],"tags":[],"class_list":["post-10608","post","type-post","status-publish","format-standard","has-post-thumbnail","hentry","category-atualidade"],"jetpack_publicize_connections":[],"jetpack_featured_media_url":"https:\/\/correiodasemana.com\/site\/wp-content\/uploads\/2020\/01\/Mona-Lisa-Museu-do-Louvre-Paris.jpg","jetpack-related-posts":[{"id":38056,"url":"https:\/\/correiodasemana.com\/site\/humanidades-revela-a-forca-de-25-anos-de-criacao-de-wescley-braga\/","url_meta":{"origin":10608,"position":0},"title":"Humanidades revela a for\u00e7a de 25 anos de cria\u00e7\u00e3o de Wescley Braga","author":"adminredacao","date":"Abril 13, 2026","format":false,"excerpt":"A exposi\u00e7\u00e3o Humanidades, do artista cearense Wescley Braga, abriu ao p\u00fablico no dia 24 de abril, na Casa da Cultura de Sobral, consolidando-se como um dos momentos mais abrangentes e significativos de sua trajet\u00f3ria. Celebrando 25 anos de carreira, a mostra re\u00fane mais de 170 obras e apresenta um panorama\u2026","rel":"","context":"In &quot;Atualidade&quot;","block_context":{"text":"Atualidade","link":"https:\/\/correiodasemana.com\/site\/category\/atualidade\/"},"img":{"alt_text":"","src":"https:\/\/i0.wp.com\/correiodasemana.com\/site\/wp-content\/uploads\/2026\/04\/Fotografia-Breno-Araujo-1-scaled.jpg?resize=350%2C200&ssl=1","width":350,"height":200,"srcset":"https:\/\/i0.wp.com\/correiodasemana.com\/site\/wp-content\/uploads\/2026\/04\/Fotografia-Breno-Araujo-1-scaled.jpg?resize=350%2C200&ssl=1 1x, https:\/\/i0.wp.com\/correiodasemana.com\/site\/wp-content\/uploads\/2026\/04\/Fotografia-Breno-Araujo-1-scaled.jpg?resize=525%2C300&ssl=1 1.5x, https:\/\/i0.wp.com\/correiodasemana.com\/site\/wp-content\/uploads\/2026\/04\/Fotografia-Breno-Araujo-1-scaled.jpg?resize=700%2C400&ssl=1 2x, https:\/\/i0.wp.com\/correiodasemana.com\/site\/wp-content\/uploads\/2026\/04\/Fotografia-Breno-Araujo-1-scaled.jpg?resize=1050%2C600&ssl=1 3x, https:\/\/i0.wp.com\/correiodasemana.com\/site\/wp-content\/uploads\/2026\/04\/Fotografia-Breno-Araujo-1-scaled.jpg?resize=1400%2C800&ssl=1 4x"},"classes":[]},{"id":8796,"url":"https:\/\/correiodasemana.com\/site\/em-tempo-7\/","url_meta":{"origin":10608,"position":1},"title":"Em Tempo","author":"","date":"Agosto 18, 2019","format":false,"excerpt":"Fernanda Montenegro no Cine Cear\u00e1 Fernanda Montenegro confirmou presen\u00e7a no 29\u00ba Cine Cear\u00e1 \u2013 Festival Ibero-americano de Cinema, que acontece de 30 de agosto a 6 de setembro, em Fortaleza. A atriz entregar\u00e1 o trof\u00e9u Eus\u00e9lio Oliveira ao diretor cearense Karim A\u00efnouz, um dos homenageados desta edi\u00e7\u00e3o. Ele escolheu o\u2026","rel":"","context":"In &quot;Artigos&quot;","block_context":{"text":"Artigos","link":"https:\/\/correiodasemana.com\/site\/category\/artigos\/"},"img":{"alt_text":"","src":"https:\/\/i0.wp.com\/correiodasemana.com\/site\/wp-content\/uploads\/2019\/08\/belchior-1024x768.jpg?resize=350%2C200&ssl=1","width":350,"height":200,"srcset":"https:\/\/i0.wp.com\/correiodasemana.com\/site\/wp-content\/uploads\/2019\/08\/belchior-1024x768.jpg?resize=350%2C200&ssl=1 1x, https:\/\/i0.wp.com\/correiodasemana.com\/site\/wp-content\/uploads\/2019\/08\/belchior-1024x768.jpg?resize=525%2C300&ssl=1 1.5x, https:\/\/i0.wp.com\/correiodasemana.com\/site\/wp-content\/uploads\/2019\/08\/belchior-1024x768.jpg?resize=700%2C400&ssl=1 2x"},"classes":[]},{"id":24390,"url":"https:\/\/correiodasemana.com\/site\/i-expocejarte-profa-cecy-cialdini\/","url_meta":{"origin":10608,"position":2},"title":"I EXPOCEJARTE PROFa. CECY CIALDINI","author":"adminredacao","date":"Maio 1, 2023","format":false,"excerpt":"O dia 15 de abril foi definido como o Dia Mundial da Arte pela Associa\u00e7\u00e3o Internacional de Arte (AIA). A data foi escolhida em homenagem ao nascimento de Leonardo da Vinci e foi comemorada pela primeira vez em 2012. Considerado um dos mais importantes artistas do per\u00edodo renascentista, da Vinci\u2026","rel":"","context":"In &quot;Artigos&quot;","block_context":{"text":"Artigos","link":"https:\/\/correiodasemana.com\/site\/category\/artigos\/"},"img":{"alt_text":"","src":"https:\/\/i0.wp.com\/correiodasemana.com\/site\/wp-content\/uploads\/2022\/02\/Salmito-Campos-1-scaled.jpg?resize=350%2C200&ssl=1","width":350,"height":200,"srcset":"https:\/\/i0.wp.com\/correiodasemana.com\/site\/wp-content\/uploads\/2022\/02\/Salmito-Campos-1-scaled.jpg?resize=350%2C200&ssl=1 1x, https:\/\/i0.wp.com\/correiodasemana.com\/site\/wp-content\/uploads\/2022\/02\/Salmito-Campos-1-scaled.jpg?resize=525%2C300&ssl=1 1.5x, https:\/\/i0.wp.com\/correiodasemana.com\/site\/wp-content\/uploads\/2022\/02\/Salmito-Campos-1-scaled.jpg?resize=700%2C400&ssl=1 2x, https:\/\/i0.wp.com\/correiodasemana.com\/site\/wp-content\/uploads\/2022\/02\/Salmito-Campos-1-scaled.jpg?resize=1050%2C600&ssl=1 3x, https:\/\/i0.wp.com\/correiodasemana.com\/site\/wp-content\/uploads\/2022\/02\/Salmito-Campos-1-scaled.jpg?resize=1400%2C800&ssl=1 4x"},"classes":[]},{"id":8707,"url":"https:\/\/correiodasemana.com\/site\/em-tempo-6\/","url_meta":{"origin":10608,"position":3},"title":"Em Tempo","author":"","date":"Agosto 17, 2019","format":false,"excerpt":"HRN recebe cerifica\u00e7\u00e3o nacional O Hospital Regional Norte (HRN), da rede p\u00fablica do Governo do Cear\u00e1, administrado pelo Instituto de Sa\u00fade e Gest\u00e3o Hospitalar (ISGH), \u00e9 acreditado com excel\u00eancia pela Organiza\u00e7\u00e3o Nacional de Acredita\u00e7\u00e3o (ONA). O t\u00edtulo \u00e9 v\u00e1lido por tr\u00eas anos. O certificado de Acreditado com Excel\u00eancia \u2013 N\u00edvel\u2026","rel":"","context":"In &quot;Artigos&quot;","block_context":{"text":"Artigos","link":"https:\/\/correiodasemana.com\/site\/category\/artigos\/"},"img":{"alt_text":"","src":"https:\/\/i0.wp.com\/correiodasemana.com\/site\/wp-content\/uploads\/2019\/08\/SUMAR01.jpg?resize=350%2C200&ssl=1","width":350,"height":200,"srcset":"https:\/\/i0.wp.com\/correiodasemana.com\/site\/wp-content\/uploads\/2019\/08\/SUMAR01.jpg?resize=350%2C200&ssl=1 1x, https:\/\/i0.wp.com\/correiodasemana.com\/site\/wp-content\/uploads\/2019\/08\/SUMAR01.jpg?resize=525%2C300&ssl=1 1.5x, https:\/\/i0.wp.com\/correiodasemana.com\/site\/wp-content\/uploads\/2019\/08\/SUMAR01.jpg?resize=700%2C400&ssl=1 2x, https:\/\/i0.wp.com\/correiodasemana.com\/site\/wp-content\/uploads\/2019\/08\/SUMAR01.jpg?resize=1050%2C600&ssl=1 3x"},"classes":[]},{"id":9095,"url":"https:\/\/correiodasemana.com\/site\/programacao-geral-13a-primavera-dos-museus-em-sobral\/","url_meta":{"origin":10608,"position":4},"title":"PROGRAMA\u00c7\u00c3O GERAL 13\u00aa PRIMAVERA DOS MUSEUS EM SOBRAL","author":"","date":"Setembro 15, 2019","format":false,"excerpt":"(23 a 28 de setembro de 2019) A Primavera \u00e9 uma temporada cultural coordenada pelo Ibram que acontece todo ano no in\u00edcio da esta\u00e7\u00e3o hom\u00f4nima.A cada ano, o Ibram lan\u00e7a um tema diferente para nortear as atividades dos museus. Os objetivos s\u00e3o: promover, divulgar e valorizar os museus brasileiros; aumentar\u2026","rel":"","context":"In &quot;Atualidade&quot;","block_context":{"text":"Atualidade","link":"https:\/\/correiodasemana.com\/site\/category\/atualidade\/"},"img":{"alt_text":"","src":"https:\/\/i0.wp.com\/correiodasemana.com\/site\/wp-content\/uploads\/2019\/09\/Museu-Dom-Jos%C3%A9-de-Sobral.jpg?resize=350%2C200&ssl=1","width":350,"height":200,"srcset":"https:\/\/i0.wp.com\/correiodasemana.com\/site\/wp-content\/uploads\/2019\/09\/Museu-Dom-Jos%C3%A9-de-Sobral.jpg?resize=350%2C200&ssl=1 1x, https:\/\/i0.wp.com\/correiodasemana.com\/site\/wp-content\/uploads\/2019\/09\/Museu-Dom-Jos%C3%A9-de-Sobral.jpg?resize=525%2C300&ssl=1 1.5x, https:\/\/i0.wp.com\/correiodasemana.com\/site\/wp-content\/uploads\/2019\/09\/Museu-Dom-Jos%C3%A9-de-Sobral.jpg?resize=700%2C400&ssl=1 2x, https:\/\/i0.wp.com\/correiodasemana.com\/site\/wp-content\/uploads\/2019\/09\/Museu-Dom-Jos%C3%A9-de-Sobral.jpg?resize=1050%2C600&ssl=1 3x, https:\/\/i0.wp.com\/correiodasemana.com\/site\/wp-content\/uploads\/2019\/09\/Museu-Dom-Jos%C3%A9-de-Sobral.jpg?resize=1400%2C800&ssl=1 4x"},"classes":[]},{"id":15721,"url":"https:\/\/correiodasemana.com\/site\/prefeitura-de-sobral-publica-decreto-com-medidas-especiais-para-o-periodo-de-carnaval\/","url_meta":{"origin":10608,"position":5},"title":"Prefeitura de Sobral publica decreto com medidas especiais para o per\u00edodo de Carnaval","author":"","date":"Fevereiro 16, 2021","format":false,"excerpt":"Por Samuel Carvalho - Reda\u00e7\u00e3o Correio da Semana Foram publicadas no Di\u00e1rio Oficial do Munic\u00edpio de Sobral as disposi\u00e7\u00f5es especiais para o per\u00edodo de Carnaval, decretos municipais que restringem as aglomera\u00e7\u00f5es e eventuais festas de carnaval como medida de combate ao avan\u00e7o do coronav\u00edrus. As determina\u00e7\u00f5es foram oficializadas no dia\u2026","rel":"","context":"In &quot;Atualidade&quot;","block_context":{"text":"Atualidade","link":"https:\/\/correiodasemana.com\/site\/category\/atualidade\/"},"img":{"alt_text":"","src":"https:\/\/i0.wp.com\/correiodasemana.com\/site\/wp-content\/uploads\/2021\/02\/prefeotura-de-sobral.jpg?resize=350%2C200&ssl=1","width":350,"height":200,"srcset":"https:\/\/i0.wp.com\/correiodasemana.com\/site\/wp-content\/uploads\/2021\/02\/prefeotura-de-sobral.jpg?resize=350%2C200&ssl=1 1x, https:\/\/i0.wp.com\/correiodasemana.com\/site\/wp-content\/uploads\/2021\/02\/prefeotura-de-sobral.jpg?resize=525%2C300&ssl=1 1.5x, https:\/\/i0.wp.com\/correiodasemana.com\/site\/wp-content\/uploads\/2021\/02\/prefeotura-de-sobral.jpg?resize=700%2C400&ssl=1 2x, https:\/\/i0.wp.com\/correiodasemana.com\/site\/wp-content\/uploads\/2021\/02\/prefeotura-de-sobral.jpg?resize=1050%2C600&ssl=1 3x"},"classes":[]}],"jetpack_sharing_enabled":true,"_links":{"self":[{"href":"https:\/\/correiodasemana.com\/site\/wp-json\/wp\/v2\/posts\/10608","targetHints":{"allow":["GET"]}}],"collection":[{"href":"https:\/\/correiodasemana.com\/site\/wp-json\/wp\/v2\/posts"}],"about":[{"href":"https:\/\/correiodasemana.com\/site\/wp-json\/wp\/v2\/types\/post"}],"author":[{"embeddable":true,"href":"https:\/\/correiodasemana.com\/site\/wp-json\/wp\/v2\/users\/1"}],"replies":[{"embeddable":true,"href":"https:\/\/correiodasemana.com\/site\/wp-json\/wp\/v2\/comments?post=10608"}],"version-history":[{"count":1,"href":"https:\/\/correiodasemana.com\/site\/wp-json\/wp\/v2\/posts\/10608\/revisions"}],"predecessor-version":[{"id":10610,"href":"https:\/\/correiodasemana.com\/site\/wp-json\/wp\/v2\/posts\/10608\/revisions\/10610"}],"wp:featuredmedia":[{"embeddable":true,"href":"https:\/\/correiodasemana.com\/site\/wp-json\/wp\/v2\/media\/10609"}],"wp:attachment":[{"href":"https:\/\/correiodasemana.com\/site\/wp-json\/wp\/v2\/media?parent=10608"}],"wp:term":[{"taxonomy":"category","embeddable":true,"href":"https:\/\/correiodasemana.com\/site\/wp-json\/wp\/v2\/categories?post=10608"},{"taxonomy":"post_tag","embeddable":true,"href":"https:\/\/correiodasemana.com\/site\/wp-json\/wp\/v2\/tags?post=10608"}],"curies":[{"name":"wp","href":"https:\/\/api.w.org\/{rel}","templated":true}]}}