{"id":10611,"date":"2020-01-27T04:26:58","date_gmt":"2020-01-27T04:26:58","guid":{"rendered":"https:\/\/correiodasemana.com\/site\/?p=10611"},"modified":"2020-01-27T04:26:58","modified_gmt":"2020-01-27T04:26:58","slug":"santa-casa-de-misericordia-de-sobral-lanca-edital-de-licitacao-para-reforma-da-lavanderia-e-construcao-de-reservatorio-elevado","status":"publish","type":"post","link":"https:\/\/correiodasemana.com\/site\/santa-casa-de-misericordia-de-sobral-lanca-edital-de-licitacao-para-reforma-da-lavanderia-e-construcao-de-reservatorio-elevado\/","title":{"rendered":"Santa Casa de Miseric\u00f3rdia de Sobral lan\u00e7a edital de licita\u00e7\u00e3o para reforma da Lavanderia e constru\u00e7\u00e3o de Reservat\u00f3rio Elevado"},"content":{"rendered":"<p>A Santa Casa de Miseric\u00f3rdia de Sobral (SCMS) divulga edital de licita\u00e7\u00e3o do tipo menor pre\u00e7o para contrata\u00e7\u00e3o de empresa especializada na execu\u00e7\u00e3o de obras de constru\u00e7\u00e3o civil para a reforma da Lavanderia e constru\u00e7\u00e3o de um Reservat\u00f3rio Elevado, divididos em dois lotes. A documenta\u00e7\u00e3o exigida no edital dever\u00e1 ser entregue na Central de Projetos do Hospital ou enviada at\u00e9 \u00e0s 17 horas do dia 28 de janeiro de 2020 para o e-mail: heloisa@stacasa.com.br. Mais informa\u00e7\u00f5es acesse o site: www.stacasa.com.br<\/p>\n","protected":false},"excerpt":{"rendered":"<p>A Santa Casa de Miseric\u00f3rdia de Sobral (SCMS) divulga edital de licita\u00e7\u00e3o do tipo menor&#8230;<\/p>\n","protected":false},"author":1,"featured_media":10613,"comment_status":"open","ping_status":"open","sticky":false,"template":"","format":"standard","meta":{"_jetpack_memberships_contains_paid_content":false,"footnotes":"","jetpack_publicize_message":"","jetpack_publicize_feature_enabled":true,"jetpack_social_post_already_shared":true,"jetpack_social_options":{"image_generator_settings":{"template":"highway","default_image_id":0,"font":"","enabled":false},"version":2}},"categories":[1],"tags":[],"class_list":["post-10611","post","type-post","status-publish","format-standard","has-post-thumbnail","hentry","category-atualidade"],"jetpack_publicize_connections":[],"jetpack_featured_media_url":"https:\/\/correiodasemana.com\/site\/wp-content\/uploads\/2020\/01\/Licita\u00e7\u00e3o.png","jetpack-related-posts":[{"id":9952,"url":"https:\/\/correiodasemana.com\/site\/lancada-licitacao-para-construcao-do-aeroporto-regional-de-sobral\/","url_meta":{"origin":10611,"position":0},"title":"Lan\u00e7ada licita\u00e7\u00e3o para constru\u00e7\u00e3o do Aeroporto Regional de Sobral","author":"","date":"Novembro 27, 2019","format":false,"excerpt":"O recebimento das propostas da Concorr\u00eancia P\u00fablica, do tipo Menor Pre\u00e7o, deve ocorrer no dia 18 de dezembro, na Central de Licita\u00e7\u00f5es da Procuradoria Geral do Estado (PGE). O edital de licita\u00e7\u00e3o para a implanta\u00e7\u00e3o da pista, dos acessos e servi\u00e7os complementares do novo Aeroporto Regional de Sobral, na Zona\u2026","rel":"","context":"In &quot;Atualidade&quot;","block_context":{"text":"Atualidade","link":"https:\/\/correiodasemana.com\/site\/category\/atualidade\/"},"img":{"alt_text":"","src":"https:\/\/i0.wp.com\/correiodasemana.com\/site\/wp-content\/uploads\/2019\/11\/aeroporto-Sobral-aviao-696x531.jpg?resize=350%2C200&ssl=1","width":350,"height":200,"srcset":"https:\/\/i0.wp.com\/correiodasemana.com\/site\/wp-content\/uploads\/2019\/11\/aeroporto-Sobral-aviao-696x531.jpg?resize=350%2C200&ssl=1 1x, https:\/\/i0.wp.com\/correiodasemana.com\/site\/wp-content\/uploads\/2019\/11\/aeroporto-Sobral-aviao-696x531.jpg?resize=525%2C300&ssl=1 1.5x"},"classes":[]},{"id":12425,"url":"https:\/\/correiodasemana.com\/site\/bairro-cidade-doutor-jose-euclides-recebera-investimento-de-r-38-milhoes-para-obras-de-saneamento-e-pavimentacao-2\/","url_meta":{"origin":10611,"position":1},"title":"Bairro Cidade Doutor \u00a0Jos\u00e9 Euclides receber\u00e1 investimento de R$ 38 milh\u00f5es para obras de saneamento e pavimenta\u00e7\u00e3o","author":"","date":"Agosto 2, 2020","format":false,"excerpt":"O prefeito Ivo Gomes anunciou a autoriza\u00e7\u00e3o do lan\u00e7amento do edital de licita\u00e7\u00e3o que dever\u00e1 ser lan\u00e7ado no in\u00edcio do m\u00eas de agosto O prefeito Ivo Gomes anunciou, em suas redes sociais, a autoriza\u00e7\u00e3o do lan\u00e7amento do edital de licita\u00e7\u00e3o para obras de saneamento e pavimenta\u00e7\u00e3o (asfalto e piso intertravado)\u2026","rel":"","context":"In &quot;Atualidade&quot;","block_context":{"text":"Atualidade","link":"https:\/\/correiodasemana.com\/site\/category\/atualidade\/"},"img":{"alt_text":"","src":"https:\/\/i0.wp.com\/correiodasemana.com\/site\/wp-content\/uploads\/2020\/08\/Bairro-Jos%C3%A9-Euclides-Terrenos-Novos-2.jpg?resize=350%2C200&ssl=1","width":350,"height":200,"srcset":"https:\/\/i0.wp.com\/correiodasemana.com\/site\/wp-content\/uploads\/2020\/08\/Bairro-Jos%C3%A9-Euclides-Terrenos-Novos-2.jpg?resize=350%2C200&ssl=1 1x, https:\/\/i0.wp.com\/correiodasemana.com\/site\/wp-content\/uploads\/2020\/08\/Bairro-Jos%C3%A9-Euclides-Terrenos-Novos-2.jpg?resize=525%2C300&ssl=1 1.5x, https:\/\/i0.wp.com\/correiodasemana.com\/site\/wp-content\/uploads\/2020\/08\/Bairro-Jos%C3%A9-Euclides-Terrenos-Novos-2.jpg?resize=700%2C400&ssl=1 2x"},"classes":[]},{"id":9802,"url":"https:\/\/correiodasemana.com\/site\/santa-casa-de-misericordia-de-sobral-investe-em-novos-equipamentos-e-reformas\/","url_meta":{"origin":10611,"position":2},"title":"Santa Casa de Miseric\u00f3rdia de Sobral investe em novos equipamentos e reformas","author":"","date":"Novembro 11, 2019","format":false,"excerpt":"Camas PPP proporcionam partos ativos e humanizados. Reformas no Hospital garantem qualidade no atendimento Assessoria de Comunica\u00e7\u00e3o da Santa Casa de Miseric\u00f3rdia de Sobral A Santa Casa de Miseric\u00f3rdia de Sobral (SCMS), com o objetivo de cumprir sua miss\u00e3o de prestar assist\u00eancia em sa\u00fade com qualidade, humaniza\u00e7\u00e3o, seguran\u00e7a e sustentabilidade\u2026","rel":"","context":"In &quot;Santa Casa&quot;","block_context":{"text":"Santa Casa","link":"https:\/\/correiodasemana.com\/site\/category\/santa-casa\/"},"img":{"alt_text":"","src":"https:\/\/i0.wp.com\/correiodasemana.com\/site\/wp-content\/uploads\/2019\/11\/1-2.jpg?resize=350%2C200&ssl=1","width":350,"height":200,"srcset":"https:\/\/i0.wp.com\/correiodasemana.com\/site\/wp-content\/uploads\/2019\/11\/1-2.jpg?resize=350%2C200&ssl=1 1x, https:\/\/i0.wp.com\/correiodasemana.com\/site\/wp-content\/uploads\/2019\/11\/1-2.jpg?resize=525%2C300&ssl=1 1.5x, https:\/\/i0.wp.com\/correiodasemana.com\/site\/wp-content\/uploads\/2019\/11\/1-2.jpg?resize=700%2C400&ssl=1 2x, https:\/\/i0.wp.com\/correiodasemana.com\/site\/wp-content\/uploads\/2019\/11\/1-2.jpg?resize=1050%2C600&ssl=1 3x"},"classes":[]},{"id":10875,"url":"https:\/\/correiodasemana.com\/site\/panorama-politica-2\/","url_meta":{"origin":10611,"position":3},"title":"Panorama Pol\u00edtica","author":"","date":"Fevereiro 17, 2020","format":false,"excerpt":"Prefeito Ivo Gomes apresentou novo projeto do Aeroporto de Sobral O prefeito Ivo Gomes recebeu o secret\u00e1rio da Infraestrutura do Estado, L\u00facio Gomes, para discutir sobre o novo aeroporto de Sobral. O projeto foi apresentado em uma audi\u00eancia p\u00fablica realizada pela secretaria do Detran. \u201cEnxergamos que esse empreendimento vai de\u2026","rel":"","context":"In &quot;Artigos&quot;","block_context":{"text":"Artigos","link":"https:\/\/correiodasemana.com\/site\/category\/artigos\/"},"img":{"alt_text":"","src":"https:\/\/i0.wp.com\/correiodasemana.com\/site\/wp-content\/uploads\/2019\/09\/camara-de-sobral.jpeg?resize=350%2C200&ssl=1","width":350,"height":200,"srcset":"https:\/\/i0.wp.com\/correiodasemana.com\/site\/wp-content\/uploads\/2019\/09\/camara-de-sobral.jpeg?resize=350%2C200&ssl=1 1x, https:\/\/i0.wp.com\/correiodasemana.com\/site\/wp-content\/uploads\/2019\/09\/camara-de-sobral.jpeg?resize=525%2C300&ssl=1 1.5x, https:\/\/i0.wp.com\/correiodasemana.com\/site\/wp-content\/uploads\/2019\/09\/camara-de-sobral.jpeg?resize=700%2C400&ssl=1 2x"},"classes":[]},{"id":21454,"url":"https:\/\/correiodasemana.com\/site\/prefeitura-realiza-construcao-de-tres-reservatorios-para-ampliacao-do-abastecimento-de-agua-em-sobral\/","url_meta":{"origin":10611,"position":4},"title":"Prefeitura realiza constru\u00e7\u00e3o de tr\u00eas reservat\u00f3rios para amplia\u00e7\u00e3o do abastecimento de \u00e1gua em Sobral","author":"","date":"Novembro 6, 2022","format":false,"excerpt":"A Prefeitura de Sobral, por meio da Secretaria da Infraestrutura, est\u00e1 construindo tr\u00eas grandes reservat\u00f3rios para abastecimento de \u00e1gua no munic\u00edpio, a fim de expandir a reserva de \u00e1gua e atender a popula\u00e7\u00e3o de acordo com a necessidade. Atualmente, os trabalhos se concentram na impermeabiliza\u00e7\u00e3o interna dos reservat\u00f3rios, execu\u00e7\u00e3o das\u2026","rel":"","context":"In &quot;Atualidade&quot;","block_context":{"text":"Atualidade","link":"https:\/\/correiodasemana.com\/site\/category\/atualidade\/"},"img":{"alt_text":"","src":"https:\/\/i0.wp.com\/correiodasemana.com\/site\/wp-content\/uploads\/2022\/11\/reservaa.jpeg?resize=350%2C200&ssl=1","width":350,"height":200,"srcset":"https:\/\/i0.wp.com\/correiodasemana.com\/site\/wp-content\/uploads\/2022\/11\/reservaa.jpeg?resize=350%2C200&ssl=1 1x, https:\/\/i0.wp.com\/correiodasemana.com\/site\/wp-content\/uploads\/2022\/11\/reservaa.jpeg?resize=525%2C300&ssl=1 1.5x, https:\/\/i0.wp.com\/correiodasemana.com\/site\/wp-content\/uploads\/2022\/11\/reservaa.jpeg?resize=700%2C400&ssl=1 2x, https:\/\/i0.wp.com\/correiodasemana.com\/site\/wp-content\/uploads\/2022\/11\/reservaa.jpeg?resize=1050%2C600&ssl=1 3x"},"classes":[]},{"id":18587,"url":"https:\/\/correiodasemana.com\/site\/santa-casa-divulga-edital-para-inscricoes-no-programa-de-residencia-multiprofissional-em-neonatologia\/","url_meta":{"origin":10611,"position":5},"title":"Santa Casa divulga edital para inscri\u00e7\u00f5es no Programa de Resid\u00eancia Multiprofissional em Neonatologia","author":"","date":"Janeiro 16, 2022","format":false,"excerpt":"As inscri\u00e7\u00f5es acontecem entre os dias 17 e 21 de janeiro, e devem ser realizadas de forma presencial. A Santa Casa de Miseric\u00f3rdia de Sobral (SCMS) por meio do Departamento de Ensino, Pesquisa e Extens\u00e3o (DEPE), e em parceria com o Centro Universit\u00e1rio Inta (UNINTA) divulgou nesta quinta-feira (13\/01) o\u2026","rel":"","context":"In &quot;Atualidade&quot;","block_context":{"text":"Atualidade","link":"https:\/\/correiodasemana.com\/site\/category\/atualidade\/"},"img":{"alt_text":"","src":"https:\/\/i0.wp.com\/correiodasemana.com\/site\/wp-content\/uploads\/2022\/01\/Divulgacao-residencia-nei.png?resize=350%2C200&ssl=1","width":350,"height":200,"srcset":"https:\/\/i0.wp.com\/correiodasemana.com\/site\/wp-content\/uploads\/2022\/01\/Divulgacao-residencia-nei.png?resize=350%2C200&ssl=1 1x, https:\/\/i0.wp.com\/correiodasemana.com\/site\/wp-content\/uploads\/2022\/01\/Divulgacao-residencia-nei.png?resize=525%2C300&ssl=1 1.5x, https:\/\/i0.wp.com\/correiodasemana.com\/site\/wp-content\/uploads\/2022\/01\/Divulgacao-residencia-nei.png?resize=700%2C400&ssl=1 2x, https:\/\/i0.wp.com\/correiodasemana.com\/site\/wp-content\/uploads\/2022\/01\/Divulgacao-residencia-nei.png?resize=1050%2C600&ssl=1 3x, https:\/\/i0.wp.com\/correiodasemana.com\/site\/wp-content\/uploads\/2022\/01\/Divulgacao-residencia-nei.png?resize=1400%2C800&ssl=1 4x"},"classes":[]}],"jetpack_sharing_enabled":true,"_links":{"self":[{"href":"https:\/\/correiodasemana.com\/site\/wp-json\/wp\/v2\/posts\/10611","targetHints":{"allow":["GET"]}}],"collection":[{"href":"https:\/\/correiodasemana.com\/site\/wp-json\/wp\/v2\/posts"}],"about":[{"href":"https:\/\/correiodasemana.com\/site\/wp-json\/wp\/v2\/types\/post"}],"author":[{"embeddable":true,"href":"https:\/\/correiodasemana.com\/site\/wp-json\/wp\/v2\/users\/1"}],"replies":[{"embeddable":true,"href":"https:\/\/correiodasemana.com\/site\/wp-json\/wp\/v2\/comments?post=10611"}],"version-history":[{"count":1,"href":"https:\/\/correiodasemana.com\/site\/wp-json\/wp\/v2\/posts\/10611\/revisions"}],"predecessor-version":[{"id":10614,"href":"https:\/\/correiodasemana.com\/site\/wp-json\/wp\/v2\/posts\/10611\/revisions\/10614"}],"wp:featuredmedia":[{"embeddable":true,"href":"https:\/\/correiodasemana.com\/site\/wp-json\/wp\/v2\/media\/10613"}],"wp:attachment":[{"href":"https:\/\/correiodasemana.com\/site\/wp-json\/wp\/v2\/media?parent=10611"}],"wp:term":[{"taxonomy":"category","embeddable":true,"href":"https:\/\/correiodasemana.com\/site\/wp-json\/wp\/v2\/categories?post=10611"},{"taxonomy":"post_tag","embeddable":true,"href":"https:\/\/correiodasemana.com\/site\/wp-json\/wp\/v2\/tags?post=10611"}],"curies":[{"name":"wp","href":"https:\/\/api.w.org\/{rel}","templated":true}]}}