{"id":10615,"date":"2020-01-27T04:28:11","date_gmt":"2020-01-27T04:28:11","guid":{"rendered":"https:\/\/correiodasemana.com\/site\/?p=10615"},"modified":"2020-01-27T04:28:11","modified_gmt":"2020-01-27T04:28:11","slug":"santa-casa-de-misericordia-de-sobral-recebe-nova-diretora-de-enfermagem","status":"publish","type":"post","link":"https:\/\/correiodasemana.com\/site\/santa-casa-de-misericordia-de-sobral-recebe-nova-diretora-de-enfermagem\/","title":{"rendered":"Santa Casa de Miseric\u00f3rdia de Sobral recebe nova diretora de Enfermagem \u00a0"},"content":{"rendered":"<p><strong>\u201cMinha expectativa \u00e9 poder contribuir para a melhoria dos processos com foco na qualidade e humaniza\u00e7\u00e3o do atendimento\u201d, ressalta Concei\u00e7\u00e3o Nunes<\/strong><\/p>\n<p><strong>Assessoria de Comunica\u00e7\u00e3o do Complexo Santa Casa de Miseric\u00f3rdia de Sobral<\/strong><\/p>\n<p>Para melhor desenvolver seus processos assistenciais, a Santa Casa de Miseric\u00f3rdia de Sobral (SCMS) recebeu nesta quinta-feira (23\/01) sua nova diretora de Enfermagem. A apresenta\u00e7\u00e3o da enfermeira e administradora hospitalar Maria da Concei\u00e7\u00e3o Nunes da Silva, aconteceu por meio dos diretores da institui\u00e7\u00e3o na reuni\u00e3o di\u00e1ria realizada com coordenadores dos diversos servi\u00e7os do Hospital.<br \/>\nDe acordo com o diretor-geral da SCMS, Klebson Carvalho, a chegada de Concei\u00e7\u00e3o representa a continua\u00e7\u00e3o de um trabalho que j\u00e1 vem acontecendo na institui\u00e7\u00e3o. \u201cA experi\u00eancia que ela carrega nos fortalecer\u00e1 e contribuir\u00e1 para o cumprimento de nossa miss\u00e3o, que \u00e9 prestar assist\u00eancia e forma\u00e7\u00e3o em sa\u00fade com alto padr\u00e3o de qualidade, humaniza\u00e7\u00e3o, seguran\u00e7a e sustentabilidade\u201d, destaca.<br \/>\nA nova diretora de enfermagem \u00e9 especialista em qualidade e seguran\u00e7a do paciente e em marketing de servi\u00e7os. Maria da Concei\u00e7\u00e3o Nunes j\u00e1 tem uma experi\u00eancia de mais de 20 anos na \u00e1rea hospitalar, e j\u00e1 atuou na \u00e1rea acad\u00eamica, sendo professora do Centro Universit\u00e1rio S\u00e3o Camilo em S\u00e3o Paulo. \u201cMinha expectativa \u00e9 poder contribuir para a melhoria dos processos com foco na qualidade e humaniza\u00e7\u00e3o do atendimento\u201d, ressalta.<\/p>\n<p><strong>Reuni\u00e3o com o Conselho Gestor<\/strong><br \/>\nSeguindo as apresenta\u00e7\u00f5es, e j\u00e1 conhecendo alguns desafios da institui\u00e7\u00e3o, Maria da Concei\u00e7\u00e3o Nunes participou ainda pela manh\u00e3 da reuni\u00e3o do conselho gestor do Complexo SCMS. Na ocasi\u00e3o, estiveram presentes o\u00a0diretor-geral do Complexo, Klebson Carvalho, o diretor t\u00e9cnico da Santa Casa, Dr. S\u00e1vio Arcanjo, o diretor do Departamento de Ensino, Pesquisa e Extens\u00e3o (DEPE), Dr. Vicente Pinto, o diretor financeiro Tarc\u00edsio Beserra, o assessor administrativo Dr. Cadmo Silton Andrade e o diretor t\u00e9cnico do Hospital do Cora\u00e7\u00e3o, Dr. David Carneiro Neto.<\/p>\n<p><strong>Reuni\u00e3o com coordenadores de Enfermagem<\/strong><br \/>\nNo per\u00edodo da tarde, a nova diretora de enfermagem participou de uma reuni\u00e3o com os coordenadores de Enfermagem dos servi\u00e7os que o Hospital disp\u00f5e. O diretor do DEPE, Dr. Vicente Pinto, ressaltou a import\u00e2ncia da experi\u00eancia de Concei\u00e7\u00e3o, para contribuir no desenvolvimento da assist\u00eancia prestada na SCMS.<br \/>\nComo enfatiza Concei\u00e7\u00e3o Nunes, seu trabalho vem aperfei\u00e7oar um objetivo j\u00e1 iniciado: \u201cVamos verificar a melhor ferramenta para poder facilitar os processos e empoderar a enfermagem dentro do conhecimento cient\u00edfico que n\u00f3s temos\u201d, destaca.<\/p>\n<p><img fetchpriority=\"high\" decoding=\"async\" class=\"aligncenter size-medium wp-image-10616\" src=\"https:\/\/correiodasemana.com\/site\/wp-content\/uploads\/2020\/01\/1-2-300x200.jpg\" alt=\"\" width=\"300\" height=\"200\" srcset=\"https:\/\/correiodasemana.com\/site\/wp-content\/uploads\/2020\/01\/1-2-300x200.jpg 300w, https:\/\/correiodasemana.com\/site\/wp-content\/uploads\/2020\/01\/1-2-768x512.jpg 768w, https:\/\/correiodasemana.com\/site\/wp-content\/uploads\/2020\/01\/1-2.jpg 850w\" sizes=\"(max-width: 300px) 100vw, 300px\" \/> <img decoding=\"async\" class=\"aligncenter size-medium wp-image-10617\" src=\"https:\/\/correiodasemana.com\/site\/wp-content\/uploads\/2020\/01\/2-1-300x200.jpg\" alt=\"\" width=\"300\" height=\"200\" srcset=\"https:\/\/correiodasemana.com\/site\/wp-content\/uploads\/2020\/01\/2-1-300x200.jpg 300w, https:\/\/correiodasemana.com\/site\/wp-content\/uploads\/2020\/01\/2-1-768x512.jpg 768w, https:\/\/correiodasemana.com\/site\/wp-content\/uploads\/2020\/01\/2-1.jpg 850w\" sizes=\"(max-width: 300px) 100vw, 300px\" \/> <img decoding=\"async\" class=\"aligncenter size-medium wp-image-10618\" src=\"https:\/\/correiodasemana.com\/site\/wp-content\/uploads\/2020\/01\/3-1-300x200.jpg\" alt=\"\" width=\"300\" height=\"200\" srcset=\"https:\/\/correiodasemana.com\/site\/wp-content\/uploads\/2020\/01\/3-1-300x200.jpg 300w, https:\/\/correiodasemana.com\/site\/wp-content\/uploads\/2020\/01\/3-1.jpg 567w\" sizes=\"(max-width: 300px) 100vw, 300px\" \/><\/p>\n","protected":false},"excerpt":{"rendered":"<p>\u201cMinha expectativa \u00e9 poder contribuir para a melhoria dos processos com foco na qualidade e&#8230;<\/p>\n","protected":false},"author":1,"featured_media":10618,"comment_status":"open","ping_status":"open","sticky":false,"template":"","format":"standard","meta":{"_jetpack_memberships_contains_paid_content":false,"footnotes":"","jetpack_publicize_message":"","jetpack_publicize_feature_enabled":true,"jetpack_social_post_already_shared":true,"jetpack_social_options":{"image_generator_settings":{"template":"highway","default_image_id":0,"font":"","enabled":false},"version":2}},"categories":[3,52],"tags":[],"class_list":["post-10615","post","type-post","status-publish","format-standard","has-post-thumbnail","hentry","category-santa-casa","category-saude"],"jetpack_publicize_connections":[],"jetpack_featured_media_url":"https:\/\/correiodasemana.com\/site\/wp-content\/uploads\/2020\/01\/3-1.jpg","jetpack-related-posts":[{"id":19988,"url":"https:\/\/correiodasemana.com\/site\/diretora-de-enfermagem-do-complexo-santa-casa-de-sobral-e-uma-das-homenageadas-com-o-trofeu-mulheres-de-sucesso-2022\/","url_meta":{"origin":10615,"position":0},"title":"Diretora de Enfermagem do Complexo Santa Casa de Sobral \u00e9 uma das homenageadas com o Trof\u00e9u Mulheres de Sucesso 2022","author":"","date":"Junho 6, 2022","format":false,"excerpt":"Exercendo sua fun\u00e7\u00e3o no Complexo Santa Casa h\u00e1 dois anos, a gestora possui mais de 20 anos de experi\u00eancia na \u00e1rea hospitalar. Ascom Complexo SCMS A Diretora de Enfermagem do Complexo Santa Casa de Miseric\u00f3rdia de Sobral, Dra. Maria da Concei\u00e7\u00e3o Nunes da Silva, foi uma das 15 escolhidas para\u2026","rel":"","context":"In &quot;Atualidade&quot;","block_context":{"text":"Atualidade","link":"https:\/\/correiodasemana.com\/site\/category\/atualidade\/"},"img":{"alt_text":"","src":"https:\/\/i0.wp.com\/correiodasemana.com\/site\/wp-content\/uploads\/2022\/06\/homenagem-cesar-macedo.jpg?resize=350%2C200&ssl=1","width":350,"height":200,"srcset":"https:\/\/i0.wp.com\/correiodasemana.com\/site\/wp-content\/uploads\/2022\/06\/homenagem-cesar-macedo.jpg?resize=350%2C200&ssl=1 1x, https:\/\/i0.wp.com\/correiodasemana.com\/site\/wp-content\/uploads\/2022\/06\/homenagem-cesar-macedo.jpg?resize=525%2C300&ssl=1 1.5x"},"classes":[]},{"id":15647,"url":"https:\/\/correiodasemana.com\/site\/hospital-do-coracao-de-sobral-realiza-solenidade-em-virtude-da-acreditacao-nivel-1\/","url_meta":{"origin":10615,"position":1},"title":"Hospital do Cora\u00e7\u00e3o de Sobral realiza solenidade em virtude da Acredita\u00e7\u00e3o N\u00edvel 1","author":"","date":"Fevereiro 6, 2021","format":false,"excerpt":"Na ocasi\u00e3o, o bispo da Diocese de Sobral Provedor do Complexo Santa Casa, Dom Jos\u00e9 Luiz Gomes de Vasconcelos, foi homenageado pelos diretores com uma comenda em agradecimento pela confian\u00e7a depositada durante o processo de Acredita\u00e7\u00e3o. Ascom Complexo SCMS H\u00e1 um ano o Hospital do Cora\u00e7\u00e3o, unidade de sa\u00fade do\u2026","rel":"","context":"In &quot;Santa Casa&quot;","block_context":{"text":"Santa Casa","link":"https:\/\/correiodasemana.com\/site\/category\/santa-casa\/"},"img":{"alt_text":"","src":"https:\/\/i0.wp.com\/correiodasemana.com\/site\/wp-content\/uploads\/2021\/02\/Foto-1.jpg?resize=350%2C200&ssl=1","width":350,"height":200,"srcset":"https:\/\/i0.wp.com\/correiodasemana.com\/site\/wp-content\/uploads\/2021\/02\/Foto-1.jpg?resize=350%2C200&ssl=1 1x, https:\/\/i0.wp.com\/correiodasemana.com\/site\/wp-content\/uploads\/2021\/02\/Foto-1.jpg?resize=525%2C300&ssl=1 1.5x, https:\/\/i0.wp.com\/correiodasemana.com\/site\/wp-content\/uploads\/2021\/02\/Foto-1.jpg?resize=700%2C400&ssl=1 2x"},"classes":[]},{"id":17574,"url":"https:\/\/correiodasemana.com\/site\/santa-casa-de-sobral-recebe-visita-de-procuradora-da-republica-do-mpf\/","url_meta":{"origin":10615,"position":2},"title":"Santa Casa de Sobral recebe visita de procuradora da Rep\u00fablica do MPF","author":"","date":"Setembro 26, 2021","format":false,"excerpt":"Ela conheceu os novos servi\u00e7os que est\u00e3o fazendo a diferen\u00e7a na qualidade e seguran\u00e7a da assist\u00eancia na Institui\u00e7\u00e3o A Santa Casa de Miseric\u00f3rdia de Sobral (SCMS) recebeu na sexta-feira (17\/09) a visita da procuradora da Rep\u00fablica do Minist\u00e9rio P\u00fablico Federal (MPF) Ana Kar\u00edzia T\u00e1vora Teixeira. Na ocasi\u00e3o, foram abordados temas\u2026","rel":"","context":"In &quot;Atualidade&quot;","block_context":{"text":"Atualidade","link":"https:\/\/correiodasemana.com\/site\/category\/atualidade\/"},"img":{"alt_text":"","src":"https:\/\/i0.wp.com\/correiodasemana.com\/site\/wp-content\/uploads\/2021\/09\/Foto-1-1.jpeg?resize=350%2C200&ssl=1","width":350,"height":200,"srcset":"https:\/\/i0.wp.com\/correiodasemana.com\/site\/wp-content\/uploads\/2021\/09\/Foto-1-1.jpeg?resize=350%2C200&ssl=1 1x, https:\/\/i0.wp.com\/correiodasemana.com\/site\/wp-content\/uploads\/2021\/09\/Foto-1-1.jpeg?resize=525%2C300&ssl=1 1.5x, https:\/\/i0.wp.com\/correiodasemana.com\/site\/wp-content\/uploads\/2021\/09\/Foto-1-1.jpeg?resize=700%2C400&ssl=1 2x, https:\/\/i0.wp.com\/correiodasemana.com\/site\/wp-content\/uploads\/2021\/09\/Foto-1-1.jpeg?resize=1050%2C600&ssl=1 3x"},"classes":[]},{"id":18814,"url":"https:\/\/correiodasemana.com\/site\/gestores-da-santa-casa-de-sobral-participam-de-aulas-e-oficinas-sobre-planejamento-estrategico-na-gestao-da-saude\/","url_meta":{"origin":10615,"position":3},"title":"Gestores da Santa Casa de Sobral participam de aulas e oficinas sobre Planejamento Estrat\u00e9gico na Gest\u00e3o da Sa\u00fade","author":"","date":"Fevereiro 7, 2022","format":false,"excerpt":"As aulas tiveram o objetivo de rever, melhorar e padronizar as opera\u00e7\u00f5es a fim de garantir efetividade e comprometimento da equipe com o Planejamento Estrat\u00e9gico da institui\u00e7\u00e3o. Ascom Complexo SCMS Durante o m\u00eas de janeiro, gestores dos servi\u00e7os assistenciais e administrativos da Santa Casa de Miseric\u00f3rdia de Sobral participaram de\u2026","rel":"","context":"In &quot;Atualidade&quot;","block_context":{"text":"Atualidade","link":"https:\/\/correiodasemana.com\/site\/category\/atualidade\/"},"img":{"alt_text":"","src":"https:\/\/i0.wp.com\/correiodasemana.com\/site\/wp-content\/uploads\/2022\/02\/foto-stacasa.png?resize=350%2C200&ssl=1","width":350,"height":200,"srcset":"https:\/\/i0.wp.com\/correiodasemana.com\/site\/wp-content\/uploads\/2022\/02\/foto-stacasa.png?resize=350%2C200&ssl=1 1x, https:\/\/i0.wp.com\/correiodasemana.com\/site\/wp-content\/uploads\/2022\/02\/foto-stacasa.png?resize=525%2C300&ssl=1 1.5x, https:\/\/i0.wp.com\/correiodasemana.com\/site\/wp-content\/uploads\/2022\/02\/foto-stacasa.png?resize=700%2C400&ssl=1 2x, https:\/\/i0.wp.com\/correiodasemana.com\/site\/wp-content\/uploads\/2022\/02\/foto-stacasa.png?resize=1050%2C600&ssl=1 3x, https:\/\/i0.wp.com\/correiodasemana.com\/site\/wp-content\/uploads\/2022\/02\/foto-stacasa.png?resize=1400%2C800&ssl=1 4x"},"classes":[]},{"id":17474,"url":"https:\/\/correiodasemana.com\/site\/diretora-de-enfermagem-da-santa-casa-de-sobral-participa-de-mesa-redonda-na-faculdade-luciano-feijao\/","url_meta":{"origin":10615,"position":4},"title":"Diretora de Enfermagem da Santa Casa de Sobral participa de mesa redonda na Faculdade Luciano Feij\u00e3o","author":"","date":"Setembro 12, 2021","format":false,"excerpt":"A participa\u00e7\u00e3o se deu durante a V Semana de Integra\u00e7\u00e3o do curso de Enfermagem da Institui\u00e7\u00e3o. Ascom Complexo SCMS Certificada pelos Minist\u00e9rios da Sa\u00fade e da Educa\u00e7\u00e3o como Hospital de Ensino desde 2007, a Santa Casa de Miseric\u00f3rdia de Sobral (SCMS) contribui decisivamente para a forma\u00e7\u00e3o de mais de 10\u2026","rel":"","context":"In &quot;Atualidade&quot;","block_context":{"text":"Atualidade","link":"https:\/\/correiodasemana.com\/site\/category\/atualidade\/"},"img":{"alt_text":"","src":"https:\/\/i0.wp.com\/correiodasemana.com\/site\/wp-content\/uploads\/2021\/09\/Foto-2.jpeg?resize=350%2C200&ssl=1","width":350,"height":200,"srcset":"https:\/\/i0.wp.com\/correiodasemana.com\/site\/wp-content\/uploads\/2021\/09\/Foto-2.jpeg?resize=350%2C200&ssl=1 1x, https:\/\/i0.wp.com\/correiodasemana.com\/site\/wp-content\/uploads\/2021\/09\/Foto-2.jpeg?resize=525%2C300&ssl=1 1.5x, https:\/\/i0.wp.com\/correiodasemana.com\/site\/wp-content\/uploads\/2021\/09\/Foto-2.jpeg?resize=700%2C400&ssl=1 2x"},"classes":[]},{"id":17960,"url":"https:\/\/correiodasemana.com\/site\/direcao-do-hospital-do-coracao-de-sobral-se-reune-com-gestao-municipal-de-marco-para-firmar-convenio\/","url_meta":{"origin":10615,"position":5},"title":"Dire\u00e7\u00e3o do Hospital do Cora\u00e7\u00e3o de Sobral se re\u00fane com gest\u00e3o municipal de Marco para firmar conv\u00eanio","author":"","date":"Novembro 7, 2021","format":false,"excerpt":"A iniciativa proporcionar\u00e1 a realiza\u00e7\u00e3o de maior quantidade de procedimentos eletivos, de urg\u00eancia e cirurgias de grande porte, buscando trazer conforto e reduzir o tempo de espera. Ascom Complexo SCMS A dire\u00e7\u00e3o-geral do Complexo Santa Casa de Miseric\u00f3rdia de Sobral vem se reunindo com a gest\u00e3o do munic\u00edpio de Marco\u2026","rel":"","context":"In &quot;Atualidade&quot;","block_context":{"text":"Atualidade","link":"https:\/\/correiodasemana.com\/site\/category\/atualidade\/"},"img":{"alt_text":"","src":"https:\/\/i0.wp.com\/correiodasemana.com\/site\/wp-content\/uploads\/2021\/11\/Foto-2-marco-scaled.jpg?resize=350%2C200&ssl=1","width":350,"height":200,"srcset":"https:\/\/i0.wp.com\/correiodasemana.com\/site\/wp-content\/uploads\/2021\/11\/Foto-2-marco-scaled.jpg?resize=350%2C200&ssl=1 1x, https:\/\/i0.wp.com\/correiodasemana.com\/site\/wp-content\/uploads\/2021\/11\/Foto-2-marco-scaled.jpg?resize=525%2C300&ssl=1 1.5x, https:\/\/i0.wp.com\/correiodasemana.com\/site\/wp-content\/uploads\/2021\/11\/Foto-2-marco-scaled.jpg?resize=700%2C400&ssl=1 2x, https:\/\/i0.wp.com\/correiodasemana.com\/site\/wp-content\/uploads\/2021\/11\/Foto-2-marco-scaled.jpg?resize=1050%2C600&ssl=1 3x, https:\/\/i0.wp.com\/correiodasemana.com\/site\/wp-content\/uploads\/2021\/11\/Foto-2-marco-scaled.jpg?resize=1400%2C800&ssl=1 4x"},"classes":[]}],"jetpack_sharing_enabled":true,"_links":{"self":[{"href":"https:\/\/correiodasemana.com\/site\/wp-json\/wp\/v2\/posts\/10615","targetHints":{"allow":["GET"]}}],"collection":[{"href":"https:\/\/correiodasemana.com\/site\/wp-json\/wp\/v2\/posts"}],"about":[{"href":"https:\/\/correiodasemana.com\/site\/wp-json\/wp\/v2\/types\/post"}],"author":[{"embeddable":true,"href":"https:\/\/correiodasemana.com\/site\/wp-json\/wp\/v2\/users\/1"}],"replies":[{"embeddable":true,"href":"https:\/\/correiodasemana.com\/site\/wp-json\/wp\/v2\/comments?post=10615"}],"version-history":[{"count":1,"href":"https:\/\/correiodasemana.com\/site\/wp-json\/wp\/v2\/posts\/10615\/revisions"}],"predecessor-version":[{"id":10619,"href":"https:\/\/correiodasemana.com\/site\/wp-json\/wp\/v2\/posts\/10615\/revisions\/10619"}],"wp:featuredmedia":[{"embeddable":true,"href":"https:\/\/correiodasemana.com\/site\/wp-json\/wp\/v2\/media\/10618"}],"wp:attachment":[{"href":"https:\/\/correiodasemana.com\/site\/wp-json\/wp\/v2\/media?parent=10615"}],"wp:term":[{"taxonomy":"category","embeddable":true,"href":"https:\/\/correiodasemana.com\/site\/wp-json\/wp\/v2\/categories?post=10615"},{"taxonomy":"post_tag","embeddable":true,"href":"https:\/\/correiodasemana.com\/site\/wp-json\/wp\/v2\/tags?post=10615"}],"curies":[{"name":"wp","href":"https:\/\/api.w.org\/{rel}","templated":true}]}}