{"id":10620,"date":"2020-01-27T04:28:50","date_gmt":"2020-01-27T04:28:50","guid":{"rendered":"https:\/\/correiodasemana.com\/site\/?p=10620"},"modified":"2020-01-27T04:28:50","modified_gmt":"2020-01-27T04:28:50","slug":"coronavirus-tudo-o-que-voce-precisa-saber-sobre-a-nova-infeccao","status":"publish","type":"post","link":"https:\/\/correiodasemana.com\/site\/coronavirus-tudo-o-que-voce-precisa-saber-sobre-a-nova-infeccao\/","title":{"rendered":"Coronav\u00edrus: tudo o que voc\u00ea precisa saber sobre a nova infec\u00e7\u00e3o"},"content":{"rendered":"<p>Um\u00a0v\u00edrus\u00a0desconhecido pela ci\u00eancia at\u00e9 pouco tempo vem causando uma doen\u00e7a pulmonar grave em centenas de pessoas. Na\u00a0China, onde surgiu o novo\u00a0coronav\u00edrus,\u00a017 pessoas morreram\u00a0e 444 est\u00e3o infectadas, de acordo com o balan\u00e7o local mais recente. Casos da infec\u00e7\u00e3o j\u00e1 foram confirmados na Coreia do Sul, Tail\u00e2ndia, Jap\u00e3o, Estados Unidos e Taiwan.<\/p>\n<p>O que \u00e9 um coronav\u00edrus?<br \/>\nOs coronav\u00edrus recebem esse nome porque t\u00eam em sua membrana picos projetados que se assemelham \u00e0 coroa do sol. Eles podem infectar animais e pessoas e causar doen\u00e7as do trato respirat\u00f3rio, que v\u00e3o desde o resfriado comum at\u00e9 condi\u00e7\u00f5es graves como a SARS, que afetou milhares de pessoas em todo o mundo, e matou quase 800, durante um surto em 2003 e a MERS, que causou a morte de 858 dos 2.494 pacientes identificados com a infec\u00e7\u00e3o desde 2012.<br \/>\nO coronav\u00edrus identificado na China recentemente foi chamado de 2019-nCoV. Os primeiros casos da doen\u00e7a, uma pneumonia causada por um v\u00edrus desconhecido, foram registrados no final de dezembro. Na primeira semana de janeiro, pesquisadores chineses identificaram o pat\u00f3geno por tr\u00e1s de uma doen\u00e7a misteriosa que havia adoecido 59 pessoas em Wuhan, uma cidade de 11 milh\u00f5es de habitantes no centro da China: era um novo coronav\u00edrus.<br \/>\n\u201cEsse v\u00edrus \u00e9 da mesma fam\u00edlia que o coronav\u00edrus causador da epidemia de Sars e de Mers. Mas existem outros coronav\u00edrus j\u00e1 identificados, presentes inclusive no Brasil, que causam apenas resfriado comum. O diferente desse \u00e9 que \u00e9 um v\u00edrus completamente novo, que nunca havia sido identificado e, por isso, n\u00e3o sabemos como o organismo humano reage \u00e0 ele\u201d, diz a infectologista Mirian Dal Ben, do Hospital S\u00edrio Liban\u00eas em S\u00e3o Paulo.<\/p>\n<p>Quais s\u00e3o os sintomas da infec\u00e7\u00e3o?<br \/>\nCasos mais leves podem se parecer com gripe ou resfriado comum, dificultando a detec\u00e7\u00e3o. J\u00e1 casos mais graves podem evoluir para pneumonia e s\u00edndrome respirat\u00f3ria aguda grave ou causar insufici\u00eancia renal. Os sintomas incluem febre alta, tosse, dificuldade para respirar e les\u00f5es pulmonares.<\/p>\n<p>De onde esse novo v\u00edrus surgiu?<br \/>\nNovos v\u00edrus surgem a todo momento. Grande parte tem origem em esp\u00e9cies animais, onde geralmente passam despercebidos, e por alguma raz\u00e3o, \u201cpulam\u201d para os humanos. Isso aconteceu com a Sars, que passou para os humanos a partir de um animal selvagem conhecido como civeta (ou gato-de-alg\u00e1lia, parente do guaxinim) \u2014 que era considerado uma iguaria na regi\u00e3o de Guangdong, na China. E com a Mers, geralmente origin\u00e1ria de dromed\u00e1rios. Uma vez que \u00e9 identificado o animal reservat\u00f3rio, como \u00e9 chamado o ser vivo onde um agente infeccioso vive e se multiplica, \u00e9 mais f\u00e1cil lidar com isso.<br \/>\nDe acordo com o vice-chefe da Comiss\u00e3o Nacional de Sa\u00fade do Reino Unido, estima-se que quase 2 200 pessoas tenham tido contato com pacientes infectados. E n\u00e3o foi identificado nenhum \u201csuper espalhador\u201d, ou seja, um paciente que tenha transmitido o v\u00edrus para mais de dez pessoas, segundo informa\u00e7\u00f5es da rede\u00a0BBC.<\/p>\n<p>O que est\u00e1 sendo feito para diminuir o risco de uma pandemia?<br \/>\nO governo chin\u00eas alertou que quem esconder infec\u00e7\u00f5es ser\u00e1 \u201csempre pregado no pilar da vergonha da hist\u00f3ria\u201d. Aeroportos ao redor do mundo, incluindo alguns nos Estados Unidos e na Austr\u00e1lia, est\u00e3o examinando passageiros de Wuhan. Na ter\u00e7a-feira, os Centros de Controle e Preven\u00e7\u00e3o de Doen\u00e7as anunciaram medidas de triagem ampliadas nos Estados Unidos. Pesquisadores est\u00e3o em busca de uma vacina.<\/p>\n<p>Qual \u00e9 o risco de contamina\u00e7\u00e3o?<br \/>\nAinda n\u00e3o se sabe. Mas, de acordo com a\u00a0defini\u00e7\u00e3o atual da OMS, s\u00f3 h\u00e1 transmiss\u00e3o ativa do v\u00edrus na prov\u00edncia de Whuan. Portanto, somente pessoas que estiveram no local devem se preocupar. \u00c9 claro que isso pode ser atualizado a qualquer momento. Afinal, a globaliza\u00e7\u00e3o aumentou exponencialmente o fluxo de pessoas e a transmiss\u00e3o pelo contato com\u00a0part\u00edculas de tosse e espirro de pessoas infectadas, aumentam ainda mais o risco de dissemina\u00e7\u00e3o da doen\u00e7a.<\/p>\n<p>Como se proteger?<br \/>\nAs medidas de prote\u00e7\u00e3o contra o coronav\u00edrus \u00e9 semelhante \u00e0s de gripes e resfriados.\u00a0A recomenda\u00e7\u00e3o oficial da OMS prev\u00ea a boa higiene das m\u00e3os \u2013 limpar as m\u00e3os com freq\u00fc\u00eancia usando \u00e1lcool ou sab\u00e3o e \u00e1gua; manter a \u201cetiqueta da tosse\u201d \u2013 cobrir a boca e o nariz com o cotovelo ou um tecido ao tossir e espirrar; evitar contato pr\u00f3ximo com quem tem febre e tosse; procurar atendimento m\u00e9dico se apresentar febre, tosse e dificuldade em respirar; evitar contato desprotegido com animais vivos e superf\u00edcies em contato com animais em mercados ao ar livre com circula\u00e7\u00e3o de coronav\u00edrus; evitar o consumo de produtos de origem animal crua ou mal cozida; e manusear com cuidado produtos crus de origem animal. Evitar lugares fechados e aglomera\u00e7\u00f5es tamb\u00e9m est\u00e3o entre as recomenda\u00e7\u00f5es de prote\u00e7\u00e3o. Vale ressaltar que, no Brasil, n\u00e3o h\u00e1 circula\u00e7\u00e3o do v\u00edrus no momento, ent\u00e3o n\u00e3o h\u00e1 motivo para preocupa\u00e7\u00e3o com preven\u00e7\u00e3o.<\/p>\n<p>Qu\u00e3o preocupados est\u00e3o os especialistas?<br \/>\nOs especialistas est\u00e3o atentos, mas n\u00e3o em p\u00e2nico. Segundo eles, \u00e9 tudo muito novo e poucas informa\u00e7\u00f5es sobre o v\u00edrus e a doen\u00e7a est\u00e3o dispon\u00edveis. De qualquer forma, profissionais de sa\u00fade de todo o mundo est\u00e3o em alerta. A Organiza\u00e7\u00e3o Mundial da Sa\u00fade ainda n\u00e3o recomenda restri\u00e7\u00f5es em viagens ou no com\u00e9rcio internacional em decorr\u00eancia do v\u00edrus, mas tempo tem oferecido orienta\u00e7\u00e3o a pa\u00edses para se prepararem.\u00a0Uma eventual declara\u00e7\u00e3o de situa\u00e7\u00e3o de emerg\u00eancia de sa\u00fade p\u00fablica global pode facilitar a coordena\u00e7\u00e3o internacional e a arrecada\u00e7\u00e3o de verbas para o combate \u00e0 dissemina\u00e7\u00e3o da doen\u00e7a, como dar in\u00edcio a uma s\u00e9rie de recomenda\u00e7\u00f5es que devem ser seguidas pelos pa\u00edses afetados e seus vizinhos.<\/p>\n","protected":false},"excerpt":{"rendered":"<p>Um\u00a0v\u00edrus\u00a0desconhecido pela ci\u00eancia at\u00e9 pouco tempo vem causando uma doen\u00e7a pulmonar grave em centenas de&#8230;<\/p>\n","protected":false},"author":1,"featured_media":10621,"comment_status":"open","ping_status":"open","sticky":false,"template":"","format":"standard","meta":{"_jetpack_memberships_contains_paid_content":false,"footnotes":"","jetpack_publicize_message":"","jetpack_publicize_feature_enabled":true,"jetpack_social_post_already_shared":true,"jetpack_social_options":{"image_generator_settings":{"template":"highway","default_image_id":0,"font":"","enabled":false},"version":2}},"categories":[1],"tags":[],"class_list":["post-10620","post","type-post","status-publish","format-standard","has-post-thumbnail","hentry","category-atualidade"],"jetpack_publicize_connections":[],"jetpack_featured_media_url":"https:\/\/correiodasemana.com\/site\/wp-content\/uploads\/2020\/01\/coronavirus.jpg","jetpack-related-posts":[{"id":14591,"url":"https:\/\/correiodasemana.com\/site\/tres-fatores-chave-que-aumentam-o-risco-de-morte-por-covid-19\/","url_meta":{"origin":10620,"position":0},"title":"Tr\u00eas fatores chave que aumentam o risco de morte por Covid-19","author":"","date":"Novembro 17, 2020","format":false,"excerpt":"O novo coronav\u00edrus SARS-CoV-2, causador da Covid-19, afeta as pessoas de forma diferente - matando uns, enquanto outros permanecem sem sintomas e desconhecem sequer que est\u00e3o ou estiveram infectados Desde o in\u00edcio da pandemia que se tornou claro que os indiv\u00edduos mais velhos e com problemas pr\u00e9vios de sa\u00fade est\u00e3o\u2026","rel":"","context":"In &quot;Atualidade&quot;","block_context":{"text":"Atualidade","link":"https:\/\/correiodasemana.com\/site\/category\/atualidade\/"},"img":{"alt_text":"","src":"https:\/\/i0.wp.com\/correiodasemana.com\/site\/wp-content\/uploads\/2020\/11\/naom_5fb2265324b22-1.jpg?resize=350%2C200&ssl=1","width":350,"height":200,"srcset":"https:\/\/i0.wp.com\/correiodasemana.com\/site\/wp-content\/uploads\/2020\/11\/naom_5fb2265324b22-1.jpg?resize=350%2C200&ssl=1 1x, https:\/\/i0.wp.com\/correiodasemana.com\/site\/wp-content\/uploads\/2020\/11\/naom_5fb2265324b22-1.jpg?resize=525%2C300&ssl=1 1.5x, https:\/\/i0.wp.com\/correiodasemana.com\/site\/wp-content\/uploads\/2020\/11\/naom_5fb2265324b22-1.jpg?resize=700%2C400&ssl=1 2x, https:\/\/i0.wp.com\/correiodasemana.com\/site\/wp-content\/uploads\/2020\/11\/naom_5fb2265324b22-1.jpg?resize=1050%2C600&ssl=1 3x, https:\/\/i0.wp.com\/correiodasemana.com\/site\/wp-content\/uploads\/2020\/11\/naom_5fb2265324b22-1.jpg?resize=1400%2C800&ssl=1 4x"},"classes":[]},{"id":11246,"url":"https:\/\/correiodasemana.com\/site\/medico-infectologista-esclarece-duvidas-acerca-do-novo-coronavirus\/","url_meta":{"origin":10620,"position":1},"title":"M\u00e9dico Infectologista esclarece d\u00favidas acerca do novo Coronav\u00edrus","author":"","date":"Mar\u00e7o 24, 2020","format":false,"excerpt":"Em entrevista ao Correio da Semana, o M\u00e9dico Infectologista, Michel Abdalla, esclarece d\u00favidas a respeito da doen\u00e7a que avan\u00e7a pelo Brasil e no mundo. A Organiza\u00e7\u00e3o Mundial da Sa\u00fade (OMS) declarou pandemia do novo Coronav\u00edrus, no momento em que o n\u00famero de casos fora da China aumentou com mais de\u2026","rel":"","context":"In &quot;Atualidade&quot;","block_context":{"text":"Atualidade","link":"https:\/\/correiodasemana.com\/site\/category\/atualidade\/"},"img":{"alt_text":"","src":"https:\/\/i0.wp.com\/correiodasemana.com\/site\/wp-content\/uploads\/2020\/03\/Dr.-Michell-Abdalla-3.jpg?resize=350%2C200&ssl=1","width":350,"height":200,"srcset":"https:\/\/i0.wp.com\/correiodasemana.com\/site\/wp-content\/uploads\/2020\/03\/Dr.-Michell-Abdalla-3.jpg?resize=350%2C200&ssl=1 1x, https:\/\/i0.wp.com\/correiodasemana.com\/site\/wp-content\/uploads\/2020\/03\/Dr.-Michell-Abdalla-3.jpg?resize=525%2C300&ssl=1 1.5x, https:\/\/i0.wp.com\/correiodasemana.com\/site\/wp-content\/uploads\/2020\/03\/Dr.-Michell-Abdalla-3.jpg?resize=700%2C400&ssl=1 2x, https:\/\/i0.wp.com\/correiodasemana.com\/site\/wp-content\/uploads\/2020\/03\/Dr.-Michell-Abdalla-3.jpg?resize=1050%2C600&ssl=1 3x"},"classes":[]},{"id":11657,"url":"https:\/\/correiodasemana.com\/site\/recuperados-da-covid-19-mantem-cuidados-mesmo-apos-infeccao\/","url_meta":{"origin":10620,"position":2},"title":"Recuperados da Covid-19 mant\u00eam cuidados mesmo ap\u00f3s infec\u00e7\u00e3o","author":"","date":"Julho 8, 2020","format":false,"excerpt":"Ainda n\u00e3o h\u00e1 evid\u00eancias de que quem contraiu a doen\u00e7a n\u00e3o se contamina \u00a0 \u00a0 O Brasil t\u00eam, de acordo com dados do Minist\u00e9rio da Sa\u00fade, quase 1 milh\u00e3o de recuperados da covid-19, doen\u00e7a causada pelo novo coronav\u00edrus. Para alguns, o fato de j\u00e1 ter tido a doen\u00e7a \u00e9 motivo\u2026","rel":"","context":"In &quot;Atualidade&quot;","block_context":{"text":"Atualidade","link":"https:\/\/correiodasemana.com\/site\/category\/atualidade\/"},"img":{"alt_text":"","src":"https:\/\/i0.wp.com\/correiodasemana.com\/site\/wp-content\/uploads\/2020\/07\/coronavirusteste_negativo_para_o_novo_coronavirus_.jpg?resize=350%2C200&ssl=1","width":350,"height":200,"srcset":"https:\/\/i0.wp.com\/correiodasemana.com\/site\/wp-content\/uploads\/2020\/07\/coronavirusteste_negativo_para_o_novo_coronavirus_.jpg?resize=350%2C200&ssl=1 1x, https:\/\/i0.wp.com\/correiodasemana.com\/site\/wp-content\/uploads\/2020\/07\/coronavirusteste_negativo_para_o_novo_coronavirus_.jpg?resize=525%2C300&ssl=1 1.5x, https:\/\/i0.wp.com\/correiodasemana.com\/site\/wp-content\/uploads\/2020\/07\/coronavirusteste_negativo_para_o_novo_coronavirus_.jpg?resize=700%2C400&ssl=1 2x, https:\/\/i0.wp.com\/correiodasemana.com\/site\/wp-content\/uploads\/2020\/07\/coronavirusteste_negativo_para_o_novo_coronavirus_.jpg?resize=1050%2C600&ssl=1 3x"},"classes":[]},{"id":11823,"url":"https:\/\/correiodasemana.com\/site\/sobral-e-iguatu-tem-256-mil-pessoas-com-anticorpos-para-a-covid-19-estima-pesquisa\/","url_meta":{"origin":10620,"position":3},"title":"Sobral e Iguatu t\u00eam 25,6 mil pessoas com anticorpos para a Covid-19, estima pesquisa","author":"","date":"Julho 14, 2020","format":false,"excerpt":"Somadas, as duas cidades concentram 57,3 mil pessoas em contato com o v\u00edrus, considerando-se as que t\u00eam a doen\u00e7a ativa e as que desenvolveram anticorpos, segundo estudo do Governo do Cear\u00e1 e do Instituto Opnus Um total de 25,6 mil pessoas nas cidades de Sobral e Iguatu j\u00e1 podem ter\u2026","rel":"","context":"In &quot;Atualidade&quot;","block_context":{"text":"Atualidade","link":"https:\/\/correiodasemana.com\/site\/category\/atualidade\/"},"img":{"alt_text":"","src":"https:\/\/i0.wp.com\/correiodasemana.com\/site\/wp-content\/uploads\/2020\/07\/coronavirus.jpg?resize=350%2C200&ssl=1","width":350,"height":200,"srcset":"https:\/\/i0.wp.com\/correiodasemana.com\/site\/wp-content\/uploads\/2020\/07\/coronavirus.jpg?resize=350%2C200&ssl=1 1x, https:\/\/i0.wp.com\/correiodasemana.com\/site\/wp-content\/uploads\/2020\/07\/coronavirus.jpg?resize=525%2C300&ssl=1 1.5x, https:\/\/i0.wp.com\/correiodasemana.com\/site\/wp-content\/uploads\/2020\/07\/coronavirus.jpg?resize=700%2C400&ssl=1 2x, https:\/\/i0.wp.com\/correiodasemana.com\/site\/wp-content\/uploads\/2020\/07\/coronavirus.jpg?resize=1050%2C600&ssl=1 3x, https:\/\/i0.wp.com\/correiodasemana.com\/site\/wp-content\/uploads\/2020\/07\/coronavirus.jpg?resize=1400%2C800&ssl=1 4x"},"classes":[]},{"id":11218,"url":"https:\/\/correiodasemana.com\/site\/santa-casa-de-misericordia-de-sobral-treina-profissionais-para-possiveis-casos-suspeitos-ou-confirmados-do-novo-coronavirus\/","url_meta":{"origin":10620,"position":4},"title":"Santa Casa de Miseric\u00f3rdia de Sobral treina profissionais para poss\u00edveis casos suspeitos ou confirmados do Novo Coronav\u00edrus","author":"","date":"Mar\u00e7o 18, 2020","format":false,"excerpt":"Organiza\u00e7\u00e3o Mundial da Sa\u00fade (OMS) declarou Pandemia depois de mais de 118 mil casos ao redor do mundo e 4.291 mortes nas \u00faltimas semanas. Com objetivo de treinar seus profissionais para correta condu\u00e7\u00e3o da assist\u00eancia a poss\u00edveis casos suspeitos ou confirmados do Novo Coronav\u00edrus (COVID-19), a Santa Casa de Miseric\u00f3rdia\u2026","rel":"","context":"In &quot;Santa Casa&quot;","block_context":{"text":"Santa Casa","link":"https:\/\/correiodasemana.com\/site\/category\/santa-casa\/"},"img":{"alt_text":"","src":"https:\/\/i0.wp.com\/correiodasemana.com\/site\/wp-content\/uploads\/2020\/03\/1.1-Palestra--scaled-e1584507158838.jpg?resize=350%2C200&ssl=1","width":350,"height":200,"srcset":"https:\/\/i0.wp.com\/correiodasemana.com\/site\/wp-content\/uploads\/2020\/03\/1.1-Palestra--scaled-e1584507158838.jpg?resize=350%2C200&ssl=1 1x, https:\/\/i0.wp.com\/correiodasemana.com\/site\/wp-content\/uploads\/2020\/03\/1.1-Palestra--scaled-e1584507158838.jpg?resize=525%2C300&ssl=1 1.5x, https:\/\/i0.wp.com\/correiodasemana.com\/site\/wp-content\/uploads\/2020\/03\/1.1-Palestra--scaled-e1584507158838.jpg?resize=700%2C400&ssl=1 2x, https:\/\/i0.wp.com\/correiodasemana.com\/site\/wp-content\/uploads\/2020\/03\/1.1-Palestra--scaled-e1584507158838.jpg?resize=1050%2C600&ssl=1 3x"},"classes":[]},{"id":16235,"url":"https:\/\/correiodasemana.com\/site\/quase-metade-dos-obitos-registrados-em-marco-foi-causada-por-covid-19\/","url_meta":{"origin":10620,"position":5},"title":"Quase metade dos \u00f3bitos registrados em Mar\u00e7o foi causada por covid-19","author":"","date":"Abril 18, 2021","format":false,"excerpt":"Por Samuel Carvalho - Reda\u00e7\u00e3o Correio da Semana Segundo a notifica\u00e7\u00e3o dos Cart\u00f3rios de Registro Civil cearenses no \u00faltimo m\u00eas, 6.930 \u00f3bitos por causas naturais (doen\u00e7as respirat\u00f3rias e card\u00edacas), dos quais 3.202 decorreram da infec\u00e7\u00e3o causada pelo novo coronav\u00edrus. Esse n\u00famero \u00e9 equivalente a 46% do total do n\u00famero de\u2026","rel":"","context":"In &quot;Atualidade&quot;","block_context":{"text":"Atualidade","link":"https:\/\/correiodasemana.com\/site\/category\/atualidade\/"},"img":{"alt_text":"","src":"https:\/\/i0.wp.com\/correiodasemana.com\/site\/wp-content\/uploads\/2021\/04\/internac-o.jpg?resize=350%2C200&ssl=1","width":350,"height":200,"srcset":"https:\/\/i0.wp.com\/correiodasemana.com\/site\/wp-content\/uploads\/2021\/04\/internac-o.jpg?resize=350%2C200&ssl=1 1x, https:\/\/i0.wp.com\/correiodasemana.com\/site\/wp-content\/uploads\/2021\/04\/internac-o.jpg?resize=525%2C300&ssl=1 1.5x, https:\/\/i0.wp.com\/correiodasemana.com\/site\/wp-content\/uploads\/2021\/04\/internac-o.jpg?resize=700%2C400&ssl=1 2x, https:\/\/i0.wp.com\/correiodasemana.com\/site\/wp-content\/uploads\/2021\/04\/internac-o.jpg?resize=1050%2C600&ssl=1 3x"},"classes":[]}],"jetpack_sharing_enabled":true,"_links":{"self":[{"href":"https:\/\/correiodasemana.com\/site\/wp-json\/wp\/v2\/posts\/10620","targetHints":{"allow":["GET"]}}],"collection":[{"href":"https:\/\/correiodasemana.com\/site\/wp-json\/wp\/v2\/posts"}],"about":[{"href":"https:\/\/correiodasemana.com\/site\/wp-json\/wp\/v2\/types\/post"}],"author":[{"embeddable":true,"href":"https:\/\/correiodasemana.com\/site\/wp-json\/wp\/v2\/users\/1"}],"replies":[{"embeddable":true,"href":"https:\/\/correiodasemana.com\/site\/wp-json\/wp\/v2\/comments?post=10620"}],"version-history":[{"count":1,"href":"https:\/\/correiodasemana.com\/site\/wp-json\/wp\/v2\/posts\/10620\/revisions"}],"predecessor-version":[{"id":10622,"href":"https:\/\/correiodasemana.com\/site\/wp-json\/wp\/v2\/posts\/10620\/revisions\/10622"}],"wp:featuredmedia":[{"embeddable":true,"href":"https:\/\/correiodasemana.com\/site\/wp-json\/wp\/v2\/media\/10621"}],"wp:attachment":[{"href":"https:\/\/correiodasemana.com\/site\/wp-json\/wp\/v2\/media?parent=10620"}],"wp:term":[{"taxonomy":"category","embeddable":true,"href":"https:\/\/correiodasemana.com\/site\/wp-json\/wp\/v2\/categories?post=10620"},{"taxonomy":"post_tag","embeddable":true,"href":"https:\/\/correiodasemana.com\/site\/wp-json\/wp\/v2\/tags?post=10620"}],"curies":[{"name":"wp","href":"https:\/\/api.w.org\/{rel}","templated":true}]}}