{"id":10623,"date":"2020-01-27T04:29:55","date_gmt":"2020-01-27T04:29:55","guid":{"rendered":"https:\/\/correiodasemana.com\/site\/?p=10623"},"modified":"2020-01-27T04:29:55","modified_gmt":"2020-01-27T04:29:55","slug":"em-tempo-28","status":"publish","type":"post","link":"https:\/\/correiodasemana.com\/site\/em-tempo-28\/","title":{"rendered":"Em Tempo"},"content":{"rendered":"<p><strong>Progn\u00f3stico de inverno no Cear\u00e1<\/strong><br \/>\nA esperan\u00e7a do cearense de ter boas chuvas entre os meses de fevereiro e abril deste ano pode se tornar realidade caso se confirme o progn\u00f3stico da Funda\u00e7\u00e3o Cearense de Meteorologia (Funceme), divulgado no dia 21 de janeiro pelo Governo do Estado, no Pal\u00e1cio da Aboli\u00e7\u00e3o.<br \/>\nDe acordo com o estudo, o Cear\u00e1 tem 45% de chance de receber chuvas acima da m\u00e9dia para o trimestre. J\u00e1 a probabilidade das precipita\u00e7\u00f5es ficarem em torno da m\u00e9dia \u00e9 de 35% e de ficar abaixo da m\u00e9dia \u00e9 de 20%. Cresce a expectativa de recarga dos principais a\u00e7udes.<\/p>\n<p><strong>Concurso da UFC para professor<\/strong><br \/>\nA Universidade Federal do Cear\u00e1 (UFC) lan\u00e7ou edital\u00a0do concurso p\u00fablico para cargo efetivo de professor.\u00a0As inscri\u00e7\u00f5es seguem at\u00e9 7 de fevereiro. Os selecionados ter\u00e3o vencimentos de R$ 9.616,18 referentes a 40 horas semanais de trabalho, com dedica\u00e7\u00e3o exclusiva.<br \/>\nS\u00e3o tr\u00eas vagas em Fortaleza: uma para o Departamento de Engenharia Metal\u00fargica e de Materiais; e duas na Faculdade de Medicina. H\u00e1\u00a0uma vaga para o Campus da UFC em Sobral, no setor de estudo\u00a0Psicologia Social. \u00a0Edital est\u00e1 dispon\u00edvel no site\u00a0https:\/\/progep.ufc.br.<\/p>\n<p><strong>Anivers\u00e1rio no Becco do Cotovelo<\/strong><br \/>\nFoto \u2013 Marcildo Brito<br \/>\nExpedito Vasconcelos, Francisco Prado, o aniversariante Ivan Frota e Edilson Silva<br \/>\nO Show do Ivan Frota, que acontece aos s\u00e1bados no Becco do Cotovelo, em Sobral, teve programa\u00e7\u00e3o especial no dia 18 de janeiro. O Centro Cultural Dom Jos\u00e9 e a Associa\u00e7\u00e3o Amigos do Becco prestaram homenagem ao radialista Ivan Frota, por ocasi\u00e3o de seu anivers\u00e1rio.<br \/>\nO advogado Francisco Prado, jornalista Edilson Silva e radialista Expedito Vasconcelos falaram sobre a sua contribui\u00e7\u00e3o no r\u00e1dio e na cultura. Houve a entrega da Medalha Dom Jos\u00e9. O evento reuniu familiares, amigos e ouvintes. A banda de Sim\u00f5es Carolino fez a anima\u00e7\u00e3o.<\/p>\n<p><strong>Encontro de Educa\u00e7\u00e3o Art\u00edstica<\/strong><br \/>\nNo per\u00edodo de 6 a 8 de abril, a Universidade Estadual do Cear\u00e1 ser\u00e1 palco da 6\u00aa edi\u00e7\u00e3o do Encontro Internacional de Educa\u00e7\u00e3o Art\u00edstica, com o tema \u201cRepensar as Experi\u00eancias em Educa\u00e7\u00e3o Art\u00edstica Face aos Desafios da Decolonialidade\u201d. Inscri\u00e7\u00f5es abertas at\u00e9 6 de mar\u00e7o.<br \/>\nO encontro na Uece visa, por meio de di\u00e1logos interculturais sobre as diferentes perspectivas de interse\u00e7\u00e3o entre arte e educa\u00e7\u00e3o, abrigar fazeres e reflex\u00f5es, neste campo de conhecimento, em pa\u00edses part\u00edcipes da constru\u00e7\u00e3o coletiva de ensino e aprendizagem de Arte.<\/p>\n<p><strong>Projeto Futsal Sesc em Sobral<\/strong><br \/>\nMuito mais que divers\u00e3o, o esporte tem o poder de transformar vidas. \u00c9 com essa perspectiva que o projeto Futsal Sesc trabalha, ensinando tanto as t\u00e9cnicas da atividade esportiva quanto princ\u00edpios relacionados \u00e0 conviv\u00eancia e responsabilidade com a equipe.<br \/>\nInscri\u00e7\u00f5es em Sobral at\u00e9 30 de janeiro, com oferta de 140 vagas. Para participar \u00e9 preciso ter entre 8 e 17 anos, ser dependente de trabalhador do com\u00e9rcio e aluno matriculado ou egresso da rede p\u00fablica de ensino, ou bolsista integral em escola particular. As aulas s\u00e3o gratuitas.<\/p>\n<p><strong>Dica da Coluna<\/strong><br \/>\nLeia o Blog do Edilson (www.blogdoedilson.com.br). Cultura, educa\u00e7\u00e3o, pol\u00edtica e utilidade p\u00fablica.<\/p>\n","protected":false},"excerpt":{"rendered":"<p>Progn\u00f3stico de inverno no Cear\u00e1 A esperan\u00e7a do cearense de ter boas chuvas entre os&#8230;<\/p>\n","protected":false},"author":1,"featured_media":10624,"comment_status":"open","ping_status":"open","sticky":false,"template":"","format":"standard","meta":{"_jetpack_memberships_contains_paid_content":false,"footnotes":"","jetpack_publicize_message":"","jetpack_publicize_feature_enabled":true,"jetpack_social_post_already_shared":true,"jetpack_social_options":{"image_generator_settings":{"template":"highway","default_image_id":0,"font":"","enabled":false},"version":2}},"categories":[11,36],"tags":[],"class_list":["post-10623","post","type-post","status-publish","format-standard","has-post-thumbnail","hentry","category-artigos","category-em-tempo"],"jetpack_publicize_connections":[],"jetpack_featured_media_url":"https:\/\/correiodasemana.com\/site\/wp-content\/uploads\/2020\/01\/ok-DSC_7921-scaled.jpg","jetpack-related-posts":[{"id":10628,"url":"https:\/\/correiodasemana.com\/site\/ceara-tem-45-de-probabilidade-de-ter-chuvas-acima-da-normalidade-entre-fevereiro-e-abril\/","url_meta":{"origin":10623,"position":0},"title":"Cear\u00e1 tem 45% de probabilidade de ter chuvas acima da normalidade entre fevereiro e abril","author":"","date":"Janeiro 27, 2020","format":false,"excerpt":"A esperan\u00e7a do cearense de ter boas chuvas entre os meses de fevereiro e abril deste ano pode se tornar realidade caso se confirme o progn\u00f3stico da Funda\u00e7\u00e3o Cearense de Meteorologia (Funceme), divulgado nesta ter\u00e7a-feira (21) pelo Governo do Cear\u00e1, no Pal\u00e1cio da Aboli\u00e7\u00e3o. De acordo com o estudo feito\u2026","rel":"","context":"In &quot;Atualidade&quot;","block_context":{"text":"Atualidade","link":"https:\/\/correiodasemana.com\/site\/category\/atualidade\/"},"img":{"alt_text":"","src":"https:\/\/i0.wp.com\/correiodasemana.com\/site\/wp-content\/uploads\/2020\/01\/Chuva-Sobral-igreja.jpg?resize=350%2C200&ssl=1","width":350,"height":200,"srcset":"https:\/\/i0.wp.com\/correiodasemana.com\/site\/wp-content\/uploads\/2020\/01\/Chuva-Sobral-igreja.jpg?resize=350%2C200&ssl=1 1x, https:\/\/i0.wp.com\/correiodasemana.com\/site\/wp-content\/uploads\/2020\/01\/Chuva-Sobral-igreja.jpg?resize=525%2C300&ssl=1 1.5x, https:\/\/i0.wp.com\/correiodasemana.com\/site\/wp-content\/uploads\/2020\/01\/Chuva-Sobral-igreja.jpg?resize=700%2C400&ssl=1 2x"},"classes":[]},{"id":18672,"url":"https:\/\/correiodasemana.com\/site\/em-tempo-117\/","url_meta":{"origin":10623,"position":1},"title":"Em Tempo","author":"","date":"Janeiro 24, 2022","format":false,"excerpt":"Destaque no Vestibular ITA 2022 O Cear\u00e1 retoma o primeiro lugar entre os estados brasileiros com o maior n\u00famero de alunos aprovados no Instituto Tecnol\u00f3gico de Aeron\u00e1utica (ITA). Depois de ficar em segundo lugar nos \u00faltimos tr\u00eas anos, os estudantes de escolas cearenses acumularam 61 aprova\u00e7\u00f5es na segunda fase do\u2026","rel":"","context":"In &quot;Artigos&quot;","block_context":{"text":"Artigos","link":"https:\/\/correiodasemana.com\/site\/category\/artigos\/"},"img":{"alt_text":"","src":"https:\/\/i0.wp.com\/correiodasemana.com\/site\/wp-content\/uploads\/2022\/01\/Elis-Regina-na-capa-do-disco-Em-Pleno-Ver-o-1970-300x169.jpg?resize=350%2C200&ssl=1","width":350,"height":200},"classes":[]},{"id":23579,"url":"https:\/\/correiodasemana.com\/site\/terca-feira-com-previsao-de-chuvas-em-varias-regioes-do-estado\/","url_meta":{"origin":10623,"position":2},"title":"Ter\u00e7a-feira com previs\u00e3o de chuvas em v\u00e1rias regi\u00f5es do Estado","author":"","date":"Fevereiro 14, 2023","format":false,"excerpt":"A Funda\u00e7\u00e3o Cearense de Meteorologia e Recursos H\u00eddricos (Funceme) divulgou a previs\u00e3o do tempo para esta ter\u00e7a-feira, 14. De acordo com o meteorologista da Funceme, Bruno Rodrigues, as chuvas predominam durante madrugada e manh\u00e3 em parte do litoral, no sul do Estado\u00a0e no\u00a0Sert\u00e3o Central e Inhamuns. No per\u00edodo da tarde\u2026","rel":"","context":"In &quot;Atualidade&quot;","block_context":{"text":"Atualidade","link":"https:\/\/correiodasemana.com\/site\/category\/atualidade\/"},"img":{"alt_text":"","src":"https:\/\/i0.wp.com\/correiodasemana.com\/site\/wp-content\/uploads\/2023\/02\/pancadas-de-chuva-previsao-do-tempo-domingo-marcelo-casal-jr.webp?resize=350%2C200&ssl=1","width":350,"height":200,"srcset":"https:\/\/i0.wp.com\/correiodasemana.com\/site\/wp-content\/uploads\/2023\/02\/pancadas-de-chuva-previsao-do-tempo-domingo-marcelo-casal-jr.webp?resize=350%2C200&ssl=1 1x, https:\/\/i0.wp.com\/correiodasemana.com\/site\/wp-content\/uploads\/2023\/02\/pancadas-de-chuva-previsao-do-tempo-domingo-marcelo-casal-jr.webp?resize=525%2C300&ssl=1 1.5x, https:\/\/i0.wp.com\/correiodasemana.com\/site\/wp-content\/uploads\/2023\/02\/pancadas-de-chuva-previsao-do-tempo-domingo-marcelo-casal-jr.webp?resize=700%2C400&ssl=1 2x"},"classes":[]},{"id":22793,"url":"https:\/\/correiodasemana.com\/site\/el-nino-e-la-nina-entenda-o-que-influencia-a-quadra-chuvosa-no-ceara\/","url_meta":{"origin":10623,"position":3},"title":"El Ni\u00f1o e La Ni\u00f1a: entenda o que influencia a quadra chuvosa no Cear\u00e1","author":"","date":"Janeiro 16, 2023","format":false,"excerpt":"Fen\u00f4menos oce\u00e2nicos no Pac\u00edfico e no Atl\u00e2ntico influenciam a atmosfera terrestre e s\u00e3o considerados ao tra\u00e7ar o progn\u00f3stico da quadra chuvosa no Cear\u00e1 As temperaturas globais e os padr\u00f5es de chuva s\u00e3o afetados por fen\u00f4menos oce\u00e2nicos e atmosf\u00e9ricos. Os mais conhecidos, o El Ni\u00f1o e La Ni\u00f1a, podem influenciar a\u2026","rel":"","context":"In &quot;Atualidade&quot;","block_context":{"text":"Atualidade","link":"https:\/\/correiodasemana.com\/site\/category\/atualidade\/"},"img":{"alt_text":"","src":"https:\/\/i0.wp.com\/correiodasemana.com\/site\/wp-content\/uploads\/2023\/01\/0606.jpg?resize=350%2C200&ssl=1","width":350,"height":200,"srcset":"https:\/\/i0.wp.com\/correiodasemana.com\/site\/wp-content\/uploads\/2023\/01\/0606.jpg?resize=350%2C200&ssl=1 1x, https:\/\/i0.wp.com\/correiodasemana.com\/site\/wp-content\/uploads\/2023\/01\/0606.jpg?resize=525%2C300&ssl=1 1.5x, https:\/\/i0.wp.com\/correiodasemana.com\/site\/wp-content\/uploads\/2023\/01\/0606.jpg?resize=700%2C400&ssl=1 2x, https:\/\/i0.wp.com\/correiodasemana.com\/site\/wp-content\/uploads\/2023\/01\/0606.jpg?resize=1050%2C600&ssl=1 3x"},"classes":[]},{"id":18670,"url":"https:\/\/correiodasemana.com\/site\/previsoes-apontam-que-quadra-chuvosa-no-ceara-pode-ser-mais-intensa-com-chuvas-acima-da-media\/","url_meta":{"origin":10623,"position":4},"title":"Previs\u00f5es apontam que quadra chuvosa no Cear\u00e1 pode ser mais intensa com chuvas acima da m\u00e9dia","author":"","date":"Janeiro 24, 2022","format":false,"excerpt":"Por Samuel Carvalho - Reda\u00e7\u00e3o Correio da Semana A Funda\u00e7\u00e3o Cearense de Meteorologia e Recursos H\u00eddricos (Funceme) divulgou na \u00faltima quinta-feira (20) a primeira previs\u00e3o de chuva para a quadra chuvosa. Em 17 de dezembro de 2021, uma reuni\u00e3o de An\u00e1lise e Previs\u00e3o Clim\u00e1tica, realizada na cidade de Cachoeira Paulista\u2026","rel":"","context":"In &quot;Atualidade&quot;","block_context":{"text":"Atualidade","link":"https:\/\/correiodasemana.com\/site\/category\/atualidade\/"},"img":{"alt_text":"","src":"https:\/\/i0.wp.com\/correiodasemana.com\/site\/wp-content\/uploads\/2022\/01\/a8c382f691c863da64be9d621b96be07.png?resize=350%2C200&ssl=1","width":350,"height":200,"srcset":"https:\/\/i0.wp.com\/correiodasemana.com\/site\/wp-content\/uploads\/2022\/01\/a8c382f691c863da64be9d621b96be07.png?resize=350%2C200&ssl=1 1x, https:\/\/i0.wp.com\/correiodasemana.com\/site\/wp-content\/uploads\/2022\/01\/a8c382f691c863da64be9d621b96be07.png?resize=525%2C300&ssl=1 1.5x, https:\/\/i0.wp.com\/correiodasemana.com\/site\/wp-content\/uploads\/2022\/01\/a8c382f691c863da64be9d621b96be07.png?resize=700%2C400&ssl=1 2x"},"classes":[]},{"id":15509,"url":"https:\/\/correiodasemana.com\/site\/em-tempo-66\/","url_meta":{"origin":10623,"position":5},"title":"Em Tempo","author":"","date":"Janeiro 24, 2021","format":false,"excerpt":"Progn\u00f3stico da Funceme sobre inverno Cear\u00e1 tem 50% de chance de chuvas\u00a0abaixo da m\u00e9dia hist\u00f3rica nos meses de fevereiro, mar\u00e7o e abril, os primeiros e mais importantes da quadra chuvosa, de acordo com o progn\u00f3stico divulgado, no dia 20 de janeiro, pela\u00a0Funda\u00e7\u00e3o Cearense de Meteorologia e Recursos H\u00eddricos. O an\u00fancio\u2026","rel":"","context":"In &quot;Artigos&quot;","block_context":{"text":"Artigos","link":"https:\/\/correiodasemana.com\/site\/category\/artigos\/"},"img":{"alt_text":"","src":"https:\/\/i0.wp.com\/correiodasemana.com\/site\/wp-content\/uploads\/2019\/12\/FOTO-EDILSON-SILVA-2.jpg?resize=350%2C200&ssl=1","width":350,"height":200,"srcset":"https:\/\/i0.wp.com\/correiodasemana.com\/site\/wp-content\/uploads\/2019\/12\/FOTO-EDILSON-SILVA-2.jpg?resize=350%2C200&ssl=1 1x, https:\/\/i0.wp.com\/correiodasemana.com\/site\/wp-content\/uploads\/2019\/12\/FOTO-EDILSON-SILVA-2.jpg?resize=525%2C300&ssl=1 1.5x, https:\/\/i0.wp.com\/correiodasemana.com\/site\/wp-content\/uploads\/2019\/12\/FOTO-EDILSON-SILVA-2.jpg?resize=700%2C400&ssl=1 2x"},"classes":[]}],"jetpack_sharing_enabled":true,"_links":{"self":[{"href":"https:\/\/correiodasemana.com\/site\/wp-json\/wp\/v2\/posts\/10623","targetHints":{"allow":["GET"]}}],"collection":[{"href":"https:\/\/correiodasemana.com\/site\/wp-json\/wp\/v2\/posts"}],"about":[{"href":"https:\/\/correiodasemana.com\/site\/wp-json\/wp\/v2\/types\/post"}],"author":[{"embeddable":true,"href":"https:\/\/correiodasemana.com\/site\/wp-json\/wp\/v2\/users\/1"}],"replies":[{"embeddable":true,"href":"https:\/\/correiodasemana.com\/site\/wp-json\/wp\/v2\/comments?post=10623"}],"version-history":[{"count":1,"href":"https:\/\/correiodasemana.com\/site\/wp-json\/wp\/v2\/posts\/10623\/revisions"}],"predecessor-version":[{"id":10625,"href":"https:\/\/correiodasemana.com\/site\/wp-json\/wp\/v2\/posts\/10623\/revisions\/10625"}],"wp:featuredmedia":[{"embeddable":true,"href":"https:\/\/correiodasemana.com\/site\/wp-json\/wp\/v2\/media\/10624"}],"wp:attachment":[{"href":"https:\/\/correiodasemana.com\/site\/wp-json\/wp\/v2\/media?parent=10623"}],"wp:term":[{"taxonomy":"category","embeddable":true,"href":"https:\/\/correiodasemana.com\/site\/wp-json\/wp\/v2\/categories?post=10623"},{"taxonomy":"post_tag","embeddable":true,"href":"https:\/\/correiodasemana.com\/site\/wp-json\/wp\/v2\/tags?post=10623"}],"curies":[{"name":"wp","href":"https:\/\/api.w.org\/{rel}","templated":true}]}}