{"id":10656,"date":"2020-02-03T04:09:26","date_gmt":"2020-02-03T04:09:26","guid":{"rendered":"https:\/\/correiodasemana.com\/site\/?p=10656"},"modified":"2020-02-03T04:09:26","modified_gmt":"2020-02-03T04:09:26","slug":"padres-se-aprofundam-em-curso-de-parapsicologia-em-sao-paulo","status":"publish","type":"post","link":"https:\/\/correiodasemana.com\/site\/padres-se-aprofundam-em-curso-de-parapsicologia-em-sao-paulo\/","title":{"rendered":"Padres se aprofundam em curso de parapsicologia, em S\u00e3o Paulo"},"content":{"rendered":"<p>Nos dias 20 a 26 de janeiro de 2020, aconteceu em Guarulhos (SP) o curso de extens\u00e3o em Parapsicologia e Religi\u00e3o desenvolvido pelo Instituto de Parapsicologia Padre Quevedo (IPQ), contando com a participa\u00e7\u00e3o de 41 cursistas.<br \/>\nDe nossa Diocese de Sobral, participaram do curso os padres Erivaldo Prado, da Par\u00f3quia de Santa Quit\u00e9ria, e Gilson Paiva, da Par\u00f3quia S\u00e3o Francisco de Assis, em Cai\u00e7ara.<br \/>\nAl\u00e9m dos padres, estavam presentes m\u00e9dicos, psic\u00f3logos, psiquiatras e outros pesquisadores que estudam a respeito da parapsicologia.<br \/>\nO curso de parapsicologia tem o objetivo de formar pessoas capazes de orientar nos processos de interpreta\u00e7\u00e3o dos fen\u00f4menos parapsicol\u00f3gicos ou no atendimento dos que manifestam faculdades parapsicol\u00f3gicas. Analisar a f\u00e9 e a supersti\u00e7\u00e3o \u00e0 luz da ci\u00eancia e refletir sobre ate\u00edsmo, espiritismo e outras formas de fen\u00f4menos que surgem e afetam o psiquismo da pessoa humana.<br \/>\nDentre outras propostas, o escopo do curso foi dar uma vis\u00e3o geral e clara de toda a Parapsicologia, bem como esclarecer fen\u00f4menos misteriosos, a primeira vista, inexplic\u00e1veis.<br \/>\nO curso foi ministrado de maneira did\u00e1tica, humorada e concisa, abrindo espa\u00e7o, em alguns momentos, para os debates do p\u00fablico. Ao longo da semana de curso, havia missas todos os dias e v\u00e1rias tem\u00e1ticas foram desenvolvidas por profissionais capacitados no campo da ci\u00eancia parapsicol\u00f3gica de 8h \u00e0s 21h30 todos os dias.<br \/>\nNo \u00faltimo dia, o curso foi conclu\u00eddo com uma missa de encerramento e a confraterniza\u00e7\u00e3o no almo\u00e7o com todos os integrantes do curso, junto com toda a equipe de professores.<br \/>\nPara os padres de Sobral, o curso foi muito esclarecedor e, segundo eles, em muito ajudar\u00e1 nos trabalhos pastorais que temos a enfrentar, leigos e padres, pela frente, nas comunidades onde vivemos os nossos compromissos pastorais com nossa vida de f\u00e9.<\/p>\n<p><img fetchpriority=\"high\" decoding=\"async\" class=\"aligncenter size-medium wp-image-10657\" src=\"https:\/\/correiodasemana.com\/site\/wp-content\/uploads\/2020\/02\/padre-Erivaldo-curso-de-parapsicoologia-1-225x300.jpg\" alt=\"\" width=\"225\" height=\"300\" srcset=\"https:\/\/correiodasemana.com\/site\/wp-content\/uploads\/2020\/02\/padre-Erivaldo-curso-de-parapsicoologia-1-225x300.jpg 225w, https:\/\/correiodasemana.com\/site\/wp-content\/uploads\/2020\/02\/padre-Erivaldo-curso-de-parapsicoologia-1.jpg 425w\" sizes=\"(max-width: 225px) 100vw, 225px\" \/> <img decoding=\"async\" class=\"aligncenter size-medium wp-image-10658\" src=\"https:\/\/correiodasemana.com\/site\/wp-content\/uploads\/2020\/02\/padre-Erivaldo-curso-de-parapsicoologia-2-300x225.jpg\" alt=\"\" width=\"300\" height=\"225\" srcset=\"https:\/\/correiodasemana.com\/site\/wp-content\/uploads\/2020\/02\/padre-Erivaldo-curso-de-parapsicoologia-2-300x225.jpg 300w, https:\/\/correiodasemana.com\/site\/wp-content\/uploads\/2020\/02\/padre-Erivaldo-curso-de-parapsicoologia-2-768x576.jpg 768w, https:\/\/correiodasemana.com\/site\/wp-content\/uploads\/2020\/02\/padre-Erivaldo-curso-de-parapsicoologia-2.jpg 850w\" sizes=\"(max-width: 300px) 100vw, 300px\" \/> <img decoding=\"async\" class=\"aligncenter size-medium wp-image-10659\" src=\"https:\/\/correiodasemana.com\/site\/wp-content\/uploads\/2020\/02\/padre-Erivaldo-curso-de-parapsicoologia-3-300x225.jpg\" alt=\"\" width=\"300\" height=\"225\" srcset=\"https:\/\/correiodasemana.com\/site\/wp-content\/uploads\/2020\/02\/padre-Erivaldo-curso-de-parapsicoologia-3-300x225.jpg 300w, https:\/\/correiodasemana.com\/site\/wp-content\/uploads\/2020\/02\/padre-Erivaldo-curso-de-parapsicoologia-3.jpg 567w\" sizes=\"(max-width: 300px) 100vw, 300px\" \/> <img loading=\"lazy\" decoding=\"async\" class=\"aligncenter size-medium wp-image-10660\" src=\"https:\/\/correiodasemana.com\/site\/wp-content\/uploads\/2020\/02\/padre-Erivaldo-curso-de-parapsicoologia-4-300x260.jpg\" alt=\"\" width=\"300\" height=\"260\" srcset=\"https:\/\/correiodasemana.com\/site\/wp-content\/uploads\/2020\/02\/padre-Erivaldo-curso-de-parapsicoologia-4-300x260.jpg 300w, https:\/\/correiodasemana.com\/site\/wp-content\/uploads\/2020\/02\/padre-Erivaldo-curso-de-parapsicoologia-4-1024x887.jpg 1024w, https:\/\/correiodasemana.com\/site\/wp-content\/uploads\/2020\/02\/padre-Erivaldo-curso-de-parapsicoologia-4-768x665.jpg 768w, https:\/\/correiodasemana.com\/site\/wp-content\/uploads\/2020\/02\/padre-Erivaldo-curso-de-parapsicoologia-4.jpg 1280w\" sizes=\"(max-width: 300px) 100vw, 300px\" \/><\/p>\n","protected":false},"excerpt":{"rendered":"<p>Nos dias 20 a 26 de janeiro de 2020, aconteceu em Guarulhos (SP) o curso&#8230;<\/p>\n","protected":false},"author":1,"featured_media":10659,"comment_status":"open","ping_status":"open","sticky":false,"template":"","format":"standard","meta":{"_jetpack_memberships_contains_paid_content":false,"footnotes":"","jetpack_publicize_message":"","jetpack_publicize_feature_enabled":true,"jetpack_social_post_already_shared":true,"jetpack_social_options":{"image_generator_settings":{"template":"highway","default_image_id":0,"font":"","enabled":false},"version":2}},"categories":[1],"tags":[],"class_list":["post-10656","post","type-post","status-publish","format-standard","has-post-thumbnail","hentry","category-atualidade"],"jetpack_publicize_connections":[],"jetpack_featured_media_url":"https:\/\/correiodasemana.com\/site\/wp-content\/uploads\/2020\/02\/padre-Erivaldo-curso-de-parapsicoologia-3.jpg","jetpack-related-posts":[{"id":8737,"url":"https:\/\/correiodasemana.com\/site\/padres-erivaldo-e-gilson-participaram-de-curso-base-de-exorcismo-no-rio-de-janeiro\/","url_meta":{"origin":10656,"position":0},"title":"Padres Erivaldo e Gilson participaram de curso base de exorcismo no Rio de Janeiro","author":"","date":"Agosto 17, 2019","format":false,"excerpt":"Resumo da Revista \u201cExorcista\u201d n\u00ba72 Representando a diocese de Sobral, os padres Jos\u00e9 Erivaldo da Ponte Prado, vig\u00e1rio paroquial de Santa Quit\u00e9ria e Gilson Paiva, p\u00e1roco da par\u00f3quia S\u00e3o Francisco (Cai\u00e7ara), participaram entre 6 e10 de agosto, no Centro de Estudos Sumar\u00e9, localizado na Arquidiocese de S\u00e3o Sebasti\u00e3o do Rio\u2026","rel":"","context":"In &quot;Igreja&quot;","block_context":{"text":"Igreja","link":"https:\/\/correiodasemana.com\/site\/category\/igreja\/"},"img":{"alt_text":"","src":"https:\/\/i0.wp.com\/correiodasemana.com\/site\/wp-content\/uploads\/2019\/08\/WhatsApp-Image-2019-08-15-at-20.44.27.png?resize=350%2C200&ssl=1","width":350,"height":200,"srcset":"https:\/\/i0.wp.com\/correiodasemana.com\/site\/wp-content\/uploads\/2019\/08\/WhatsApp-Image-2019-08-15-at-20.44.27.png?resize=350%2C200&ssl=1 1x, https:\/\/i0.wp.com\/correiodasemana.com\/site\/wp-content\/uploads\/2019\/08\/WhatsApp-Image-2019-08-15-at-20.44.27.png?resize=525%2C300&ssl=1 1.5x, https:\/\/i0.wp.com\/correiodasemana.com\/site\/wp-content\/uploads\/2019\/08\/WhatsApp-Image-2019-08-15-at-20.44.27.png?resize=700%2C400&ssl=1 2x"},"classes":[]},{"id":10429,"url":"https:\/\/correiodasemana.com\/site\/padre-igor-cristino-camara-preside-sua-primeira-missa-na-catedral-de-fortaleza\/","url_meta":{"origin":10656,"position":1},"title":"Padre Igor Cristino C\u00e2mara preside sua primeira missa na Catedral de Fortaleza","author":"","date":"Janeiro 13, 2020","format":false,"excerpt":"Padre Igor escolheu como lema de ordena\u00e7\u00e3o, inspirado no cap\u00edtulo vinte e quatro do evangelho de S\u00e3o Lucas, cor nostrum ardens, \u201cardia nosso cora\u00e7\u00e3o\u201d Pe. Igor Cristino Camara presidiu a missa no dia 23 de dezembro, na Igreja Catedral de Fortaleza. Padre Igor nasceu no dia 21 de maio de\u2026","rel":"","context":"In &quot;Atualidade&quot;","block_context":{"text":"Atualidade","link":"https:\/\/correiodasemana.com\/site\/category\/atualidade\/"},"img":{"alt_text":"","src":"https:\/\/i0.wp.com\/correiodasemana.com\/site\/wp-content\/uploads\/2020\/01\/padre-Cristino-Camara.png?resize=350%2C200&ssl=1","width":350,"height":200,"srcset":"https:\/\/i0.wp.com\/correiodasemana.com\/site\/wp-content\/uploads\/2020\/01\/padre-Cristino-Camara.png?resize=350%2C200&ssl=1 1x, https:\/\/i0.wp.com\/correiodasemana.com\/site\/wp-content\/uploads\/2020\/01\/padre-Cristino-Camara.png?resize=525%2C300&ssl=1 1.5x, https:\/\/i0.wp.com\/correiodasemana.com\/site\/wp-content\/uploads\/2020\/01\/padre-Cristino-Camara.png?resize=700%2C400&ssl=1 2x, https:\/\/i0.wp.com\/correiodasemana.com\/site\/wp-content\/uploads\/2020\/01\/padre-Cristino-Camara.png?resize=1050%2C600&ssl=1 3x, https:\/\/i0.wp.com\/correiodasemana.com\/site\/wp-content\/uploads\/2020\/01\/padre-Cristino-Camara.png?resize=1400%2C800&ssl=1 4x"},"classes":[]},{"id":34016,"url":"https:\/\/correiodasemana.com\/site\/muticom-diocesano-marca-jubileu-do-mundo-das-comunicacoes-em-sobral\/","url_meta":{"origin":10656,"position":2},"title":"Muticom Diocesano marca Jubileu do Mundo das Comunica\u00e7\u00f5es em Sobral","author":"adminredacao","date":"Junho 4, 2025","format":false,"excerpt":"Mais de 200 agentes da Pastoral da Comunica\u00e7\u00e3o participaram, neste s\u00e1bado, 31 de maio, do Jubileu do Mundo das Comunica\u00e7\u00f5es, realizado em Sobral. O evento teve como tema central o 59\u00ba Dia Mundial das Comunica\u00e7\u00f5es Sociais: \u201cPartilhai com mansid\u00e3o a alegria que est\u00e1 nos vossos cora\u00e7\u00f5es.\u201d Na oportunidade, tamb\u00e9m estiveram\u2026","rel":"","context":"In &quot;Atualidade&quot;","block_context":{"text":"Atualidade","link":"https:\/\/correiodasemana.com\/site\/category\/atualidade\/"},"img":{"alt_text":"","src":"https:\/\/i0.wp.com\/correiodasemana.com\/site\/wp-content\/uploads\/2025\/06\/muticom-diocesano-13.jpeg?resize=350%2C200&ssl=1","width":350,"height":200,"srcset":"https:\/\/i0.wp.com\/correiodasemana.com\/site\/wp-content\/uploads\/2025\/06\/muticom-diocesano-13.jpeg?resize=350%2C200&ssl=1 1x, https:\/\/i0.wp.com\/correiodasemana.com\/site\/wp-content\/uploads\/2025\/06\/muticom-diocesano-13.jpeg?resize=525%2C300&ssl=1 1.5x, https:\/\/i0.wp.com\/correiodasemana.com\/site\/wp-content\/uploads\/2025\/06\/muticom-diocesano-13.jpeg?resize=700%2C400&ssl=1 2x, https:\/\/i0.wp.com\/correiodasemana.com\/site\/wp-content\/uploads\/2025\/06\/muticom-diocesano-13.jpeg?resize=1050%2C600&ssl=1 3x, https:\/\/i0.wp.com\/correiodasemana.com\/site\/wp-content\/uploads\/2025\/06\/muticom-diocesano-13.jpeg?resize=1400%2C800&ssl=1 4x"},"classes":[]},{"id":37562,"url":"https:\/\/correiodasemana.com\/site\/entre-estudos-e-missao-padre-fabio-barbosa-assume-quase-paroquia-em-goiania\/","url_meta":{"origin":10656,"position":3},"title":"Entre estudos e miss\u00e3o: padre F\u00e1bio Barbosa assume quase-par\u00f3quia em Goi\u00e2nia","author":"adminredacao","date":"Fevereiro 23, 2026","format":false,"excerpt":"A Diocese de Sobral enviou o padre F\u00e1bio Barbosa para cursar Mestrado em Direito Can\u00f4nico no Instituto Superior de Direito Can\u00f4nico, em Goi\u00e2nia (GO). H\u00e1 quase um m\u00eas residindo em territ\u00f3rio goiano, o presb\u00edtero assumiu, no dia 8 de fevereiro, a administra\u00e7\u00e3o paroquial da Quase-Par\u00f3quia Santa Teresa de Calcut\u00e1. A\u2026","rel":"","context":"In &quot;Atualidade&quot;","block_context":{"text":"Atualidade","link":"https:\/\/correiodasemana.com\/site\/category\/atualidade\/"},"img":{"alt_text":"","src":"https:\/\/i0.wp.com\/correiodasemana.com\/site\/wp-content\/uploads\/2026\/02\/WhatsApp-Image-2026-02-20-at-15.21.39.jpeg?resize=350%2C200&ssl=1","width":350,"height":200,"srcset":"https:\/\/i0.wp.com\/correiodasemana.com\/site\/wp-content\/uploads\/2026\/02\/WhatsApp-Image-2026-02-20-at-15.21.39.jpeg?resize=350%2C200&ssl=1 1x, https:\/\/i0.wp.com\/correiodasemana.com\/site\/wp-content\/uploads\/2026\/02\/WhatsApp-Image-2026-02-20-at-15.21.39.jpeg?resize=525%2C300&ssl=1 1.5x, https:\/\/i0.wp.com\/correiodasemana.com\/site\/wp-content\/uploads\/2026\/02\/WhatsApp-Image-2026-02-20-at-15.21.39.jpeg?resize=700%2C400&ssl=1 2x"},"classes":[]},{"id":32550,"url":"https:\/\/correiodasemana.com\/site\/diocese-de-sobral-celebra-a-ordenacao-de-dois-novos-presbiteros-na-se-catedral-2\/","url_meta":{"origin":10656,"position":4},"title":"Diocese de Sobral celebra a Ordena\u00e7\u00e3o de dois novos presb\u00edteros na S\u00e9 Catedral","author":"adminredacao","date":"Fevereiro 18, 2025","format":false,"excerpt":"Biografia - Padre Gefeson Luiz Chaves Rocha Filho da cidade de Carir\u00e9, nasceu no dia 1\u00ba de agosto de 1994, sendo o segundo dentre os quatro filhos de Jos\u00e9 Ivan Rocha e Ant\u00f4nia Elizabeth Chaves. Foi batizado no dia 16 de outubro de 1994. Iniciou sua caminhada vocacional em janeiro\u2026","rel":"","context":"In &quot;Atualidade&quot;","block_context":{"text":"Atualidade","link":"https:\/\/correiodasemana.com\/site\/category\/atualidade\/"},"img":{"alt_text":"","src":"https:\/\/i0.wp.com\/correiodasemana.com\/site\/wp-content\/uploads\/2025\/02\/DUAS-FOTOS-GRANDES-2.jpg?resize=350%2C200&ssl=1","width":350,"height":200,"srcset":"https:\/\/i0.wp.com\/correiodasemana.com\/site\/wp-content\/uploads\/2025\/02\/DUAS-FOTOS-GRANDES-2.jpg?resize=350%2C200&ssl=1 1x, https:\/\/i0.wp.com\/correiodasemana.com\/site\/wp-content\/uploads\/2025\/02\/DUAS-FOTOS-GRANDES-2.jpg?resize=525%2C300&ssl=1 1.5x, https:\/\/i0.wp.com\/correiodasemana.com\/site\/wp-content\/uploads\/2025\/02\/DUAS-FOTOS-GRANDES-2.jpg?resize=700%2C400&ssl=1 2x, https:\/\/i0.wp.com\/correiodasemana.com\/site\/wp-content\/uploads\/2025\/02\/DUAS-FOTOS-GRANDES-2.jpg?resize=1050%2C600&ssl=1 3x"},"classes":[]},{"id":24574,"url":"https:\/\/correiodasemana.com\/site\/nomeado-o-quarto-bispo-da-diocese-de-quixada-ce\/","url_meta":{"origin":10656,"position":5},"title":"Nomeado o quarto Bispo da Diocese de Quixad\u00e1 (CE)","author":"adminredacao","date":"Maio 14, 2023","format":false,"excerpt":"Fonte: CNBB O Papa Francisco nomeou, nesta quarta-feira, 10 de maio, o novo bispo da diocese de Quixad\u00e1 (CE). O eleito \u00e9 o padre Aur\u00e9lio Pinto de Sousa, atualmente p\u00e1roco da par\u00f3quia Nossa Senhora da Assun\u00e7\u00e3o, em Vi\u00e7osa do Cear\u00e1 (CE). Ele pertence ao clero da diocese de Tiangu\u00e1 (CE).\u2026","rel":"","context":"In &quot;Atualidade&quot;","block_context":{"text":"Atualidade","link":"https:\/\/correiodasemana.com\/site\/category\/atualidade\/"},"img":{"alt_text":"","src":"https:\/\/i0.wp.com\/correiodasemana.com\/site\/wp-content\/uploads\/2023\/05\/345609777_1683046505457363_1097920028478859531_n.jpg?resize=350%2C200&ssl=1","width":350,"height":200,"srcset":"https:\/\/i0.wp.com\/correiodasemana.com\/site\/wp-content\/uploads\/2023\/05\/345609777_1683046505457363_1097920028478859531_n.jpg?resize=350%2C200&ssl=1 1x, https:\/\/i0.wp.com\/correiodasemana.com\/site\/wp-content\/uploads\/2023\/05\/345609777_1683046505457363_1097920028478859531_n.jpg?resize=525%2C300&ssl=1 1.5x, https:\/\/i0.wp.com\/correiodasemana.com\/site\/wp-content\/uploads\/2023\/05\/345609777_1683046505457363_1097920028478859531_n.jpg?resize=700%2C400&ssl=1 2x"},"classes":[]}],"jetpack_sharing_enabled":true,"_links":{"self":[{"href":"https:\/\/correiodasemana.com\/site\/wp-json\/wp\/v2\/posts\/10656","targetHints":{"allow":["GET"]}}],"collection":[{"href":"https:\/\/correiodasemana.com\/site\/wp-json\/wp\/v2\/posts"}],"about":[{"href":"https:\/\/correiodasemana.com\/site\/wp-json\/wp\/v2\/types\/post"}],"author":[{"embeddable":true,"href":"https:\/\/correiodasemana.com\/site\/wp-json\/wp\/v2\/users\/1"}],"replies":[{"embeddable":true,"href":"https:\/\/correiodasemana.com\/site\/wp-json\/wp\/v2\/comments?post=10656"}],"version-history":[{"count":1,"href":"https:\/\/correiodasemana.com\/site\/wp-json\/wp\/v2\/posts\/10656\/revisions"}],"predecessor-version":[{"id":10661,"href":"https:\/\/correiodasemana.com\/site\/wp-json\/wp\/v2\/posts\/10656\/revisions\/10661"}],"wp:featuredmedia":[{"embeddable":true,"href":"https:\/\/correiodasemana.com\/site\/wp-json\/wp\/v2\/media\/10659"}],"wp:attachment":[{"href":"https:\/\/correiodasemana.com\/site\/wp-json\/wp\/v2\/media?parent=10656"}],"wp:term":[{"taxonomy":"category","embeddable":true,"href":"https:\/\/correiodasemana.com\/site\/wp-json\/wp\/v2\/categories?post=10656"},{"taxonomy":"post_tag","embeddable":true,"href":"https:\/\/correiodasemana.com\/site\/wp-json\/wp\/v2\/tags?post=10656"}],"curies":[{"name":"wp","href":"https:\/\/api.w.org\/{rel}","templated":true}]}}