{"id":10662,"date":"2020-02-03T04:10:31","date_gmt":"2020-02-03T04:10:31","guid":{"rendered":"https:\/\/correiodasemana.com\/site\/?p=10662"},"modified":"2020-02-03T04:11:10","modified_gmt":"2020-02-03T04:11:10","slug":"um-olhar-literario-sobre-os-anos-90","status":"publish","type":"post","link":"https:\/\/correiodasemana.com\/site\/um-olhar-literario-sobre-os-anos-90\/","title":{"rendered":"UM OLHAR LITER\u00c1RIO SOBRE OS ANOS 90"},"content":{"rendered":"<p>Um olhar para tr\u00e1s, logo, enxergamos a cena liter\u00e1ria cearense nos anos 90. \u00c9 ineg\u00e1vel a aura de fundamento estabelecido por tal gera\u00e7\u00e3o. Seja, nos encontros realizados, seja nas p\u00e1ginas da m\u00eddia liter\u00e1ria impressa ou nas redes sociais, seja nos concursos ou nos pr\u00eamios estaduais, nacionais e internacionais.<br \/>\nMas \u00e9 preciso acentuar que, a cr\u00edtica burguesa, muitas vezes, s\u00f3 tem o olhar para a cl\u00e1ssica literatura brasileira, pois, \u00e9 de interesse nos estudos h\u00e1 muito tempo, aqui e l\u00e1, porque? Foi concebida h\u00e1 muito tempo. Na medida em que entramos na interse\u00e7\u00e3o final do s\u00e9culo XVIII in\u00edcio do s\u00e9culo XX, as coisas come\u00e7am a se tornar diferentes. J\u00e1 existem importantes estudos, mas, na medida em que o tempo se aproxima dos nossos dias.<br \/>\nAt\u00e9 pouco tempo fingia-se ignorar a exist\u00eancia de alguns equ\u00edvocos na an\u00e1lise da cr\u00edtica oficial, por exemplo, sabemos de v\u00e1rios casos de novos estudos liter\u00e1rios, que ainda se encontra no meio do caminho, at\u00e9 mesmo entre os c\u00e2neos oficiais. Entre eles, est\u00e1 Alu\u00edsio Azevedo, que revelou pela primeira vez ao mundo que o povo brasileiro tem um esp\u00edrito alegre, divertido e aut\u00eantico. Quem leu o romance O Corti\u00e7o sabe que n\u00e3o foi nem Jos\u00e9 de Alencar, nem Machado de Assis, nem M\u00e1rio de Andrade e muito menos Jorge Amado. Aqui e agora, afirmamos de que alguns autores de livros did\u00e1ticos e acad\u00eamicos est\u00e3o equivocados.<br \/>\nVeja apenas dois exemplos, quando Jorge Amado criou Gabriela cravo e canela e Dona Flor, sabia que elas eram netas de Rita Baiana que, segundo Alu\u00edsio Azevedo, em O Corti\u00e7o, ela tinha a pele da cor de cravo e canela. O outro, o consagrado Machado de Assis, quando criou a Capitu, a Sofia e a Vig\u00edlia, de olhos obl\u00edquos e dissimulado, j\u00e1 estava no Corti\u00e7o, sob aforma masculina, na pele do astuto, sonso, velhaco e dissimulado Jer\u00f4nimo. Citamos estes dois fatos, s\u00f3 para avaliar os equ\u00edvocos em alguns estudos literatura brasileira.<br \/>\nPosto isso, digamos neste \u201cfiltro te\u00f3rico\u201d das mensagens liter\u00e1rias a n\u00f3s enviadas do passado e com as quais, sobretudo, fazemos uma experi\u00eancia sens\u00edvel no nosso presente, dando um soco no muro, ou seja, uma experi\u00eancia do humanismo no processo de amadurecimento do ser liter\u00e1rio, com um olhar liter\u00e1rio sobre a d\u00e9cada de 90.<br \/>\nEsse \u00e9 o desafio no qual acreditamos, que far\u00e1 parte da consist\u00eancia que se sente das obras que a gera\u00e7\u00e3o de 90, vem construindo, essa dist\u00e2ncia temporal que permitir\u00e1 uma produ\u00e7\u00e3o cr\u00edtica de qualidade sobre tal.<br \/>\nNo Brasil, muitos escritores da gera\u00e7\u00e3o dos anos 90, pelo que se l\u00ea, ouvido e visto,hoje, como a contista e romancista Concei\u00e7\u00e3o Evaristo, que estreou no Suplemento do Caderno Negro. Logo, acionou o processo de sua descoberta, com o romance O Semelhante.Belos anos 90, em que tamb\u00e9m se registra:A Lua que Menstrua, de Elisa Lucinda e tantas outras grandes obras,que j\u00e1 s\u00e3o parte da grande literatura brasileira.<br \/>\nDeste modo, \u00e9 que colocamos na literatura nacional, a cena da literatura cearense, da d\u00e9cada de 90, como um momento especial de visibilidade para os escritores estreantes e de refer\u00eancia para o futuro, entre os trabalhos liter\u00e1rios est\u00e3o as publica\u00e7\u00f5es de contos na Revista O P\u00e3o, a Liter\u00e1ria da Sociedade Brasileira dos M\u00e9dicos Escritores e a Almanaque, de contos cearenses. Organizada por escritores Pedro Salgueiro, Tercia Montenegro e Elis\u00e2ngela Matos, que deveria ser e poder\u00e1 vir a ser um dos maiores orgulho da literatura brasileira, se forem lidos e estudados. Conforme merece.<br \/>\nEm se tratando da arte de construir uma literatura nacional, a qu\u00edmica proposta por escritores cearenses soa como a descoberta de uma nova express\u00e3o liter\u00e1ria da literatura urbana com base na realidade social e psicol\u00f3gica das periferias, como fez nos seus contos, nos anos 90, T\u00e9rcia Montenegro. E agora, com aut\u00eantica narrativa nos romances \u201cTurismo para Cegos\u201d e o\u201cEm Plena Luz\u201d, Tercia Montenegro, J\u00e1 \u00e9 um orgulho brasileiro.<br \/>\nPara completar essa cena liter\u00e1ria cearense, citamos entre outros, os escritores Jorge Pieira, Luciano Bonfim e o Ronaldo de Brito, pelas import\u00e2ncias dos seus textos dos anos 90, cujos discursos s\u00e3o ainda hoje atual\u00edssimos. Sem d\u00favida um olhar dacr\u00edtica oficial, dar\u00e1 a verdadeira dimens\u00e3o de seus trabalhos liter\u00e1rios a n\u00edvel nacional.<br \/>\nComo se sabe, os 90 de nossa literatura cearense est\u00e3o, inclusive, agora fazendo parte do imagin\u00e1rio leigo da literatura brasileira. Mesmo que demore, \u00e9 esperado que seus textos sejam lidos, pensados, debatidos e estudados, uma vez que, o que conservam de tradicional \u00e9 a \u00e2nsia de desdobrar o homem a si mesmo e em testemunhar a dor e a del\u00edcia de ser cidad\u00e3o do mundo neste Estado do Cear\u00e1.<br \/>\nCom isso, queremos mostrar que, a na realidade, o que se considera gera\u00e7\u00e3o 90 da literatura deste estado \u00e9 apenas parte de um grande processo de consolida\u00e7\u00e3o da literatura brasileira de prover o pa\u00eds e o mundo de obras liter\u00e1riasrelevantes.<br \/>\nNomes de outras gera\u00e7\u00f5es da literatura ainda nos presenteiam com a emo\u00e7\u00e3o que somente uma obra fornece. Aqui, lembramos os mais pr\u00f3ximos dos nossos dias: de Rachel Queiroz a Moreira Campos; de Moreira Campos a Ana Mirada; de Ana Miranda a Socorro Acioli; de Socorro Acioli a Davi Helder de Vasconcelos; de Davi Helder de Vasconcelos a Benedito Herculano Costa; de Benedito Herculano Costa a tantos outros escritores cearenses, que vem alavancando a literatura no porto seguro de Jos\u00e9 de Alencar.<br \/>\nN\u00e3o h\u00e1 d\u00favida. Que a cr\u00edtica serve justamente para consolidar aquele \u201cterrit\u00f3rio\u201d de comunh\u00e3o de encontro e de reconhecimento comum dos escritores, aqui se referimos a Padr\u00f3n, o lugar po\u00e9tico da poetisa GalegaRos\u00e1lia de Castro. Enfim, \u00e9 precisa acabar, de uma fez por toda, com essa lament\u00e1vel pedantaria, da cr\u00edtica acad\u00eamica, que muitas vezes, n\u00e3o consegue ir al\u00e9m das franjas das palavras tiradas do furor anal\u00edtico.<br \/>\nPortanto, olha, ouve: os escritores cearenses dos anos 90, recorda-te, como chamavam a beleza liter\u00e1ria? \u00c9 dentro dessa expectativa, que devo lembra o romancista e ensa\u00edsta vanguardista Italiano Alberto Arbasino, parafraseado pelo cr\u00edtico Franklin de Oliveira: \u201ca literatura sempre vive com sua tradi\u00e7\u00e3o. Por isso, em vez de falar-se de sua tradi\u00e7\u00e3o, deve-se apenas falar de suas novas formas e sentir sua beleza.\u201d \u00c9 nessa constela\u00e7\u00e3o que se encrava a literatura cearensedos anos 90, em que se registra algo mais profundo do que a identidade dos contr\u00e1rios.<br \/>\nAfinal, aproveitem e atualizem-se dos eventos onde estes autores cearenses estar\u00e3o. Convivemos com uma riqueza que poucos brasileiros sabem. A grande literatura cearense se constr\u00f3i.O poder liter\u00e1rio \u00e9 o instrumento desta volta aos anos 90.<br \/>\nJornalista, Historiador e Cr\u00edtico Liter\u00e1rio.<\/p>\n","protected":false},"excerpt":{"rendered":"<p>Um olhar para tr\u00e1s, logo, enxergamos a cena liter\u00e1ria cearense nos anos 90. \u00c9 ineg\u00e1vel&#8230;<\/p>\n","protected":false},"author":1,"featured_media":7925,"comment_status":"open","ping_status":"open","sticky":false,"template":"","format":"standard","meta":{"_jetpack_memberships_contains_paid_content":false,"footnotes":"","jetpack_publicize_message":"","jetpack_publicize_feature_enabled":true,"jetpack_social_post_already_shared":true,"jetpack_social_options":{"image_generator_settings":{"template":"highway","default_image_id":0,"font":"","enabled":false},"version":2}},"categories":[11,16],"tags":[],"class_list":["post-10662","post","type-post","status-publish","format-standard","has-post-thumbnail","hentry","category-artigos","category-eudes-de-sousa"],"jetpack_publicize_connections":[],"jetpack_featured_media_url":"https:\/\/correiodasemana.com\/site\/wp-content\/uploads\/2018\/02\/escrevendo-uma-letra-na-ma\u0301quina-de-escrever-do-vintage-47570680.jpg","jetpack-related-posts":[{"id":8748,"url":"https:\/\/correiodasemana.com\/site\/cruz-e-sousa-entre-a-poesia-e-o-preconceito\/","url_meta":{"origin":10662,"position":0},"title":"CRUZ E SOUSA ENTRE A POESIA E O PRECONCEITO","author":"","date":"Agosto 17, 2019","format":false,"excerpt":"O objetivo do presente artigo \u00e9 examinar a interfer\u00eancia do preconceito racial e a teoria cr\u00edtica liter\u00e1ria sobre o poeta Cruz e Sousa. Ou seja,muitos estudiosos da literatura ainda persistem, aqui e ali, numa leitura interpretativa, colocando Cruz e Sousa como poeta um bilical mente ligado a uma escola simbolista.\u2026","rel":"","context":"In &quot;Artigos&quot;","block_context":{"text":"Artigos","link":"https:\/\/correiodasemana.com\/site\/category\/artigos\/"},"img":{"alt_text":"","src":"","width":0,"height":0},"classes":[]},{"id":10833,"url":"https:\/\/correiodasemana.com\/site\/eudes-de-sousa-por-eudes-de-sousa\/","url_meta":{"origin":10662,"position":1},"title":"EUDES DE SOUSA POR EUDES DE SOUSA","author":"","date":"Fevereiro 17, 2020","format":false,"excerpt":"Sem receio de assumir as minhas opini\u00f5es, hoje, nesta coluna, quero mostrar quem me d\u00e1 a explica\u00e7\u00e3o para o que n\u00e3o se explica: a palavra escrita, \u00e9 o meu p\u00e3o de cada dia, embasada em duas causas: O PAPEL DA CR\u00cdTICA LITER\u00c1RIA A primeira \u00e9 d\u00e1 voz a cr\u00edtica liter\u00e1ria\u2026","rel":"","context":"In &quot;Artigos&quot;","block_context":{"text":"Artigos","link":"https:\/\/correiodasemana.com\/site\/category\/artigos\/"},"img":{"alt_text":"","src":"https:\/\/i0.wp.com\/correiodasemana.com\/site\/wp-content\/uploads\/2020\/02\/Eudes-de-Sousa-escritor-4.jpg?resize=350%2C200&ssl=1","width":350,"height":200,"srcset":"https:\/\/i0.wp.com\/correiodasemana.com\/site\/wp-content\/uploads\/2020\/02\/Eudes-de-Sousa-escritor-4.jpg?resize=350%2C200&ssl=1 1x, https:\/\/i0.wp.com\/correiodasemana.com\/site\/wp-content\/uploads\/2020\/02\/Eudes-de-Sousa-escritor-4.jpg?resize=525%2C300&ssl=1 1.5x, https:\/\/i0.wp.com\/correiodasemana.com\/site\/wp-content\/uploads\/2020\/02\/Eudes-de-Sousa-escritor-4.jpg?resize=700%2C400&ssl=1 2x, https:\/\/i0.wp.com\/correiodasemana.com\/site\/wp-content\/uploads\/2020\/02\/Eudes-de-Sousa-escritor-4.jpg?resize=1050%2C600&ssl=1 3x, https:\/\/i0.wp.com\/correiodasemana.com\/site\/wp-content\/uploads\/2020\/02\/Eudes-de-Sousa-escritor-4.jpg?resize=1400%2C800&ssl=1 4x"},"classes":[]},{"id":19952,"url":"https:\/\/correiodasemana.com\/site\/uma-historia-de-100-anos\/","url_meta":{"origin":10662,"position":2},"title":"UMA HIST\u00d3RIA DE 100 ANOS","author":"","date":"Junho 6, 2022","format":false,"excerpt":"EUDES DE SOUSA S\u00e3o muitas obras que o leitor tem em m\u00e3os, sobre a hist\u00f3ria da Academia Sobralense de Estudos e Letras: uma hist\u00f3ria de 100 anos, que virou mito, e, constitui um marco especial em nosso cen\u00e1rio cultural. Mas o que significa para classe liter\u00e1ria e outros estudos, uma\u2026","rel":"","context":"In &quot;Artigos&quot;","block_context":{"text":"Artigos","link":"https:\/\/correiodasemana.com\/site\/category\/artigos\/"},"img":{"alt_text":"","src":"https:\/\/i0.wp.com\/correiodasemana.com\/site\/wp-content\/uploads\/2021\/06\/Eudes-Sousa-presidente-da-Academia-Massapeense-de-Letras-e-Artes2.png?resize=350%2C200&ssl=1","width":350,"height":200,"srcset":"https:\/\/i0.wp.com\/correiodasemana.com\/site\/wp-content\/uploads\/2021\/06\/Eudes-Sousa-presidente-da-Academia-Massapeense-de-Letras-e-Artes2.png?resize=350%2C200&ssl=1 1x, https:\/\/i0.wp.com\/correiodasemana.com\/site\/wp-content\/uploads\/2021\/06\/Eudes-Sousa-presidente-da-Academia-Massapeense-de-Letras-e-Artes2.png?resize=525%2C300&ssl=1 1.5x"},"classes":[]},{"id":15453,"url":"https:\/\/correiodasemana.com\/site\/euclides-da-cunha-uniu-ciencia-a-arte-e-denunciou-diversas-violencias\/","url_meta":{"origin":10662,"position":3},"title":"Euclides da Cunha uniu ci\u00eancia \u00e0 arte e denunciou diversas viol\u00eancias","author":"","date":"Janeiro 20, 2021","format":false,"excerpt":"Autor de Os Sert\u00f5es nasceu h\u00e1 155 anos A escolha das palavras certas para descrever o ambiente e revelar trag\u00e9dias. Descortinar viol\u00eancias, \"Brasis\"\u00a0diferentes e at\u00e9 a pr\u00f3pria consci\u00eancia. Nas mesmas frases e p\u00e1ginas, misturas de ci\u00eancias e arte liter\u00e1ria. O esp\u00edrito combativo, curioso e met\u00f3dico de Euclides da Cunha \u00e9\u2026","rel":"","context":"In &quot;Atualidade&quot;","block_context":{"text":"Atualidade","link":"https:\/\/correiodasemana.com\/site\/category\/atualidade\/"},"img":{"alt_text":"","src":"https:\/\/i0.wp.com\/correiodasemana.com\/site\/wp-content\/uploads\/2021\/01\/euclydes_da_cunha_1901213868.jpg?resize=350%2C200&ssl=1","width":350,"height":200,"srcset":"https:\/\/i0.wp.com\/correiodasemana.com\/site\/wp-content\/uploads\/2021\/01\/euclydes_da_cunha_1901213868.jpg?resize=350%2C200&ssl=1 1x, https:\/\/i0.wp.com\/correiodasemana.com\/site\/wp-content\/uploads\/2021\/01\/euclydes_da_cunha_1901213868.jpg?resize=525%2C300&ssl=1 1.5x, https:\/\/i0.wp.com\/correiodasemana.com\/site\/wp-content\/uploads\/2021\/01\/euclydes_da_cunha_1901213868.jpg?resize=700%2C400&ssl=1 2x, https:\/\/i0.wp.com\/correiodasemana.com\/site\/wp-content\/uploads\/2021\/01\/euclydes_da_cunha_1901213868.jpg?resize=1050%2C600&ssl=1 3x"},"classes":[]},{"id":9015,"url":"https:\/\/correiodasemana.com\/site\/as-lembrancas-de-herculando\/","url_meta":{"origin":10662,"position":4},"title":"AS LEMBRAN\u00c7AS DE HERCULANDO","author":"","date":"Setembro 8, 2019","format":false,"excerpt":"A minha critica liter\u00e1ria n\u00e3o passa pelo desejo de ser experimental. Como naquela carta de Van Gogh a Theo, em que ele dizia: \u201cQuero chegar ao ponto em que digam de minha obra: este homem sente profundamente, e este homem sente dedicadamente\u201d. N\u00e3o me comparo o Van Gogh, mas sei\u2026","rel":"","context":"In &quot;Artigos&quot;","block_context":{"text":"Artigos","link":"https:\/\/correiodasemana.com\/site\/category\/artigos\/"},"img":{"alt_text":"","src":"https:\/\/i0.wp.com\/correiodasemana.com\/site\/wp-content\/uploads\/2019\/08\/WhatsApp-Image-2019-08-22-at-09.42.37.png?resize=350%2C200&ssl=1","width":350,"height":200,"srcset":"https:\/\/i0.wp.com\/correiodasemana.com\/site\/wp-content\/uploads\/2019\/08\/WhatsApp-Image-2019-08-22-at-09.42.37.png?resize=350%2C200&ssl=1 1x, https:\/\/i0.wp.com\/correiodasemana.com\/site\/wp-content\/uploads\/2019\/08\/WhatsApp-Image-2019-08-22-at-09.42.37.png?resize=525%2C300&ssl=1 1.5x"},"classes":[]},{"id":9497,"url":"https:\/\/correiodasemana.com\/site\/a-escola-e-o-livro-infantil\/","url_meta":{"origin":10662,"position":5},"title":"A ESCOLA E O LIVRO INFANTIL","author":"","date":"Outubro 22, 2019","format":false,"excerpt":"Um fato, hoje, est\u00e1 na consci\u00eancia de todos como da maior relev\u00e2ncia: a import\u00e2ncia o livro infantil, na Educa\u00e7\u00e3o Infantil. Vivemos um per\u00edodo de transi\u00e7\u00e3o, em que come\u00e7a a tomar corpo \u00e0 sociedade p\u00f3s-capitalista com sua nova economia, a economia do conhecimento, atropelada, fustigada pela tecnologia e da informa\u00e7\u00e3o. A\u2026","rel":"","context":"In &quot;Artigos&quot;","block_context":{"text":"Artigos","link":"https:\/\/correiodasemana.com\/site\/category\/artigos\/"},"img":{"alt_text":"","src":"https:\/\/i0.wp.com\/correiodasemana.com\/site\/wp-content\/uploads\/2019\/10\/252950-post-de-3000-saiba-aplicar-competencias-socioemocionais-na-bncc-para-educacao-infantil.jpg?resize=350%2C200&ssl=1","width":350,"height":200,"srcset":"https:\/\/i0.wp.com\/correiodasemana.com\/site\/wp-content\/uploads\/2019\/10\/252950-post-de-3000-saiba-aplicar-competencias-socioemocionais-na-bncc-para-educacao-infantil.jpg?resize=350%2C200&ssl=1 1x, https:\/\/i0.wp.com\/correiodasemana.com\/site\/wp-content\/uploads\/2019\/10\/252950-post-de-3000-saiba-aplicar-competencias-socioemocionais-na-bncc-para-educacao-infantil.jpg?resize=525%2C300&ssl=1 1.5x, https:\/\/i0.wp.com\/correiodasemana.com\/site\/wp-content\/uploads\/2019\/10\/252950-post-de-3000-saiba-aplicar-competencias-socioemocionais-na-bncc-para-educacao-infantil.jpg?resize=700%2C400&ssl=1 2x, https:\/\/i0.wp.com\/correiodasemana.com\/site\/wp-content\/uploads\/2019\/10\/252950-post-de-3000-saiba-aplicar-competencias-socioemocionais-na-bncc-para-educacao-infantil.jpg?resize=1050%2C600&ssl=1 3x, https:\/\/i0.wp.com\/correiodasemana.com\/site\/wp-content\/uploads\/2019\/10\/252950-post-de-3000-saiba-aplicar-competencias-socioemocionais-na-bncc-para-educacao-infantil.jpg?resize=1400%2C800&ssl=1 4x"},"classes":[]}],"jetpack_sharing_enabled":true,"_links":{"self":[{"href":"https:\/\/correiodasemana.com\/site\/wp-json\/wp\/v2\/posts\/10662","targetHints":{"allow":["GET"]}}],"collection":[{"href":"https:\/\/correiodasemana.com\/site\/wp-json\/wp\/v2\/posts"}],"about":[{"href":"https:\/\/correiodasemana.com\/site\/wp-json\/wp\/v2\/types\/post"}],"author":[{"embeddable":true,"href":"https:\/\/correiodasemana.com\/site\/wp-json\/wp\/v2\/users\/1"}],"replies":[{"embeddable":true,"href":"https:\/\/correiodasemana.com\/site\/wp-json\/wp\/v2\/comments?post=10662"}],"version-history":[{"count":3,"href":"https:\/\/correiodasemana.com\/site\/wp-json\/wp\/v2\/posts\/10662\/revisions"}],"predecessor-version":[{"id":10665,"href":"https:\/\/correiodasemana.com\/site\/wp-json\/wp\/v2\/posts\/10662\/revisions\/10665"}],"wp:featuredmedia":[{"embeddable":true,"href":"https:\/\/correiodasemana.com\/site\/wp-json\/wp\/v2\/media\/7925"}],"wp:attachment":[{"href":"https:\/\/correiodasemana.com\/site\/wp-json\/wp\/v2\/media?parent=10662"}],"wp:term":[{"taxonomy":"category","embeddable":true,"href":"https:\/\/correiodasemana.com\/site\/wp-json\/wp\/v2\/categories?post=10662"},{"taxonomy":"post_tag","embeddable":true,"href":"https:\/\/correiodasemana.com\/site\/wp-json\/wp\/v2\/tags?post=10662"}],"curies":[{"name":"wp","href":"https:\/\/api.w.org\/{rel}","templated":true}]}}