{"id":10668,"date":"2020-02-03T04:12:46","date_gmt":"2020-02-03T04:12:46","guid":{"rendered":"https:\/\/correiodasemana.com\/site\/?p=10668"},"modified":"2020-02-03T04:12:46","modified_gmt":"2020-02-03T04:12:46","slug":"coletores-afirmam-que-o-descarte-consciente-de-material-cortante-evitaria-ferimentos-durante-a-coleta-de-lixo","status":"publish","type":"post","link":"https:\/\/correiodasemana.com\/site\/coletores-afirmam-que-o-descarte-consciente-de-material-cortante-evitaria-ferimentos-durante-a-coleta-de-lixo\/","title":{"rendered":"Coletores afirmam que o descarte consciente de material cortante evitaria ferimentos durante a coleta de lixo\u00a0"},"content":{"rendered":"<p>Cacos de vidro, l\u00e2minas de barbear, agulha e, principalmente palitos de churrasco, s\u00e3o os itens que mais provocam ferimentos durante a coleta, segundo os coletores de lixo. De acordo com eles, o descarte correto desses objetos evitaria danos e ajudaria na seguran\u00e7a do trabalho di\u00e1rio. Nenhum coletor relatou um caso atual de acidente, mas todos os entrevistados t\u00eam hist\u00f3rico de ferimentos ou pequenos machucados em atividade de trabalho.<br \/>\nFrancisco dos Santos \u00e9 coletor de lixo h\u00e1 22 anos, ele deseja que as pessoas tenham consci\u00eancia de um descarte seguro e relata que a maioria da popula\u00e7\u00e3o n\u00e3o separa o lixo. O coletor foi v\u00edtima de pequenos cortes na m\u00e3o por conta de um objeto cortante. &#8220;Fui rasgar a sacola para colocar dentro do carrinho, ela era grande e n\u00e3o cabia dentro. Tinha vidro l\u00e1 dentro, eu n\u00e3o estava de luva e ela cortou minha m\u00e3o&#8221; disse. O caso de Francisco serve de alerta para a necessidade do uso de equipamentos de prote\u00e7\u00e3o individual (EPI) como forma de preven\u00e7\u00e3o de acidentes. Atualmente ele trabalha na varredura das ruas.<br \/>\nDurante a coleta, Liduino de Oliveira conta que os acidentes acontecem rapidamente por conta da agilidade que a profiss\u00e3o exige. \u201cEncontro mais agulha, espelho e venenos de colocar em casa. N\u00f3s vamos correndo e pegando as sacolas, \u00e9 muito r\u00e1pido\u201d, Liduino conta a situa\u00e7\u00e3o de um amigo que se cortou com um caco de vidro de televis\u00e3o e intitula os palitos de churrasco como um causador frequente de machucados. Para ele, as luvas que fazem parte dos equipamentos de EPI se desgastam rapidamente no per\u00edodo do inverno.<br \/>\nSegundo o Coordenador de Limpeza, Junior Javi, os coletores est\u00e3o em risco constante. \u201cA orienta\u00e7\u00e3o b\u00e1sica que posso informar \u00e9 que todo material cortante ou perfurante seja bem envolvido em folhas de jornais ou garrafas pets. A caixinha de leite ap\u00f3s o uso tamb\u00e9m \u00e9 \u00f3tima para o descarte desse objeto\u201d, recomenda.<br \/>\nA garrafa pet tamb\u00e9m \u00e9 recomendada para descartar os palitos de churrasco, mantendo sempre a tampa fechada ap\u00f3s o descarte.<br \/>\nSobre a reclama\u00e7\u00e3o da luva que costuma se desgastar facilmente no per\u00edodo de inverno, o Coordenador de Limpeza declara que n\u00e3o estava sabendo da situa\u00e7\u00e3o e prometeu marcar uma reuni\u00e3o da Secretaria de Servi\u00e7os P\u00fablicos (SESEP) com os garis para tratar sobre o assunto.<\/p>\n","protected":false},"excerpt":{"rendered":"<p>Cacos de vidro, l\u00e2minas de barbear, agulha e, principalmente palitos de churrasco, s\u00e3o os itens&#8230;<\/p>\n","protected":false},"author":1,"featured_media":10669,"comment_status":"open","ping_status":"open","sticky":false,"template":"","format":"standard","meta":{"_jetpack_memberships_contains_paid_content":false,"footnotes":"","jetpack_publicize_message":"","jetpack_publicize_feature_enabled":true,"jetpack_social_post_already_shared":true,"jetpack_social_options":{"image_generator_settings":{"template":"highway","default_image_id":0,"font":"","enabled":false},"version":2}},"categories":[1],"tags":[],"class_list":["post-10668","post","type-post","status-publish","format-standard","has-post-thumbnail","hentry","category-atualidade"],"jetpack_publicize_connections":[],"jetpack_featured_media_url":"https:\/\/correiodasemana.com\/site\/wp-content\/uploads\/2020\/02\/gari-coleta-de-res\u00edduos.jpg","jetpack-related-posts":[{"id":22753,"url":"https:\/\/correiodasemana.com\/site\/saae-de-sobral-realizou-de-janeiro-a-dezembro-cerca-de-2-500-desobstrucoes-na-rede-de-esgoto\/","url_meta":{"origin":10668,"position":0},"title":"Saae de Sobral realizou de janeiro a dezembro cerca de 2.500 desobstru\u00e7\u00f5es na rede de esgoto","author":"adminredacao","date":"Janeiro 15, 2023","format":false,"excerpt":"Fonte: SAAE Sobral O Servi\u00e7o Aut\u00f4nomo de \u00c1gua e Esgoto (SAAE) de Sobral executa limpezas na rede coletora de esgoto de todo o munic\u00edpio todos os dias, e sempre encontra ac\u00famulo de lixo que foi lan\u00e7ado de forma irregular na rede. Desde o dia 1\u00ba de janeiro at\u00e9 hoje, a\u2026","rel":"","context":"In &quot;Atualidade&quot;","block_context":{"text":"Atualidade","link":"https:\/\/correiodasemana.com\/site\/category\/atualidade\/"},"img":{"alt_text":"","src":"https:\/\/i0.wp.com\/correiodasemana.com\/site\/wp-content\/uploads\/2023\/01\/2182cfa1-3463-4e84-a6aa-2a03b8426916jpeg_1_-_Editado.jpg?resize=350%2C200&ssl=1","width":350,"height":200,"srcset":"https:\/\/i0.wp.com\/correiodasemana.com\/site\/wp-content\/uploads\/2023\/01\/2182cfa1-3463-4e84-a6aa-2a03b8426916jpeg_1_-_Editado.jpg?resize=350%2C200&ssl=1 1x, https:\/\/i0.wp.com\/correiodasemana.com\/site\/wp-content\/uploads\/2023\/01\/2182cfa1-3463-4e84-a6aa-2a03b8426916jpeg_1_-_Editado.jpg?resize=525%2C300&ssl=1 1.5x, https:\/\/i0.wp.com\/correiodasemana.com\/site\/wp-content\/uploads\/2023\/01\/2182cfa1-3463-4e84-a6aa-2a03b8426916jpeg_1_-_Editado.jpg?resize=700%2C400&ssl=1 2x"},"classes":[]},{"id":15079,"url":"https:\/\/correiodasemana.com\/site\/lixeiras-subterraneas-sao-implantadas-no-residencial-nova-caicara\/","url_meta":{"origin":10668,"position":1},"title":"Lixeiras subterr\u00e2neas s\u00e3o implantadas no Residencial Nova Cai\u00e7ara","author":"","date":"Dezembro 20, 2020","format":false,"excerpt":"A Prefeitura de Sobral est\u00e1 implantando lixeiras subterr\u00e2neas no Residencial Nova Cai\u00e7ara. As\u00a0estruturas auxiliam na redu\u00e7\u00e3o de pontos de descarte irregular de lixo. A primeira est\u00e1 localizada na Rua Bem-Te-Vi (entre o campinho e a Esta\u00e7\u00e3o de Tratamento de \u00c1gua). Ao todo, ser\u00e3o instalados no bairro 19 conjuntos, cada um\u2026","rel":"","context":"In &quot;Atualidade&quot;","block_context":{"text":"Atualidade","link":"https:\/\/correiodasemana.com\/site\/category\/atualidade\/"},"img":{"alt_text":"","src":"https:\/\/i0.wp.com\/correiodasemana.com\/site\/wp-content\/uploads\/2020\/12\/Lixeiras-do-Caicara.png?resize=350%2C200&ssl=1","width":350,"height":200,"srcset":"https:\/\/i0.wp.com\/correiodasemana.com\/site\/wp-content\/uploads\/2020\/12\/Lixeiras-do-Caicara.png?resize=350%2C200&ssl=1 1x, https:\/\/i0.wp.com\/correiodasemana.com\/site\/wp-content\/uploads\/2020\/12\/Lixeiras-do-Caicara.png?resize=525%2C300&ssl=1 1.5x, https:\/\/i0.wp.com\/correiodasemana.com\/site\/wp-content\/uploads\/2020\/12\/Lixeiras-do-Caicara.png?resize=700%2C400&ssl=1 2x, https:\/\/i0.wp.com\/correiodasemana.com\/site\/wp-content\/uploads\/2020\/12\/Lixeiras-do-Caicara.png?resize=1050%2C600&ssl=1 3x"},"classes":[]},{"id":14536,"url":"https:\/\/correiodasemana.com\/site\/concentracao-de-renda-no-ceara-e-crescente-desde-2014\/","url_meta":{"origin":10668,"position":2},"title":"Concentra\u00e7\u00e3o de Renda no Cear\u00e1 \u00e9 crescente desde 2014","author":"","date":"Novembro 16, 2020","format":false,"excerpt":"Em 2019, com dados da PNAD Cont\u00ednua, o \u00edndice de Gini do rendimento domiciliar per capita do Cear\u00e1 foi de 0,561, apresentando aumento em rela\u00e7\u00e3o a 2012 (0,547), ano inicial da s\u00e9rie do indicador, e a 2014 (0,522), menor \u00edndice da referida s\u00e9rie. A desigualdade monet\u00e1ria no n\u00edvel dos estados\u2026","rel":"","context":"In &quot;Atualidade&quot;","block_context":{"text":"Atualidade","link":"https:\/\/correiodasemana.com\/site\/category\/atualidade\/"},"img":{"alt_text":"","src":"https:\/\/i0.wp.com\/correiodasemana.com\/site\/wp-content\/uploads\/2020\/11\/miseria-eduardo-familia-bsb-2017-8711.jpg?resize=350%2C200&ssl=1","width":350,"height":200,"srcset":"https:\/\/i0.wp.com\/correiodasemana.com\/site\/wp-content\/uploads\/2020\/11\/miseria-eduardo-familia-bsb-2017-8711.jpg?resize=350%2C200&ssl=1 1x, https:\/\/i0.wp.com\/correiodasemana.com\/site\/wp-content\/uploads\/2020\/11\/miseria-eduardo-familia-bsb-2017-8711.jpg?resize=525%2C300&ssl=1 1.5x, https:\/\/i0.wp.com\/correiodasemana.com\/site\/wp-content\/uploads\/2020\/11\/miseria-eduardo-familia-bsb-2017-8711.jpg?resize=700%2C400&ssl=1 2x, https:\/\/i0.wp.com\/correiodasemana.com\/site\/wp-content\/uploads\/2020\/11\/miseria-eduardo-familia-bsb-2017-8711.jpg?resize=1050%2C600&ssl=1 3x"},"classes":[]},{"id":10113,"url":"https:\/\/correiodasemana.com\/site\/pontos-de-lixo-tem-reducao-de-75-em-sobral\/","url_meta":{"origin":10668,"position":3},"title":"Pontos de lixo t\u00eam redu\u00e7\u00e3o de 75% em Sobral","author":"","date":"Dezembro 9, 2019","format":false,"excerpt":"Em um per\u00edodo de dois anos, a Prefeitura Municipal de Sobral por meio da Secretaria de Servi\u00e7os P\u00fablicos (SESEP) reduziu 75% dos pontos de lixo. Em 2017, os n\u00fameros mostravam o equivalente a 380 pontos espalhados pelo munic\u00edpio. Atualmente s\u00e3o 112 pontos de lixos que, segundo o Coordenador de Limpeza,\u2026","rel":"","context":"In &quot;Atualidade&quot;","block_context":{"text":"Atualidade","link":"https:\/\/correiodasemana.com\/site\/category\/atualidade\/"},"img":{"alt_text":"","src":"https:\/\/i0.wp.com\/correiodasemana.com\/site\/wp-content\/uploads\/2019\/12\/TRFJ9-1.jpg?resize=350%2C200&ssl=1","width":350,"height":200,"srcset":"https:\/\/i0.wp.com\/correiodasemana.com\/site\/wp-content\/uploads\/2019\/12\/TRFJ9-1.jpg?resize=350%2C200&ssl=1 1x, https:\/\/i0.wp.com\/correiodasemana.com\/site\/wp-content\/uploads\/2019\/12\/TRFJ9-1.jpg?resize=525%2C300&ssl=1 1.5x, https:\/\/i0.wp.com\/correiodasemana.com\/site\/wp-content\/uploads\/2019\/12\/TRFJ9-1.jpg?resize=700%2C400&ssl=1 2x"},"classes":[]},{"id":16233,"url":"https:\/\/correiodasemana.com\/site\/politica-em-evidencia-59\/","url_meta":{"origin":10668,"position":4},"title":"Pol\u00edtica em Evid\u00eancia","author":"","date":"Abril 18, 2021","format":false,"excerpt":"Presidente da C\u00e2mara Municipal, Paulo Albuquerque (Paul\u00e3o), no meio da semana, preocupado com as fam\u00edlias sobralenses, recomendou que as fam\u00edlias sobralenses levassem seus filhos as Unidades de Sa\u00fade para vacinar contra a gripe H1N1, como tamb\u00e9m as gestantes pu\u00e9rperas na sede e distritos, e demais localidades. O vereador C\u00e9sar Veras\u2026","rel":"","context":"In &quot;Artigos&quot;","block_context":{"text":"Artigos","link":"https:\/\/correiodasemana.com\/site\/category\/artigos\/"},"img":{"alt_text":"","src":"","width":0,"height":0},"classes":[]},{"id":33059,"url":"https:\/\/correiodasemana.com\/site\/a-saude-do-planeta-e-a-sustentabilidade-da-vida-ii\/","url_meta":{"origin":10668,"position":5},"title":"A Sa\u00fade do Planeta e a Sustentabilidade da Vida (II)","author":"adminredacao","date":"Mar\u00e7o 24, 2025","format":false,"excerpt":"(Continua\u00e7\u00e3o da edi\u00e7\u00e3o anterior) LIXO DOM\u00c9STICO - O lixo que produzimos todos os dias surge nos diversos setores de nossas atividades. O lixo org\u00e2nico, no caso, vem dos restos de comida ou dos restos de prepara\u00e7\u00e3o desta. Acumulam-se na lixeira da nossa cozinha. H\u00e1 outras lixeiras em nossas casas, em\u2026","rel":"","context":"In &quot;Artigos&quot;","block_context":{"text":"Artigos","link":"https:\/\/correiodasemana.com\/site\/category\/artigos\/"},"img":{"alt_text":"","src":"https:\/\/i0.wp.com\/correiodasemana.com\/site\/wp-content\/uploads\/2022\/01\/Herculano-Costa.jpg?resize=350%2C200&ssl=1","width":350,"height":200},"classes":[]}],"jetpack_sharing_enabled":true,"_links":{"self":[{"href":"https:\/\/correiodasemana.com\/site\/wp-json\/wp\/v2\/posts\/10668","targetHints":{"allow":["GET"]}}],"collection":[{"href":"https:\/\/correiodasemana.com\/site\/wp-json\/wp\/v2\/posts"}],"about":[{"href":"https:\/\/correiodasemana.com\/site\/wp-json\/wp\/v2\/types\/post"}],"author":[{"embeddable":true,"href":"https:\/\/correiodasemana.com\/site\/wp-json\/wp\/v2\/users\/1"}],"replies":[{"embeddable":true,"href":"https:\/\/correiodasemana.com\/site\/wp-json\/wp\/v2\/comments?post=10668"}],"version-history":[{"count":1,"href":"https:\/\/correiodasemana.com\/site\/wp-json\/wp\/v2\/posts\/10668\/revisions"}],"predecessor-version":[{"id":10670,"href":"https:\/\/correiodasemana.com\/site\/wp-json\/wp\/v2\/posts\/10668\/revisions\/10670"}],"wp:featuredmedia":[{"embeddable":true,"href":"https:\/\/correiodasemana.com\/site\/wp-json\/wp\/v2\/media\/10669"}],"wp:attachment":[{"href":"https:\/\/correiodasemana.com\/site\/wp-json\/wp\/v2\/media?parent=10668"}],"wp:term":[{"taxonomy":"category","embeddable":true,"href":"https:\/\/correiodasemana.com\/site\/wp-json\/wp\/v2\/categories?post=10668"},{"taxonomy":"post_tag","embeddable":true,"href":"https:\/\/correiodasemana.com\/site\/wp-json\/wp\/v2\/tags?post=10668"}],"curies":[{"name":"wp","href":"https:\/\/api.w.org\/{rel}","templated":true}]}}