{"id":10680,"date":"2020-02-03T04:20:17","date_gmt":"2020-02-03T04:20:17","guid":{"rendered":"https:\/\/correiodasemana.com\/site\/?p=10680"},"modified":"2020-02-03T04:20:17","modified_gmt":"2020-02-03T04:20:17","slug":"prefeitura-de-sobral-realiza-audiencia-publica-sobre-contrato-com-a-cagece","status":"publish","type":"post","link":"https:\/\/correiodasemana.com\/site\/prefeitura-de-sobral-realiza-audiencia-publica-sobre-contrato-com-a-cagece\/","title":{"rendered":"Prefeitura de Sobral realiza audi\u00eancia p\u00fablica sobre contrato com a Cagece"},"content":{"rendered":"<p>A Prefeitura de Sobral realizar\u00e1, dia 4 de fevereiro, uma audi\u00eancia p\u00fablica onde a popula\u00e7\u00e3o poder\u00e1 tirar d\u00favidas ou fazer contribui\u00e7\u00f5es, sugest\u00f5es e questionamentos sobre o contrato de programa com a Companhia de \u00c1gua e Esgoto do Estado do Cear\u00e1 (Cagece). O momento acontecer\u00e1 a partir das 10 horas, no audit\u00f3rio da Prefeitura.<br \/>\nO objeto \u00e9 que a companhia preste servi\u00e7os relativos \u00e0 explora\u00e7\u00e3o, execu\u00e7\u00e3o de obras, amplia\u00e7\u00f5es e melhorias dos servi\u00e7os de abastecimento de \u00e1gua e de coleta, transporte, tratamento e destino final de esgotos sanit\u00e1rios nas localidades urbanas dos distritos Apraz\u00edvel, Jaibaras e localidade de Ipueirinha.<br \/>\nAt\u00e9 o dia 5 de fevereiro, os documentos referentes ao contrato estar\u00e3o dispon\u00edveis no site da Prefeitura de Sobral, para consulta p\u00fablica. Os interessados em fazer contribui\u00e7\u00f5es, sugest\u00f5es e questionamentos ou tirar d\u00favidas sobre o contrato, mas que n\u00e3o puderem participar da audi\u00eancia p\u00fablica, podem faz\u00ea-los por escrito, mediante protocolo na Secretaria da Infraestrutura (Seinf) ou para o e-mail victorcarneiro@sobral.ce.gov.br.<\/p>\n<p>Programa\u00e7\u00e3o<br \/>\n10h &#8211; Identifica\u00e7\u00e3o dos participantes na portaria<br \/>\n10h \u00e0s 10h30 &#8211; Registro de presen\u00e7a no local, com inscri\u00e7\u00e3o dos interessados para manifesta\u00e7\u00e3o oral<br \/>\n10h30 \u00e0s 11h30<br \/>\n&#8211; Apresenta\u00e7\u00e3o do projeto pela Prefeitura<br \/>\n11h30 \u00e0s 12h30 &#8211; Manifesta\u00e7\u00e3o oral dos inscritos<br \/>\n12h30 &#8211; Elabora\u00e7\u00e3o e leitura da ata<\/p>\n","protected":false},"excerpt":{"rendered":"<p>A Prefeitura de Sobral realizar\u00e1, dia 4 de fevereiro, uma audi\u00eancia p\u00fablica onde a popula\u00e7\u00e3o&#8230;<\/p>\n","protected":false},"author":1,"featured_media":10681,"comment_status":"open","ping_status":"open","sticky":false,"template":"","format":"standard","meta":{"_jetpack_memberships_contains_paid_content":false,"footnotes":"","jetpack_publicize_message":"","jetpack_publicize_feature_enabled":true,"jetpack_social_post_already_shared":true,"jetpack_social_options":{"image_generator_settings":{"template":"highway","default_image_id":0,"font":"","enabled":false},"version":2}},"categories":[1],"tags":[],"class_list":["post-10680","post","type-post","status-publish","format-standard","has-post-thumbnail","hentry","category-atualidade"],"jetpack_publicize_connections":[],"jetpack_featured_media_url":"https:\/\/correiodasemana.com\/site\/wp-content\/uploads\/2020\/02\/9a6fb67c-6a35-4299-ac8e-80338fba4854.jpg","jetpack-related-posts":[{"id":35863,"url":"https:\/\/correiodasemana.com\/site\/conta-de-agua-no-ceara-ficara-mais-cara-a-partir-de-novembro\/","url_meta":{"origin":10680,"position":0},"title":"Conta de \u00e1gua no Cear\u00e1 ficar\u00e1 mais cara, a partir de novembro","author":"adminredacao","date":"Outubro 13, 2025","format":false,"excerpt":"\u00a0 A conta de \u00e1gua dos cearenses ficar\u00e1 mais cara devido ao aumento de 9,73% das tarifas anunciado, nessa segunda-feira (6), pela Companhia de \u00c1gua e Esgoto do Cear\u00e1 (Cagece). A revis\u00e3o extraordin\u00e1ria entra em vigor no dia 5 de novembro, em todos os munic\u00edpios operados pela empresa. Ano passado,\u2026","rel":"","context":"In &quot;Atualidade&quot;","block_context":{"text":"Atualidade","link":"https:\/\/correiodasemana.com\/site\/category\/atualidade\/"},"img":{"alt_text":"","src":"https:\/\/i0.wp.com\/correiodasemana.com\/site\/wp-content\/uploads\/2025\/10\/papel-saae-ce.png?resize=350%2C200&ssl=1","width":350,"height":200,"srcset":"https:\/\/i0.wp.com\/correiodasemana.com\/site\/wp-content\/uploads\/2025\/10\/papel-saae-ce.png?resize=350%2C200&ssl=1 1x, https:\/\/i0.wp.com\/correiodasemana.com\/site\/wp-content\/uploads\/2025\/10\/papel-saae-ce.png?resize=525%2C300&ssl=1 1.5x, https:\/\/i0.wp.com\/correiodasemana.com\/site\/wp-content\/uploads\/2025\/10\/papel-saae-ce.png?resize=700%2C400&ssl=1 2x, https:\/\/i0.wp.com\/correiodasemana.com\/site\/wp-content\/uploads\/2025\/10\/papel-saae-ce.png?resize=1050%2C600&ssl=1 3x"},"classes":[]},{"id":13014,"url":"https:\/\/correiodasemana.com\/site\/cagece-instala-conteiner-para-atender-pessoas-em-situacao-de-rua\/","url_meta":{"origin":10680,"position":1},"title":"Cagece instala cont\u00eainer para atender pessoas em situa\u00e7\u00e3o de rua","author":"","date":"Agosto 20, 2020","format":false,"excerpt":"A Companhia de \u00c1gua e Esgoto do Cear\u00e1 (Cagece) instalou, no Parque Bis\u00e3o, em Fortaleza, um novo cont\u00eainer para auxiliar as pessoas em situa\u00e7\u00e3o de rua quanto \u00e0 higiene pessoal, principalmente neste momento de pandemia. A iniciativa \u00e9 uma parceria da Cagece com a Associa\u00e7\u00e3o Amigos do Evangelho na Beira\u2026","rel":"","context":"In &quot;Atualidade&quot;","block_context":{"text":"Atualidade","link":"https:\/\/correiodasemana.com\/site\/category\/atualidade\/"},"img":{"alt_text":"","src":"https:\/\/i0.wp.com\/correiodasemana.com\/site\/wp-content\/uploads\/2020\/08\/DFT4084-scaled.jpg?resize=350%2C200&ssl=1","width":350,"height":200,"srcset":"https:\/\/i0.wp.com\/correiodasemana.com\/site\/wp-content\/uploads\/2020\/08\/DFT4084-scaled.jpg?resize=350%2C200&ssl=1 1x, https:\/\/i0.wp.com\/correiodasemana.com\/site\/wp-content\/uploads\/2020\/08\/DFT4084-scaled.jpg?resize=525%2C300&ssl=1 1.5x, https:\/\/i0.wp.com\/correiodasemana.com\/site\/wp-content\/uploads\/2020\/08\/DFT4084-scaled.jpg?resize=700%2C400&ssl=1 2x, https:\/\/i0.wp.com\/correiodasemana.com\/site\/wp-content\/uploads\/2020\/08\/DFT4084-scaled.jpg?resize=1050%2C600&ssl=1 3x, https:\/\/i0.wp.com\/correiodasemana.com\/site\/wp-content\/uploads\/2020\/08\/DFT4084-scaled.jpg?resize=1400%2C800&ssl=1 4x"},"classes":[]},{"id":12839,"url":"https:\/\/correiodasemana.com\/site\/saae-de-sobral-completa-59-anos-de-fundacao\/","url_meta":{"origin":10680,"position":2},"title":"SAAE de Sobral completa 59 anos de funda\u00e7\u00e3o","author":"","date":"Agosto 17, 2020","format":false,"excerpt":"O Servi\u00e7o Aut\u00f4nomo de \u00c1gua e Esgoto (SAAE) completou, no dia 08 de agosto, 59 anos de contribui\u00e7\u00e3o ao desenvolvimento de Sobral. Foi criado em 8 de agosto de 1961, atrav\u00e9s da lei n\u00b0 88, sancionada pelo prefeito padre Jos\u00e9 Palhano de Sab\u00f3ia. O primeiro presidente foi o engenheiro Carlos\u2026","rel":"","context":"In &quot;Atualidade&quot;","block_context":{"text":"Atualidade","link":"https:\/\/correiodasemana.com\/site\/category\/atualidade\/"},"img":{"alt_text":"","src":"https:\/\/i0.wp.com\/correiodasemana.com\/site\/wp-content\/uploads\/2020\/08\/ok-SAAE-Sede-administrativa.jpg?resize=350%2C200&ssl=1","width":350,"height":200,"srcset":"https:\/\/i0.wp.com\/correiodasemana.com\/site\/wp-content\/uploads\/2020\/08\/ok-SAAE-Sede-administrativa.jpg?resize=350%2C200&ssl=1 1x, https:\/\/i0.wp.com\/correiodasemana.com\/site\/wp-content\/uploads\/2020\/08\/ok-SAAE-Sede-administrativa.jpg?resize=525%2C300&ssl=1 1.5x, https:\/\/i0.wp.com\/correiodasemana.com\/site\/wp-content\/uploads\/2020\/08\/ok-SAAE-Sede-administrativa.jpg?resize=700%2C400&ssl=1 2x, https:\/\/i0.wp.com\/correiodasemana.com\/site\/wp-content\/uploads\/2020\/08\/ok-SAAE-Sede-administrativa.jpg?resize=1050%2C600&ssl=1 3x, https:\/\/i0.wp.com\/correiodasemana.com\/site\/wp-content\/uploads\/2020\/08\/ok-SAAE-Sede-administrativa.jpg?resize=1400%2C800&ssl=1 4x"},"classes":[]},{"id":9062,"url":"https:\/\/correiodasemana.com\/site\/em-tempo-10\/","url_meta":{"origin":10680,"position":3},"title":"Em Tempo","author":"","date":"Setembro 8, 2019","format":false,"excerpt":"Sistema de esgotamento sanit\u00e1rio A\u00a0prefeita em exerc\u00edcio Christianne Coelho assinou, no dia 29 de agosto, ordem de servi\u00e7o para requalifica\u00e7\u00e3o de 25 esta\u00e7\u00f5es elevat\u00f3rias de esgoto. Os recursos s\u00e3o provenientes do empr\u00e9stimo entre a Prefeitura de Sobral e o Banco de Desenvolvimento da Am\u00e9rica Latina. As obras integram o Programa\u2026","rel":"","context":"In &quot;Artigos&quot;","block_context":{"text":"Artigos","link":"https:\/\/correiodasemana.com\/site\/category\/artigos\/"},"img":{"alt_text":"","src":"https:\/\/i0.wp.com\/correiodasemana.com\/site\/wp-content\/uploads\/2019\/09\/edilson-silva.jpg?resize=350%2C200&ssl=1","width":350,"height":200,"srcset":"https:\/\/i0.wp.com\/correiodasemana.com\/site\/wp-content\/uploads\/2019\/09\/edilson-silva.jpg?resize=350%2C200&ssl=1 1x, https:\/\/i0.wp.com\/correiodasemana.com\/site\/wp-content\/uploads\/2019\/09\/edilson-silva.jpg?resize=525%2C300&ssl=1 1.5x, https:\/\/i0.wp.com\/correiodasemana.com\/site\/wp-content\/uploads\/2019\/09\/edilson-silva.jpg?resize=700%2C400&ssl=1 2x, https:\/\/i0.wp.com\/correiodasemana.com\/site\/wp-content\/uploads\/2019\/09\/edilson-silva.jpg?resize=1050%2C600&ssl=1 3x"},"classes":[]},{"id":10350,"url":"https:\/\/correiodasemana.com\/site\/panorama-politico-26\/","url_meta":{"origin":10680,"position":4},"title":"Panorama Pol\u00edtico","author":"","date":"Janeiro 5, 2020","format":false,"excerpt":"Grande multid\u00e3o compareceu a inaugura\u00e7\u00e3o do novo Alto do Cristo O prefeito Ivo Gomes inaugurou quinta-feira, dia 26 de dezembro, o novo Alto do Cristo, Cart\u00e3o postal da cidade de Sobral. A cerim\u00f4nia contou com a presen\u00e7a da vice governadora Izolda Cela, do ex-governador Ciro Gomes, do senador Cid Gomes,\u2026","rel":"","context":"In &quot;Artigos&quot;","block_context":{"text":"Artigos","link":"https:\/\/correiodasemana.com\/site\/category\/artigos\/"},"img":{"alt_text":"","src":"https:\/\/i0.wp.com\/correiodasemana.com\/site\/wp-content\/uploads\/2019\/09\/camara-de-sobral.jpeg?resize=350%2C200&ssl=1","width":350,"height":200,"srcset":"https:\/\/i0.wp.com\/correiodasemana.com\/site\/wp-content\/uploads\/2019\/09\/camara-de-sobral.jpeg?resize=350%2C200&ssl=1 1x, https:\/\/i0.wp.com\/correiodasemana.com\/site\/wp-content\/uploads\/2019\/09\/camara-de-sobral.jpeg?resize=525%2C300&ssl=1 1.5x, https:\/\/i0.wp.com\/correiodasemana.com\/site\/wp-content\/uploads\/2019\/09\/camara-de-sobral.jpeg?resize=700%2C400&ssl=1 2x"},"classes":[]},{"id":22407,"url":"https:\/\/correiodasemana.com\/site\/ceara-desperdica-quase-metade-da-agua-potavel-durante-distribuicao-a-moradias-e-comercios\/","url_meta":{"origin":10680,"position":5},"title":"Cear\u00e1 desperdi\u00e7a quase metade da \u00e1gua pot\u00e1vel durante distribui\u00e7\u00e3o a moradias e com\u00e9rcios","author":"","date":"Dezembro 25, 2022","format":false,"excerpt":"Maioria das perdas \u00e9 causada por vazamentos e liga\u00e7\u00f5es clandestinas, segundo estudo do Instituto Trata Brasil Escrito por\u00a0Theyse Viana,\u00a0theyse.viana@svm.com.br Mais de 3 milh\u00f5es de cearenses \u2013 quase 40% da popula\u00e7\u00e3o \u2013 n\u00e3o t\u00eam acesso regular a\u00a0\u00e1gua pot\u00e1vel. Enquanto isso, 44,9% do l\u00edquido que deveria ter chegado \u00e0s torneiras do Cear\u00e1\u2026","rel":"","context":"In &quot;Atualidade&quot;","block_context":{"text":"Atualidade","link":"https:\/\/correiodasemana.com\/site\/category\/atualidade\/"},"img":{"alt_text":"","src":"https:\/\/i0.wp.com\/correiodasemana.com\/site\/wp-content\/uploads\/2022\/12\/ODS-6-AGUA-E-SANEAMENTO.jpg?resize=350%2C200&ssl=1","width":350,"height":200,"srcset":"https:\/\/i0.wp.com\/correiodasemana.com\/site\/wp-content\/uploads\/2022\/12\/ODS-6-AGUA-E-SANEAMENTO.jpg?resize=350%2C200&ssl=1 1x, https:\/\/i0.wp.com\/correiodasemana.com\/site\/wp-content\/uploads\/2022\/12\/ODS-6-AGUA-E-SANEAMENTO.jpg?resize=525%2C300&ssl=1 1.5x, https:\/\/i0.wp.com\/correiodasemana.com\/site\/wp-content\/uploads\/2022\/12\/ODS-6-AGUA-E-SANEAMENTO.jpg?resize=700%2C400&ssl=1 2x, https:\/\/i0.wp.com\/correiodasemana.com\/site\/wp-content\/uploads\/2022\/12\/ODS-6-AGUA-E-SANEAMENTO.jpg?resize=1050%2C600&ssl=1 3x, https:\/\/i0.wp.com\/correiodasemana.com\/site\/wp-content\/uploads\/2022\/12\/ODS-6-AGUA-E-SANEAMENTO.jpg?resize=1400%2C800&ssl=1 4x"},"classes":[]}],"jetpack_sharing_enabled":true,"_links":{"self":[{"href":"https:\/\/correiodasemana.com\/site\/wp-json\/wp\/v2\/posts\/10680","targetHints":{"allow":["GET"]}}],"collection":[{"href":"https:\/\/correiodasemana.com\/site\/wp-json\/wp\/v2\/posts"}],"about":[{"href":"https:\/\/correiodasemana.com\/site\/wp-json\/wp\/v2\/types\/post"}],"author":[{"embeddable":true,"href":"https:\/\/correiodasemana.com\/site\/wp-json\/wp\/v2\/users\/1"}],"replies":[{"embeddable":true,"href":"https:\/\/correiodasemana.com\/site\/wp-json\/wp\/v2\/comments?post=10680"}],"version-history":[{"count":1,"href":"https:\/\/correiodasemana.com\/site\/wp-json\/wp\/v2\/posts\/10680\/revisions"}],"predecessor-version":[{"id":10682,"href":"https:\/\/correiodasemana.com\/site\/wp-json\/wp\/v2\/posts\/10680\/revisions\/10682"}],"wp:featuredmedia":[{"embeddable":true,"href":"https:\/\/correiodasemana.com\/site\/wp-json\/wp\/v2\/media\/10681"}],"wp:attachment":[{"href":"https:\/\/correiodasemana.com\/site\/wp-json\/wp\/v2\/media?parent=10680"}],"wp:term":[{"taxonomy":"category","embeddable":true,"href":"https:\/\/correiodasemana.com\/site\/wp-json\/wp\/v2\/categories?post=10680"},{"taxonomy":"post_tag","embeddable":true,"href":"https:\/\/correiodasemana.com\/site\/wp-json\/wp\/v2\/tags?post=10680"}],"curies":[{"name":"wp","href":"https:\/\/api.w.org\/{rel}","templated":true}]}}