{"id":10692,"date":"2020-02-03T04:24:54","date_gmt":"2020-02-03T04:24:54","guid":{"rendered":"https:\/\/correiodasemana.com\/site\/?p=10692"},"modified":"2020-02-03T04:24:54","modified_gmt":"2020-02-03T04:24:54","slug":"panorama-politico-29","status":"publish","type":"post","link":"https:\/\/correiodasemana.com\/site\/panorama-politico-29\/","title":{"rendered":"Panorama Pol\u00edtico"},"content":{"rendered":"<p><strong>Prefeitura de Groa\u00edras entrega escola de tempo integral \u00e0 popula\u00e7\u00e3o<\/strong><br \/>\nEm solenidade bastante movimentada aconteceu no Plen\u00e1rio da C\u00e2mara Municipal de Groa\u00edras, assinatura da ficha do prefeito Ueliton Vasconcelos (PDT). Diversas autoridades, vereadores do munic\u00edpio e lideran\u00e7as comunit\u00e1rias estiveram presentes assistindo a passagem do prefeito Ueliton para o seu novo partido PDT. O deputado Le\u00f4nidas Cristino, juntamente com a secret\u00e1ria de governo, Lia Gomes, estiveram presentes, inclusive abonaram a ficha do seu novo filiado. Depois de encerrada a solenidade, o prefeito Ueliton Vasconcelos, agora do PDT, o deputado federal Le\u00f4nidas Cristino e a secret\u00e1ria de Cidadania e Direitos Humanos do governo do Estado, Lia Gomes, prestigiaram \u00e0 solenidade da reinaugura\u00e7\u00e3o da Escola de Tempo Integral Professora J\u00falia Elisa Farias no Bairro da Cohab. Na oportunidade o prefeito Ueliton Vasconcelos tamb\u00e9m entregou uma ambul\u00e2ncia semi-UTI \u00e0 popula\u00e7\u00e3o groairense.<\/p>\n<p><strong>Prefeito Ivo Gomes inaugurou quadra de esporte no Baracho<\/strong><br \/>\nO distrito de Baracho \u00e9 o mais novo contemplando com uma quadra poliesportiva. Na noite de sexta-feira, 24, o prefeito Ivo Gomes, esteve na comunidade quando inaugurou a quadra poliesportiva Rosa Maria de Mesquita Ponte. Durante a cerim\u00f4nia o gestor assinou a ordem de servi\u00e7o para a pavimenta\u00e7\u00e3o em pedra tosca da estrada que liga o distrito \u00e0 localidade de Desterro-Jord\u00e3o. \u201cHavia uma expectativa muito grande por parte da popula\u00e7\u00e3o. A quadra vai servir para a comunidade como um tudo e tamb\u00e9m para a escola do Baracho. Na verdade uma quadra coberta em uma comunidade da zona rural serve para a pr\u00e1tica de esporte que \u00e9 o principal objetivo, mas serve tamb\u00e9m para reuni\u00f5es, atividades culturais. \u00c9 um local para as pessoas interagirem\u201d. Disse o prefeito Ivo Gomes. Esta nova quadra entregue pelo prefeito Ivo Gomes foi uma conquista alcan\u00e7ada pelo vereador Aleandro Linhares. Que continua trabalho forte em favor daquela comunidade.<\/p>\n<p><strong>Prefeito de Massap\u00ea, Jacques Albuquerque continua sendo o pai da pobreza<\/strong><br \/>\nQuase tr\u00eas anos, ap\u00f3s sua reativa\u00e7\u00e3o, o Programa Municipal de Transfer\u00eancia de Renda &#8211; Massap\u00ea Vida Melhor, contempla hoje mais de mil fam\u00edlias massapeenses. Anualmente a prefeitura injeta mais de 1 milh\u00e3o de reais na economia local para as fam\u00edlias que se encontram em situa\u00e7\u00e3o de extrema e vulnerabilidade. No \u00faltimo dia 20, a prefeitura de Massap\u00ea efetuou o pagamento do beneficio referente ao m\u00eas de janeiro de 2020. Seguindo a sequencia de pagamentos ininterruptos e sem atrasos. O que mostra o compromisso da gest\u00e3o municipal em garantir pol\u00edticas p\u00fablicas que favore\u00e7am os mais carentes e necessitados de forma correta e transparente.<\/p>\n<p><strong>Vereador Camilo Motos solicita benef\u00edcios para o povo<\/strong><br \/>\nPreocupado com o bem-estar da popula\u00e7\u00e3o de Sobral e distritos, o vereador Camilo Motos (PRTB), apresentou no Plen\u00e1rio da C\u00e2mara Municipal diversos requerimentos solicitando benef\u00edcios para a popula\u00e7\u00e3o de Sobral e distritos. Atrav\u00e9s de requerimento solicitou que seja feito o recapeamento asf\u00e1ltico na Rua Parcifal Barroso no Campo dos Velhos. Pediu tamb\u00e9m recapeamento asf\u00e1ltico na Rua Antonio F\u00e9lix Ibiapina no Bairro Alto do Cristo. Pede a substitui\u00e7\u00e3o das l\u00e2mpadas atuais por led na Rua Antonio F\u00e9lix Ibiapina &#8211; Alto do Cristo. O vereador do PRTB indica a constru\u00e7\u00e3o de uma pra\u00e7a na Rua Mauro Andrade no Bairro Cora\u00e7\u00e3o de Jesus. Vereador Camilo indica a constru\u00e7\u00e3o de uma pra\u00e7a na localidade de Sabonete no distrito de Caracar\u00e1. Solicita ainda a constru\u00e7\u00e3o de uma Areninha no Bairro Parque Silvana.<\/p>\n","protected":false},"excerpt":{"rendered":"<p>Prefeitura de Groa\u00edras entrega escola de tempo integral \u00e0 popula\u00e7\u00e3o Em solenidade bastante movimentada aconteceu&#8230;<\/p>\n","protected":false},"author":1,"featured_media":9285,"comment_status":"open","ping_status":"open","sticky":false,"template":"","format":"standard","meta":{"_jetpack_memberships_contains_paid_content":false,"footnotes":"","jetpack_publicize_message":"","jetpack_publicize_feature_enabled":true,"jetpack_social_post_already_shared":true,"jetpack_social_options":{"image_generator_settings":{"template":"highway","default_image_id":0,"font":"","enabled":false},"version":2}},"categories":[11,46],"tags":[],"class_list":["post-10692","post","type-post","status-publish","format-standard","has-post-thumbnail","hentry","category-artigos","category-panorama-politico"],"jetpack_publicize_connections":[],"jetpack_featured_media_url":"https:\/\/correiodasemana.com\/site\/wp-content\/uploads\/2019\/09\/camara-de-sobral.jpeg","jetpack-related-posts":[{"id":10592,"url":"https:\/\/correiodasemana.com\/site\/panorama-politica\/","url_meta":{"origin":10692,"position":0},"title":"Panorama Pol\u00edtica","author":"","date":"Janeiro 27, 2020","format":false,"excerpt":"Prefeito Ivo Gomes visita casas construidas pelo projeto Jo\u00e3o de Barro O prefeito Ivo Gomes esteve no Bairro Sumar\u00e9 para visitar as 14 fam\u00edlias que tiveram suas casas de taipas substitu\u00eddas por alvenarias. A a\u00e7\u00e3o \u00e9 fruto do Projeto Jo\u00e3o de Bairro do Centro de Forma\u00e7\u00e3o Humana Padre Ibiapina, coordenado\u2026","rel":"","context":"In &quot;Artigos&quot;","block_context":{"text":"Artigos","link":"https:\/\/correiodasemana.com\/site\/category\/artigos\/"},"img":{"alt_text":"","src":"https:\/\/i0.wp.com\/correiodasemana.com\/site\/wp-content\/uploads\/2019\/09\/camara-de-sobral.jpeg?resize=350%2C200&ssl=1","width":350,"height":200,"srcset":"https:\/\/i0.wp.com\/correiodasemana.com\/site\/wp-content\/uploads\/2019\/09\/camara-de-sobral.jpeg?resize=350%2C200&ssl=1 1x, https:\/\/i0.wp.com\/correiodasemana.com\/site\/wp-content\/uploads\/2019\/09\/camara-de-sobral.jpeg?resize=525%2C300&ssl=1 1.5x, https:\/\/i0.wp.com\/correiodasemana.com\/site\/wp-content\/uploads\/2019\/09\/camara-de-sobral.jpeg?resize=700%2C400&ssl=1 2x"},"classes":[]},{"id":9128,"url":"https:\/\/correiodasemana.com\/site\/panorama-politico-11\/","url_meta":{"origin":10692,"position":1},"title":"Panorama Pol\u00edtico","author":"","date":"Setembro 15, 2019","format":false,"excerpt":"Deputado Federal Le\u00f4nidas Cristino assume PDT de Sobral Com o fim das coliga\u00e7\u00f5es partid\u00e1rias nas elei\u00e7\u00f5es 2020 \u00e9 preciso fortalecer o partido e eleger uma bancada de vereadores para dar tranquilidade ao prefeito Ivo Gomes, foi o que defendeu o deputado federal Le\u00f4nidas Cristino, ao assumir a presid\u00eancia do diret\u00f3rio\u2026","rel":"","context":"In &quot;Artigos&quot;","block_context":{"text":"Artigos","link":"https:\/\/correiodasemana.com\/site\/category\/artigos\/"},"img":{"alt_text":"","src":"https:\/\/i0.wp.com\/correiodasemana.com\/site\/wp-content\/uploads\/2019\/07\/dscf8825.jpg?resize=350%2C200&ssl=1","width":350,"height":200,"srcset":"https:\/\/i0.wp.com\/correiodasemana.com\/site\/wp-content\/uploads\/2019\/07\/dscf8825.jpg?resize=350%2C200&ssl=1 1x, https:\/\/i0.wp.com\/correiodasemana.com\/site\/wp-content\/uploads\/2019\/07\/dscf8825.jpg?resize=525%2C300&ssl=1 1.5x, https:\/\/i0.wp.com\/correiodasemana.com\/site\/wp-content\/uploads\/2019\/07\/dscf8825.jpg?resize=700%2C400&ssl=1 2x, https:\/\/i0.wp.com\/correiodasemana.com\/site\/wp-content\/uploads\/2019\/07\/dscf8825.jpg?resize=1050%2C600&ssl=1 3x, https:\/\/i0.wp.com\/correiodasemana.com\/site\/wp-content\/uploads\/2019\/07\/dscf8825.jpg?resize=1400%2C800&ssl=1 4x"},"classes":[]},{"id":17885,"url":"https:\/\/correiodasemana.com\/site\/politica-em-evidencia-83\/","url_meta":{"origin":10692,"position":2},"title":"Pol\u00edtica em Evid\u00eancia","author":"","date":"Outubro 31, 2021","format":false,"excerpt":"O cantor Belchior, completaria no dia 26 de outubro, 75 anos de muita inspira\u00e7\u00e3o, levando ao p\u00fablico\u00a0muita poesia.\u00a0\u00a0Para celebrar a data, a Secretaria da Cultura e Turismo realizou no P\u00e1tio do Theatro S\u00e3o Jo\u00e3o, homenagens ao sobralense Belchior, quando houve muitas apresenta\u00e7\u00f5es musicais de artistas sobralenses realizando tributo ao cantor\u2026","rel":"","context":"In &quot;Artigos&quot;","block_context":{"text":"Artigos","link":"https:\/\/correiodasemana.com\/site\/category\/artigos\/"},"img":{"alt_text":"","src":"","width":0,"height":0},"classes":[]},{"id":10524,"url":"https:\/\/correiodasemana.com\/site\/politica-em-evidencia-19\/","url_meta":{"origin":10692,"position":3},"title":"Pol\u00edtica em Evid\u00eancia","author":"","date":"Janeiro 22, 2020","format":false,"excerpt":"O prefeito Ivo Gomes esteve inaugurando na \u00faltima ter\u00e7a-feira (14), o saneamento e Areninha Esportivano Bairro da Areinha em Aracatia\u00e7u, depois de passar por grande reforma, e melhorando a vida dos moradores. Durante muito tempo aquela comunidade vivia no meio da lama, e sem a m\u00ednima condi\u00e7\u00e3o de higiene. Prefeito\u2026","rel":"","context":"In &quot;Artigos&quot;","block_context":{"text":"Artigos","link":"https:\/\/correiodasemana.com\/site\/category\/artigos\/"},"img":{"alt_text":"","src":"https:\/\/i0.wp.com\/correiodasemana.com\/site\/wp-content\/uploads\/2019\/08\/urna_lecr-e1447217261594.jpg?resize=350%2C200&ssl=1","width":350,"height":200,"srcset":"https:\/\/i0.wp.com\/correiodasemana.com\/site\/wp-content\/uploads\/2019\/08\/urna_lecr-e1447217261594.jpg?resize=350%2C200&ssl=1 1x, https:\/\/i0.wp.com\/correiodasemana.com\/site\/wp-content\/uploads\/2019\/08\/urna_lecr-e1447217261594.jpg?resize=525%2C300&ssl=1 1.5x, https:\/\/i0.wp.com\/correiodasemana.com\/site\/wp-content\/uploads\/2019\/08\/urna_lecr-e1447217261594.jpg?resize=700%2C400&ssl=1 2x, https:\/\/i0.wp.com\/correiodasemana.com\/site\/wp-content\/uploads\/2019\/08\/urna_lecr-e1447217261594.jpg?resize=1050%2C600&ssl=1 3x, https:\/\/i0.wp.com\/correiodasemana.com\/site\/wp-content\/uploads\/2019\/08\/urna_lecr-e1447217261594.jpg?resize=1400%2C800&ssl=1 4x"},"classes":[]},{"id":9333,"url":"https:\/\/correiodasemana.com\/site\/panorama-politico-14\/","url_meta":{"origin":10692,"position":4},"title":"Panorama Pol\u00edtico","author":"","date":"Outubro 7, 2019","format":false,"excerpt":"Prefeito Jacques Albuquerque oferece mais um caf\u00e9 da manh\u00e3 aos garis do munic\u00edpio O prefeito de Massap\u00ea, Jacques Albuquerque, realizou no passado dia 27 de setembro, mais um caf\u00e9 da manh\u00e3 aos garis do munic\u00edpio de Massap\u00ea, gesto que \u00e9 repetido a cada m\u00eas. Sendo que os garis aniversariantes do\u2026","rel":"","context":"In &quot;Artigos&quot;","block_context":{"text":"Artigos","link":"https:\/\/correiodasemana.com\/site\/category\/artigos\/"},"img":{"alt_text":"","src":"https:\/\/i0.wp.com\/correiodasemana.com\/site\/wp-content\/uploads\/2019\/07\/dscf8825.jpg?resize=350%2C200&ssl=1","width":350,"height":200,"srcset":"https:\/\/i0.wp.com\/correiodasemana.com\/site\/wp-content\/uploads\/2019\/07\/dscf8825.jpg?resize=350%2C200&ssl=1 1x, https:\/\/i0.wp.com\/correiodasemana.com\/site\/wp-content\/uploads\/2019\/07\/dscf8825.jpg?resize=525%2C300&ssl=1 1.5x, https:\/\/i0.wp.com\/correiodasemana.com\/site\/wp-content\/uploads\/2019\/07\/dscf8825.jpg?resize=700%2C400&ssl=1 2x, https:\/\/i0.wp.com\/correiodasemana.com\/site\/wp-content\/uploads\/2019\/07\/dscf8825.jpg?resize=1050%2C600&ssl=1 3x, https:\/\/i0.wp.com\/correiodasemana.com\/site\/wp-content\/uploads\/2019\/07\/dscf8825.jpg?resize=1400%2C800&ssl=1 4x"},"classes":[]},{"id":8419,"url":"https:\/\/correiodasemana.com\/site\/panorama-politico-3\/","url_meta":{"origin":10692,"position":5},"title":"Panorama Pol\u00edtico","author":"","date":"Julho 22, 2019","format":false,"excerpt":"Prefeito Jacques Albuquerque sobe no conceito dos massapeenses A gest\u00e3o do prefeito de Massap\u00ea, Jacques Albuquerque, continua crescendo a passos largos e a cada dia aumenta os relevantes servi\u00e7os prestados ao povo de Massap\u00ea, notadamente os mais pobres. At\u00e9 agora mil pessoas recebem um b\u00f4nus mensal que serve para diminuir\u2026","rel":"","context":"In &quot;Artigos&quot;","block_context":{"text":"Artigos","link":"https:\/\/correiodasemana.com\/site\/category\/artigos\/"},"img":{"alt_text":"","src":"https:\/\/i0.wp.com\/correiodasemana.com\/site\/wp-content\/uploads\/2019\/07\/dscf8825.jpg?resize=350%2C200&ssl=1","width":350,"height":200,"srcset":"https:\/\/i0.wp.com\/correiodasemana.com\/site\/wp-content\/uploads\/2019\/07\/dscf8825.jpg?resize=350%2C200&ssl=1 1x, https:\/\/i0.wp.com\/correiodasemana.com\/site\/wp-content\/uploads\/2019\/07\/dscf8825.jpg?resize=525%2C300&ssl=1 1.5x, https:\/\/i0.wp.com\/correiodasemana.com\/site\/wp-content\/uploads\/2019\/07\/dscf8825.jpg?resize=700%2C400&ssl=1 2x, https:\/\/i0.wp.com\/correiodasemana.com\/site\/wp-content\/uploads\/2019\/07\/dscf8825.jpg?resize=1050%2C600&ssl=1 3x, https:\/\/i0.wp.com\/correiodasemana.com\/site\/wp-content\/uploads\/2019\/07\/dscf8825.jpg?resize=1400%2C800&ssl=1 4x"},"classes":[]}],"jetpack_sharing_enabled":true,"_links":{"self":[{"href":"https:\/\/correiodasemana.com\/site\/wp-json\/wp\/v2\/posts\/10692","targetHints":{"allow":["GET"]}}],"collection":[{"href":"https:\/\/correiodasemana.com\/site\/wp-json\/wp\/v2\/posts"}],"about":[{"href":"https:\/\/correiodasemana.com\/site\/wp-json\/wp\/v2\/types\/post"}],"author":[{"embeddable":true,"href":"https:\/\/correiodasemana.com\/site\/wp-json\/wp\/v2\/users\/1"}],"replies":[{"embeddable":true,"href":"https:\/\/correiodasemana.com\/site\/wp-json\/wp\/v2\/comments?post=10692"}],"version-history":[{"count":1,"href":"https:\/\/correiodasemana.com\/site\/wp-json\/wp\/v2\/posts\/10692\/revisions"}],"predecessor-version":[{"id":10693,"href":"https:\/\/correiodasemana.com\/site\/wp-json\/wp\/v2\/posts\/10692\/revisions\/10693"}],"wp:featuredmedia":[{"embeddable":true,"href":"https:\/\/correiodasemana.com\/site\/wp-json\/wp\/v2\/media\/9285"}],"wp:attachment":[{"href":"https:\/\/correiodasemana.com\/site\/wp-json\/wp\/v2\/media?parent=10692"}],"wp:term":[{"taxonomy":"category","embeddable":true,"href":"https:\/\/correiodasemana.com\/site\/wp-json\/wp\/v2\/categories?post=10692"},{"taxonomy":"post_tag","embeddable":true,"href":"https:\/\/correiodasemana.com\/site\/wp-json\/wp\/v2\/tags?post=10692"}],"curies":[{"name":"wp","href":"https:\/\/api.w.org\/{rel}","templated":true}]}}