{"id":10724,"date":"2020-02-10T01:33:07","date_gmt":"2020-02-10T01:33:07","guid":{"rendered":"https:\/\/correiodasemana.com\/site\/?p=10724"},"modified":"2020-02-10T01:33:07","modified_gmt":"2020-02-10T01:33:07","slug":"aluna-da-escola-publica-e-aprovada-em-1o-lugar-em-medicina-na-ufc","status":"publish","type":"post","link":"https:\/\/correiodasemana.com\/site\/aluna-da-escola-publica-e-aprovada-em-1o-lugar-em-medicina-na-ufc\/","title":{"rendered":"Aluna da escola p\u00fablica \u00e9 aprovada em 1\u00ba lugar em Medicina na UFC"},"content":{"rendered":"<p>A confian\u00e7a no ensino da escola p\u00fablica encaminhou Samira da Costa Carneiro, de 17 anos, para a realiza\u00e7\u00e3o do sonho de cursar medicina. A aluna rec\u00e9m formada no ensino m\u00e9dio pela escola profissionalizante Monsenhor Jos\u00e9 Alo\u00edsio Pinto, n\u00e3o s\u00f3 passou em um dos cursos mais concorridos da Universidade Federal do Cear\u00e1 (UFC) como tamb\u00e9m foi aprovada em 1\u00ba lugar por meio da primeira chamada do Sistema de Sele\u00e7\u00e3o Unificada (SISU).<br \/>\nA jovem conta que ainda no in\u00edcio do ensino m\u00e9dio, desejava cursar direito, mas ela diz que desistiu em raz\u00e3o da legisla\u00e7\u00e3o. J\u00e1 o olhar para a medicina surgiu pelo interesse em estudar mais o corpo humano, interligado com a fascina\u00e7\u00e3o de descobrir doen\u00e7as e curar pessoas.<br \/>\nSamira dedicou os tr\u00eas \u00faltimos anos aos estudos. Ela dividiu seu tempo entre as aulas da escola, est\u00e1gio e curso preparat\u00f3rio para o vestibular de medicina. E no tempo que sobrava, Samira gastava usando a internet. No entanto, \u00e9 engano de quem pensa que a quase acad\u00eamica em medicina gastava seu tempo navegando na internet usufruindo das redes sociais, ela usava a ferramenta para estudar ainda mais e, quando usava suas redes sociais, era sempre para ver conte\u00fados preparat\u00f3rios para o Exame Nacional do Ensino M\u00e9dio (ENEM). A estudante ainda destaca o aux\u00edlio de v\u00eddeoaula, uma nova ferramenta de aprendizagem que atualmente \u00e9 muito procurada por pessoas que desejam prestar vestibular, devido a rapidez da absor\u00e7\u00e3o do conte\u00fado de uma maneira din\u00e2mica. \u201cEu s\u00f3 usava celular se fosse para ver v\u00eddeoaula, eu tinha que colocar na minha cabe\u00e7a que tinha que estudar. Nas minhas redes sociais s\u00f3 o que tinha era coisa de estudos, ent\u00e3o dava certo\u201d, diz.<br \/>\nCom 920 pontos na reda\u00e7\u00e3o do ENEM, ela est\u00e1 feliz com o seu desempenho e se autodeclara uma estudante exigente. Samira tamb\u00e9m usava os intervalos no per\u00edodo escolar para ocupar a biblioteca, treinando reda\u00e7\u00e3o e resolvendo quest\u00f5es de matem\u00e1tica que, segundo ela, aumenta a nota da prova. \u201cEu ficava fazendo reda\u00e7\u00e3o enquanto os outros almo\u00e7avam\u201d lembra.<br \/>\nAgora, a estudante e moradora da periferia, iniciar\u00e1 seu calend\u00e1rio acad\u00eamico no dia 17 de fevereiro. Coincidentemente a comemora\u00e7\u00e3o ser\u00e1 em dose dupla, porque al\u00e9m do in\u00edcio das aulas, \u00e9 anivers\u00e1rio de Samira.<\/p>\n<p>Rede de Apoio<br \/>\nOs pais de Samira acompanharam passo a passo da sua evolu\u00e7\u00e3o, desde o ensino b\u00e1sico at\u00e9 o vestibular. Viram a filha mais velha se tornar uma acad\u00eamica de Psicologia e agora se emocionam com a aprova\u00e7\u00e3o da filha ca\u00e7ula. \u201cEles choravam muito quando souberam. Todos eles sabiam que meu sonho era medicina, eles s\u00f3 falavam para eu ir com calma\u201d conta.<br \/>\nA Coordenadora Pedag\u00f3gica, Val\u00e9ria Sousa Melo, acompanhou Samira durante tr\u00eas anos. Ela destaca a ex aluna da Escola Profissionalizante Monsenhor Jos\u00e9 Alo\u00edsio Pinto, como uma estudante centrada e que sempre se destacava nas avalia\u00e7\u00f5es internas e externas. \u201cN\u00f3s sempre percebemos um potencial muito grande nela\u201d, conta.<br \/>\nA escola foi fundamental para tra\u00e7ar a conquista de Samira. Isso porque a Monsenhor Alo\u00edsio aposta no compromisso do professor com o aluno, oferece cursos de idiomas (Ingl\u00eas e Espanhol), laborat\u00f3rios e bibliotecas com um bom funcionamento e um agrad\u00e1vel ambiente escolar. \u201cEu acredito que a escola que d\u00e1 certo hoje, \u00e9 aquele escola onde o professor consegue perceber o seu papel. Eu acho que o nosso grande trunfo \u00e9 o nosso compromisso com essa educa\u00e7\u00e3o de qualidade no \u00e2mbito de tentar fornecer para esses meninos, o melhor conte\u00fado que n\u00f3s podemos oferecer para eles em sala\u201d, pontua a Coordenadora Pedag\u00f3gica.<br \/>\nLevando em conta esse cen\u00e1rio, \u00e9 poss\u00edvel compreender a confian\u00e7a que Samira teve na escola de ensino p\u00fablico. Ela acrescenta os convites que teve para estudar em um col\u00e9gio particular, mas optou a escola p\u00fablica por causa do est\u00e1gio t\u00e9cnico em finan\u00e7as e pela forma\u00e7\u00e3o social. \u201cEu n\u00e3o aceitei porque eu queria ser uma profissional. N\u00e3o queria s\u00f3 terminar o terceiro ano, tem que ter diferencial. Por isso resolvi ir pro profissional, por causa do curso t\u00e9cnico\u201d, afirma. \u201cAlguns professores eram como pais para mim, eles auxiliaram nos meus sonhos. Havia o melhor material e tinha assist\u00eancia psicol\u00f3gica\u201d, complementa Samira.<\/p>\n<p>Ensino Profissional<br \/>\nAl\u00e9m das ferramentas concretas, o ensino oferece uma forma\u00e7\u00e3o cidad\u00e3 para os alunos. \u201cA Samira chegou uma aluna muito introvertida, era muito quieta. Se n\u00f3s n\u00e3o tiv\u00e9ssemos esse cuidado aluno-aluno que gest\u00e3o e professores fazem, ela passaria despercebida. Mas ao longo das disciplinas da base diversificada de Projeto de Vida, de Forma\u00e7\u00e3o para a cidadania, a gente acaba conhecendo muito o perfil do aluno. E nessas aulas a Samira adquiriu muita desenvoltura. Ela \u00e9 uma aluna de muito senso de justi\u00e7a\u201d lembra Val\u00e9ria Sousa.<br \/>\nA presen\u00e7a dos pais em quatro reuni\u00f5es realizadas ao longo do ano \u00e9 exigida pela escola, e os pais de Samira compareciam frequentemente.<br \/>\nAgora a ex aluna virou refer\u00eancia na escola Monsenhor Alo\u00edsio. Segundo Val\u00e9ria, a equipe est\u00e1 comovida com o sucesso da garota. Afinal de contas, foi um \u00e1rduo trabalho de equipe. Samira tamb\u00e9m virou exemplo para os alunos. \u201cAlguns alunos do segundo ano vieram falar comigo para agradecer e pedir dicas. Outros queriam desistir , mas como viram que eu passei, foi um motivo para eles n\u00e3o desistirem\u201d, ressalta.<br \/>\nAl\u00e9m da aprova\u00e7\u00e3o de Samira da Costa em 1\u00ba lugar em medicina, a escola teve 37 aprova\u00e7\u00f5es e 26 classific\u00e1veis na Universidade Estadual Vale do Acara\u00fa (UVA), 20 aprova\u00e7\u00f5es no ENEM e 28 alunos inseridos no mercado de trabalho.<\/p>\n<p><img fetchpriority=\"high\" decoding=\"async\" class=\"aligncenter size-medium wp-image-10726\" src=\"https:\/\/correiodasemana.com\/site\/wp-content\/uploads\/2020\/02\/escola-profissionalizant4e-Monsenhor-Aloisio-Pinto-3-300x201.jpg\" alt=\"\" width=\"300\" height=\"201\" srcset=\"https:\/\/correiodasemana.com\/site\/wp-content\/uploads\/2020\/02\/escola-profissionalizant4e-Monsenhor-Aloisio-Pinto-3-300x201.jpg 300w, https:\/\/correiodasemana.com\/site\/wp-content\/uploads\/2020\/02\/escola-profissionalizant4e-Monsenhor-Aloisio-Pinto-3-1024x686.jpg 1024w, https:\/\/correiodasemana.com\/site\/wp-content\/uploads\/2020\/02\/escola-profissionalizant4e-Monsenhor-Aloisio-Pinto-3-768x514.jpg 768w, https:\/\/correiodasemana.com\/site\/wp-content\/uploads\/2020\/02\/escola-profissionalizant4e-Monsenhor-Aloisio-Pinto-3.jpg 1181w\" sizes=\"(max-width: 300px) 100vw, 300px\" \/> <img decoding=\"async\" class=\"aligncenter size-medium wp-image-10727\" src=\"https:\/\/correiodasemana.com\/site\/wp-content\/uploads\/2020\/02\/Samira-da-Costa-1-201x300.jpg\" alt=\"\" width=\"201\" height=\"300\" srcset=\"https:\/\/correiodasemana.com\/site\/wp-content\/uploads\/2020\/02\/Samira-da-Costa-1-201x300.jpg 201w, https:\/\/correiodasemana.com\/site\/wp-content\/uploads\/2020\/02\/Samira-da-Costa-1.jpg 304w\" sizes=\"(max-width: 201px) 100vw, 201px\" \/> <img decoding=\"async\" class=\"aligncenter size-medium wp-image-10728\" src=\"https:\/\/correiodasemana.com\/site\/wp-content\/uploads\/2020\/02\/Val\u00e9ria-coordenadoora-do-col\u00e9gio-Monsenhor-Aloisio-Pinto-1-300x201.jpg\" alt=\"\" width=\"300\" height=\"201\" srcset=\"https:\/\/correiodasemana.com\/site\/wp-content\/uploads\/2020\/02\/Val\u00e9ria-coordenadoora-do-col\u00e9gio-Monsenhor-Aloisio-Pinto-1-300x201.jpg 300w, https:\/\/correiodasemana.com\/site\/wp-content\/uploads\/2020\/02\/Val\u00e9ria-coordenadoora-do-col\u00e9gio-Monsenhor-Aloisio-Pinto-1-1024x686.jpg 1024w, https:\/\/correiodasemana.com\/site\/wp-content\/uploads\/2020\/02\/Val\u00e9ria-coordenadoora-do-col\u00e9gio-Monsenhor-Aloisio-Pinto-1-768x514.jpg 768w, https:\/\/correiodasemana.com\/site\/wp-content\/uploads\/2020\/02\/Val\u00e9ria-coordenadoora-do-col\u00e9gio-Monsenhor-Aloisio-Pinto-1.jpg 1181w\" sizes=\"(max-width: 300px) 100vw, 300px\" \/><\/p>\n","protected":false},"excerpt":{"rendered":"<p>A confian\u00e7a no ensino da escola p\u00fablica encaminhou Samira da Costa Carneiro, de 17 anos,&#8230;<\/p>\n","protected":false},"author":1,"featured_media":10726,"comment_status":"open","ping_status":"open","sticky":false,"template":"","format":"standard","meta":{"_jetpack_memberships_contains_paid_content":false,"footnotes":"","jetpack_publicize_message":"","jetpack_publicize_feature_enabled":true,"jetpack_social_post_already_shared":true,"jetpack_social_options":{"image_generator_settings":{"template":"highway","default_image_id":0,"font":"","enabled":false},"version":2}},"categories":[1],"tags":[],"class_list":["post-10724","post","type-post","status-publish","format-standard","has-post-thumbnail","hentry","category-atualidade"],"jetpack_publicize_connections":[],"jetpack_featured_media_url":"https:\/\/correiodasemana.com\/site\/wp-content\/uploads\/2020\/02\/escola-profissionalizant4e-Monsenhor-Aloisio-Pinto-3.jpg","jetpack-related-posts":[{"id":10776,"url":"https:\/\/correiodasemana.com\/site\/estudante-natural-de-comunidade-rural-de-meruoca-e-aprovada-em-1o-lugar-no-curso-de-engenharia-da-computacao-na-ufc\/","url_meta":{"origin":10724,"position":0},"title":"Estudante natural de comunidade rural de Meruoca \u00e9 aprovada em 1\u00ba lugar no curso de Engenharia da Computa\u00e7\u00e3o na UFC","author":"","date":"Fevereiro 10, 2020","format":false,"excerpt":"Por Marciley Salles Jovem de f\u00e9, esfor\u00e7ada e inteligente, estas s\u00e3o algumas caracter\u00edsticas de Leidiane Pereira de Souza, aprovada em primeiro lugar no Curso de Engenharia da Computa\u00e7\u00e3o na UFC pelo Enem 2019. Filha da dona de casa Expedita Pereira e do pedreiro Felizardo de Souza, natural do S\u00edtio S\u00e3o\u2026","rel":"","context":"In &quot;Atualidade&quot;","block_context":{"text":"Atualidade","link":"https:\/\/correiodasemana.com\/site\/category\/atualidade\/"},"img":{"alt_text":"","src":"https:\/\/i0.wp.com\/correiodasemana.com\/site\/wp-content\/uploads\/2020\/02\/83268101_818954978621313_5331394079060131840_n.jpg?resize=350%2C200&ssl=1","width":350,"height":200,"srcset":"https:\/\/i0.wp.com\/correiodasemana.com\/site\/wp-content\/uploads\/2020\/02\/83268101_818954978621313_5331394079060131840_n.jpg?resize=350%2C200&ssl=1 1x, https:\/\/i0.wp.com\/correiodasemana.com\/site\/wp-content\/uploads\/2020\/02\/83268101_818954978621313_5331394079060131840_n.jpg?resize=525%2C300&ssl=1 1.5x, https:\/\/i0.wp.com\/correiodasemana.com\/site\/wp-content\/uploads\/2020\/02\/83268101_818954978621313_5331394079060131840_n.jpg?resize=700%2C400&ssl=1 2x"},"classes":[]},{"id":11652,"url":"https:\/\/correiodasemana.com\/site\/camara-aprova-mp-que-suspende-numero-minimo-de-dias-letivos\/","url_meta":{"origin":10724,"position":1},"title":"C\u00e2mara aprova MP que suspende n\u00famero m\u00ednimo de dias letivos","author":"","date":"Julho 8, 2020","format":false,"excerpt":"Por\u00a0Congresso Em Foco\u00a0Em\u00a007 jul, 2020 - 18:32\u00a0\u00daltima Atualiza\u00e7\u00e3o\u00a007 jul, 2020 - 18:33 \u00a0 \u00a0 A C\u00e2mara concluiu nesta ter\u00e7a-feira (7) a vota\u00e7\u00e3o da medida provis\u00f3ria\u00a0(MP 934\/2020), que prev\u00ea a flexibiliza\u00e7\u00e3o dos dias letivos por causa dos efeitos da pandemia de covid-19. O texto-base j\u00e1 havia sido aprovado semana passada. Hoje\u2026","rel":"","context":"In &quot;Atualidade&quot;","block_context":{"text":"Atualidade","link":"https:\/\/correiodasemana.com\/site\/category\/atualidade\/"},"img":{"alt_text":"","src":"https:\/\/i0.wp.com\/correiodasemana.com\/site\/wp-content\/uploads\/2020\/07\/escola-ebc-1.jpg?resize=350%2C200&ssl=1","width":350,"height":200,"srcset":"https:\/\/i0.wp.com\/correiodasemana.com\/site\/wp-content\/uploads\/2020\/07\/escola-ebc-1.jpg?resize=350%2C200&ssl=1 1x, https:\/\/i0.wp.com\/correiodasemana.com\/site\/wp-content\/uploads\/2020\/07\/escola-ebc-1.jpg?resize=525%2C300&ssl=1 1.5x"},"classes":[]},{"id":9145,"url":"https:\/\/correiodasemana.com\/site\/em-tempo-11\/","url_meta":{"origin":10724,"position":2},"title":"Em Tempo","author":"","date":"Setembro 15, 2019","format":false,"excerpt":"Concurso para professor da UFC A Universidade Federal do Cear\u00e1 (UFC) tornou p\u00fablico o\u00a0Edital n\u00ba 142\/2019, para sele\u00e7\u00e3o de professor. S\u00e3o ofertadas uma vaga em Fortaleza e duas no Campus da UFC em Sobral. As inscri\u00e7\u00f5es do concurso est\u00e3o abertas de\u00a012 de setembro a 1\u00ba de outubro. Em Sobral tem\u2026","rel":"","context":"In &quot;Artigos&quot;","block_context":{"text":"Artigos","link":"https:\/\/correiodasemana.com\/site\/category\/artigos\/"},"img":{"alt_text":"","src":"https:\/\/i0.wp.com\/correiodasemana.com\/site\/wp-content\/uploads\/2019\/09\/Destaques-Educacao.jpg?resize=350%2C200&ssl=1","width":350,"height":200,"srcset":"https:\/\/i0.wp.com\/correiodasemana.com\/site\/wp-content\/uploads\/2019\/09\/Destaques-Educacao.jpg?resize=350%2C200&ssl=1 1x, https:\/\/i0.wp.com\/correiodasemana.com\/site\/wp-content\/uploads\/2019\/09\/Destaques-Educacao.jpg?resize=525%2C300&ssl=1 1.5x, https:\/\/i0.wp.com\/correiodasemana.com\/site\/wp-content\/uploads\/2019\/09\/Destaques-Educacao.jpg?resize=700%2C400&ssl=1 2x, https:\/\/i0.wp.com\/correiodasemana.com\/site\/wp-content\/uploads\/2019\/09\/Destaques-Educacao.jpg?resize=1050%2C600&ssl=1 3x, https:\/\/i0.wp.com\/correiodasemana.com\/site\/wp-content\/uploads\/2019\/09\/Destaques-Educacao.jpg?resize=1400%2C800&ssl=1 4x"},"classes":[]},{"id":22265,"url":"https:\/\/correiodasemana.com\/site\/aos-14-anos-estudante-do-ceara-e-o-mais-jovem-aprovado-na-historia-do-ita\/","url_meta":{"origin":10724,"position":3},"title":"Aos 14 anos, estudante do Cear\u00e1 \u00e9 o mais jovem aprovado na hist\u00f3ria do ITA","author":"","date":"Dezembro 15, 2022","format":false,"excerpt":"O estudante de uma escola de Fortaleza, Caio Temponi, 14 anos, conquistou nesta quarta-feira, 14, o t\u00edtulo de pessoa mais jovem aprovada na hist\u00f3ria do Instituto Brasileiro de Aeron\u00e1utica (ITA), que tem uma das mais dif\u00edceis e concorridas provas do Pa\u00eds. O aluno inclusive recebeu homenagens do professor Anderson Correia,\u2026","rel":"","context":"In &quot;Atualidade&quot;","block_context":{"text":"Atualidade","link":"https:\/\/correiodasemana.com\/site\/category\/atualidade\/"},"img":{"alt_text":"","src":"https:\/\/i0.wp.com\/correiodasemana.com\/site\/wp-content\/uploads\/2022\/12\/1_whatsapp_image_2022_12_14_at_6_01_26_pm-20541062.jpeg?resize=350%2C200&ssl=1","width":350,"height":200,"srcset":"https:\/\/i0.wp.com\/correiodasemana.com\/site\/wp-content\/uploads\/2022\/12\/1_whatsapp_image_2022_12_14_at_6_01_26_pm-20541062.jpeg?resize=350%2C200&ssl=1 1x, https:\/\/i0.wp.com\/correiodasemana.com\/site\/wp-content\/uploads\/2022\/12\/1_whatsapp_image_2022_12_14_at_6_01_26_pm-20541062.jpeg?resize=525%2C300&ssl=1 1.5x, https:\/\/i0.wp.com\/correiodasemana.com\/site\/wp-content\/uploads\/2022\/12\/1_whatsapp_image_2022_12_14_at_6_01_26_pm-20541062.jpeg?resize=700%2C400&ssl=1 2x"},"classes":[]},{"id":12989,"url":"https:\/\/correiodasemana.com\/site\/lei-que-flexibiliza-ano-letivo-e-publicada-com-vetos\/","url_meta":{"origin":10724,"position":4},"title":"Lei que flexibiliza ano letivo \u00e9 publicada com vetos","author":"","date":"Agosto 19, 2020","format":false,"excerpt":"Os vetos ser\u00e3o analisados pelos parlamentares A Lei n\u00ba 14.040\/2020 foi publicada hoje (19) no\u00a0Di\u00e1rio Oficial da Uni\u00e3o\u00a0(DOU) com seis vetos. A medida desobriga as escolas de educa\u00e7\u00e3o b\u00e1sica e as universidades de cumprirem a quantidade m\u00ednima de dias letivos neste ano, em raz\u00e3o da pandemia da covid-19. O texto,\u2026","rel":"","context":"In &quot;Atualidade&quot;","block_context":{"text":"Atualidade","link":"https:\/\/correiodasemana.com\/site\/category\/atualidade\/"},"img":{"alt_text":"","src":"https:\/\/i0.wp.com\/correiodasemana.com\/site\/wp-content\/uploads\/2020\/08\/ensino_medio.jpg?resize=350%2C200&ssl=1","width":350,"height":200,"srcset":"https:\/\/i0.wp.com\/correiodasemana.com\/site\/wp-content\/uploads\/2020\/08\/ensino_medio.jpg?resize=350%2C200&ssl=1 1x, https:\/\/i0.wp.com\/correiodasemana.com\/site\/wp-content\/uploads\/2020\/08\/ensino_medio.jpg?resize=525%2C300&ssl=1 1.5x, https:\/\/i0.wp.com\/correiodasemana.com\/site\/wp-content\/uploads\/2020\/08\/ensino_medio.jpg?resize=700%2C400&ssl=1 2x, https:\/\/i0.wp.com\/correiodasemana.com\/site\/wp-content\/uploads\/2020\/08\/ensino_medio.jpg?resize=1050%2C600&ssl=1 3x"},"classes":[]},{"id":13093,"url":"https:\/\/correiodasemana.com\/site\/em-tempo-45\/","url_meta":{"origin":10724,"position":5},"title":"Em Tempo","author":"","date":"Agosto 24, 2020","format":false,"excerpt":"Inscri\u00e7\u00f5es para a 30\u00aa edi\u00e7\u00e3o do Cine Cear\u00e1 O\u00a0Cine Cear\u00e1 recebe at\u00e9 8 de setembro, inscri\u00e7\u00f5es para as mostras competitivas Ibero-Americana de Longa-Metragem e Brasileira de Curta-Metragem no site www.cineceara.com. O festival ocorrer\u00e1 de 28 de novembro a 4 de dezembro, em formato presencial e virtual. A Universidade Federal do\u2026","rel":"","context":"In &quot;Artigos&quot;","block_context":{"text":"Artigos","link":"https:\/\/correiodasemana.com\/site\/category\/artigos\/"},"img":{"alt_text":"","src":"https:\/\/i0.wp.com\/correiodasemana.com\/site\/wp-content\/uploads\/2019\/12\/FOTO-EDILSON-SILVA-2.jpg?resize=350%2C200&ssl=1","width":350,"height":200,"srcset":"https:\/\/i0.wp.com\/correiodasemana.com\/site\/wp-content\/uploads\/2019\/12\/FOTO-EDILSON-SILVA-2.jpg?resize=350%2C200&ssl=1 1x, https:\/\/i0.wp.com\/correiodasemana.com\/site\/wp-content\/uploads\/2019\/12\/FOTO-EDILSON-SILVA-2.jpg?resize=525%2C300&ssl=1 1.5x, https:\/\/i0.wp.com\/correiodasemana.com\/site\/wp-content\/uploads\/2019\/12\/FOTO-EDILSON-SILVA-2.jpg?resize=700%2C400&ssl=1 2x"},"classes":[]}],"jetpack_sharing_enabled":true,"_links":{"self":[{"href":"https:\/\/correiodasemana.com\/site\/wp-json\/wp\/v2\/posts\/10724","targetHints":{"allow":["GET"]}}],"collection":[{"href":"https:\/\/correiodasemana.com\/site\/wp-json\/wp\/v2\/posts"}],"about":[{"href":"https:\/\/correiodasemana.com\/site\/wp-json\/wp\/v2\/types\/post"}],"author":[{"embeddable":true,"href":"https:\/\/correiodasemana.com\/site\/wp-json\/wp\/v2\/users\/1"}],"replies":[{"embeddable":true,"href":"https:\/\/correiodasemana.com\/site\/wp-json\/wp\/v2\/comments?post=10724"}],"version-history":[{"count":1,"href":"https:\/\/correiodasemana.com\/site\/wp-json\/wp\/v2\/posts\/10724\/revisions"}],"predecessor-version":[{"id":10729,"href":"https:\/\/correiodasemana.com\/site\/wp-json\/wp\/v2\/posts\/10724\/revisions\/10729"}],"wp:featuredmedia":[{"embeddable":true,"href":"https:\/\/correiodasemana.com\/site\/wp-json\/wp\/v2\/media\/10726"}],"wp:attachment":[{"href":"https:\/\/correiodasemana.com\/site\/wp-json\/wp\/v2\/media?parent=10724"}],"wp:term":[{"taxonomy":"category","embeddable":true,"href":"https:\/\/correiodasemana.com\/site\/wp-json\/wp\/v2\/categories?post=10724"},{"taxonomy":"post_tag","embeddable":true,"href":"https:\/\/correiodasemana.com\/site\/wp-json\/wp\/v2\/tags?post=10724"}],"curies":[{"name":"wp","href":"https:\/\/api.w.org\/{rel}","templated":true}]}}