{"id":10737,"date":"2020-02-10T01:40:28","date_gmt":"2020-02-10T01:40:28","guid":{"rendered":"https:\/\/correiodasemana.com\/site\/?p=10737"},"modified":"2020-02-10T01:40:28","modified_gmt":"2020-02-10T01:40:28","slug":"pequeno-memorial-a-dom-coutinho-em-seus-110-anos","status":"publish","type":"post","link":"https:\/\/correiodasemana.com\/site\/pequeno-memorial-a-dom-coutinho-em-seus-110-anos\/","title":{"rendered":"Pequeno memorial a Dom Coutinho, em seus 110 anos"},"content":{"rendered":"<p>H\u00e1 110 anos, no dia 7 de fevereiro de 1910, nascia Dom Jos\u00e9 Bezerra Coutinho, na ent\u00e3o localidade Riach\u00e3o, do munic\u00edpio de Baturit\u00e9 (CE), hoje munic\u00edpio de Capistrano. Filho de Jo\u00e3o Pedro Coutinho e de Maria Jos\u00e9 Bezerra Coutinho, foi batizado no dia 1\u00ba de maio de 1910.<br \/>\nDom Coutinho viveu a maior parte de sua inf\u00e2ncia em Independ\u00eancia e por conta disto, muitos pensam que o Bispo ali nasceu. Cursou os Ensinos fundamental e b\u00e1sico em Independ\u00eancia e Crate\u00fas (1923-1925).<br \/>\nSabendo que sua voca\u00e7\u00e3o seria servir a Deus pelo minist\u00e9rio sacerdotal, ingressou no Semin\u00e1rio pela Diocese de Sobral, visto que, embora nascido em Capistrano, vivia no territ\u00f3rio da Diocese de Sobral. Realizou o Ensino m\u00e9dio em Fortaleza, (1925-1927). Entre 1927 e 1928, cursou Filosofia no Semin\u00e1rio da Prainha, na Capital, onde cursou tamb\u00e9m Teologia, entre 1931 e 1933. Possu\u00eda, ainda, os Cursos de Psicologia e Hist\u00f3ria da Filosofia, feitos em Fortaleza.<br \/>\nEm 4 de dezembro de 1932, recebeu o subdiaconato das m\u00e3os de Dom Manoel da Silva Gomes, em Fortaleza. O Diaconato foi-lhe conferido por D. Jos\u00e9 Tupinamb\u00e1 da Frota, a 11 de junho de 1933. Foi o 23\u00ba Sacerdote ordenado por Dom Jos\u00e9 Tupinamb\u00e1 da Frota em Sobral, no dia 03 de dezembro de 1933, juntamente com os colegas: Antonio Ivan de Carvalho, In\u00e1cio Nogueira Magalh\u00e3es e Jo\u00e3o Batista Pereira.<br \/>\nRec\u00e9m-ordenado, foi nomeado Vig\u00e1rio de Massap\u00ea e Meruoca (CE), entre 1934 e 1935. Sua segunda Par\u00f3quia foi S\u00e3o Benedito, al\u00e9m de Vig\u00e1rio, dirigiu o Col\u00e9gio Farias Brito e presidiu a Sociedade Cultural de S\u00e3o Benedito (1953-1956). Naquela Cidade permaneceu de 1936 a 1956, construindo ali tr\u00eas postos de sa\u00fade e uma maternidade, que ainda est\u00e1 em funcionamento e, ainda, dois col\u00e9gios mistos, o Patronato Dona Maria Lu\u00edza e a Escola Normal Rural de S\u00e3o Benedito.<br \/>\nEm 04 de mar\u00e7o de 1950, foi eleito P\u00e1roco Consultor de toda a Diocese de Sobral, sem preju\u00edzo \u00e0s suas fun\u00e7\u00f5es de Vig\u00e1rio Paroquial de S\u00e3o Benedito. No dia 06 de agosto de 1956 foi nomeado Bispo, pelo Santo Padre Pio XII e teve sua Ordena\u00e7\u00e3o Episcopal no dia 28 de outubro de 1956, na mesma Catedral de Sobral, de cuja Diocese, passou a ser Bispo Auxiliar at\u00e9 1961, escolhendo o lema episcopal: \u201cDominus Illuminatio mea\u201d (O Senhor \u00e9 minha luz).<br \/>\nCom a morte de D. Jos\u00e9 Tupinamb\u00e1, Bispo de Sobral, em 1959, foi eleito pelo Clero da Diocese Vig\u00e1rio Capitular de Sobral e o Museu Diocesano, hoje Museu Diocesano Dom Jos\u00e9, ficou sob sua dire\u00e7\u00e3o, fun\u00e7\u00f5es em que permaneceu at\u00e9 1961.<br \/>\nEnquanto esteve \u00e0 frente da Diocese de Sobral realizou prof\u00edcuo trabalho, destacando-se a reestrutura\u00e7\u00e3o da Diocese em todos os aspectos, inclusive o financeiro; instala\u00e7\u00e3o de quinhentas Escolas Radiof\u00f4nicas do Movimento de Educa\u00e7\u00e3o de Base (MEB); funda\u00e7\u00e3o da primeira faculdade de Filosofia do interior do Cear\u00e1, a Faculdade de Filosofia Dom Jos\u00e9, dir\u00edamos alicerce da Universidade Estadual Vale do Acara\u00fa \u2013 UVA.<br \/>\nEm 28 de janeiro de 1961, foi nomeado Bispo da rec\u00e9m-criada Diocese de Est\u00e2ncia, em Sergipe, onde instalou a Diocese em que esteve \u00e0 frente de 16 de abril de 1961 at\u00e9 1\u00ba de junho de 1985.<br \/>\nNa Diocese de Est\u00e2ncia, fundou tr\u00eas casas de apoio \u00e0s comunidades, nos Munic\u00edpios de Est\u00e2ncia, Po\u00e7o Verde e Tobias Barreto, com projeto desenvolvido pelas Irm\u00e3s Santa Maria, congrega\u00e7\u00e3o de origem belga, com trabalhos de catequese, educa\u00e7\u00e3o gratuita e aconselhamento.<br \/>\nFoi respons\u00e1vel, na Sede da Diocese, pela reforma de um hospital constru\u00eddo em 1860 que hoje proporciona assist\u00eancias m\u00e9dica e religiosa aos necessitados.<br \/>\nReformou a Igreja Catedral e a do Curato de Nossa Senhora do Ros\u00e1rio; construiu novas instala\u00e7\u00f5es para o Col\u00e9gio Sagrado Cora\u00e7\u00e3o de Jesus e o Centro Social. Fundou o Instituto Diocesano e criou o Centro Paroquial de Tomar do Geru, al\u00e9m de construir e reformar as Igrejas de Cristian\u00f3polis, Umba\u00faba, Arau\u00e1, Pedrinhas, Indiaroba, Salgado, Lagarto, Boquim, Itabaianinha, Tomar do Geru, Po\u00e7o Verde, Riach\u00e3o do Dantas, dentre outras.<br \/>\nNo exerc\u00edcio de suas atividades no Episcopado, participou do Conc\u00edlio Ecum\u00eanico Vaticano II, realizado sob os pontificados dos Papas Jo\u00e3o XXIII e Paulo VI, foi Presidente da Comiss\u00e3o de Pastoral da Fam\u00edlia; Membro da Comiss\u00e3o Representativa da CNBB; Presidente da Sociedade Educacional Farias Brito e da FACEME; Presidente da Sociedade Beneficente Amparo de Maria, Mantenedora do Hospital Amparo de Maria.<br \/>\nAos 75 anos, renunciou \u00e0 fun\u00e7\u00e3o de bispo-titular de Est\u00e2ncia (SE) e resignou-se, passando a residir em Fortaleza, no bairro Papicu, onde construiu uma capela dedicada a S\u00e3o Jos\u00e9 e paralelo a isso, foi capel\u00e3o do Hospital Geral de Fortaleza e um dos Vig\u00e1rios Gerais da Arquidiocese de Fortaleza.<br \/>\nIntegrou o Instituto Geogr\u00e1fico e a Associa\u00e7\u00e3o de Imprensa de Aracaju (SE), a Academia Sobralense de Estudos e Letras (s\u00f3cio-honor\u00e1rio), a Academia de Letras dos Munic\u00edpios do Estado do Cear\u00e1 (s\u00f3cio-honor\u00e1rio), a Academia Fortalezense de Letras (s\u00f3cio-honor\u00e1rio) e, ainda, presidente de honra da Academia Brasileira de Hagiologia e da Academia Cearense de Hagiologia. Recebeu a cidadania honor\u00edfica de S\u00e3o Benedito (CE), Sobral (CE), Est\u00e2ncia (SE) e do Estado de Sergipe, al\u00e9m do Doutoramento Honoris Causa pela Universidade Estadual Vale do Acara\u00fa \u2013 UVA de Sobral.<br \/>\nAt\u00e9 pouco antes de falecer, Dom Coutinho mantinha agenda intensa, apesar da condi\u00e7\u00e3o de Bispo Em\u00e9rito, ou seja, aposentado, permanecendo fiel com seus deveres religiosos. Passava seu tempo entre a Capela de S\u00e3o Jos\u00e9 e o Hospital Geral. Dormia cedo e acordava mais cedo ainda. \u00c0s quatro horas estava acordado, meia hora depois rezava seu brevi\u00e1rio; em seguida, caf\u00e9 da manh\u00e3 e leitura dos jornais locais, para depois ir ao HGF, onde celebrava, visitava os enfermos, ouvia confiss\u00f5es e dava a palavra de consolo aos pacientes e seus familiares.<br \/>\nFigura das mais cultas do episcopado brasileiro, conforme definiu o historiador Geraldo Nobre, Dom Coutinho, estava sempre presente em todos os movimentos religiosos e culturais a que era chamado e lembrava: \u201cposso dormir mais tarde, meia noite, por exemplo, mas \u00e0s quatro, estou acordado e prossigo com os compromissos do dia seguinte\u201d.<br \/>\nDom Jos\u00e9 Bezerra Coutinho, ent\u00e3o bispo-s\u00eanior cat\u00f3lico do Brasil (o mais idoso), faleceu a 7 de novembro de 2008, aos 98 anos, de parada card\u00edaca, em Fortaleza, com 65 anos de sacerd\u00f3cio e 41 anos de sagra\u00e7\u00e3o episcopal. Foi velado na capela que criou e que hoje \u00e9 Par\u00f3quia, no bairro Papicu, Par\u00f3quia de S\u00e3o Jos\u00e9 e seu sepultamento se deu no dia seguinte, na cripta da Catedral Metropolitana de Fortaleza (CE).<br \/>\nPor Jos\u00e9 Lu\u00eds Lira<br \/>\nEspecial para o Correio da Semana<\/p>\n<p><img fetchpriority=\"high\" decoding=\"async\" class=\"aligncenter size-medium wp-image-10738\" src=\"https:\/\/correiodasemana.com\/site\/wp-content\/uploads\/2020\/02\/20200205_123508-232x300.jpg\" alt=\"\" width=\"232\" height=\"300\" srcset=\"https:\/\/correiodasemana.com\/site\/wp-content\/uploads\/2020\/02\/20200205_123508-232x300.jpg 232w, https:\/\/correiodasemana.com\/site\/wp-content\/uploads\/2020\/02\/20200205_123508-792x1024.jpg 792w, https:\/\/correiodasemana.com\/site\/wp-content\/uploads\/2020\/02\/20200205_123508-768x993.jpg 768w, https:\/\/correiodasemana.com\/site\/wp-content\/uploads\/2020\/02\/20200205_123508.jpg 990w\" sizes=\"(max-width: 232px) 100vw, 232px\" \/> <img decoding=\"async\" class=\"aligncenter size-medium wp-image-10739\" src=\"https:\/\/correiodasemana.com\/site\/wp-content\/uploads\/2020\/02\/Dom-Coutinho-com-colegas-no-episcopado-e-Santo-Pio-de-Pietrelcina-300x181.jpg\" alt=\"\" width=\"300\" height=\"181\" srcset=\"https:\/\/correiodasemana.com\/site\/wp-content\/uploads\/2020\/02\/Dom-Coutinho-com-colegas-no-episcopado-e-Santo-Pio-de-Pietrelcina-300x181.jpg 300w, https:\/\/correiodasemana.com\/site\/wp-content\/uploads\/2020\/02\/Dom-Coutinho-com-colegas-no-episcopado-e-Santo-Pio-de-Pietrelcina-1024x616.jpg 1024w, https:\/\/correiodasemana.com\/site\/wp-content\/uploads\/2020\/02\/Dom-Coutinho-com-colegas-no-episcopado-e-Santo-Pio-de-Pietrelcina-768x462.jpg 768w, https:\/\/correiodasemana.com\/site\/wp-content\/uploads\/2020\/02\/Dom-Coutinho-com-colegas-no-episcopado-e-Santo-Pio-de-Pietrelcina-1536x925.jpg 1536w, https:\/\/correiodasemana.com\/site\/wp-content\/uploads\/2020\/02\/Dom-Coutinho-com-colegas-no-episcopado-e-Santo-Pio-de-Pietrelcina-2048x1233.jpg 2048w\" sizes=\"(max-width: 300px) 100vw, 300px\" \/> <img decoding=\"async\" class=\"aligncenter size-medium wp-image-10740\" src=\"https:\/\/correiodasemana.com\/site\/wp-content\/uploads\/2020\/02\/Dom-Coutinho-no-Vaticano-II-300x222.jpg\" alt=\"\" width=\"300\" height=\"222\" srcset=\"https:\/\/correiodasemana.com\/site\/wp-content\/uploads\/2020\/02\/Dom-Coutinho-no-Vaticano-II-300x222.jpg 300w, https:\/\/correiodasemana.com\/site\/wp-content\/uploads\/2020\/02\/Dom-Coutinho-no-Vaticano-II-1024x759.jpg 1024w, https:\/\/correiodasemana.com\/site\/wp-content\/uploads\/2020\/02\/Dom-Coutinho-no-Vaticano-II-768x569.jpg 768w, https:\/\/correiodasemana.com\/site\/wp-content\/uploads\/2020\/02\/Dom-Coutinho-no-Vaticano-II-1536x1139.jpg 1536w, https:\/\/correiodasemana.com\/site\/wp-content\/uploads\/2020\/02\/Dom-Coutinho-no-Vaticano-II-2048x1518.jpg 2048w\" sizes=\"(max-width: 300px) 100vw, 300px\" \/> <img loading=\"lazy\" decoding=\"async\" class=\"aligncenter size-medium wp-image-10741\" src=\"https:\/\/correiodasemana.com\/site\/wp-content\/uploads\/2020\/02\/Dom-Coutinho-207x300.jpg\" alt=\"\" width=\"207\" height=\"300\" srcset=\"https:\/\/correiodasemana.com\/site\/wp-content\/uploads\/2020\/02\/Dom-Coutinho-207x300.jpg 207w, https:\/\/correiodasemana.com\/site\/wp-content\/uploads\/2020\/02\/Dom-Coutinho-705x1024.jpg 705w, https:\/\/correiodasemana.com\/site\/wp-content\/uploads\/2020\/02\/Dom-Coutinho-768x1115.jpg 768w, https:\/\/correiodasemana.com\/site\/wp-content\/uploads\/2020\/02\/Dom-Coutinho-1058x1536.jpg 1058w, https:\/\/correiodasemana.com\/site\/wp-content\/uploads\/2020\/02\/Dom-Coutinho-1410x2048.jpg 1410w, https:\/\/correiodasemana.com\/site\/wp-content\/uploads\/2020\/02\/Dom-Coutinho.jpg 1683w\" sizes=\"(max-width: 207px) 100vw, 207px\" \/> <img loading=\"lazy\" decoding=\"async\" class=\"aligncenter size-medium wp-image-10742\" src=\"https:\/\/correiodasemana.com\/site\/wp-content\/uploads\/2020\/02\/Dom-Jos\u00e9-Tupinamb\u00e1-da-Frota-e-Dom-Coutinho-204x300.jpg\" alt=\"\" width=\"204\" height=\"300\" srcset=\"https:\/\/correiodasemana.com\/site\/wp-content\/uploads\/2020\/02\/Dom-Jos\u00e9-Tupinamb\u00e1-da-Frota-e-Dom-Coutinho-204x300.jpg 204w, https:\/\/correiodasemana.com\/site\/wp-content\/uploads\/2020\/02\/Dom-Jos\u00e9-Tupinamb\u00e1-da-Frota-e-Dom-Coutinho-697x1024.jpg 697w, https:\/\/correiodasemana.com\/site\/wp-content\/uploads\/2020\/02\/Dom-Jos\u00e9-Tupinamb\u00e1-da-Frota-e-Dom-Coutinho-768x1129.jpg 768w, https:\/\/correiodasemana.com\/site\/wp-content\/uploads\/2020\/02\/Dom-Jos\u00e9-Tupinamb\u00e1-da-Frota-e-Dom-Coutinho-1045x1536.jpg 1045w, https:\/\/correiodasemana.com\/site\/wp-content\/uploads\/2020\/02\/Dom-Jos\u00e9-Tupinamb\u00e1-da-Frota-e-Dom-Coutinho.jpg 1349w\" sizes=\"(max-width: 204px) 100vw, 204px\" \/> <img loading=\"lazy\" decoding=\"async\" class=\"aligncenter size-medium wp-image-10743\" src=\"https:\/\/correiodasemana.com\/site\/wp-content\/uploads\/2020\/02\/Papa-Jo\u00e3o-Paulo-I-e-Dom-Coutinho-262x300.jpg\" alt=\"\" width=\"262\" height=\"300\" srcset=\"https:\/\/correiodasemana.com\/site\/wp-content\/uploads\/2020\/02\/Papa-Jo\u00e3o-Paulo-I-e-Dom-Coutinho-262x300.jpg 262w, https:\/\/correiodasemana.com\/site\/wp-content\/uploads\/2020\/02\/Papa-Jo\u00e3o-Paulo-I-e-Dom-Coutinho-895x1024.jpg 895w, https:\/\/correiodasemana.com\/site\/wp-content\/uploads\/2020\/02\/Papa-Jo\u00e3o-Paulo-I-e-Dom-Coutinho-768x879.jpg 768w, https:\/\/correiodasemana.com\/site\/wp-content\/uploads\/2020\/02\/Papa-Jo\u00e3o-Paulo-I-e-Dom-Coutinho.jpg 1080w\" sizes=\"(max-width: 262px) 100vw, 262px\" \/> <img loading=\"lazy\" decoding=\"async\" class=\"aligncenter size-medium wp-image-10744\" src=\"https:\/\/correiodasemana.com\/site\/wp-content\/uploads\/2020\/02\/Papa-Jo\u00e3o-Paulo-II-e-Dom-Coutinho-244x300.jpg\" alt=\"\" width=\"244\" height=\"300\" srcset=\"https:\/\/correiodasemana.com\/site\/wp-content\/uploads\/2020\/02\/Papa-Jo\u00e3o-Paulo-II-e-Dom-Coutinho-244x300.jpg 244w, https:\/\/correiodasemana.com\/site\/wp-content\/uploads\/2020\/02\/Papa-Jo\u00e3o-Paulo-II-e-Dom-Coutinho-768x945.jpg 768w, https:\/\/correiodasemana.com\/site\/wp-content\/uploads\/2020\/02\/Papa-Jo\u00e3o-Paulo-II-e-Dom-Coutinho.jpg 780w\" sizes=\"(max-width: 244px) 100vw, 244px\" \/> <img loading=\"lazy\" decoding=\"async\" class=\"aligncenter size-medium wp-image-10745\" src=\"https:\/\/correiodasemana.com\/site\/wp-content\/uploads\/2020\/02\/Sagra\u00e7\u00e3o-Episcopal-de-Dom-Coutinho-300x217.jpg\" alt=\"\" width=\"300\" height=\"217\" srcset=\"https:\/\/correiodasemana.com\/site\/wp-content\/uploads\/2020\/02\/Sagra\u00e7\u00e3o-Episcopal-de-Dom-Coutinho-300x217.jpg 300w, https:\/\/correiodasemana.com\/site\/wp-content\/uploads\/2020\/02\/Sagra\u00e7\u00e3o-Episcopal-de-Dom-Coutinho-1024x741.jpg 1024w, https:\/\/correiodasemana.com\/site\/wp-content\/uploads\/2020\/02\/Sagra\u00e7\u00e3o-Episcopal-de-Dom-Coutinho-768x556.jpg 768w, https:\/\/correiodasemana.com\/site\/wp-content\/uploads\/2020\/02\/Sagra\u00e7\u00e3o-Episcopal-de-Dom-Coutinho.jpg 1057w\" sizes=\"(max-width: 300px) 100vw, 300px\" \/><\/p>\n","protected":false},"excerpt":{"rendered":"<p>H\u00e1 110 anos, no dia 7 de fevereiro de 1910, nascia Dom Jos\u00e9 Bezerra Coutinho,&#8230;<\/p>\n","protected":false},"author":1,"featured_media":10739,"comment_status":"open","ping_status":"open","sticky":false,"template":"","format":"standard","meta":{"_jetpack_memberships_contains_paid_content":false,"footnotes":"","jetpack_publicize_message":"","jetpack_publicize_feature_enabled":true,"jetpack_social_post_already_shared":true,"jetpack_social_options":{"image_generator_settings":{"template":"highway","default_image_id":0,"font":"","enabled":false},"version":2}},"categories":[1],"tags":[],"class_list":["post-10737","post","type-post","status-publish","format-standard","has-post-thumbnail","hentry","category-atualidade"],"jetpack_publicize_connections":[],"jetpack_featured_media_url":"https:\/\/correiodasemana.com\/site\/wp-content\/uploads\/2020\/02\/Dom-Coutinho-com-colegas-no-episcopado-e-Santo-Pio-de-Pietrelcina-scaled.jpg","jetpack-related-posts":[{"id":29316,"url":"https:\/\/correiodasemana.com\/site\/monsenhor-agnaldo-temoteo-10-bispo-nascido-na-diocese-de-sobral\/","url_meta":{"origin":10737,"position":0},"title":"Monsenhor Agnaldo Tem\u00f3teo, 10\u00b0 Bispo nascido na Diocese de Sobral","author":"adminredacao","date":"Maio 20, 2024","format":false,"excerpt":"Comendador Jos\u00e9 Lu\u00eds Lira, OESSJ Presidente do Instituto Hist\u00f3rico e Geogr\u00e1fico de Sobral (IHGS) A nomea\u00e7\u00e3o do Mons. Agnaldo Tem\u00f3teo da Silveira, por Sua Santidade o Papa Francisco, neste dia 14 de maio de 2024, para o episcopado da Igreja Cat\u00f3lica Apost\u00f3lica Romana, enche-nos de j\u00fabilo e faz acender em\u2026","rel":"","context":"In &quot;Atualidade&quot;","block_context":{"text":"Atualidade","link":"https:\/\/correiodasemana.com\/site\/category\/atualidade\/"},"img":{"alt_text":"","src":"https:\/\/i0.wp.com\/correiodasemana.com\/site\/wp-content\/uploads\/2024\/05\/DSC0881-scaled.jpg?resize=350%2C200&ssl=1","width":350,"height":200,"srcset":"https:\/\/i0.wp.com\/correiodasemana.com\/site\/wp-content\/uploads\/2024\/05\/DSC0881-scaled.jpg?resize=350%2C200&ssl=1 1x, https:\/\/i0.wp.com\/correiodasemana.com\/site\/wp-content\/uploads\/2024\/05\/DSC0881-scaled.jpg?resize=525%2C300&ssl=1 1.5x, https:\/\/i0.wp.com\/correiodasemana.com\/site\/wp-content\/uploads\/2024\/05\/DSC0881-scaled.jpg?resize=700%2C400&ssl=1 2x, https:\/\/i0.wp.com\/correiodasemana.com\/site\/wp-content\/uploads\/2024\/05\/DSC0881-scaled.jpg?resize=1050%2C600&ssl=1 3x, https:\/\/i0.wp.com\/correiodasemana.com\/site\/wp-content\/uploads\/2024\/05\/DSC0881-scaled.jpg?resize=1400%2C800&ssl=1 4x"},"classes":[]},{"id":17579,"url":"https:\/\/correiodasemana.com\/site\/ha-62-anos-sobral-parou-para-se-despedir-de-seu-primeiro-bispo\/","url_meta":{"origin":10737,"position":1},"title":"H\u00e1 62 anos Sobral parou para se despedir de seu primeiro bispo\u00a0","author":"","date":"Setembro 26, 2021","format":false,"excerpt":"Era uma sexta-feira, 25\/09\/1959, \u00e0s 21h30min, no ent\u00e3o Pal\u00e1cio Episcopal, hoje Museu Diocesano Dom Jos\u00e9. Dom Jos\u00e9 Tupinamb\u00e1 da Frota, primeiro Bispo de Sobral e Conde Romano da Santa S\u00e9, que agiu n\u00e3o s\u00f3 no aspecto religioso, mas, tamb\u00e9m, nos campos educacional, cultural, da sa\u00fade, das comunica\u00e7\u00f5es e assistenciais, falecia.\u2026","rel":"","context":"In &quot;Artigos&quot;","block_context":{"text":"Artigos","link":"https:\/\/correiodasemana.com\/site\/category\/artigos\/"},"img":{"alt_text":"","src":"https:\/\/i0.wp.com\/correiodasemana.com\/site\/wp-content\/uploads\/2018\/02\/Jose%CC%81-1.jpg?resize=350%2C200&ssl=1","width":350,"height":200,"srcset":"https:\/\/i0.wp.com\/correiodasemana.com\/site\/wp-content\/uploads\/2018\/02\/Jose%CC%81-1.jpg?resize=350%2C200&ssl=1 1x, https:\/\/i0.wp.com\/correiodasemana.com\/site\/wp-content\/uploads\/2018\/02\/Jose%CC%81-1.jpg?resize=525%2C300&ssl=1 1.5x, https:\/\/i0.wp.com\/correiodasemana.com\/site\/wp-content\/uploads\/2018\/02\/Jose%CC%81-1.jpg?resize=700%2C400&ssl=1 2x"},"classes":[]},{"id":16091,"url":"https:\/\/correiodasemana.com\/site\/correio-da-semana-103-anos-de-historia\/","url_meta":{"origin":10737,"position":2},"title":"Correio da Semana: 103 anos de hist\u00f3ria","author":"","date":"Abril 5, 2021","format":false,"excerpt":"Era domingo de P\u00e1scoa, 31 de mar\u00e7o de 1918, Pontificado de Bento XV, genov\u00eas, que, em 1915, criou a Diocese de Sobral. Os sinos da Catedral tocavam alegremente para celebrar a Ressurrei\u00e7\u00e3o de Cristo. Surgia um jornal semanal pertencente \u00e0 Diocese de Sobral, ent\u00e3o, com menos de 3 anos de\u2026","rel":"","context":"In &quot;Atualidade&quot;","block_context":{"text":"Atualidade","link":"https:\/\/correiodasemana.com\/site\/category\/atualidade\/"},"img":{"alt_text":"","src":"https:\/\/i0.wp.com\/correiodasemana.com\/site\/wp-content\/uploads\/2021\/04\/Jornal-Correio-da-Semana-No-890-1.jpg?resize=350%2C200&ssl=1","width":350,"height":200,"srcset":"https:\/\/i0.wp.com\/correiodasemana.com\/site\/wp-content\/uploads\/2021\/04\/Jornal-Correio-da-Semana-No-890-1.jpg?resize=350%2C200&ssl=1 1x, https:\/\/i0.wp.com\/correiodasemana.com\/site\/wp-content\/uploads\/2021\/04\/Jornal-Correio-da-Semana-No-890-1.jpg?resize=525%2C300&ssl=1 1.5x, https:\/\/i0.wp.com\/correiodasemana.com\/site\/wp-content\/uploads\/2021\/04\/Jornal-Correio-da-Semana-No-890-1.jpg?resize=700%2C400&ssl=1 2x"},"classes":[]},{"id":32476,"url":"https:\/\/correiodasemana.com\/site\/dom-vasconcelos-sera-empossado-conselheiro-de-honra-da-academia-brasileira-de-hagiologia\/","url_meta":{"origin":10737,"position":3},"title":"Dom Vasconcelos ser\u00e1 empossado Conselheiro de Honra da Academia Brasileira de Hagiologia","author":"adminredacao","date":"Fevereiro 10, 2025","format":false,"excerpt":"Posse\u00a0 O Presidente da Academia Brasileira de Hagiologia - ABRHAGI, Dom Andr\u00e9 Alves dos Santos, OSB, e o Presidente de Honra da ABRHAGI, Prof. Dr. Comend. Jos\u00e9 Lu\u00eds Ara\u00fajo Lira, t\u00eam a grata satisfa\u00e7\u00e3o de convidar para a Solenidade de Posse de Sua Excel\u00eancia Reverend\u00edssima o Senhor Bispo Dom Jos\u00e9\u2026","rel":"","context":"In &quot;Atualidade&quot;","block_context":{"text":"Atualidade","link":"https:\/\/correiodasemana.com\/site\/category\/atualidade\/"},"img":{"alt_text":"","src":"https:\/\/i0.wp.com\/correiodasemana.com\/site\/wp-content\/uploads\/2025\/02\/Dom_Vasconcelos_Sobral.jpg?resize=350%2C200&ssl=1","width":350,"height":200,"srcset":"https:\/\/i0.wp.com\/correiodasemana.com\/site\/wp-content\/uploads\/2025\/02\/Dom_Vasconcelos_Sobral.jpg?resize=350%2C200&ssl=1 1x, https:\/\/i0.wp.com\/correiodasemana.com\/site\/wp-content\/uploads\/2025\/02\/Dom_Vasconcelos_Sobral.jpg?resize=525%2C300&ssl=1 1.5x, https:\/\/i0.wp.com\/correiodasemana.com\/site\/wp-content\/uploads\/2025\/02\/Dom_Vasconcelos_Sobral.jpg?resize=700%2C400&ssl=1 2x"},"classes":[]},{"id":19312,"url":"https:\/\/correiodasemana.com\/site\/ha-104-anos-um-jornal-surgia-em-sobral\/","url_meta":{"origin":10737,"position":4},"title":"H\u00c1 104 ANOS UM JORNAL SURGIA EM SOBRAL&#8230;\u00a0","author":"","date":"Mar\u00e7o 27, 2022","format":false,"excerpt":"Domingo, 31 de mar\u00e7o de 1918. Os sinos do campan\u00e1rio da Catedral de Sobral tocavam alegremente, pois \u00e9 a Ressurrei\u00e7\u00e3o de Cristo. Domingo de P\u00e1scoa que nos remete \u00e0 boa-nova de Cristo. Gra\u00e7as a Dom Jos\u00e9 Tupinamb\u00e1 da Frota, sobralense, s\u00edmbolo maior da sobralidade, nosso primeiro bispo, surgia um jornal\u2026","rel":"","context":"In &quot;Artigos&quot;","block_context":{"text":"Artigos","link":"https:\/\/correiodasemana.com\/site\/category\/artigos\/"},"img":{"alt_text":"","src":"https:\/\/i0.wp.com\/correiodasemana.com\/site\/wp-content\/uploads\/2018\/02\/Jose%CC%81-1.jpg?resize=350%2C200&ssl=1","width":350,"height":200,"srcset":"https:\/\/i0.wp.com\/correiodasemana.com\/site\/wp-content\/uploads\/2018\/02\/Jose%CC%81-1.jpg?resize=350%2C200&ssl=1 1x, https:\/\/i0.wp.com\/correiodasemana.com\/site\/wp-content\/uploads\/2018\/02\/Jose%CC%81-1.jpg?resize=525%2C300&ssl=1 1.5x, https:\/\/i0.wp.com\/correiodasemana.com\/site\/wp-content\/uploads\/2018\/02\/Jose%CC%81-1.jpg?resize=700%2C400&ssl=1 2x"},"classes":[]},{"id":11975,"url":"https:\/\/correiodasemana.com\/site\/padre-antonio-mauricio-melo\/","url_meta":{"origin":10737,"position":5},"title":"PADRE ANTONIO MAUR\u00cdCIO MELO","author":"","date":"Julho 19, 2020","format":false,"excerpt":"Dia 10 \u00faltimo, sexta-feira, que nos remete ao Santo Sacrif\u00edcio de Nosso Senhor Jesus Cristo, \u00e0s 11 horas, faleceu o Padre Antonio Maur\u00edcio Melo, no Hospital de Guaraciaba do Norte, Cear\u00e1, em consequ\u00eancia de um c\u00e2ncer. Pe. Maur\u00edcio era o mais idoso dos sacerdotes filhos de Guaraciaba do Norte e\u2026","rel":"","context":"In &quot;Artigos&quot;","block_context":{"text":"Artigos","link":"https:\/\/correiodasemana.com\/site\/category\/artigos\/"},"img":{"alt_text":"","src":"https:\/\/i0.wp.com\/correiodasemana.com\/site\/wp-content\/uploads\/2019\/07\/Jose%CC%81-1.jpg?resize=350%2C200&ssl=1","width":350,"height":200,"srcset":"https:\/\/i0.wp.com\/correiodasemana.com\/site\/wp-content\/uploads\/2019\/07\/Jose%CC%81-1.jpg?resize=350%2C200&ssl=1 1x, https:\/\/i0.wp.com\/correiodasemana.com\/site\/wp-content\/uploads\/2019\/07\/Jose%CC%81-1.jpg?resize=525%2C300&ssl=1 1.5x, https:\/\/i0.wp.com\/correiodasemana.com\/site\/wp-content\/uploads\/2019\/07\/Jose%CC%81-1.jpg?resize=700%2C400&ssl=1 2x"},"classes":[]}],"jetpack_sharing_enabled":true,"_links":{"self":[{"href":"https:\/\/correiodasemana.com\/site\/wp-json\/wp\/v2\/posts\/10737","targetHints":{"allow":["GET"]}}],"collection":[{"href":"https:\/\/correiodasemana.com\/site\/wp-json\/wp\/v2\/posts"}],"about":[{"href":"https:\/\/correiodasemana.com\/site\/wp-json\/wp\/v2\/types\/post"}],"author":[{"embeddable":true,"href":"https:\/\/correiodasemana.com\/site\/wp-json\/wp\/v2\/users\/1"}],"replies":[{"embeddable":true,"href":"https:\/\/correiodasemana.com\/site\/wp-json\/wp\/v2\/comments?post=10737"}],"version-history":[{"count":1,"href":"https:\/\/correiodasemana.com\/site\/wp-json\/wp\/v2\/posts\/10737\/revisions"}],"predecessor-version":[{"id":10746,"href":"https:\/\/correiodasemana.com\/site\/wp-json\/wp\/v2\/posts\/10737\/revisions\/10746"}],"wp:featuredmedia":[{"embeddable":true,"href":"https:\/\/correiodasemana.com\/site\/wp-json\/wp\/v2\/media\/10739"}],"wp:attachment":[{"href":"https:\/\/correiodasemana.com\/site\/wp-json\/wp\/v2\/media?parent=10737"}],"wp:term":[{"taxonomy":"category","embeddable":true,"href":"https:\/\/correiodasemana.com\/site\/wp-json\/wp\/v2\/categories?post=10737"},{"taxonomy":"post_tag","embeddable":true,"href":"https:\/\/correiodasemana.com\/site\/wp-json\/wp\/v2\/tags?post=10737"}],"curies":[{"name":"wp","href":"https:\/\/api.w.org\/{rel}","templated":true}]}}