{"id":10801,"date":"2020-02-10T02:07:39","date_gmt":"2020-02-10T02:07:39","guid":{"rendered":"https:\/\/correiodasemana.com\/site\/?p=10801"},"modified":"2020-02-10T02:07:39","modified_gmt":"2020-02-10T02:07:39","slug":"suspeita-de-infeccao-do-novo-coronavirus-e-descartado-em-sobral","status":"publish","type":"post","link":"https:\/\/correiodasemana.com\/site\/suspeita-de-infeccao-do-novo-coronavirus-e-descartado-em-sobral\/","title":{"rendered":"Suspeita de infec\u00e7\u00e3o do novo coronav\u00edrus \u00e9 descartado em Sobral"},"content":{"rendered":"<p>Na segunda feira (03) foi descartada a suspeita de infec\u00e7\u00e3o pelo novo coronav\u00edrus em um morador de Sobral. Em nota de esclarecimento, a Secretaria Municipal da Sa\u00fade afirmou que o paciente apenas foi diagnosticado com rinov\u00edrus, causador de um resfriado comum.<\/p>\n<p><strong>Cidad\u00e3os de outros pa\u00edses poder\u00e3o voltar da China em avi\u00f5es do Brasil<\/strong><br \/>\nAs aeronaves enviadas pelo governo federal para resgatar brasileiros em Wuhan, na China, poder\u00e3o trazer cidad\u00e3os de outros pa\u00edses, caso haja disponibilidade de espa\u00e7o nos voos. A informa\u00e7\u00e3o foi dada pelo presidente Jair Bolsonaro durante live semanal transmitida na noite de quinta-feira (6). Um pedido de carona, segundo o presidente, j\u00e1 foi solicitado pelo governo da Pol\u00f4nia. As duas aeronaves da For\u00e7a A\u00e9rea Brasileira (FAB) decolaram ontem (5) de Bras\u00edlia com destino a Wuhan . A expectativa \u00e9 que eles tragam de volta ao Brasil as 34 pessoas (brasileiros e parentes) que se encontram na cidade epicentro do surto de coronav\u00edrus. Na volta, as aeronaves far\u00e3o cinco escalas: Urumqi (China), Vars\u00f3via (Pol\u00f4nia), Las Palmas (Espanha) e Fortaleza (CE), at\u00e9 o pouso final em An\u00e1polis (GO).<br \/>\nS\u00f3 poder\u00e3o embarcar na China pessoas que n\u00e3o apresentarem sintomas da doen\u00e7a. Uma equipe de m\u00e9dicos militares far\u00e1 exames preliminares ainda em solo chin\u00eas. A previs\u00e3o \u00e9 que os avi\u00f5es cheguem ao Brasil no s\u00e1bado (8), com desembarque na Base A\u00e9rea de An\u00e1polis, em Goi\u00e1s. Todos os resgatados, bem como a tripula\u00e7\u00e3o de militares, equipe m\u00e9dica e o cinegrafista da Empresa Brasil de Comunica\u00e7\u00e3o (EBC) que est\u00e3o a bordo, passar\u00e3o por uma quarentena de 18 dias nas instala\u00e7\u00f5es da base, seguindo protocolos e instru\u00e7\u00f5es oficiais visando \u00e0 seguran\u00e7a de todos envolvidos. Os cidad\u00e3os isolados ter\u00e3o tratamento gratuito e o direito de serem informados permanentemente sobre seu estado de sa\u00fade.<\/p>\n<p><strong>AMA realiza a\u00e7\u00e3o de sensibiliza\u00e7\u00e3o sobre descarte adequado do lixo em Sobral<\/strong><br \/>\nNesta quarta-feira (05\/02),\u00a0a Ag\u00eancia Municipal do Meio Ambiente (AMA) realizou, em parceria com as secretarias de Servi\u00e7os P\u00fablicos (Sesep) e da Seguran\u00e7a e Cidadania (Sesec), uma a\u00e7\u00e3o de sensibiliza\u00e7\u00e3o sobre o descarte irregular de res\u00edduos s\u00f3lidos (lixo). A a\u00e7\u00e3o respeita a Lei n\u00ba 1789\/2018, que institui a Pol\u00edtica Municipal de Res\u00edduos S\u00f3lidos. As atividades foram voltadas aos comerciantes, que foram orientados sobre a responsabilidade compartilhada para o descarte adequado. Eles foram informados ainda sobre a import\u00e2ncia da coleta seletiva de materiais, que podem ser destinados \u00e0s associa\u00e7\u00f5es de catadores locais.<\/p>\n<p><strong>C\u00e2mara de Sobral empossa o vereador Francisco Linhares da Ponte (Chico Joia) &#8211; MDB, substituindo o vereador Adauto Izidoro Arruda &#8211; MDB<\/strong><br \/>\nChico Joia (MDB) assumiu o lugar do legislador Adauto Izidoro Arruda (MDB), que pediu licen\u00e7a de 60 dias para tratar de assuntos particulares. A solenidade ocorreu na manh\u00e3 desta ter\u00e7a-feira (04\/02\/2020) na Presid\u00eancia da Casa, com as presen\u00e7as dos vereadores Carlos Evanilson Oliveira Vasconcelos, Cleiton Prado Carvalho, Ailton Marcos Fontenele Vieira, imprensa e outras autoridades.<\/p>\n<p><strong>Avi\u00e3o sai da pista e fuselagem se parte em aeroporto na Turquia; 3 pessoas morreram<\/strong><br \/>\nUm avi\u00e3o da companhia Pegasus Airlines saiu da pista ao aterrissar no aeroporto de Sabiha Gokcen, em Istambul, na Turquia, na quarta-feira (5). Tr\u00eas pessoas morreram, confirmou o ministro de Sa\u00fade, Fahrettin Koca. Imagens divulgadas pela imprensa local mostraram a fuselagem do avi\u00e3o, um Boeing 737-800, quebrada em v\u00e1rias partes e os passageiros sendo retirados pelas equipes de emerg\u00eancia. De acordo com o ministro da Sa\u00fade, ao menos 179 pessoas se feriram. At\u00e9 a \u00faltima atualiza\u00e7\u00e3o desta reportagem, n\u00e3o se sabia o estado de sa\u00fade dos feridos. O avi\u00e3o levava 177 passageiros e seis tripulantes e havia decolado da cidade da cidade de Izmir, no oeste da Turquia, rumo a Istambul.<\/p>\n<p><strong>Juiz rejeita den\u00fancia contra Glenn por invadir celulares<\/strong><br \/>\nO juiz federal Ricardo Leite, da 10\u00aa Vara Federal em Bras\u00edlia, aceitou parcialmente hoje (6) den\u00fancia feita no m\u00eas passado pelo Minist\u00e9rio P\u00fablico Federal (MPF)\u00a0contra seis investigados\u00a0na Opera\u00e7\u00e3o Spoofing\u00a0pela invas\u00e3o de celulares de autoridades. Com a decis\u00e3o, todos passaram \u00e0 condi\u00e7\u00e3o de r\u00e9us no processo. Na mesma decis\u00e3o, o magistrado rejeitou a parte da den\u00fancia que acusou o jornalista norte-americano Glenn Greenwald, respons\u00e1vel pelo site The Intercept Brasil, dos crimes de organiza\u00e7\u00e3o criminosa e intercepta\u00e7\u00e3o telef\u00f4nica ilegal. Desde o ano passado, o site vem publicando o conte\u00fado das conversas privadas de autoridades, como o ministro da Justi\u00e7a e Seguran\u00e7a P\u00fablica, S\u00e9rgio Moro, que foram obtidas com os investigados. Segundo o magistrado, o jornalista estava amparado por uma liminar do ministro do Supremo Tribunal Federal (STF) Gilmar Mendes, que impediu que\u00a0ele fosse investigado.<\/p>\n","protected":false},"excerpt":{"rendered":"<p>Na segunda feira (03) foi descartada a suspeita de infec\u00e7\u00e3o pelo novo coronav\u00edrus em um&#8230;<\/p>\n","protected":false},"author":1,"featured_media":10774,"comment_status":"open","ping_status":"open","sticky":false,"template":"","format":"standard","meta":{"_jetpack_memberships_contains_paid_content":false,"footnotes":"","jetpack_publicize_message":"","jetpack_publicize_feature_enabled":true,"jetpack_social_post_already_shared":true,"jetpack_social_options":{"image_generator_settings":{"template":"highway","default_image_id":0,"font":"","enabled":false},"version":2}},"categories":[1],"tags":[],"class_list":["post-10801","post","type-post","status-publish","format-standard","has-post-thumbnail","hentry","category-atualidade"],"jetpack_publicize_connections":[],"jetpack_featured_media_url":"https:\/\/correiodasemana.com\/site\/wp-content\/uploads\/2020\/02\/hrn2-11559668.jpg","jetpack-related-posts":[{"id":10620,"url":"https:\/\/correiodasemana.com\/site\/coronavirus-tudo-o-que-voce-precisa-saber-sobre-a-nova-infeccao\/","url_meta":{"origin":10801,"position":0},"title":"Coronav\u00edrus: tudo o que voc\u00ea precisa saber sobre a nova infec\u00e7\u00e3o","author":"","date":"Janeiro 27, 2020","format":false,"excerpt":"Um\u00a0v\u00edrus\u00a0desconhecido pela ci\u00eancia at\u00e9 pouco tempo vem causando uma doen\u00e7a pulmonar grave em centenas de pessoas. Na\u00a0China, onde surgiu o novo\u00a0coronav\u00edrus,\u00a017 pessoas morreram\u00a0e 444 est\u00e3o infectadas, de acordo com o balan\u00e7o local mais recente. Casos da infec\u00e7\u00e3o j\u00e1 foram confirmados na Coreia do Sul, Tail\u00e2ndia, Jap\u00e3o, Estados Unidos e Taiwan.\u2026","rel":"","context":"In &quot;Atualidade&quot;","block_context":{"text":"Atualidade","link":"https:\/\/correiodasemana.com\/site\/category\/atualidade\/"},"img":{"alt_text":"","src":"https:\/\/i0.wp.com\/correiodasemana.com\/site\/wp-content\/uploads\/2020\/01\/coronavirus.jpg?resize=350%2C200&ssl=1","width":350,"height":200,"srcset":"https:\/\/i0.wp.com\/correiodasemana.com\/site\/wp-content\/uploads\/2020\/01\/coronavirus.jpg?resize=350%2C200&ssl=1 1x, https:\/\/i0.wp.com\/correiodasemana.com\/site\/wp-content\/uploads\/2020\/01\/coronavirus.jpg?resize=525%2C300&ssl=1 1.5x"},"classes":[]},{"id":11257,"url":"https:\/\/correiodasemana.com\/site\/bencao-concedida-por-dom-orani-no-cristo-redentor-e-noticia-no-prestigiado-diario-de-noticias-de-portugal\/","url_meta":{"origin":10801,"position":1},"title":"B\u00caN\u00c7\u00c3O CONCEDIDA POR DOM ORANI NO CRISTO REDENTOR \u00c9 NOT\u00cdCIA NO PRESTIGIADO DI\u00c1RIO DE NOT\u00cdCIAS, DE PORTUGAL","author":"","date":"Mar\u00e7o 24, 2020","format":false,"excerpt":"Jos\u00e9 Lu\u00eds Lira O jornal Di\u00e1rio de Not\u00edcias, de Funchal, Portugal, publicou mat\u00e9ria acerca da B\u00ean\u00e7\u00e3o com o Sant\u00edssimo Sacramento da Eucaristia concedida por Sua Emin\u00eancia o Cardeal Tempesta, Dom Orani, Arcebispo de S\u00e3o Sebasti\u00e3o do Rio de Janeiro e Gr\u00e3o-Prior da Ordem Equestre do Santo Sepulcro de Jerusal\u00e9m, no\u2026","rel":"","context":"In &quot;Atualidade&quot;","block_context":{"text":"Atualidade","link":"https:\/\/correiodasemana.com\/site\/category\/atualidade\/"},"img":{"alt_text":"","src":"https:\/\/i0.wp.com\/correiodasemana.com\/site\/wp-content\/uploads\/2020\/03\/fd11fd06-2b60-4b76-a6f3-b0c6098f14ed.jpg?resize=350%2C200&ssl=1","width":350,"height":200},"classes":[]},{"id":11306,"url":"https:\/\/correiodasemana.com\/site\/hemocentro-adota-medidas-de-prevencao-ao-covid-19-e-convida-populacao-a-doar-sangue\/","url_meta":{"origin":10801,"position":2},"title":"Hemocentro adota medidas de preven\u00e7\u00e3o ao Covid-19 e convida popula\u00e7\u00e3o a doar sangue","author":"","date":"Mar\u00e7o 24, 2020","format":false,"excerpt":"O Centro de Hematologia e Hemoterapia do Cear\u00e1 (Hemoce), do Governo do Estado, apresenta nesta quarta-feira, 18, a partir das 10h, a nova campanha para doa\u00e7\u00e3o de sangue. Al\u00e9m de refor\u00e7ar a import\u00e2ncia de a popula\u00e7\u00e3o continuar doando, o Hemoce divulga medidas de preven\u00e7\u00e3o em todas as unidades para combater\u2026","rel":"","context":"In &quot;Atualidade&quot;","block_context":{"text":"Atualidade","link":"https:\/\/correiodasemana.com\/site\/category\/atualidade\/"},"img":{"alt_text":"","src":"https:\/\/i0.wp.com\/correiodasemana.com\/site\/wp-content\/uploads\/2020\/01\/hemoce-doa%C3%A7%C3%A3o-5-scaled.jpg?resize=350%2C200&ssl=1","width":350,"height":200,"srcset":"https:\/\/i0.wp.com\/correiodasemana.com\/site\/wp-content\/uploads\/2020\/01\/hemoce-doa%C3%A7%C3%A3o-5-scaled.jpg?resize=350%2C200&ssl=1 1x, https:\/\/i0.wp.com\/correiodasemana.com\/site\/wp-content\/uploads\/2020\/01\/hemoce-doa%C3%A7%C3%A3o-5-scaled.jpg?resize=525%2C300&ssl=1 1.5x, https:\/\/i0.wp.com\/correiodasemana.com\/site\/wp-content\/uploads\/2020\/01\/hemoce-doa%C3%A7%C3%A3o-5-scaled.jpg?resize=700%2C400&ssl=1 2x, https:\/\/i0.wp.com\/correiodasemana.com\/site\/wp-content\/uploads\/2020\/01\/hemoce-doa%C3%A7%C3%A3o-5-scaled.jpg?resize=1050%2C600&ssl=1 3x, https:\/\/i0.wp.com\/correiodasemana.com\/site\/wp-content\/uploads\/2020\/01\/hemoce-doa%C3%A7%C3%A3o-5-scaled.jpg?resize=1400%2C800&ssl=1 4x"},"classes":[]},{"id":11155,"url":"https:\/\/correiodasemana.com\/site\/boletim-da-semana-12\/","url_meta":{"origin":10801,"position":3},"title":"Boletim da Semana","author":"","date":"Mar\u00e7o 9, 2020","format":false,"excerpt":"Programa de Resid\u00eancia Universit\u00e1ria da UVA recebe inscri\u00e7\u00f5es at\u00e9 18 de mar\u00e7o As inscri\u00e7\u00f5es de estudantes interessados em ingressar no Programa de Resid\u00eancia Universit\u00e1ria da Universidade Estadual Vale do Acara\u00fa (PRU\/UVA) encerrar\u00e3o no dia 18 de mar\u00e7o de 2020. De acordo com o Edital n\u00ba 002\/2020, publicado em 18 de\u2026","rel":"","context":"In &quot;Atualidade&quot;","block_context":{"text":"Atualidade","link":"https:\/\/correiodasemana.com\/site\/category\/atualidade\/"},"img":{"alt_text":"","src":"https:\/\/i0.wp.com\/correiodasemana.com\/site\/wp-content\/uploads\/2020\/03\/GettyImages-476433472.jpg?resize=350%2C200&ssl=1","width":350,"height":200,"srcset":"https:\/\/i0.wp.com\/correiodasemana.com\/site\/wp-content\/uploads\/2020\/03\/GettyImages-476433472.jpg?resize=350%2C200&ssl=1 1x, https:\/\/i0.wp.com\/correiodasemana.com\/site\/wp-content\/uploads\/2020\/03\/GettyImages-476433472.jpg?resize=525%2C300&ssl=1 1.5x, https:\/\/i0.wp.com\/correiodasemana.com\/site\/wp-content\/uploads\/2020\/03\/GettyImages-476433472.jpg?resize=700%2C400&ssl=1 2x"},"classes":[]},{"id":11246,"url":"https:\/\/correiodasemana.com\/site\/medico-infectologista-esclarece-duvidas-acerca-do-novo-coronavirus\/","url_meta":{"origin":10801,"position":4},"title":"M\u00e9dico Infectologista esclarece d\u00favidas acerca do novo Coronav\u00edrus","author":"","date":"Mar\u00e7o 24, 2020","format":false,"excerpt":"Em entrevista ao Correio da Semana, o M\u00e9dico Infectologista, Michel Abdalla, esclarece d\u00favidas a respeito da doen\u00e7a que avan\u00e7a pelo Brasil e no mundo. A Organiza\u00e7\u00e3o Mundial da Sa\u00fade (OMS) declarou pandemia do novo Coronav\u00edrus, no momento em que o n\u00famero de casos fora da China aumentou com mais de\u2026","rel":"","context":"In &quot;Atualidade&quot;","block_context":{"text":"Atualidade","link":"https:\/\/correiodasemana.com\/site\/category\/atualidade\/"},"img":{"alt_text":"","src":"https:\/\/i0.wp.com\/correiodasemana.com\/site\/wp-content\/uploads\/2020\/03\/Dr.-Michell-Abdalla-3.jpg?resize=350%2C200&ssl=1","width":350,"height":200,"srcset":"https:\/\/i0.wp.com\/correiodasemana.com\/site\/wp-content\/uploads\/2020\/03\/Dr.-Michell-Abdalla-3.jpg?resize=350%2C200&ssl=1 1x, https:\/\/i0.wp.com\/correiodasemana.com\/site\/wp-content\/uploads\/2020\/03\/Dr.-Michell-Abdalla-3.jpg?resize=525%2C300&ssl=1 1.5x, https:\/\/i0.wp.com\/correiodasemana.com\/site\/wp-content\/uploads\/2020\/03\/Dr.-Michell-Abdalla-3.jpg?resize=700%2C400&ssl=1 2x, https:\/\/i0.wp.com\/correiodasemana.com\/site\/wp-content\/uploads\/2020\/03\/Dr.-Michell-Abdalla-3.jpg?resize=1050%2C600&ssl=1 3x"},"classes":[]},{"id":11218,"url":"https:\/\/correiodasemana.com\/site\/santa-casa-de-misericordia-de-sobral-treina-profissionais-para-possiveis-casos-suspeitos-ou-confirmados-do-novo-coronavirus\/","url_meta":{"origin":10801,"position":5},"title":"Santa Casa de Miseric\u00f3rdia de Sobral treina profissionais para poss\u00edveis casos suspeitos ou confirmados do Novo Coronav\u00edrus","author":"","date":"Mar\u00e7o 18, 2020","format":false,"excerpt":"Organiza\u00e7\u00e3o Mundial da Sa\u00fade (OMS) declarou Pandemia depois de mais de 118 mil casos ao redor do mundo e 4.291 mortes nas \u00faltimas semanas. Com objetivo de treinar seus profissionais para correta condu\u00e7\u00e3o da assist\u00eancia a poss\u00edveis casos suspeitos ou confirmados do Novo Coronav\u00edrus (COVID-19), a Santa Casa de Miseric\u00f3rdia\u2026","rel":"","context":"In &quot;Santa Casa&quot;","block_context":{"text":"Santa Casa","link":"https:\/\/correiodasemana.com\/site\/category\/santa-casa\/"},"img":{"alt_text":"","src":"https:\/\/i0.wp.com\/correiodasemana.com\/site\/wp-content\/uploads\/2020\/03\/1.1-Palestra--scaled-e1584507158838.jpg?resize=350%2C200&ssl=1","width":350,"height":200,"srcset":"https:\/\/i0.wp.com\/correiodasemana.com\/site\/wp-content\/uploads\/2020\/03\/1.1-Palestra--scaled-e1584507158838.jpg?resize=350%2C200&ssl=1 1x, https:\/\/i0.wp.com\/correiodasemana.com\/site\/wp-content\/uploads\/2020\/03\/1.1-Palestra--scaled-e1584507158838.jpg?resize=525%2C300&ssl=1 1.5x, https:\/\/i0.wp.com\/correiodasemana.com\/site\/wp-content\/uploads\/2020\/03\/1.1-Palestra--scaled-e1584507158838.jpg?resize=700%2C400&ssl=1 2x, https:\/\/i0.wp.com\/correiodasemana.com\/site\/wp-content\/uploads\/2020\/03\/1.1-Palestra--scaled-e1584507158838.jpg?resize=1050%2C600&ssl=1 3x"},"classes":[]}],"jetpack_sharing_enabled":true,"_links":{"self":[{"href":"https:\/\/correiodasemana.com\/site\/wp-json\/wp\/v2\/posts\/10801","targetHints":{"allow":["GET"]}}],"collection":[{"href":"https:\/\/correiodasemana.com\/site\/wp-json\/wp\/v2\/posts"}],"about":[{"href":"https:\/\/correiodasemana.com\/site\/wp-json\/wp\/v2\/types\/post"}],"author":[{"embeddable":true,"href":"https:\/\/correiodasemana.com\/site\/wp-json\/wp\/v2\/users\/1"}],"replies":[{"embeddable":true,"href":"https:\/\/correiodasemana.com\/site\/wp-json\/wp\/v2\/comments?post=10801"}],"version-history":[{"count":1,"href":"https:\/\/correiodasemana.com\/site\/wp-json\/wp\/v2\/posts\/10801\/revisions"}],"predecessor-version":[{"id":10802,"href":"https:\/\/correiodasemana.com\/site\/wp-json\/wp\/v2\/posts\/10801\/revisions\/10802"}],"wp:featuredmedia":[{"embeddable":true,"href":"https:\/\/correiodasemana.com\/site\/wp-json\/wp\/v2\/media\/10774"}],"wp:attachment":[{"href":"https:\/\/correiodasemana.com\/site\/wp-json\/wp\/v2\/media?parent=10801"}],"wp:term":[{"taxonomy":"category","embeddable":true,"href":"https:\/\/correiodasemana.com\/site\/wp-json\/wp\/v2\/categories?post=10801"},{"taxonomy":"post_tag","embeddable":true,"href":"https:\/\/correiodasemana.com\/site\/wp-json\/wp\/v2\/tags?post=10801"}],"curies":[{"name":"wp","href":"https:\/\/api.w.org\/{rel}","templated":true}]}}