{"id":10925,"date":"2020-02-25T02:23:50","date_gmt":"2020-02-25T02:23:50","guid":{"rendered":"https:\/\/correiodasemana.com\/site\/?p=10925"},"modified":"2020-02-25T02:23:50","modified_gmt":"2020-02-25T02:23:50","slug":"capitalismo-riqueza-e-miseria","status":"publish","type":"post","link":"https:\/\/correiodasemana.com\/site\/capitalismo-riqueza-e-miseria\/","title":{"rendered":"CAPITALISMO: RIQUEZA E MIS\u00c9RIA"},"content":{"rendered":"<p>Segunda a hist\u00f3ria, das cincos civiliza\u00e7\u00f5es: o fogo, a religi\u00e3o, a roda e a escrita, o dinheiro \u00e9 a mais recente dessas inova\u00e7\u00f5es revolucion\u00e1rias. Portanto, \u00e9 a menos est\u00e1vel, a menos compreendida e a mais f\u00e1cil de controlar. Desde sua primeira apari\u00e7\u00e3o na hist\u00f3ria, o dinheiro vem forjando novas institui\u00e7\u00f5es e modos de vidas.<br \/>\nComo se sabe, a Roma foi o primeiro imp\u00e9rio da hist\u00f3ria baseado no dinheiro, que funcionava como principal mecanismo para tributos, com\u00e9rcio, governo, ex\u00e9rcito e templos. E os imperadores o controlavam. Era o que j\u00e1 dava sustenta\u00e7\u00e3o o termo capital, na \u00e9poca do cristianismo.<br \/>\nQuestionado sobre a justeza de pagar tributos ao imperador romano, Jesus Cristo, concedeu que o dinheiro, era uma quest\u00e3o de Estado, n\u00e3o de religi\u00e3o, profetizou: \u201cD\u00ea a C\u00e9sar o que \u00e9 de C\u00e9sar, e a de Deus o que \u00e9 de Deus\u201d. Da\u00ed com o colapso de sua moeda, o imp\u00e9rio romano caiu em ru\u00edna, e talvez ai esteja a fonte da popularidade do capitalismo no mundo moderno, com suas riquezas e mis\u00e9rias.<br \/>\nDiante disso, a coer\u00eancia no assunto nos obriga dizer, tamb\u00e9m, que na atualidade, o capitalismo, apesar de estar nos sistemas econ\u00f4micos de muitos governos, n\u00e3o perde o seu sentido de origem, pois j\u00e1 era presente entre os gregos, j\u00e1 era velhos como a filosofia. As pessoas ricas na Gr\u00e9cia come\u00e7avam, como mero artes\u00e3o e se tornavam capitalistas quase sem saberem. Elas faziam apenas o que parecia l\u00f3gico, para lucrarem por instinto natural. E, \u00e9 nesse sentido, pode-se dizer que o capitalismo \u00e9 um produto inacabado, em um sistema de governo.<br \/>\nPor isso, procuremos entender a hist\u00f3ria do capitalismo por instinto humano como o esfor\u00e7o dele no sentido de desprender-se, lentamente, da naturalidade em dire\u00e7\u00e3o a um ponto situado no topo da evolu\u00e7\u00e3o capitalista.<br \/>\nEnt\u00e3o, fica mais evidente em \u201cA Riqueza das Na\u00e7\u00f5es, considerado a B\u00edblia do capitalismo, de Adam Smitth. Nela, ele n\u00e3o estava defendendo um sistema, um \u201cismo\u201d. Na verdade, ele jamais escreveu a palavra \u201ccapitalismo\u201d. Estava descrevendo o que havia acontecido.<br \/>\nAl\u00e9m disso, Adam Smitth, n\u00e3o defendeu o que o governo deveria instituir o capitalismo, mas apenas que deveria remover leis antiquadas, como as que restringiam os movimentos dos trabalhadores, que impediam as pessoas empreendedoras de aproveitar ao m\u00e1ximo as oportunidades.<br \/>\nCom isso, fica claro, que a pequena centelha chamado \u201cdinheiro\u201d criado, no mundo antigo, precisamente no S\u00e9culo VII a.C., de Cristo, na L\u00eddia. Hoje, regi\u00e3o ocidental da moderna Turquia. \u00c9 uma cria\u00e7\u00e3o, que faz parte da vida, que acabou por contribuir para a ascens\u00e3o de um capitalismo, na forma moderna, nos sistemas econ\u00f4micos de muitos governos, em v\u00e1rios pa\u00edses.<br \/>\nPortanto, o verdadeiro teste de validade capitalista n\u00e3o se dar em teoria, mas na pr\u00e1tica. Quem pretende estabelecer uma rela\u00e7\u00e3o de causa e efeito entre natureza e os valores do empreendimento humano, tem um caso de prova; o efeito inevit\u00e1vel no renascimento de sociedades. Veja por exemplo, nos \u00faltimos s\u00e9culos a Europa, depois Am\u00e9rica do Norte carregaram a maior parte do fardo de fazer progredir a civiliza\u00e7\u00e3o humana, e, mais recente os asi\u00e1ticos, sem poder superar a fase predat\u00f3ria do capitalismo. A China \u00e9 um bom exemplo vivo disso.<br \/>\nVale perguntar, porque os asi\u00e1ticos? A inspira\u00e7\u00e3o sobre a forma de controlar a massa de pap\u00e9is comerciais veio do povo mongol da China Kublai Khan, transmitida por Marco Polo. Hoje, a China comunista apoia o pragmatismo do capitalismo, para manter a sociedade chinesa em progresso. Ou seja, na batida do port\u00e3o da propriedade do povo chin\u00eas.<br \/>\nPor tal via de racioc\u00ednio, \u00e9 poss\u00edvel aferir-se o grau de evolu\u00e7\u00e3o do poder econ\u00f4mica da China, mas a parte da desigualdade ainda \u00e9 muito forte. Segundo o grande filosofo italiano Domerico Losurdo, a China regrediu ao capitalismo sobre a reflex\u00e3o de transi\u00e7\u00e3o do capitalismo para o socialismo.<br \/>\nPortanto, s\u00e3o modelos capitalistas que podem serem destrutivos para a sociedades humanas. O que significa que o capitalismo n\u00e3o consegue, al\u00e9m, das trag\u00e9dias ambientais, tirar mais de quatro bilh\u00f5es de pessoas da mis\u00e9ria vivida no mundo. O desemprego e o subemprego s\u00e3o a face mutilada do progresso capitalista. A viol\u00eancia cresce de forma terr\u00edvel, mesmo em pa\u00edses desenvolvidos. S\u00f3 sabe contar os seus mortos e fazer balan\u00e7os dos interesses econ\u00f4micos, como os Estados Unidos, por exemplo, n\u00e3o foram al\u00e9m da conta da l\u00f3gica capitalista ap\u00f3s o 11 de setembro de 2011. E o pior, o terrorismo no mundo tornou-se pavorosa ferramenta pol\u00edtica e os interesses econ\u00f4micos por tr\u00e1s dele s\u00e3o poderosos e perigosos.<br \/>\nPor outro lado, neste cap\u00edtulo crucial est\u00e3o os sistemas econ\u00f4micos de muitos governos, na quest\u00e3o dos estilos de vida e dos padr\u00f5es de consumos, que, tamb\u00e9m, de alguma forma v\u00e3o ter que se incorporar ao c\u00e1lculo econ\u00f4mico capitalista consumista.<br \/>\nDesta forma, o capitalismo acontece por natureza de mercado. Nem precisa dizer que este fen\u00f4meno \u00e9 capaz se adaptar a qualquer regi\u00e3o do globo. Ou seja, em qualquer periferia de uma pequena cidade no Brasil. Por exemplo, muitas fam\u00edlias dirigidas por brasileiros mais pobres, que saem de casa \u00e0s cincos ou \u00e0s seis horas da manh\u00e3 e voltam para casa \u00e0s nove, eles v\u00e3o dizer para o filho, quer lhe presentear com um par de t\u00eanis, de uma marca famosa ou um celular de tecnologia de ponta.<br \/>\nEstamos convencidos de que esta gera\u00e7\u00e3o ser\u00e1 a mais sacrificada da hist\u00f3ria do capitalismo. A m\u00eddia do capitalismo molda os desejos e os objetivos dos homens. Para um ocidental pobre e consumista, os encantos de um Shopping Centers fazem todo sentido; todas aquelas vitrines o seduzem. Parece que sua felicidade vem embrulhada num papel colorido.<br \/>\nCom certeza, as teorias de Max e Engels renascem dessas entranhas do capitalismo selvagem, pois eles renascem das cinzas e continuam com seus contrapesos, respeitando as fases que integram o homem. Como Albert Einstein afirmou, o socialismo visa superar a fase predat\u00f3ria do desenvolvimento humano. O mercado \u00e9 predat\u00f3rio. Evidentemente \u00e9 uma proposta humana quase ut\u00f3pica, para o verdadeiro progresso humano, que viver\u00e3o em sociedades mais complexas, no futuro.<\/p>\n<p>Jornalista, Historiador e Cr\u00edtico Liter\u00e1rio.<\/p>\n","protected":false},"excerpt":{"rendered":"<p>Segunda a hist\u00f3ria, das cincos civiliza\u00e7\u00f5es: o fogo, a religi\u00e3o, a roda e a escrita,&#8230;<\/p>\n","protected":false},"author":1,"featured_media":10834,"comment_status":"open","ping_status":"open","sticky":false,"template":"","format":"standard","meta":{"_jetpack_memberships_contains_paid_content":false,"footnotes":"","jetpack_publicize_message":"","jetpack_publicize_feature_enabled":true,"jetpack_social_post_already_shared":true,"jetpack_social_options":{"image_generator_settings":{"template":"highway","default_image_id":0,"font":"","enabled":false},"version":2}},"categories":[11,16],"tags":[],"class_list":["post-10925","post","type-post","status-publish","format-standard","has-post-thumbnail","hentry","category-artigos","category-eudes-de-sousa"],"jetpack_publicize_connections":[],"jetpack_featured_media_url":"https:\/\/correiodasemana.com\/site\/wp-content\/uploads\/2020\/02\/Eudes-de-Sousa-escritor-4.jpg","jetpack-related-posts":[{"id":12194,"url":"https:\/\/correiodasemana.com\/site\/o-ser-humano-e-o-coronavirus\/","url_meta":{"origin":10925,"position":0},"title":"O SER HUMANO E O CORONAV\u00cdRUS","author":"","date":"Julho 25, 2020","format":false,"excerpt":"O ser humano, esse animal pensante n\u00e3o para si, sen\u00e3o equivocadamente, em sua estadia nesta terra, que Deus criou, tem sido n\u00e3o raro, alvo de muitas contradi\u00e7\u00f5es, criadas pelas pr\u00f3prias facetas que ele cria para sua hipocrisia, seja no terreno art\u00edstico, seja no \u00e2mbito pol\u00edtico e religioso, como foi e\u2026","rel":"","context":"In &quot;Artigos&quot;","block_context":{"text":"Artigos","link":"https:\/\/correiodasemana.com\/site\/category\/artigos\/"},"img":{"alt_text":"","src":"https:\/\/i0.wp.com\/correiodasemana.com\/site\/wp-content\/uploads\/2020\/02\/Eudes-de-Sousa-escritor-4.jpg?resize=350%2C200&ssl=1","width":350,"height":200,"srcset":"https:\/\/i0.wp.com\/correiodasemana.com\/site\/wp-content\/uploads\/2020\/02\/Eudes-de-Sousa-escritor-4.jpg?resize=350%2C200&ssl=1 1x, https:\/\/i0.wp.com\/correiodasemana.com\/site\/wp-content\/uploads\/2020\/02\/Eudes-de-Sousa-escritor-4.jpg?resize=525%2C300&ssl=1 1.5x, https:\/\/i0.wp.com\/correiodasemana.com\/site\/wp-content\/uploads\/2020\/02\/Eudes-de-Sousa-escritor-4.jpg?resize=700%2C400&ssl=1 2x, https:\/\/i0.wp.com\/correiodasemana.com\/site\/wp-content\/uploads\/2020\/02\/Eudes-de-Sousa-escritor-4.jpg?resize=1050%2C600&ssl=1 3x, https:\/\/i0.wp.com\/correiodasemana.com\/site\/wp-content\/uploads\/2020\/02\/Eudes-de-Sousa-escritor-4.jpg?resize=1400%2C800&ssl=1 4x"},"classes":[]},{"id":34591,"url":"https:\/\/correiodasemana.com\/site\/a-religiao-e-as-imagens-de-deus\/","url_meta":{"origin":10925,"position":1},"title":"A religi\u00e3o e as imagens de Deus\u00a0","author":"adminredacao","date":"Julho 15, 2025","format":false,"excerpt":"No final do s\u00e9culo passado, v\u00e1rios e analistas identificaram sinais do decl\u00ednio da relev\u00e2ncia da religi\u00e3o no mundo ocidental. A seu modo, eles ecoaram a voz de fil\u00f3sofos que, algumas d\u00e9cadas antes, propugnavam a morte de Deus e o nascimento do Homem livre e maduro, ou do \u2018Super-homem\u2019 como previa\u2026","rel":"","context":"In &quot;A voz do Pastor&quot;","block_context":{"text":"A voz do Pastor","link":"https:\/\/correiodasemana.com\/site\/category\/a-voz-do-pastor\/"},"img":{"alt_text":"","src":"https:\/\/i0.wp.com\/correiodasemana.com\/site\/wp-content\/uploads\/2019\/07\/Dom-Vasconcelos-posses.jpg?resize=350%2C200&ssl=1","width":350,"height":200,"srcset":"https:\/\/i0.wp.com\/correiodasemana.com\/site\/wp-content\/uploads\/2019\/07\/Dom-Vasconcelos-posses.jpg?resize=350%2C200&ssl=1 1x, https:\/\/i0.wp.com\/correiodasemana.com\/site\/wp-content\/uploads\/2019\/07\/Dom-Vasconcelos-posses.jpg?resize=525%2C300&ssl=1 1.5x, https:\/\/i0.wp.com\/correiodasemana.com\/site\/wp-content\/uploads\/2019\/07\/Dom-Vasconcelos-posses.jpg?resize=700%2C400&ssl=1 2x"},"classes":[]},{"id":16169,"url":"https:\/\/correiodasemana.com\/site\/jesus-instituiu-a-igreja-catolica\/","url_meta":{"origin":10925,"position":2},"title":"JESUS INSTITUIU A IGREJA CAT\u00d3LICA","author":"","date":"Abril 12, 2021","format":false,"excerpt":"Escrito por Matheus Ribeiro, seminarista - Semin\u00e1rio S\u00e3o Jos\u00e9, diocese de Sobral \u00c9 de minha pouca intencionalidade a enfatiza\u00e7\u00e3o dos desprovimentos origin\u00e1rios a respeito dos fundadores e o esp\u00edrito aut\u00eantico e verdadeiro das institui\u00e7\u00f5es que n\u00e3o parecem apreciar, ou at\u00e9 mesmo comungar, a nossa Igreja. Se houvesse outro substantivo que\u2026","rel":"","context":"In &quot;Artigos&quot;","block_context":{"text":"Artigos","link":"https:\/\/correiodasemana.com\/site\/category\/artigos\/"},"img":{"alt_text":"","src":"https:\/\/i0.wp.com\/correiodasemana.com\/site\/wp-content\/uploads\/2021\/04\/Matheus-Ribeiro.jpeg?resize=350%2C200&ssl=1","width":350,"height":200,"srcset":"https:\/\/i0.wp.com\/correiodasemana.com\/site\/wp-content\/uploads\/2021\/04\/Matheus-Ribeiro.jpeg?resize=350%2C200&ssl=1 1x, https:\/\/i0.wp.com\/correiodasemana.com\/site\/wp-content\/uploads\/2021\/04\/Matheus-Ribeiro.jpeg?resize=525%2C300&ssl=1 1.5x"},"classes":[]},{"id":22274,"url":"https:\/\/correiodasemana.com\/site\/operacao-da-pf-e-receita-combatem-lavagem-de-dinheiro-e-estelionato\/","url_meta":{"origin":10925,"position":3},"title":"Opera\u00e7\u00e3o da PF e Receita combatem lavagem de dinheiro e estelionato","author":"","date":"Dezembro 15, 2022","format":false,"excerpt":"Policiais federais, agentes da Receita Federal e membros do Minist\u00e9rio P\u00fablico Federal (MPF) fazem\u00a0hoje\u00a0(15) opera\u00e7\u00e3o contra um esquema de venda de cr\u00e9ditos fraudulentos e inexistentes para compensa\u00e7\u00e3o de d\u00edvidas tribut\u00e1rias de empresas. A opera\u00e7\u00e3o Cr\u00e9dito Podre cumpre cinco mandados de pris\u00e3o preventiva e 14 de busca e apreens\u00e3o. A Pol\u00edcia\u2026","rel":"","context":"In &quot;Atualidade&quot;","block_context":{"text":"Atualidade","link":"https:\/\/correiodasemana.com\/site\/category\/atualidade\/"},"img":{"alt_text":"","src":"https:\/\/i0.wp.com\/correiodasemana.com\/site\/wp-content\/uploads\/2022\/12\/Os-alvos-da-Operacao-Spoofing-da-Policia-Federal.jpg?resize=350%2C200&ssl=1","width":350,"height":200,"srcset":"https:\/\/i0.wp.com\/correiodasemana.com\/site\/wp-content\/uploads\/2022\/12\/Os-alvos-da-Operacao-Spoofing-da-Policia-Federal.jpg?resize=350%2C200&ssl=1 1x, https:\/\/i0.wp.com\/correiodasemana.com\/site\/wp-content\/uploads\/2022\/12\/Os-alvos-da-Operacao-Spoofing-da-Policia-Federal.jpg?resize=525%2C300&ssl=1 1.5x, https:\/\/i0.wp.com\/correiodasemana.com\/site\/wp-content\/uploads\/2022\/12\/Os-alvos-da-Operacao-Spoofing-da-Policia-Federal.jpg?resize=700%2C400&ssl=1 2x"},"classes":[]},{"id":33171,"url":"https:\/\/correiodasemana.com\/site\/educacao-e-cidadania-73\/","url_meta":{"origin":10925,"position":4},"title":"EDUCA\u00c7\u00c3O E CIDADANIA \u2022","author":"adminredacao","date":"Mar\u00e7o 31, 2025","format":false,"excerpt":"No Pa\u00eds dos Meus Sonhos \u201cEu aprendi com o meu povo que quando a coisa est\u00e1 muito s\u00e9ria o melhor que voc\u00ea pode fazer \u00e9 brincar com ela. E aprendi a desenhar o pa\u00eds dos meus sonhos, um pa\u00eds onde todo lavrador tem um par de bois pra puxar o\u2026","rel":"","context":"In &quot;Artigos&quot;","block_context":{"text":"Artigos","link":"https:\/\/correiodasemana.com\/site\/category\/artigos\/"},"img":{"alt_text":"","src":"https:\/\/i0.wp.com\/correiodasemana.com\/site\/wp-content\/uploads\/2022\/02\/Salmito-Campos-1-scaled.jpg?resize=350%2C200&ssl=1","width":350,"height":200,"srcset":"https:\/\/i0.wp.com\/correiodasemana.com\/site\/wp-content\/uploads\/2022\/02\/Salmito-Campos-1-scaled.jpg?resize=350%2C200&ssl=1 1x, https:\/\/i0.wp.com\/correiodasemana.com\/site\/wp-content\/uploads\/2022\/02\/Salmito-Campos-1-scaled.jpg?resize=525%2C300&ssl=1 1.5x, https:\/\/i0.wp.com\/correiodasemana.com\/site\/wp-content\/uploads\/2022\/02\/Salmito-Campos-1-scaled.jpg?resize=700%2C400&ssl=1 2x, https:\/\/i0.wp.com\/correiodasemana.com\/site\/wp-content\/uploads\/2022\/02\/Salmito-Campos-1-scaled.jpg?resize=1050%2C600&ssl=1 3x, https:\/\/i0.wp.com\/correiodasemana.com\/site\/wp-content\/uploads\/2022\/02\/Salmito-Campos-1-scaled.jpg?resize=1400%2C800&ssl=1 4x"},"classes":[]},{"id":8712,"url":"https:\/\/correiodasemana.com\/site\/presta-contas\/","url_meta":{"origin":10925,"position":5},"title":"Presta contas","author":"","date":"Agosto 17, 2019","format":false,"excerpt":"A negocia\u00e7\u00e3o de valores e princ\u00edpios indica desgastes e esgar\u00e7amentos na consci\u00eancia moral com incid\u00eancias na conduta,tornando as pessoasincapazes de cumprir a sua obriga\u00e7\u00e3o, particularmente, na administra\u00e7\u00e3odaquilo que deve promover o bem de todos. Se ningu\u00e9m \u00e9 dispensado do uso honesto e equilibrado dos pr\u00f3prios bens, legitimamente adquiridos, a exig\u00eancia\u2026","rel":"","context":"In &quot;A voz do Pastor&quot;","block_context":{"text":"A voz do Pastor","link":"https:\/\/correiodasemana.com\/site\/category\/a-voz-do-pastor\/"},"img":{"alt_text":"","src":"https:\/\/i0.wp.com\/correiodasemana.com\/site\/wp-content\/uploads\/2019\/07\/Dom-Vasconcelos-Em-entrevista-concedida-%C3%A0-Pascom-Diocesana-Foto-Jo%C3%A3o-Pauloo.jpg?resize=350%2C200&ssl=1","width":350,"height":200,"srcset":"https:\/\/i0.wp.com\/correiodasemana.com\/site\/wp-content\/uploads\/2019\/07\/Dom-Vasconcelos-Em-entrevista-concedida-%C3%A0-Pascom-Diocesana-Foto-Jo%C3%A3o-Pauloo.jpg?resize=350%2C200&ssl=1 1x, https:\/\/i0.wp.com\/correiodasemana.com\/site\/wp-content\/uploads\/2019\/07\/Dom-Vasconcelos-Em-entrevista-concedida-%C3%A0-Pascom-Diocesana-Foto-Jo%C3%A3o-Pauloo.jpg?resize=525%2C300&ssl=1 1.5x, https:\/\/i0.wp.com\/correiodasemana.com\/site\/wp-content\/uploads\/2019\/07\/Dom-Vasconcelos-Em-entrevista-concedida-%C3%A0-Pascom-Diocesana-Foto-Jo%C3%A3o-Pauloo.jpg?resize=700%2C400&ssl=1 2x, https:\/\/i0.wp.com\/correiodasemana.com\/site\/wp-content\/uploads\/2019\/07\/Dom-Vasconcelos-Em-entrevista-concedida-%C3%A0-Pascom-Diocesana-Foto-Jo%C3%A3o-Pauloo.jpg?resize=1050%2C600&ssl=1 3x, https:\/\/i0.wp.com\/correiodasemana.com\/site\/wp-content\/uploads\/2019\/07\/Dom-Vasconcelos-Em-entrevista-concedida-%C3%A0-Pascom-Diocesana-Foto-Jo%C3%A3o-Pauloo.jpg?resize=1400%2C800&ssl=1 4x"},"classes":[]}],"jetpack_sharing_enabled":true,"_links":{"self":[{"href":"https:\/\/correiodasemana.com\/site\/wp-json\/wp\/v2\/posts\/10925","targetHints":{"allow":["GET"]}}],"collection":[{"href":"https:\/\/correiodasemana.com\/site\/wp-json\/wp\/v2\/posts"}],"about":[{"href":"https:\/\/correiodasemana.com\/site\/wp-json\/wp\/v2\/types\/post"}],"author":[{"embeddable":true,"href":"https:\/\/correiodasemana.com\/site\/wp-json\/wp\/v2\/users\/1"}],"replies":[{"embeddable":true,"href":"https:\/\/correiodasemana.com\/site\/wp-json\/wp\/v2\/comments?post=10925"}],"version-history":[{"count":1,"href":"https:\/\/correiodasemana.com\/site\/wp-json\/wp\/v2\/posts\/10925\/revisions"}],"predecessor-version":[{"id":10926,"href":"https:\/\/correiodasemana.com\/site\/wp-json\/wp\/v2\/posts\/10925\/revisions\/10926"}],"wp:featuredmedia":[{"embeddable":true,"href":"https:\/\/correiodasemana.com\/site\/wp-json\/wp\/v2\/media\/10834"}],"wp:attachment":[{"href":"https:\/\/correiodasemana.com\/site\/wp-json\/wp\/v2\/media?parent=10925"}],"wp:term":[{"taxonomy":"category","embeddable":true,"href":"https:\/\/correiodasemana.com\/site\/wp-json\/wp\/v2\/categories?post=10925"},{"taxonomy":"post_tag","embeddable":true,"href":"https:\/\/correiodasemana.com\/site\/wp-json\/wp\/v2\/tags?post=10925"}],"curies":[{"name":"wp","href":"https:\/\/api.w.org\/{rel}","templated":true}]}}