{"id":10971,"date":"2020-02-25T03:03:11","date_gmt":"2020-02-25T03:03:11","guid":{"rendered":"https:\/\/correiodasemana.com\/site\/?p=10971"},"modified":"2020-02-25T03:03:11","modified_gmt":"2020-02-25T03:03:11","slug":"carnaval-e-quaresma","status":"publish","type":"post","link":"https:\/\/correiodasemana.com\/site\/carnaval-e-quaresma\/","title":{"rendered":"CARNAVAL E QUARESMA"},"content":{"rendered":"<p>QUANTO RISO, OH, QUANTA ALEGRIA! Uso a primeira estrofe da poesia-samba de Z\u00e9 Keti (1921-1929), na cl\u00e1ssica marchinha \u201cM\u00e1scara Negra\u201d, para introduzir esta coluna. \u00c9 s\u00e1bado de carnaval. \u00c9 um per\u00edodo em que, de modo muito especial no Brasil, a popula\u00e7\u00e3o para para se divertir. Digamos que um lazer coletivo. Em Sobral temos os desfiles das Escolas de Samba, as festas e as comemora\u00e7\u00f5es. Muitos se deslocam para as serras, as praias e outros locais em busca de divers\u00f5es ou at\u00e9 reflex\u00e3o, descanso, enfim, cada um d\u00e1 o rumo que quer ao seu carnaval e penso que os mais famosos carnavais do pa\u00eds sejam os do Rio de Janeiro, Bahia e Pernambuco. Nunca fui muito afeito a carnaval, mas, a recomenda\u00e7\u00e3o \u00e9 de que hajamos com prud\u00eancia. E, mais uma vez pedindo emprestado versos de Z\u00e9 Keti, \u201cNa mesma m\u00e1scara negra\/ Que esconde o teu rosto\/ Eu quero matar a saudade\/ Vou beijar-te agora\/ N\u00e3o me leve a mal\/ Hoje \u00e9 carnaval\u201d. Bom carnaval a todos.<br \/>\nQUARESMA.\u00a0Na quarta-feira depois do carnaval, os cat\u00f3licos temos uma grande celebra\u00e7\u00e3o. Em antigo Missal, encontramos que a Quarta-Feira de Cinzas \u00e9 o primeiro dia da Quaresma, o Dia das Cinzas. O per\u00edodo que se inicia nos remete \u00e0 convers\u00e3o e \u00e0 mudan\u00e7a de vida, para recordar a passageira fragilidade da vida humana, sujeita \u00e0 morte. Ao permitirmos que um sacerdote ponha sobre nossas cabe\u00e7as ou frontes as cinzas, feitas das palhas bentas no Domingo de Ramos, estamos dizendo que \u201cviemos do p\u00f3 e ao p\u00f3 voltaremos\u201d (Gn 3,19).<br \/>\nS\u00e3o 40 dias que antecedem a P\u00e1scoa Crist\u00e3 que se d\u00e1 no primeiro domingo ap\u00f3s a primeira lua cheia do outono do hemisf\u00e9rio norte. Deste modo, n\u00e3o se celebra a P\u00e1scoa num tempo fixo e sim num tempo m\u00f3vel. Por isso tamb\u00e9m o carnaval e a quaresma n\u00e3o t\u00eam data fixa. Como se contam os 40 dias da Quaresma? S\u00e3o 40 dias mesmo? Lembrando ensinamento do inesquec\u00edvel Pe. Osvaldo Chaves, observando-se o calend\u00e1rio lunar, com um detalhe especial, chegaremos ao resultado. S\u00e3o 40 dias de jejum e os hebreus n\u00e3o jejuavam no domingo, o Dia do Senhor; ent\u00e3o, ao contarmos os dias da Quaresma, haveremos de excluir os domingos. E neste sentido, lembro, que a Quaresma n\u00e3o \u00e9 per\u00edodo \u201ctriste\u201d. Jesus nos ensinou que quando jejuarmos perfumemos a cabe\u00e7a e lavemos o rosto para n\u00e3o mostrarmos que estamos jejuando (Mt 6,16-18). A Quaresma \u00e9 a prepara\u00e7\u00e3o para a P\u00e1scoa do Senhor Jesus, momento de triunfo da vida eterna sobre a morte humana.<br \/>\nH\u00e1 quase 60 anos a Igreja Cat\u00f3lica no Brasil oferece aos fi\u00e9is uma oportunidade para reflex\u00e3o durante a Quaresma, por meio da Campanha da Fraternidade, iniciada em 1962. Neste ano, \u201cFraternidade e Vida: Dom e Compromisso\u201d \u00e9 o tema; o lema: \u201cViu, sentiu compaix\u00e3o e cuidou dele\u201d (Lc 10,33-34). O cartaz da Campanha da Fraternidade de 2020, tem ao fundo, o Pelourinho, de Salvador (BA), e a figura de Santa Dulce dos Pobres \u00e9 destacada, com pobres, necessitados, crian\u00e7as e at\u00e9 um cachorrinho, todos felizes com a presen\u00e7a daquela que foi a personifica\u00e7\u00e3o da caridade e do pr\u00f3prio lema. Irm\u00e3 Dulce Lopes (1914-1992), canonizada em outubro de 2019, \u00e9 s\u00edmbolo do Brasil e foi muito feliz a escolha de sua imagem para o cartaz! Inspirados na vida e obra desta grande Santa genuinamente brasileira, reflitamos esses dias que antecedem a alegria da Ressurrei\u00e7\u00e3o!<\/p>\n","protected":false},"excerpt":{"rendered":"<p>QUANTO RISO, OH, QUANTA ALEGRIA! Uso a primeira estrofe da poesia-samba de Z\u00e9 Keti (1921-1929),&#8230;<\/p>\n","protected":false},"author":1,"featured_media":8256,"comment_status":"open","ping_status":"open","sticky":false,"template":"","format":"standard","meta":{"_jetpack_memberships_contains_paid_content":false,"footnotes":"","jetpack_publicize_message":"","jetpack_publicize_feature_enabled":true,"jetpack_social_post_already_shared":true,"jetpack_social_options":{"image_generator_settings":{"template":"highway","default_image_id":0,"font":"","enabled":false},"version":2}},"categories":[11,41],"tags":[],"class_list":["post-10971","post","type-post","status-publish","format-standard","has-post-thumbnail","hentry","category-artigos","category-jose-luis-lira"],"jetpack_publicize_connections":[],"jetpack_featured_media_url":"https:\/\/correiodasemana.com\/site\/wp-content\/uploads\/2019\/07\/Jose\u0301-1.jpg","jetpack-related-posts":[{"id":28369,"url":"https:\/\/correiodasemana.com\/site\/educacao-e-cidadania-35\/","url_meta":{"origin":10971,"position":0},"title":"EDUCA\u00c7\u00c3O E CIDADANIA \u2022","author":"adminredacao","date":"Fevereiro 15, 2024","format":false,"excerpt":"A Origem do Carnaval no Mundo e no Brasil A origem do Carnaval remonta ao Antigo Egito, per\u00edodo conhecido entre 3100 a.C e 30 a.C. Na Babil\u00f4nia, se realizava a comemora\u00e7\u00e3o das Saceias, onde era permitido que um prisioneiro assumisse a identidade do rei por alguns dias, sendo morto ao\u2026","rel":"","context":"In &quot;Artigos&quot;","block_context":{"text":"Artigos","link":"https:\/\/correiodasemana.com\/site\/category\/artigos\/"},"img":{"alt_text":"","src":"https:\/\/i0.wp.com\/correiodasemana.com\/site\/wp-content\/uploads\/2022\/02\/Salmito-Campos-1-scaled.jpg?resize=350%2C200&ssl=1","width":350,"height":200,"srcset":"https:\/\/i0.wp.com\/correiodasemana.com\/site\/wp-content\/uploads\/2022\/02\/Salmito-Campos-1-scaled.jpg?resize=350%2C200&ssl=1 1x, https:\/\/i0.wp.com\/correiodasemana.com\/site\/wp-content\/uploads\/2022\/02\/Salmito-Campos-1-scaled.jpg?resize=525%2C300&ssl=1 1.5x, https:\/\/i0.wp.com\/correiodasemana.com\/site\/wp-content\/uploads\/2022\/02\/Salmito-Campos-1-scaled.jpg?resize=700%2C400&ssl=1 2x, https:\/\/i0.wp.com\/correiodasemana.com\/site\/wp-content\/uploads\/2022\/02\/Salmito-Campos-1-scaled.jpg?resize=1050%2C600&ssl=1 3x, https:\/\/i0.wp.com\/correiodasemana.com\/site\/wp-content\/uploads\/2022\/02\/Salmito-Campos-1-scaled.jpg?resize=1400%2C800&ssl=1 4x"},"classes":[]},{"id":10939,"url":"https:\/\/correiodasemana.com\/site\/o-carnaval-e-parte-de-nos\/","url_meta":{"origin":10971,"position":1},"title":"O Carnaval \u00e9 parte de n\u00f3s","author":"","date":"Fevereiro 25, 2020","format":false,"excerpt":"por F\u00e1tima Moura N\u00f3s humano somos assim mesmo, bem complexos: uma parte sagrada outra profana, uma por\u00e7\u00e3o s\u00f3bria e outra inebriada. Uma parte de n\u00f3s \u201calmo\u00e7a e janta, outra parte se espanta\u201d, como diz Ferreira Gullar. E nesta dualidade, reservamos uma parcela de nossa exist\u00eancia para os momentos l\u00fadicos, a\u00e7\u00e3o\u2026","rel":"","context":"In &quot;Artigos&quot;","block_context":{"text":"Artigos","link":"https:\/\/correiodasemana.com\/site\/category\/artigos\/"},"img":{"alt_text":"","src":"https:\/\/i0.wp.com\/correiodasemana.com\/site\/wp-content\/uploads\/2020\/02\/fatimamoura9.jpg?resize=350%2C200&ssl=1","width":350,"height":200},"classes":[]},{"id":23068,"url":"https:\/\/correiodasemana.com\/site\/carnaval-entenda-por-que-a-festa-nao-tem-uma-data-fixa-para-acontecer\/","url_meta":{"origin":10971,"position":2},"title":"Carnaval: entenda por que a festa n\u00e3o tem uma data fixa para acontecer","author":"","date":"Janeiro 24, 2023","format":false,"excerpt":"Saiba quais s\u00e3o os fatores que influenciam na determina\u00e7\u00e3o da data da festa. Em 2023, o Carnaval vai ser comemorado de 18 a 22 de fevereiro. O Carnaval \u00e9 uma festa marcada pelos desfiles de escolas de samba, as ruas enfeitadas com cores vibrantes, confetes, m\u00fasicas animadas e o povo\u2026","rel":"","context":"In &quot;Atualidade&quot;","block_context":{"text":"Atualidade","link":"https:\/\/correiodasemana.com\/site\/category\/atualidade\/"},"img":{"alt_text":"","src":"https:\/\/i0.wp.com\/correiodasemana.com\/site\/wp-content\/uploads\/2023\/01\/0101.webp?resize=350%2C200&ssl=1","width":350,"height":200,"srcset":"https:\/\/i0.wp.com\/correiodasemana.com\/site\/wp-content\/uploads\/2023\/01\/0101.webp?resize=350%2C200&ssl=1 1x, https:\/\/i0.wp.com\/correiodasemana.com\/site\/wp-content\/uploads\/2023\/01\/0101.webp?resize=525%2C300&ssl=1 1.5x"},"classes":[]},{"id":15736,"url":"https:\/\/correiodasemana.com\/site\/e-carnaval-e-a-quaresma\/","url_meta":{"origin":10971,"position":3},"title":"\u00c9 CARNAVAL? E A QUARESMA?\u00a0","author":"","date":"Fevereiro 16, 2021","format":false,"excerpt":"\u201cQuanto riso, oh, quanta alegria!\/ Mais de mil palha\u00e7os no sal\u00e3o\/ Arlequim est\u00e1 chorando\/ Pelo amor da Colombina\/ No meio da multid\u00e3o\u201d, os versos dos cariocas Z\u00e9 Keti e Pereira Matos (1967), este ano de 2021 ficar\u00e3o s\u00f3 na lembran\u00e7a. Fazendo trocadilho com a marchinha do ano seguinte, 1968, de\u2026","rel":"","context":"In &quot;Artigos&quot;","block_context":{"text":"Artigos","link":"https:\/\/correiodasemana.com\/site\/category\/artigos\/"},"img":{"alt_text":"","src":"https:\/\/i0.wp.com\/correiodasemana.com\/site\/wp-content\/uploads\/2018\/02\/Jose%CC%81-1.jpg?resize=350%2C200&ssl=1","width":350,"height":200,"srcset":"https:\/\/i0.wp.com\/correiodasemana.com\/site\/wp-content\/uploads\/2018\/02\/Jose%CC%81-1.jpg?resize=350%2C200&ssl=1 1x, https:\/\/i0.wp.com\/correiodasemana.com\/site\/wp-content\/uploads\/2018\/02\/Jose%CC%81-1.jpg?resize=525%2C300&ssl=1 1.5x, https:\/\/i0.wp.com\/correiodasemana.com\/site\/wp-content\/uploads\/2018\/02\/Jose%CC%81-1.jpg?resize=700%2C400&ssl=1 2x"},"classes":[]},{"id":19090,"url":"https:\/\/correiodasemana.com\/site\/mais-um-carnaval-sem-festas\/","url_meta":{"origin":10971,"position":4},"title":"Mais um Carnaval sem festas","author":"","date":"Mar\u00e7o 7, 2022","format":false,"excerpt":"Mais um carnaval sem o verdadeiro carnaval de sempre. Mais um ano que a pandemia fez com que os foli\u00f5es ficassem sem a festa carnavalesca no Brasil, desta vez devido a chegada da variante \u00d4micron. O Brasil registrou na segunda feira 28 de fevereiro, mais de 172.600.000 pessoas vacinadas contra\u2026","rel":"","context":"In &quot;Artigos&quot;","block_context":{"text":"Artigos","link":"https:\/\/correiodasemana.com\/site\/category\/artigos\/"},"img":{"alt_text":"","src":"https:\/\/i0.wp.com\/correiodasemana.com\/site\/wp-content\/uploads\/2021\/08\/Salmito-Campos.jpg?resize=350%2C200&ssl=1","width":350,"height":200,"srcset":"https:\/\/i0.wp.com\/correiodasemana.com\/site\/wp-content\/uploads\/2021\/08\/Salmito-Campos.jpg?resize=350%2C200&ssl=1 1x, https:\/\/i0.wp.com\/correiodasemana.com\/site\/wp-content\/uploads\/2021\/08\/Salmito-Campos.jpg?resize=525%2C300&ssl=1 1.5x, https:\/\/i0.wp.com\/correiodasemana.com\/site\/wp-content\/uploads\/2021\/08\/Salmito-Campos.jpg?resize=700%2C400&ssl=1 2x, https:\/\/i0.wp.com\/correiodasemana.com\/site\/wp-content\/uploads\/2021\/08\/Salmito-Campos.jpg?resize=1050%2C600&ssl=1 3x, https:\/\/i0.wp.com\/correiodasemana.com\/site\/wp-content\/uploads\/2021\/08\/Salmito-Campos.jpg?resize=1400%2C800&ssl=1 4x"},"classes":[]},{"id":32561,"url":"https:\/\/correiodasemana.com\/site\/becco-ponto-com-202\/","url_meta":{"origin":10971,"position":5},"title":"BECCO PONTO.COM","author":"adminredacao","date":"Fevereiro 18, 2025","format":false,"excerpt":"LIVRAI-NOS, SENHOR! Das bandas modernas do carnaval sem nexo. Da chegada de uma oposi\u00e7\u00e3o amarela e fraca. Da ruma de faculdades oferecendo cursos. Da bufa em cima do muro como sempre, ufa! Da ruma de candidatos apoiados por Cid, ui! Dos novos puxa-sacos do poder sem amor. Do fac\u00e3ozinho do\u2026","rel":"","context":"In &quot;Artigos&quot;","block_context":{"text":"Artigos","link":"https:\/\/correiodasemana.com\/site\/category\/artigos\/"},"img":{"alt_text":"","src":"https:\/\/i0.wp.com\/correiodasemana.com\/site\/wp-content\/uploads\/2021\/09\/Dr-Chico-Prado-Trofeu-Dom-Jose-1.jpg?resize=350%2C200&ssl=1","width":350,"height":200,"srcset":"https:\/\/i0.wp.com\/correiodasemana.com\/site\/wp-content\/uploads\/2021\/09\/Dr-Chico-Prado-Trofeu-Dom-Jose-1.jpg?resize=350%2C200&ssl=1 1x, https:\/\/i0.wp.com\/correiodasemana.com\/site\/wp-content\/uploads\/2021\/09\/Dr-Chico-Prado-Trofeu-Dom-Jose-1.jpg?resize=525%2C300&ssl=1 1.5x, https:\/\/i0.wp.com\/correiodasemana.com\/site\/wp-content\/uploads\/2021\/09\/Dr-Chico-Prado-Trofeu-Dom-Jose-1.jpg?resize=700%2C400&ssl=1 2x, https:\/\/i0.wp.com\/correiodasemana.com\/site\/wp-content\/uploads\/2021\/09\/Dr-Chico-Prado-Trofeu-Dom-Jose-1.jpg?resize=1050%2C600&ssl=1 3x, https:\/\/i0.wp.com\/correiodasemana.com\/site\/wp-content\/uploads\/2021\/09\/Dr-Chico-Prado-Trofeu-Dom-Jose-1.jpg?resize=1400%2C800&ssl=1 4x"},"classes":[]}],"jetpack_sharing_enabled":true,"_links":{"self":[{"href":"https:\/\/correiodasemana.com\/site\/wp-json\/wp\/v2\/posts\/10971","targetHints":{"allow":["GET"]}}],"collection":[{"href":"https:\/\/correiodasemana.com\/site\/wp-json\/wp\/v2\/posts"}],"about":[{"href":"https:\/\/correiodasemana.com\/site\/wp-json\/wp\/v2\/types\/post"}],"author":[{"embeddable":true,"href":"https:\/\/correiodasemana.com\/site\/wp-json\/wp\/v2\/users\/1"}],"replies":[{"embeddable":true,"href":"https:\/\/correiodasemana.com\/site\/wp-json\/wp\/v2\/comments?post=10971"}],"version-history":[{"count":1,"href":"https:\/\/correiodasemana.com\/site\/wp-json\/wp\/v2\/posts\/10971\/revisions"}],"predecessor-version":[{"id":10972,"href":"https:\/\/correiodasemana.com\/site\/wp-json\/wp\/v2\/posts\/10971\/revisions\/10972"}],"wp:featuredmedia":[{"embeddable":true,"href":"https:\/\/correiodasemana.com\/site\/wp-json\/wp\/v2\/media\/8256"}],"wp:attachment":[{"href":"https:\/\/correiodasemana.com\/site\/wp-json\/wp\/v2\/media?parent=10971"}],"wp:term":[{"taxonomy":"category","embeddable":true,"href":"https:\/\/correiodasemana.com\/site\/wp-json\/wp\/v2\/categories?post=10971"},{"taxonomy":"post_tag","embeddable":true,"href":"https:\/\/correiodasemana.com\/site\/wp-json\/wp\/v2\/tags?post=10971"}],"curies":[{"name":"wp","href":"https:\/\/api.w.org\/{rel}","templated":true}]}}