{"id":10983,"date":"2020-03-02T04:29:23","date_gmt":"2020-03-02T04:29:23","guid":{"rendered":"https:\/\/correiodasemana.com\/site\/?p=10983"},"modified":"2020-03-02T04:29:23","modified_gmt":"2020-03-02T04:29:23","slug":"renascer-sobral-supera-publico-de-2-mil-pessoas","status":"publish","type":"post","link":"https:\/\/correiodasemana.com\/site\/renascer-sobral-supera-publico-de-2-mil-pessoas\/","title":{"rendered":"Renascer Sobral supera p\u00fablico de 2 mil pessoas"},"content":{"rendered":"<p>As missas e o Semin\u00e1rio de Vida no Esp\u00edrito Santo (SVES) foram os momentos com maior volume de p\u00fablico, chegando a 450 pessoas na missa da miseric\u00f3rdia da segunda-feira, 24<\/p>\n<p>Com o tema \u201cBuscai as coisas do alto\u201d, o Renascer Sobral alcan\u00e7ou um p\u00fablico de 2 mil participantes desde a missa de abertura na noite de s\u00e1bado, 22, at\u00e9 a ter\u00e7a-feira, 25, segundo a organiza\u00e7\u00e3o do evento. O Renascer ocorreu no col\u00e9gio Farias Brito, em Sobral. As missas e o Semin\u00e1rio de Vida no Esp\u00edrito Santo (SVES) foram os momentos com maior volume de p\u00fablico, chegando a 450 pessoas na missa da miseric\u00f3rdia da segunda-feira, 24.\u00a0 O reencontro do Renascer ocorrer\u00e1 no pr\u00f3ximo s\u00e1bado, 29, a partir das 15h no Centro de Evangeliza\u00e7\u00e3o Shalom Sobral (Rua Coronel Mont\u2019Alverne, 1409 \u2013 Campo dos Velhos).<br \/>\nO Renascer aconteceu simultaneamente nas irradia\u00e7\u00f5es de Forquilha, Massap\u00ea, Santana do Acara\u00fa e Corea\u00fa, al\u00e9m da difus\u00e3o de Tiangu\u00e1. Em Corea\u00fa, o p\u00fablico geral alcan\u00e7ou 600 pessoas nos dias de Renascer, com 180 pessoas no SVES, 40 crian\u00e7as no Kids e 5 pessoas alcan\u00e7adas pela ora\u00e7\u00e3o e aconselhamento. Em Forquilha, foram 276 participantes, com 30 pessoas no SVES, 25 crian\u00e7as no Kids, 4 na ora\u00e7\u00e3o e aconselhamento e 8 nas confiss\u00f5es. Santana do Acara\u00fa alcan\u00e7ou um p\u00fablico geral de 228 pessoas, com 76 participantes no SVES, 56 no Kids e 21 pessoas na ora\u00e7\u00e3o e aconselhamento.<br \/>\nEm Tiangu\u00e1, participaram do Renascer 264 pessoas. O SVES contou com 152 participantes, 28 crian\u00e7as no Kids e 18 pessoas tiveram uma experi\u00eancia com a miseric\u00f3rdia na Ora\u00e7\u00e3o e Aconselhamento.<br \/>\nSegundo a coordenadora apost\u00f3lica do Shalom Sobral, Glaucianne Santos, a avalia\u00e7\u00e3o \u00e9 positiva. O novo local do evento em Sobral, no Centro da cidade, favoreceu a vinda de um p\u00fablico novo. \u201cAs missas e a efus\u00e3o no Esp\u00edrito Santo foram os momentos mais fortes\u201d, garante. Ela lembra que o tema central do evento foi pregado pela mission\u00e1ria da Comunidade Shalom Geovannara Rocha.<br \/>\nA miseric\u00f3rdia de Deus foi o ponto alto do evento. Em Sobral, receberam o sacramento da confiss\u00e3o 155 pessoas. No domingo, 23, foram atendidas 21 pessoas em confiss\u00e3o. Na segunda-feira, 24, foram 69 pessoas atendidas e na ter\u00e7a-feira, 25, um total de 65 assistidos. Os padres confessores foram Pe. Paulo Henrique, Frei Edvar, Pe Raimundo Ribeiro, Pe F\u00e1bio Gomes , Pe Agnaldo Temoteo da Silveira e Pe Jairo Ribeiro.<br \/>\nO espa\u00e7o da ora\u00e7\u00e3o e aconselhamento proporciona o primeiro contato das pessoas com Jesus misericordioso e com o carisma Shalom. Foram atendidos na ora\u00e7\u00e3o e aconselhamento 2 pessoas no domingo, 23, foram 9 pessoas na segunda-feira, 24, e 8 pessoas na ter\u00e7a-feira, 25.<br \/>\nAs crian\u00e7as tiveram um espa\u00e7o todo especial para viverem uma experi\u00eancia com o amor de Deus, o Renascer Kids. As atividades e din\u00e2micas utilizam meios l\u00fadicos como teatro, m\u00fasica, desenhos e pinturas. Ap\u00f3s cada prega\u00e7\u00e3o, h\u00e1 uma atividade de aprofundamento para avaliar o entendimento das crian\u00e7as. Foram cerca de 30 crian\u00e7as participantes em cada turno do Renascer Kids em Sobral.<br \/>\nAs tardes do Renascer contaram com cursos de aprofundamento destinados \u00e0s pessoas que j\u00e1 participam dos grupos de ora\u00e7\u00e3o da Obra Shalom. O de Espiritualidade \u201cHomem novo gerado pelo esp\u00edrito\u201d contou com 33 pessoas por dia.<br \/>\nPara os jovens, o tema do curso foi \u201cCora\u00e7\u00f5es ao alto! O caminho dos nossos cora\u00e7\u00f5es: V\u00edcios transformados em virtude pela via da ascese\u201d. Segundo a organiza\u00e7\u00e3o dos cursos, participaram 17 jovens por dia.<\/p>\n<p>Experi\u00eancia<br \/>\nParticipando pela primeira vez do Renascer Sobral, a secret\u00e1ria Evangelina Fernandes da Silva, 37, considera o evento uma oportunidade de retornar para Deus. \u201cPara mim foi um renascer, um nascer de novo na gra\u00e7a de Deus, ser novamente gestada em Deus\u201d, garante. Questionada se pretende ir ao reencontro do Renascer, ela responde imediatamente que sim. \u201cCom certeza. Vou recome\u00e7ar de verdade. J\u00e1 tive uma experi\u00eancia com Deus, mas aqui na efus\u00e3o senti que Deus me chamou para retornar\u201d, explica.<br \/>\nCarol Falc\u00e3o, 15, come\u00e7ou a fazer parte de um grupo de ora\u00e7\u00e3o da Comunidade Shalom ap\u00f3s o Acampamento de Jovens Shalom (Acamp\u2019s). Segundo ela, o Renascer \u00e9 o melhor carnaval. \u201c\u00c9 muito importante o Renascer porque nesse tempo de Carnaval muitas pessoas ficam perdidas em festas e o melhor Carnaval sem d\u00favidas \u00e9 o Renascer, que nos faz crescer na experi\u00eancia com Deus.\u201d<br \/>\nEntre as crian\u00e7as, a experi\u00eancia do Renascer Kids e da efus\u00e3o do Esp\u00edrito Santo tamb\u00e9m foi marcante. \u201cA gente partilhou sentimentos\u201d, disse Marina, oito anos. Mateus resumiu assim o momento de ora\u00e7\u00e3o: \u201cFoi muito bom: amor, esperan\u00e7a, Shalom\u201d.<\/p>\n","protected":false},"excerpt":{"rendered":"<p>As missas e o Semin\u00e1rio de Vida no Esp\u00edrito Santo (SVES) foram os momentos com&#8230;<\/p>\n","protected":false},"author":1,"featured_media":10984,"comment_status":"open","ping_status":"open","sticky":false,"template":"","format":"standard","meta":{"_jetpack_memberships_contains_paid_content":false,"footnotes":"","jetpack_publicize_message":"","jetpack_publicize_feature_enabled":true,"jetpack_social_post_already_shared":true,"jetpack_social_options":{"image_generator_settings":{"template":"highway","default_image_id":0,"font":"","enabled":false},"version":2}},"categories":[1],"tags":[],"class_list":["post-10983","post","type-post","status-publish","format-standard","has-post-thumbnail","hentry","category-atualidade"],"jetpack_publicize_connections":[],"jetpack_featured_media_url":"https:\/\/correiodasemana.com\/site\/wp-content\/uploads\/2020\/03\/renascer2020-ger.jpeg","jetpack-related-posts":[{"id":37502,"url":"https:\/\/correiodasemana.com\/site\/renascer-sobral-2026-alcanca-recorde-com-mais-de-5-mil-participantes\/","url_meta":{"origin":10983,"position":0},"title":"Renascer Sobral 2026 alcan\u00e7a recorde com mais de 5 mil participantes","author":"adminredacao","date":"Fevereiro 23, 2026","format":false,"excerpt":"Com uma alegria inconfund\u00edvel, o Renascer Sobral alcan\u00e7ou recorde, reunindo mais de 5 mil pessoas para viverem um Carnaval diferente. O Retiro de Carnaval, realizado de 15 a 17 de fevereiro no Centro de Conven\u00e7\u00f5es de Sobral, teve como tema geral \u201cA nossa alegria \u00e9 eterna\u201d. O reencontro do Renascer\u2026","rel":"","context":"In &quot;Atualidade&quot;","block_context":{"text":"Atualidade","link":"https:\/\/correiodasemana.com\/site\/category\/atualidade\/"},"img":{"alt_text":"","src":"https:\/\/i0.wp.com\/correiodasemana.com\/site\/wp-content\/uploads\/2026\/02\/WhatsApp-Image-2026-02-20-at-21.44.11.jpeg?resize=350%2C200&ssl=1","width":350,"height":200,"srcset":"https:\/\/i0.wp.com\/correiodasemana.com\/site\/wp-content\/uploads\/2026\/02\/WhatsApp-Image-2026-02-20-at-21.44.11.jpeg?resize=350%2C200&ssl=1 1x, https:\/\/i0.wp.com\/correiodasemana.com\/site\/wp-content\/uploads\/2026\/02\/WhatsApp-Image-2026-02-20-at-21.44.11.jpeg?resize=525%2C300&ssl=1 1.5x, https:\/\/i0.wp.com\/correiodasemana.com\/site\/wp-content\/uploads\/2026\/02\/WhatsApp-Image-2026-02-20-at-21.44.11.jpeg?resize=700%2C400&ssl=1 2x"},"classes":[]},{"id":37199,"url":"https:\/\/correiodasemana.com\/site\/vem-ai-o-renascer-2026\/","url_meta":{"origin":10983,"position":1},"title":"Vem a\u00ed o Renascer 2026","author":"adminredacao","date":"Fevereiro 7, 2026","format":false,"excerpt":"Retiro de carnaval da Comunidade Cat\u00f3lica Shalom em Sobral acontecer\u00e1 no Centro de Conven\u00e7\u00f5es, com entrada gratuita A miss\u00e3o da Comunidade Cat\u00f3lica Shalom em Sobral prepara uma programa\u00e7\u00e3o especial para quem deseja um Carnaval diferente. Entre os dias 15 e 17 de fevereiro, o Centro de Conven\u00e7\u00f5es ser\u00e1 o palco\u2026","rel":"","context":"In &quot;Atualidade&quot;","block_context":{"text":"Atualidade","link":"https:\/\/correiodasemana.com\/site\/category\/atualidade\/"},"img":{"alt_text":"","src":"https:\/\/i0.wp.com\/correiodasemana.com\/site\/wp-content\/uploads\/2026\/02\/Jornal-Correio-da-Semana-No-1108.jpg?resize=350%2C200&ssl=1","width":350,"height":200,"srcset":"https:\/\/i0.wp.com\/correiodasemana.com\/site\/wp-content\/uploads\/2026\/02\/Jornal-Correio-da-Semana-No-1108.jpg?resize=350%2C200&ssl=1 1x, https:\/\/i0.wp.com\/correiodasemana.com\/site\/wp-content\/uploads\/2026\/02\/Jornal-Correio-da-Semana-No-1108.jpg?resize=525%2C300&ssl=1 1.5x, https:\/\/i0.wp.com\/correiodasemana.com\/site\/wp-content\/uploads\/2026\/02\/Jornal-Correio-da-Semana-No-1108.jpg?resize=700%2C400&ssl=1 2x"},"classes":[]},{"id":10817,"url":"https:\/\/correiodasemana.com\/site\/regiao-episcopal-6\/","url_meta":{"origin":10983,"position":2},"title":"Regi\u00e3o Episcopal","author":"","date":"Fevereiro 17, 2020","format":false,"excerpt":"POR MARCILEY SALLES Despertar com Cristo 2020 - Tendo a Deus, tenho tudo \u00c9 com grande alegria que a Comunidade Cat\u00f3lica Cristo Rei, de Ipu \u2013 CE convida voc\u00ea e sua fam\u00edlia para o Despertar com Cristo, este ano ser\u00e1 realizada de 22 \u00e0 25 de fevereiro em Ip\u00fa, e\u2026","rel":"","context":"In &quot;Diocese&quot;","block_context":{"text":"Diocese","link":"https:\/\/correiodasemana.com\/site\/category\/diocese\/"},"img":{"alt_text":"","src":"https:\/\/i0.wp.com\/correiodasemana.com\/site\/wp-content\/uploads\/2018\/02\/Igreja_Se%CC%81.jpg?resize=350%2C200&ssl=1","width":350,"height":200,"srcset":"https:\/\/i0.wp.com\/correiodasemana.com\/site\/wp-content\/uploads\/2018\/02\/Igreja_Se%CC%81.jpg?resize=350%2C200&ssl=1 1x, https:\/\/i0.wp.com\/correiodasemana.com\/site\/wp-content\/uploads\/2018\/02\/Igreja_Se%CC%81.jpg?resize=525%2C300&ssl=1 1.5x, https:\/\/i0.wp.com\/correiodasemana.com\/site\/wp-content\/uploads\/2018\/02\/Igreja_Se%CC%81.jpg?resize=700%2C400&ssl=1 2x, https:\/\/i0.wp.com\/correiodasemana.com\/site\/wp-content\/uploads\/2018\/02\/Igreja_Se%CC%81.jpg?resize=1050%2C600&ssl=1 3x, https:\/\/i0.wp.com\/correiodasemana.com\/site\/wp-content\/uploads\/2018\/02\/Igreja_Se%CC%81.jpg?resize=1400%2C800&ssl=1 4x"},"classes":[]},{"id":23352,"url":"https:\/\/correiodasemana.com\/site\/renascer-2023\/","url_meta":{"origin":10983,"position":3},"title":"Renascer 2023","author":"","date":"Fevereiro 3, 2023","format":false,"excerpt":"Renascer, evento realizado pela Comunidade Cat\u00f3lica Shalom, tem programa\u00e7\u00e3o com prega\u00e7\u00f5es, palestras, momentos de ora\u00e7\u00e3o e adora\u00e7\u00e3o, voltando ao formato presencial em 2023. A expectativa \u00e9 de que o p\u00fablico seja de aproximadamente 30 mil pessoas. A 36\u00aa edi\u00e7\u00e3o do retiro, com o tema \u201cMinha alma engrandece o Senhor\", vai\u2026","rel":"","context":"In &quot;Atualidade&quot;","block_context":{"text":"Atualidade","link":"https:\/\/correiodasemana.com\/site\/category\/atualidade\/"},"img":{"alt_text":"","src":"https:\/\/i0.wp.com\/correiodasemana.com\/site\/wp-content\/uploads\/2023\/02\/FmC8BOjXEA4evEv.jpg?resize=350%2C200&ssl=1","width":350,"height":200,"srcset":"https:\/\/i0.wp.com\/correiodasemana.com\/site\/wp-content\/uploads\/2023\/02\/FmC8BOjXEA4evEv.jpg?resize=350%2C200&ssl=1 1x, https:\/\/i0.wp.com\/correiodasemana.com\/site\/wp-content\/uploads\/2023\/02\/FmC8BOjXEA4evEv.jpg?resize=525%2C300&ssl=1 1.5x, https:\/\/i0.wp.com\/correiodasemana.com\/site\/wp-content\/uploads\/2023\/02\/FmC8BOjXEA4evEv.jpg?resize=700%2C400&ssl=1 2x, https:\/\/i0.wp.com\/correiodasemana.com\/site\/wp-content\/uploads\/2023\/02\/FmC8BOjXEA4evEv.jpg?resize=1050%2C600&ssl=1 3x"},"classes":[]},{"id":10296,"url":"https:\/\/correiodasemana.com\/site\/dom-vasconcelos-celebra-natal-com-funcionarios-do-complexo-santa-casa-de-misericordia-de-sobral\/","url_meta":{"origin":10983,"position":4},"title":"Dom Vasconcelos celebra Natal com funcion\u00e1rios do Complexo Santa Casa de Miseric\u00f3rdia de Sobral","author":"","date":"Dezembro 23, 2019","format":false,"excerpt":"Bispo de Sobral ressaltou a alegria e import\u00e2ncia de celebrar com os funcion\u00e1rios do Complexo Para melhor celebrar o Natal, e refor\u00e7ar os ideais crist\u00e3os que integram o Complexo Santa Casa de Miseric\u00f3rdia de Sobral, funcion\u00e1rios participaram na quarta-feira (18\/12) de Santa Missa presidida pelo provedor do Complexo, Dom Jos\u00e9\u2026","rel":"","context":"In &quot;Atualidade&quot;","block_context":{"text":"Atualidade","link":"https:\/\/correiodasemana.com\/site\/category\/atualidade\/"},"img":{"alt_text":"","src":"https:\/\/i0.wp.com\/correiodasemana.com\/site\/wp-content\/uploads\/2019\/12\/foto-2-2.jpg?resize=350%2C200&ssl=1","width":350,"height":200,"srcset":"https:\/\/i0.wp.com\/correiodasemana.com\/site\/wp-content\/uploads\/2019\/12\/foto-2-2.jpg?resize=350%2C200&ssl=1 1x, https:\/\/i0.wp.com\/correiodasemana.com\/site\/wp-content\/uploads\/2019\/12\/foto-2-2.jpg?resize=525%2C300&ssl=1 1.5x, https:\/\/i0.wp.com\/correiodasemana.com\/site\/wp-content\/uploads\/2019\/12\/foto-2-2.jpg?resize=700%2C400&ssl=1 2x"},"classes":[]},{"id":27801,"url":"https:\/\/correiodasemana.com\/site\/fazenda-da-esperanca-celebra-15-anos-de-fundacao-com-celebracoes-e-evento-beneficente\/","url_meta":{"origin":10983,"position":5},"title":"Fazenda da Esperan\u00e7a celebra 15 anos de funda\u00e7\u00e3o com celebra\u00e7\u00f5es e evento beneficente","author":"adminredacao","date":"Dezembro 19, 2023","format":false,"excerpt":"Programa\u00e7\u00e3o A unidade terap\u00eautica da Fazenda da Esperan\u00e7a S\u00e3o Bento localizada no distrito de Patriarca em Sobral iniciou no dia 10 de dezembro as celebra\u00e7\u00f5es em comemora\u00e7\u00e3o aos 15 anos da unidade terap\u00eautica. Durante toda a semana, os fundadores, colaboradores, benfeitores, acolhidos e ex acolhidos participaram de uma programa\u00e7\u00e3o intensa.\u2026","rel":"","context":"In &quot;Atualidade&quot;","block_context":{"text":"Atualidade","link":"https:\/\/correiodasemana.com\/site\/category\/atualidade\/"},"img":{"alt_text":"","src":"https:\/\/i0.wp.com\/correiodasemana.com\/site\/wp-content\/uploads\/2023\/12\/MISSA-DA-FAZENDA-DA-ESPERANCA-1-1-scaled.jpg?resize=350%2C200&ssl=1","width":350,"height":200,"srcset":"https:\/\/i0.wp.com\/correiodasemana.com\/site\/wp-content\/uploads\/2023\/12\/MISSA-DA-FAZENDA-DA-ESPERANCA-1-1-scaled.jpg?resize=350%2C200&ssl=1 1x, https:\/\/i0.wp.com\/correiodasemana.com\/site\/wp-content\/uploads\/2023\/12\/MISSA-DA-FAZENDA-DA-ESPERANCA-1-1-scaled.jpg?resize=525%2C300&ssl=1 1.5x, https:\/\/i0.wp.com\/correiodasemana.com\/site\/wp-content\/uploads\/2023\/12\/MISSA-DA-FAZENDA-DA-ESPERANCA-1-1-scaled.jpg?resize=700%2C400&ssl=1 2x, https:\/\/i0.wp.com\/correiodasemana.com\/site\/wp-content\/uploads\/2023\/12\/MISSA-DA-FAZENDA-DA-ESPERANCA-1-1-scaled.jpg?resize=1050%2C600&ssl=1 3x, https:\/\/i0.wp.com\/correiodasemana.com\/site\/wp-content\/uploads\/2023\/12\/MISSA-DA-FAZENDA-DA-ESPERANCA-1-1-scaled.jpg?resize=1400%2C800&ssl=1 4x"},"classes":[]}],"jetpack_sharing_enabled":true,"_links":{"self":[{"href":"https:\/\/correiodasemana.com\/site\/wp-json\/wp\/v2\/posts\/10983","targetHints":{"allow":["GET"]}}],"collection":[{"href":"https:\/\/correiodasemana.com\/site\/wp-json\/wp\/v2\/posts"}],"about":[{"href":"https:\/\/correiodasemana.com\/site\/wp-json\/wp\/v2\/types\/post"}],"author":[{"embeddable":true,"href":"https:\/\/correiodasemana.com\/site\/wp-json\/wp\/v2\/users\/1"}],"replies":[{"embeddable":true,"href":"https:\/\/correiodasemana.com\/site\/wp-json\/wp\/v2\/comments?post=10983"}],"version-history":[{"count":1,"href":"https:\/\/correiodasemana.com\/site\/wp-json\/wp\/v2\/posts\/10983\/revisions"}],"predecessor-version":[{"id":10985,"href":"https:\/\/correiodasemana.com\/site\/wp-json\/wp\/v2\/posts\/10983\/revisions\/10985"}],"wp:featuredmedia":[{"embeddable":true,"href":"https:\/\/correiodasemana.com\/site\/wp-json\/wp\/v2\/media\/10984"}],"wp:attachment":[{"href":"https:\/\/correiodasemana.com\/site\/wp-json\/wp\/v2\/media?parent=10983"}],"wp:term":[{"taxonomy":"category","embeddable":true,"href":"https:\/\/correiodasemana.com\/site\/wp-json\/wp\/v2\/categories?post=10983"},{"taxonomy":"post_tag","embeddable":true,"href":"https:\/\/correiodasemana.com\/site\/wp-json\/wp\/v2\/tags?post=10983"}],"curies":[{"name":"wp","href":"https:\/\/api.w.org\/{rel}","templated":true}]}}