{"id":10986,"date":"2020-03-02T04:30:35","date_gmt":"2020-03-02T04:30:35","guid":{"rendered":"https:\/\/correiodasemana.com\/site\/?p=10986"},"modified":"2020-03-02T04:30:35","modified_gmt":"2020-03-02T04:30:35","slug":"projeto-oferece-transporte-publico-gratuito-a-vitimas-de-violencia-domestica","status":"publish","type":"post","link":"https:\/\/correiodasemana.com\/site\/projeto-oferece-transporte-publico-gratuito-a-vitimas-de-violencia-domestica\/","title":{"rendered":"Projeto oferece transporte p\u00fablico gratuito a v\u00edtimas de viol\u00eancia dom\u00e9stica"},"content":{"rendered":"<p>Por Cleia Viana\/C\u00e2mara dos Deputados<br \/>\nDeputado Fausto Pinato, autor do projeto de lei<br \/>\nO Projeto de Lei 124\/20 garante a gratuidade \u00e0s v\u00edtimas de viol\u00eancia dom\u00e9stica e seus dependentes no sistema de transporte p\u00fablico rodovi\u00e1rio interestadual. Pelo texto, o benef\u00edcio \u00e9 concedido apenas a pessoas carentes.<br \/>\nO autor da proposta, deputado\u00a0Fausto Pinato (PP-SP), justifica que a medida n\u00e3o apenas protege os afetados pela viol\u00eancia, mas tamb\u00e9m encoraja a v\u00edtima a tomar provid\u00eancia e dar in\u00edcio \u00e0 persecu\u00e7\u00e3o penal.<br \/>\n\u201cNo que diz respeito ao modo rodovi\u00e1rio, a Constitui\u00e7\u00e3o Federal atribui \u00e0 Uni\u00e3o a compet\u00eancia em rela\u00e7\u00e3o aos servi\u00e7os de transporte interestadual ou internacional de passageiros. Aos munic\u00edpios compete organizar e prestar, diretamente ou sob regime de concess\u00e3o ou permiss\u00e3o, os servi\u00e7os p\u00fablicos de interesse local, inclusive o de transporte coletivo, que tem car\u00e1ter essencial. O legislativo federal, dessa maneira, tem compet\u00eancia para atuar somente nas esferas interestadual e internacional de passageiros\u201d, explica Pinato.<br \/>\nTramita\u00e7\u00e3o<br \/>\nO projeto, que tramita em\u00a0car\u00e1ter conclusivo, ser\u00e1 analisado pelas comiss\u00f5es de Defesa dos Direitos da Mulher; de Via\u00e7\u00e3o e Transportes; e de Constitui\u00e7\u00e3o e Justi\u00e7a e de Cidadania<\/p>\n","protected":false},"excerpt":{"rendered":"<p>Por Cleia Viana\/C\u00e2mara dos Deputados Deputado Fausto Pinato, autor do projeto de lei O Projeto&#8230;<\/p>\n","protected":false},"author":1,"featured_media":10987,"comment_status":"open","ping_status":"open","sticky":false,"template":"","format":"standard","meta":{"_jetpack_memberships_contains_paid_content":false,"footnotes":"","jetpack_publicize_message":"","jetpack_publicize_feature_enabled":true,"jetpack_social_post_already_shared":true,"jetpack_social_options":{"image_generator_settings":{"template":"highway","default_image_id":0,"font":"","enabled":false},"version":2}},"categories":[1],"tags":[],"class_list":["post-10986","post","type-post","status-publish","format-standard","has-post-thumbnail","hentry","category-atualidade"],"jetpack_publicize_connections":[],"jetpack_featured_media_url":"https:\/\/correiodasemana.com\/site\/wp-content\/uploads\/2020\/03\/img20190605121839440-768x512-1.jpg","jetpack-related-posts":[{"id":12636,"url":"https:\/\/correiodasemana.com\/site\/vlt-e-terminal-rodoviario-estao-na-ii-fase-de-retomada-das-atividades\/","url_meta":{"origin":10986,"position":0},"title":"VLT e Terminal Rodovi\u00e1rio est\u00e3o na II fase de retomada das atividades","author":"","date":"Agosto 10, 2020","format":false,"excerpt":"(O VLT volta a circular na mesma data em que ser\u00e1 permitida a opera\u00e7\u00e3o do servi\u00e7o de transporte rodovi\u00e1rio intermunicipal e interestadual de passageiros, atrav\u00e9s da rodovi\u00e1ria) Na noite desta segunda-feira (03) o prefeito Ivo Gomes anunciou a prorroga\u00e7\u00e3o do isolamento social em Sobral at\u00e9 17 de agosto. Durante a\u2026","rel":"","context":"In &quot;Atualidade&quot;","block_context":{"text":"Atualidade","link":"https:\/\/correiodasemana.com\/site\/category\/atualidade\/"},"img":{"alt_text":"","src":"https:\/\/i0.wp.com\/correiodasemana.com\/site\/wp-content\/uploads\/2020\/08\/IMG-20200804-WA0025-600x800-2.jpg?resize=350%2C200&ssl=1","width":350,"height":200,"srcset":"https:\/\/i0.wp.com\/correiodasemana.com\/site\/wp-content\/uploads\/2020\/08\/IMG-20200804-WA0025-600x800-2.jpg?resize=350%2C200&ssl=1 1x, https:\/\/i0.wp.com\/correiodasemana.com\/site\/wp-content\/uploads\/2020\/08\/IMG-20200804-WA0025-600x800-2.jpg?resize=525%2C300&ssl=1 1.5x"},"classes":[]},{"id":30352,"url":"https:\/\/correiodasemana.com\/site\/nos-18-anos-da-lei-maria-da-penha-procuradora-da-camara-pede-conscientizacao-da-sociedade\/","url_meta":{"origin":10986,"position":1},"title":"Nos 18 anos da Lei Maria da Penha, procuradora da C\u00e2mara pede conscientiza\u00e7\u00e3o da sociedade","author":"adminredacao","date":"Agosto 12, 2024","format":false,"excerpt":"No \u00faltimo ano, todos os tipos de viol\u00eancia contra a mulher aumentaram no Brasil; mais de 300 projetos em an\u00e1lise na C\u00e2mara querem alterar a legisla\u00e7\u00e3o Por Bruno Spada \/C\u00e2mara dos Deputados A Lei Maria da Penha, criada para combater a viol\u00eancia dom\u00e9stica e familiar contra as mulheres, completa 18\u2026","rel":"","context":"In &quot;Atualidade&quot;","block_context":{"text":"Atualidade","link":"https:\/\/correiodasemana.com\/site\/category\/atualidade\/"},"img":{"alt_text":"","src":"https:\/\/i0.wp.com\/correiodasemana.com\/site\/wp-content\/uploads\/2024\/08\/img20240611171756135-768x473-1.jpg?resize=350%2C200&ssl=1","width":350,"height":200,"srcset":"https:\/\/i0.wp.com\/correiodasemana.com\/site\/wp-content\/uploads\/2024\/08\/img20240611171756135-768x473-1.jpg?resize=350%2C200&ssl=1 1x, https:\/\/i0.wp.com\/correiodasemana.com\/site\/wp-content\/uploads\/2024\/08\/img20240611171756135-768x473-1.jpg?resize=525%2C300&ssl=1 1.5x, https:\/\/i0.wp.com\/correiodasemana.com\/site\/wp-content\/uploads\/2024\/08\/img20240611171756135-768x473-1.jpg?resize=700%2C400&ssl=1 2x"},"classes":[]},{"id":12711,"url":"https:\/\/correiodasemana.com\/site\/abertura-de-transporte-interestadual-abre-guerra-judicial-entre-governo-e-empresas\/","url_meta":{"origin":10986,"position":2},"title":"Abertura de transporte interestadual abre guerra judicial entre governo e empresas","author":"","date":"Agosto 11, 2020","format":false,"excerpt":"O transporte interestadual de \u00f4nibus come\u00e7ou a viver uma nova fase de abertura de mercado desde dezembro do ano passado, quando o governo publicou um decreto presidencial para facilitar a entrada de novas empresas no setor, ampliando a concorr\u00eancia, os destinos de viagens e o pre\u00e7o das tarifas. Nove meses\u2026","rel":"","context":"In &quot;Atualidade&quot;","block_context":{"text":"Atualidade","link":"https:\/\/correiodasemana.com\/site\/category\/atualidade\/"},"img":{"alt_text":"","src":"https:\/\/i0.wp.com\/correiodasemana.com\/site\/wp-content\/uploads\/2020\/08\/transporte-interestadual.jpg?resize=350%2C200&ssl=1","width":350,"height":200,"srcset":"https:\/\/i0.wp.com\/correiodasemana.com\/site\/wp-content\/uploads\/2020\/08\/transporte-interestadual.jpg?resize=350%2C200&ssl=1 1x, https:\/\/i0.wp.com\/correiodasemana.com\/site\/wp-content\/uploads\/2020\/08\/transporte-interestadual.jpg?resize=525%2C300&ssl=1 1.5x, https:\/\/i0.wp.com\/correiodasemana.com\/site\/wp-content\/uploads\/2020\/08\/transporte-interestadual.jpg?resize=700%2C400&ssl=1 2x, https:\/\/i0.wp.com\/correiodasemana.com\/site\/wp-content\/uploads\/2020\/08\/transporte-interestadual.jpg?resize=1050%2C600&ssl=1 3x"},"classes":[]},{"id":12925,"url":"https:\/\/correiodasemana.com\/site\/projeto-pune-autor-de-violencia-contra-a-crianca-ou-adolescente-que-descumprir-medidas-protetivas\/","url_meta":{"origin":10986,"position":3},"title":"Projeto pune autor de viol\u00eancia contra a crian\u00e7a ou adolescente que descumprir medidas protetivas","author":"","date":"Agosto 18, 2020","format":false,"excerpt":"O Projeto de Lei 4141\/20 pune o suspeito de praticar viol\u00eancia contra crian\u00e7a ou adolescente que descumprir medidas de prote\u00e7\u00e3o decretada por juiz, como evitar o contato direto com v\u00edtima ou se afastar da resid\u00eancia ou local de conviv\u00eancia. A pena prevista \u00e9 de deten\u00e7\u00e3o tr\u00eas meses a dois anos.\u2026","rel":"","context":"In &quot;Atualidade&quot;","block_context":{"text":"Atualidade","link":"https:\/\/correiodasemana.com\/site\/category\/atualidade\/"},"img":{"alt_text":"","src":"https:\/\/i0.wp.com\/correiodasemana.com\/site\/wp-content\/uploads\/2020\/08\/img20170522139144735469-768x511-1.jpg?resize=350%2C200&ssl=1","width":350,"height":200,"srcset":"https:\/\/i0.wp.com\/correiodasemana.com\/site\/wp-content\/uploads\/2020\/08\/img20170522139144735469-768x511-1.jpg?resize=350%2C200&ssl=1 1x, https:\/\/i0.wp.com\/correiodasemana.com\/site\/wp-content\/uploads\/2020\/08\/img20170522139144735469-768x511-1.jpg?resize=525%2C300&ssl=1 1.5x, https:\/\/i0.wp.com\/correiodasemana.com\/site\/wp-content\/uploads\/2020\/08\/img20170522139144735469-768x511-1.jpg?resize=700%2C400&ssl=1 2x"},"classes":[]},{"id":27133,"url":"https:\/\/correiodasemana.com\/site\/camara-aprova-prioridade-de-assistencia-psicologica-e-cirurgia-plastica-reparadora-para-mulher-vitima-de-agressao\/","url_meta":{"origin":10986,"position":4},"title":"C\u00e2mara aprova prioridade de assist\u00eancia psicol\u00f3gica e cirurgia pl\u00e1stica reparadora para mulher v\u00edtima de agress\u00e3o","author":"adminredacao","date":"Novembro 6, 2023","format":false,"excerpt":"A C\u00e2mara dos Deputados aprovou nesta quarta-feira (1\u00ba) projeto de lei que concede \u00e0 mulher v\u00edtima de agress\u00e3o prioridade de atendimento no servi\u00e7o de assist\u00eancia psicol\u00f3gica e social e para cirurgia pl\u00e1stica reparadora. A mat\u00e9ria ser\u00e1 enviada ao Senado. Com parecer favor\u00e1vel da deputada Benedita da Silva (PT-RJ), o Projeto\u2026","rel":"","context":"In &quot;Atualidade&quot;","block_context":{"text":"Atualidade","link":"https:\/\/correiodasemana.com\/site\/category\/atualidade\/"},"img":{"alt_text":"","src":"https:\/\/i0.wp.com\/correiodasemana.com\/site\/wp-content\/uploads\/2023\/07\/ministerio-da-saude.webp?resize=350%2C200&ssl=1","width":350,"height":200,"srcset":"https:\/\/i0.wp.com\/correiodasemana.com\/site\/wp-content\/uploads\/2023\/07\/ministerio-da-saude.webp?resize=350%2C200&ssl=1 1x, https:\/\/i0.wp.com\/correiodasemana.com\/site\/wp-content\/uploads\/2023\/07\/ministerio-da-saude.webp?resize=525%2C300&ssl=1 1.5x, https:\/\/i0.wp.com\/correiodasemana.com\/site\/wp-content\/uploads\/2023\/07\/ministerio-da-saude.webp?resize=700%2C400&ssl=1 2x, https:\/\/i0.wp.com\/correiodasemana.com\/site\/wp-content\/uploads\/2023\/07\/ministerio-da-saude.webp?resize=1050%2C600&ssl=1 3x, https:\/\/i0.wp.com\/correiodasemana.com\/site\/wp-content\/uploads\/2023\/07\/ministerio-da-saude.webp?resize=1400%2C800&ssl=1 4x"},"classes":[]},{"id":9387,"url":"https:\/\/correiodasemana.com\/site\/boletim-da-semana-2\/","url_meta":{"origin":10986,"position":5},"title":"Boletim da Semana","author":"","date":"Outubro 7, 2019","format":false,"excerpt":"Vaticano autoriza beatifica\u00e7\u00e3o da menina Benigna, de Santana do Cariri O\u00a0Vaticano\u00a0reconheceu o mart\u00edrio\u00a0de Benigna\u00a0Cardoso da Silva, nascida em 15 de outubro de 1928, em\u00a0Santana do Cariri, no Cear\u00e1.\u00a0O boletim foi divulgado nesta quinta-feira, 3, em Roma.\u00a0A etapa \u00e9 considerada a mais valiosa no processo de beatifica\u00e7\u00e3o. \u00c9 tamb\u00e9m a mais\u2026","rel":"","context":"In &quot;Artigos&quot;","block_context":{"text":"Artigos","link":"https:\/\/correiodasemana.com\/site\/category\/artigos\/"},"img":{"alt_text":"","src":"https:\/\/i0.wp.com\/correiodasemana.com\/site\/wp-content\/uploads\/2018\/02\/papa_francisco_20170405_pc.jpg?resize=350%2C200&ssl=1","width":350,"height":200,"srcset":"https:\/\/i0.wp.com\/correiodasemana.com\/site\/wp-content\/uploads\/2018\/02\/papa_francisco_20170405_pc.jpg?resize=350%2C200&ssl=1 1x, https:\/\/i0.wp.com\/correiodasemana.com\/site\/wp-content\/uploads\/2018\/02\/papa_francisco_20170405_pc.jpg?resize=525%2C300&ssl=1 1.5x, https:\/\/i0.wp.com\/correiodasemana.com\/site\/wp-content\/uploads\/2018\/02\/papa_francisco_20170405_pc.jpg?resize=700%2C400&ssl=1 2x, https:\/\/i0.wp.com\/correiodasemana.com\/site\/wp-content\/uploads\/2018\/02\/papa_francisco_20170405_pc.jpg?resize=1050%2C600&ssl=1 3x"},"classes":[]}],"jetpack_sharing_enabled":true,"_links":{"self":[{"href":"https:\/\/correiodasemana.com\/site\/wp-json\/wp\/v2\/posts\/10986","targetHints":{"allow":["GET"]}}],"collection":[{"href":"https:\/\/correiodasemana.com\/site\/wp-json\/wp\/v2\/posts"}],"about":[{"href":"https:\/\/correiodasemana.com\/site\/wp-json\/wp\/v2\/types\/post"}],"author":[{"embeddable":true,"href":"https:\/\/correiodasemana.com\/site\/wp-json\/wp\/v2\/users\/1"}],"replies":[{"embeddable":true,"href":"https:\/\/correiodasemana.com\/site\/wp-json\/wp\/v2\/comments?post=10986"}],"version-history":[{"count":1,"href":"https:\/\/correiodasemana.com\/site\/wp-json\/wp\/v2\/posts\/10986\/revisions"}],"predecessor-version":[{"id":10988,"href":"https:\/\/correiodasemana.com\/site\/wp-json\/wp\/v2\/posts\/10986\/revisions\/10988"}],"wp:featuredmedia":[{"embeddable":true,"href":"https:\/\/correiodasemana.com\/site\/wp-json\/wp\/v2\/media\/10987"}],"wp:attachment":[{"href":"https:\/\/correiodasemana.com\/site\/wp-json\/wp\/v2\/media?parent=10986"}],"wp:term":[{"taxonomy":"category","embeddable":true,"href":"https:\/\/correiodasemana.com\/site\/wp-json\/wp\/v2\/categories?post=10986"},{"taxonomy":"post_tag","embeddable":true,"href":"https:\/\/correiodasemana.com\/site\/wp-json\/wp\/v2\/tags?post=10986"}],"curies":[{"name":"wp","href":"https:\/\/api.w.org\/{rel}","templated":true}]}}