{"id":10989,"date":"2020-03-02T04:31:35","date_gmt":"2020-03-02T04:31:35","guid":{"rendered":"https:\/\/correiodasemana.com\/site\/?p=10989"},"modified":"2020-03-02T04:31:51","modified_gmt":"2020-03-02T04:31:51","slug":"contrato-verde-e-amarelo-podera-empregar-pessoas-com-mais-de-55-anos","status":"publish","type":"post","link":"https:\/\/correiodasemana.com\/site\/contrato-verde-e-amarelo-podera-empregar-pessoas-com-mais-de-55-anos\/","title":{"rendered":"Contrato Verde e Amarelo poder\u00e1 empregar pessoas com mais de 55 anos"},"content":{"rendered":"<p><strong>Relator tamb\u00e9m sugere que a cobran\u00e7a de contribui\u00e7\u00e3o previdenci\u00e1ria de desempregados que recebem o seguro-desemprego passe a ser opcional<\/strong><\/p>\n<p>O relator da medida provis\u00f3ria do Contrato de Trabalho Verde e Amarelo (MP 905\/19), deputado\u00a0Christino Aureo (PP-RJ), prop\u00f4s na quarta-feira passada (19) que a nova modalidade de contrata\u00e7\u00e3o, originalmente focada em jovens de 18 a 29 anos, valha tamb\u00e9m para pessoas com mais de 55 anos, desde que estejam sem v\u00ednculo formal de trabalho h\u00e1 mais de 12 meses. A sugest\u00e3o consta do relat\u00f3rio entregue por Aureo \u00e0\u00a0comiss\u00e3o mista\u00a0que analisa a proposta. O colegiado voltar\u00e1 a se reunir ap\u00f3s o prazo de\u00a0vista coletiva, para discuss\u00e3o e vota\u00e7\u00e3o da mat\u00e9ria, no dia 3 de mar\u00e7o.<br \/>\nO contrato Verde e Amarelo prev\u00ea incentivos tribut\u00e1rios a empregadores que criarem novos postos de trabalho para atender \u00e0 faixa et\u00e1ria definida no texto. Esses contratos poder\u00e3o ter dura\u00e7\u00e3o de at\u00e9 2 anos e remunera\u00e7\u00e3o m\u00e1xima de 1,5 sal\u00e1rio m\u00ednimo (R$ 1.567,50).<\/p>\n<p>Seguro-desemprego<br \/>\nNo parecer, Aureo tamb\u00e9m sugere que o pagamento da contribui\u00e7\u00e3o previdenci\u00e1ria por desempregados que recebem o seguro-desemprego passe a ser opcional. \u201cO texto garante que, caso queira exercer o direito de ser contribuinte da Previd\u00eancia sobre verbas do seguro-desemprego, a pessoa dever\u00e1 manifestar essa op\u00e7\u00e3o. Deixa de ser obrigat\u00f3rio, como previa a medida provis\u00f3ria\u201d, ressaltou. O texto original do Executivo previa que a taxa\u00e7\u00e3o do seguro-desemprego seria usada para compensar os cofres p\u00fablicos pela redu\u00e7\u00e3o da carga tribut\u00e1ria dos empregadores.<br \/>\nO modelo de contrata\u00e7\u00e3o Verde e Amarelo concede ao empregador redu\u00e7\u00e3o na al\u00edquota de contribui\u00e7\u00e3o para o FGTS (de 8% para 2%), redu\u00e7\u00e3o de 40% para 20% da multa em caso de demiss\u00e3o, isen\u00e7\u00e3o da contribui\u00e7\u00e3o previdenci\u00e1ria patronal e do\u00a0sal\u00e1rio-educa\u00e7\u00e3o.<br \/>\nApesar da mudan\u00e7a, o relator sustenta que h\u00e1 uma reserva or\u00e7ament\u00e1ria de R$ 1,5 bilh\u00e3o para custear as novas contrata\u00e7\u00f5es por um ano. \u201cEsse valor ser\u00e1 distribu\u00eddo da seguinte maneira:\u00a0 R$ 1,2 bilh\u00e3o para as contrata\u00e7\u00f5es de jovens entre 18 a 29 anos e R$ 300 milh\u00f5es para cobrir a faixa acima de 55 anos\u201d, explicou.<br \/>\nA reda\u00e7\u00e3o proposta por Aureo aumenta ainda o limite m\u00e1ximo de contrata\u00e7\u00f5es na modalidade Verde e Amarela. Assim, empregadores poder\u00e3o contratar novos trabalhadores at\u00e9 25% da m\u00e9dia de empregados registrados ao longo de 2019. Originalmente, o limite era 20%.<br \/>\nReportagem \u2013 Murilo Souza &#8211; Edi\u00e7\u00e3o \u2013 Roberto Seabra &#8211; Fonte: Ag\u00eancia C\u00e2mara Federal<\/p>\n","protected":false},"excerpt":{"rendered":"<p>Relator tamb\u00e9m sugere que a cobran\u00e7a de contribui\u00e7\u00e3o previdenci\u00e1ria de desempregados que recebem o seguro-desemprego&#8230;<\/p>\n","protected":false},"author":1,"featured_media":10990,"comment_status":"open","ping_status":"open","sticky":false,"template":"","format":"standard","meta":{"_jetpack_memberships_contains_paid_content":false,"footnotes":"","jetpack_publicize_message":"","jetpack_publicize_feature_enabled":true,"jetpack_social_post_already_shared":true,"jetpack_social_options":{"image_generator_settings":{"template":"highway","default_image_id":0,"font":"","enabled":false},"version":2}},"categories":[1],"tags":[],"class_list":["post-10989","post","type-post","status-publish","format-standard","has-post-thumbnail","hentry","category-atualidade"],"jetpack_publicize_connections":[],"jetpack_featured_media_url":"https:\/\/correiodasemana.com\/site\/wp-content\/uploads\/2020\/03\/contrato-verde-amarelo-destaque-post_783x515-696x458-1.jpg","jetpack-related-posts":[{"id":15360,"url":"https:\/\/correiodasemana.com\/site\/bolsonaro-sanciona-texto-da-casa-verde-e-amarela\/","url_meta":{"origin":10989,"position":0},"title":"Bolsonaro sanciona texto da Casa Verde e Amarela","author":"","date":"Janeiro 13, 2021","format":false,"excerpt":"O presidente Jair Bolsonaro\u00a0sancionou nesta quarta-feira (13) a Lei 14.118, que institui a Casa Verde e Amarela, programa substituto do \"Minha Casa, Minha Vida\". O texto foi publicado na edi\u00e7\u00e3o do\u00a0Di\u00e1rio Oficial da Uni\u00e3o\u00a0de hoje. A lei passa a prever subven\u00e7\u00f5es econ\u00f4micas para quem buscar moradias em \u00e1reas urbanas e\u2026","rel":"","context":"In &quot;Atualidade&quot;","block_context":{"text":"Atualidade","link":"https:\/\/correiodasemana.com\/site\/category\/atualidade\/"},"img":{"alt_text":"","src":"https:\/\/i0.wp.com\/correiodasemana.com\/site\/wp-content\/uploads\/2021\/01\/WhatsApp-Image-2020-10-16-at-12.47.41-1.jpeg?resize=350%2C200&ssl=1","width":350,"height":200,"srcset":"https:\/\/i0.wp.com\/correiodasemana.com\/site\/wp-content\/uploads\/2021\/01\/WhatsApp-Image-2020-10-16-at-12.47.41-1.jpeg?resize=350%2C200&ssl=1 1x, https:\/\/i0.wp.com\/correiodasemana.com\/site\/wp-content\/uploads\/2021\/01\/WhatsApp-Image-2020-10-16-at-12.47.41-1.jpeg?resize=525%2C300&ssl=1 1.5x"},"classes":[]},{"id":13162,"url":"https:\/\/correiodasemana.com\/site\/casa-verde-e-amarela-incluira-1-milhao-de-familias-no-credito-imobiliario\/","url_meta":{"origin":10989,"position":1},"title":"Casa Verde e Amarela incluir\u00e1 1 milh\u00e3o de fam\u00edlias no cr\u00e9dito imobili\u00e1rio","author":"","date":"Agosto 26, 2020","format":false,"excerpt":"O Programa Casa Verde e Amarela, do Minist\u00e9rio do Desenvolvimento Regional (MDR), vai facilitar o acesso da popula\u00e7\u00e3o a uma moradia digna, garantindo mais qualidade de vida. A partir de medidas que garantir\u00e3o efici\u00eancia na aplica\u00e7\u00e3o dos recursos, a meta \u00e9 atender 1,6 milh\u00e3o de fam\u00edlias de baixa renda com\u2026","rel":"","context":"In &quot;Atualidade&quot;","block_context":{"text":"Atualidade","link":"https:\/\/correiodasemana.com\/site\/category\/atualidade\/"},"img":{"alt_text":"","src":"https:\/\/i0.wp.com\/correiodasemana.com\/site\/wp-content\/uploads\/2020\/08\/33-1536x1024-1.jpg?resize=350%2C200&ssl=1","width":350,"height":200,"srcset":"https:\/\/i0.wp.com\/correiodasemana.com\/site\/wp-content\/uploads\/2020\/08\/33-1536x1024-1.jpg?resize=350%2C200&ssl=1 1x, https:\/\/i0.wp.com\/correiodasemana.com\/site\/wp-content\/uploads\/2020\/08\/33-1536x1024-1.jpg?resize=525%2C300&ssl=1 1.5x, https:\/\/i0.wp.com\/correiodasemana.com\/site\/wp-content\/uploads\/2020\/08\/33-1536x1024-1.jpg?resize=700%2C400&ssl=1 2x, https:\/\/i0.wp.com\/correiodasemana.com\/site\/wp-content\/uploads\/2020\/08\/33-1536x1024-1.jpg?resize=1050%2C600&ssl=1 3x, https:\/\/i0.wp.com\/correiodasemana.com\/site\/wp-content\/uploads\/2020\/08\/33-1536x1024-1.jpg?resize=1400%2C800&ssl=1 4x"},"classes":[]},{"id":11832,"url":"https:\/\/correiodasemana.com\/site\/programa-de-suspensao-de-contrato-e-reducao-de-jornada-sera-estendido\/","url_meta":{"origin":10989,"position":2},"title":"Programa de suspens\u00e3o de contrato e redu\u00e7\u00e3o de jornada ser\u00e1 estendido","author":"","date":"Julho 14, 2020","format":false,"excerpt":"ECONOMIA Prorroga\u00e7\u00e3o ser\u00e1 feita por decreto presidencial O programa que prev\u00ea a suspens\u00e3o de contrato de trabalho ou a redu\u00e7\u00e3o de jornada em troca da manuten\u00e7\u00e3o do emprego ser\u00e1 prorrogado, de acordo com o secret\u00e1rio especial de Previd\u00eancia e Trabalho, Bruno Bianco. Segundo o governo, o Benef\u00edcio Emergencial (BEm) preservou\u2026","rel":"","context":"In &quot;Atualidade&quot;","block_context":{"text":"Atualidade","link":"https:\/\/correiodasemana.com\/site\/category\/atualidade\/"},"img":{"alt_text":"","src":"https:\/\/i0.wp.com\/correiodasemana.com\/site\/wp-content\/uploads\/2020\/07\/pzzb1189.jpg?resize=350%2C200&ssl=1","width":350,"height":200,"srcset":"https:\/\/i0.wp.com\/correiodasemana.com\/site\/wp-content\/uploads\/2020\/07\/pzzb1189.jpg?resize=350%2C200&ssl=1 1x, https:\/\/i0.wp.com\/correiodasemana.com\/site\/wp-content\/uploads\/2020\/07\/pzzb1189.jpg?resize=525%2C300&ssl=1 1.5x, https:\/\/i0.wp.com\/correiodasemana.com\/site\/wp-content\/uploads\/2020\/07\/pzzb1189.jpg?resize=700%2C400&ssl=1 2x, https:\/\/i0.wp.com\/correiodasemana.com\/site\/wp-content\/uploads\/2020\/07\/pzzb1189.jpg?resize=1050%2C600&ssl=1 3x"},"classes":[]},{"id":22045,"url":"https:\/\/correiodasemana.com\/site\/brasil-ja-responde-por-10-dos-empregos-verdes-em-todo-o-mundo\/","url_meta":{"origin":10989,"position":3},"title":"Brasil j\u00e1 responde por 10% dos empregos verdes em todo o mundo","author":"","date":"Dezembro 5, 2022","format":false,"excerpt":"A qualidade da matriz energ\u00e9tica, com quase 50% de energia renov\u00e1vel, e o potencial da economia verde podem alavancar o desenvolvimento do Brasil nos pr\u00f3ximos anos, com uma gera\u00e7\u00e3o de emprego mais sustent\u00e1vel. Para se ter ideia, hoje o Pa\u00eds j\u00e1 responde por 10% de todos os empregos verdes no\u2026","rel":"","context":"In &quot;Atualidade&quot;","block_context":{"text":"Atualidade","link":"https:\/\/correiodasemana.com\/site\/category\/atualidade\/"},"img":{"alt_text":"","src":"https:\/\/i0.wp.com\/correiodasemana.com\/site\/wp-content\/uploads\/2022\/12\/Acesse-Politica-O-site-de-politica-mais-acessado-da-Bahia-www.acessepolitica.com_.br-brasil-meio-ambiente-floresta.jpg?resize=350%2C200&ssl=1","width":350,"height":200,"srcset":"https:\/\/i0.wp.com\/correiodasemana.com\/site\/wp-content\/uploads\/2022\/12\/Acesse-Politica-O-site-de-politica-mais-acessado-da-Bahia-www.acessepolitica.com_.br-brasil-meio-ambiente-floresta.jpg?resize=350%2C200&ssl=1 1x, https:\/\/i0.wp.com\/correiodasemana.com\/site\/wp-content\/uploads\/2022\/12\/Acesse-Politica-O-site-de-politica-mais-acessado-da-Bahia-www.acessepolitica.com_.br-brasil-meio-ambiente-floresta.jpg?resize=525%2C300&ssl=1 1.5x, https:\/\/i0.wp.com\/correiodasemana.com\/site\/wp-content\/uploads\/2022\/12\/Acesse-Politica-O-site-de-politica-mais-acessado-da-Bahia-www.acessepolitica.com_.br-brasil-meio-ambiente-floresta.jpg?resize=700%2C400&ssl=1 2x"},"classes":[]},{"id":13981,"url":"https:\/\/correiodasemana.com\/site\/carteira-de-trabalho-esta-entre-as-melhores-iniciativas-digitais-do-pais\/","url_meta":{"origin":10989,"position":4},"title":"Carteira de Trabalho est\u00e1 entre as melhores iniciativas digitais do pa\u00eds","author":"","date":"Outubro 7, 2020","format":false,"excerpt":"Iniciativa da Secretaria Especial de Previd\u00eancia e Trabalho do Minist\u00e9rio da Economia e desenvolvido pela Dataprev, o aplicativo Carteira de Trabalho Digital est\u00e1 entre os finalistas da categoria\u00a0Top 10 Servi\u00e7os de Governo do pr\u00eamio iBest. Os vencedores recebem o selo iBest, um trof\u00e9u digital que certifica a mercado e consumidores\u2026","rel":"","context":"In &quot;Atualidade&quot;","block_context":{"text":"Atualidade","link":"https:\/\/correiodasemana.com\/site\/category\/atualidade\/"},"img":{"alt_text":"","src":"https:\/\/i0.wp.com\/correiodasemana.com\/site\/wp-content\/uploads\/2020\/10\/carteira-de-trabalho-digital-e1594041854382.png?resize=350%2C200&ssl=1","width":350,"height":200,"srcset":"https:\/\/i0.wp.com\/correiodasemana.com\/site\/wp-content\/uploads\/2020\/10\/carteira-de-trabalho-digital-e1594041854382.png?resize=350%2C200&ssl=1 1x, https:\/\/i0.wp.com\/correiodasemana.com\/site\/wp-content\/uploads\/2020\/10\/carteira-de-trabalho-digital-e1594041854382.png?resize=525%2C300&ssl=1 1.5x, https:\/\/i0.wp.com\/correiodasemana.com\/site\/wp-content\/uploads\/2020\/10\/carteira-de-trabalho-digital-e1594041854382.png?resize=700%2C400&ssl=1 2x"},"classes":[]},{"id":10307,"url":"https:\/\/correiodasemana.com\/site\/boletim-da-semana-11\/","url_meta":{"origin":10989,"position":5},"title":"Boletim da Semana","author":"","date":"Dezembro 23, 2019","format":false,"excerpt":"Comiss\u00e3o aprova aumento de pena para maus-tratos a c\u00e3es e gatos A comiss\u00e3o especial da C\u00e2mara dos Deputados sobre maus-tratos a animais aprovou, nesta segunda-feira (16), a segunda vers\u00e3o de um\u00a0substitutivo\u00a0para aumentar a pena de quem abusa, fere ou mutila animais. O texto aprovado prev\u00ea\u00a0reclus\u00e3o\u00a0de dois a cinco anos, multa\u2026","rel":"","context":"In &quot;Atualidade&quot;","block_context":{"text":"Atualidade","link":"https:\/\/correiodasemana.com\/site\/category\/atualidade\/"},"img":{"alt_text":"","src":"https:\/\/i0.wp.com\/correiodasemana.com\/site\/wp-content\/uploads\/2019\/12\/78B80721C418A941E14560DD3A9BC1328DBA_caesegatos.jpg?resize=350%2C200&ssl=1","width":350,"height":200,"srcset":"https:\/\/i0.wp.com\/correiodasemana.com\/site\/wp-content\/uploads\/2019\/12\/78B80721C418A941E14560DD3A9BC1328DBA_caesegatos.jpg?resize=350%2C200&ssl=1 1x, https:\/\/i0.wp.com\/correiodasemana.com\/site\/wp-content\/uploads\/2019\/12\/78B80721C418A941E14560DD3A9BC1328DBA_caesegatos.jpg?resize=525%2C300&ssl=1 1.5x"},"classes":[]}],"jetpack_sharing_enabled":true,"_links":{"self":[{"href":"https:\/\/correiodasemana.com\/site\/wp-json\/wp\/v2\/posts\/10989","targetHints":{"allow":["GET"]}}],"collection":[{"href":"https:\/\/correiodasemana.com\/site\/wp-json\/wp\/v2\/posts"}],"about":[{"href":"https:\/\/correiodasemana.com\/site\/wp-json\/wp\/v2\/types\/post"}],"author":[{"embeddable":true,"href":"https:\/\/correiodasemana.com\/site\/wp-json\/wp\/v2\/users\/1"}],"replies":[{"embeddable":true,"href":"https:\/\/correiodasemana.com\/site\/wp-json\/wp\/v2\/comments?post=10989"}],"version-history":[{"count":1,"href":"https:\/\/correiodasemana.com\/site\/wp-json\/wp\/v2\/posts\/10989\/revisions"}],"predecessor-version":[{"id":10991,"href":"https:\/\/correiodasemana.com\/site\/wp-json\/wp\/v2\/posts\/10989\/revisions\/10991"}],"wp:featuredmedia":[{"embeddable":true,"href":"https:\/\/correiodasemana.com\/site\/wp-json\/wp\/v2\/media\/10990"}],"wp:attachment":[{"href":"https:\/\/correiodasemana.com\/site\/wp-json\/wp\/v2\/media?parent=10989"}],"wp:term":[{"taxonomy":"category","embeddable":true,"href":"https:\/\/correiodasemana.com\/site\/wp-json\/wp\/v2\/categories?post=10989"},{"taxonomy":"post_tag","embeddable":true,"href":"https:\/\/correiodasemana.com\/site\/wp-json\/wp\/v2\/tags?post=10989"}],"curies":[{"name":"wp","href":"https:\/\/api.w.org\/{rel}","templated":true}]}}